{"id":24188,"date":"2018-10-16T16:11:53","date_gmt":"2018-10-16T15:11:53","guid":{"rendered":"http:\/\/www.hohenlohe-ungefiltert.de\/?p=24188"},"modified":"2018-10-16T16:56:53","modified_gmt":"2018-10-16T15:56:53","slug":"crailsheims-oberbuergermeister-christoph-grimmer-kandidiert-bei-der-kommunalwahl-2019-fuer-den-kreistag-er-tritt-fuer-die-freien-waehler-an","status":"publish","type":"post","link":"https:\/\/www.hohenlohe-ungefiltert.de\/?p=24188","title":{"rendered":"&#8222;Crailsheims Oberb\u00fcrgermeister Christoph Grimmer kandidiert f\u00fcr den Kreistag&#8220; &#8211; Er tritt bei der Kommunalwahl 2019 f\u00fcr die Freien W\u00e4hler an"},"content":{"rendered":"<p><strong>Crailsheims Oberb\u00fcrgermeister Dr. Christoph Grimmer kandidiert bei der Kommunalwahl im Jahr 2019 f\u00fcr den Kreistag. Er tritt f\u00fcr die \u201eFREIE\u201c-Liste an. Grimmer: \u201eIch hoffe bei der Wahl am 26. Mai 2019 auf eine gro\u00dfe Unterst\u00fctzung der Bev\u00f6lkerung, um Crailsheim auch im Landkreis mit demselben R\u00fcckenwind vertreten zu k\u00f6nnen, wie ich dies seit meinem Amtsantritt als Oberb\u00fcrgermeister tun darf.\u201c<\/strong><\/p>\n<p><em>Von der Stadtverwaltung Crailsheim<\/em><\/p>\n<p><strong>Crailsheimer Interessen vertreten<\/strong><\/p>\n<p>Oberb\u00fcrgermeister Grimmer will die Stadt Crailsheim und ihre B\u00fcrgerinnen und B\u00fcrger auch auf Kreisebene vertreten, den Interessen des Mittelzentrums Crailsheim eine Stimme geben und sich f\u00fcr die Entwicklung des Landkreises engagieren, begr\u00fcndete er seinen Entschluss. Um parteilos agieren zu k\u00f6nnen, tritt Grimmer f\u00fcr die \u201eFREIE\u201c-Liste an.<\/p>\n<p><strong>Freie stellen st\u00e4rkste Fraktion<\/strong><\/p>\n<p>\u201eAls Oberb\u00fcrgermeister kann ich mich so auch in Zukunft selbstbewusst und glaubw\u00fcrdig guten Initiativen von Parteien anschlie\u00dfen, wie ich dies in der Vergangenheit bereits bei der Frage zur S-Bahn-Verl\u00e4ngerung Domb\u00fchl-Crailsheim mit der FDP und der SPD getan habe,\u201c erkl\u00e4rt Grimmer. Zudem stelle die Fraktion mit 17 Mitgliedern derzeit die gr\u00f6\u00dfte Gruppe im Kreistag und biete die Chance zum regelm\u00e4\u00dfigen Austausch mit einigen B\u00fcrgermeisterinnen und B\u00fcrgermeistern der Umlandgemeinden.<\/p>\n<p><strong>Weitere Informationen und Kontakt:<\/strong><\/p>\n<p><a href=\"https:\/\/www.crailsheim.de\/\" target=\"_blank\" rel=\"noopener noreferrer\">https:\/\/www.crailsheim.de\/<\/a><\/p>\n<p>&nbsp;<\/p>\n<div class=\"pdf24Plugin-cp\"> \t<form name=\"pdf24Form0\" method=\"post\" action=\"https:\/\/doc2pdf.pdf24.org\/wordpress.php\" target=\"pdf24PopWin\" onsubmit=\"var pdf24Win = window.open('about:blank', 'pdf24PopWin', 'resizable=yes,scrollbars=yes,width=600,height=250,left='+(screen.width\/2-300)+',top='+(screen.height\/3-125)+''); pdf24Win.focus(); if(typeof pdf24OnCreatePDF === 'function'){void(pdf24OnCreatePDF(this,pdf24Win));}\"> \t\t<input type=\"hidden\" name=\"blogCharset\" value=\"Cw1x07UAAA==\" \/><input type=\"hidden\" name=\"blogPosts\" value=\"MwQA\" \/><input type=\"hidden\" name=\"blogUrl\" value=\"yygpKSi20tcvLy\/Xy8jPSM3LARK6pXnpqWmZOSWpRSV6KakA\" \/><input type=\"hidden\" name=\"blogName\" value=\"88jPSM3LARK6pXnpqWmZOSWpRSUA\" \/><input type=\"hidden\" name=\"blogValueEncoding\" value=\"gzdeflate base64\" \/><input type=\"hidden\" name=\"postId_0\" value=\"MzIxtLAAAA==\" \/><input type=\"hidden\" name=\"postTitle_0\" value=\"LcyxCsIwEMbxV\/lA6NxmUjIWdejg2DklZ3OYpHKJ+EI+hltfzAs43cfx498djsYYO4rjWAJxKrgtJMv+lZUkEZdKgjGIju0ZcBVOST8Plz17Jqm4q4WnjEkad2vXmr1Fu8NgcRZU4VqxECsUTFtKr+zi24UI0w+nf4MJF21oat4\/Iap0+Qc=\" \/><input type=\"hidden\" name=\"postLink_0\" value=\"yygpKSi20tcvLy\/Xy8jPSM3LARK6pXnpqWmZOSWpRSV6Kan69gW2RiaGFhYA\" \/><input type=\"hidden\" name=\"postAuthor_0\" value=\"S0zJzcwDAA==\" \/><input type=\"hidden\" name=\"postDateTime_0\" value=\"MzIwtNA1NNA1NFMwNLMyNLAyNQYA\" \/><input type=\"hidden\" name=\"postContent_0\" value=\"fVTNTtwwEL73KUZ76AmyhUOr0mUlfitKqyIQrdRL5WxmHSu2E9kOkTj1Qapy4Rk4ccub8CT97OwutEt7YYnjmfn+JpNmOvHB1VZOD5xQ2pesjKfPObu8v3eSnWHlAzs6dBkdlA4PdVPSe6eMwWklbKEKxS5QzooKHJ3WxrRW6E6UmpShD6J0tP1q6y3N0RFXLJ262FTIjI4cBadCWLxTTA8\/fh2fH50cPfz4ufkxjiZhs+W8nfj6ZFZSWc\/nvBr5NY4ShrZfZ\/RJqGGaaOfEyjJJV\/c3TJcWNHzo78N1a2Wq2+er\/k5X7HCwQa2hRw1QjjH4\/QiGVcRLRgVUGc86B4fz\/n5Wse2ULegK\/B0HnF63VPV31rLdoA5sFJqAlSfPqDYRj6E9E7ywA2+hn1U7tJYK4eYZZJiMFw5Nxs30xQSOsZl+qW2icBFEETC\/EzpEWo8MJmNcW5WsmYzak6gIew\/cKwZrw54BtzS\/U1onzxKIp+K1EEWVjml\/qFRRkXS6OBjkjRalLDAU5UcQGyklT+AVUPAT5GJ9zRCuRUSfTEsuX4QIimRslSb5qP0qVkc2dGpW6cF6\/2gr\/mcrhUSG4+CcpevvbQEYBJg+9rax2s9K3Xqf0aWhRrjASteeFnV\/+D4YuxTp\/8H+259jQGLCS63RFWm9dVW8euxEFVS9bg+67j0fIaymTfkz8Y+vF4m29K2tWjsPFIPsQ84daIUkmdSizTu0KZQk2YZkggpKBHUVQ4LMnSXqeBA2KqIYq\/V31tUQzS\/spLCSbRmzD4D48audBSPJ0A0R3twXpd3Edd3f4n7cRjqsDfiUevOJz8MCovTwLMFN+T87hOdBWCpFzhsQF7ZVaORWFmRgjL1dqJq8WMqZWm69idmS4IKGCfp1BBzvIQt3\/Q30f+\/apuH4PVh+uxKCXMWcxJsHpbCzyMeQY8na9Lf9jQJ52mtxvfXJiBCzmk73\/zBrbT8W54OQl0YjrZLj5wOLsRaar4ALdeHVvHZGRGKLbqe1DWC6s\/4JEYT1nO+OyhAavzMed12XzVZSZwWPRxQEoITd0fcc86sRiOndka3rBsvqyNZowM6xG03\/3WUyFquhL23um3fp6Tc=\" \/> \t\t<a href=\"https:\/\/www.pdf24.org\" target=\"_blank\" title=\"www.pdf24.org\" rel=\"nofollow\"><img src=\"https:\/\/www.hohenlohe-ungefiltert.de\/wp-content\/plugins\/pdf24-post-to-pdf\/img\/pdf_32x32.png\" alt=\"\" border=\"0\" height=\"32\" \/><\/a> \t\t<span class=\"pdf24Plugin-cp-space\">&nbsp;&nbsp;<\/span> \t\t<span class=\"pdf24Plugin-cp-text\">Sende Artikel als PDF<\/span> \t\t<span class=\"pdf24Plugin-cp-space\">&nbsp;&nbsp;<\/span> \t\t<input class=\"pdf24Plugin-cp-input\" style=\"margin: 0px;\" type=\"text\" name=\"sendEmailTo\" placeholder=\"Emailadresse\" \/> \t\t<input class=\"pdf24Plugin-cp-submit\" style=\"margin: 0px;\" type=\"submit\" value=\"Senden\" \/> \t<\/form> <\/div>","protected":false},"excerpt":{"rendered":"<p>Crailsheims Oberb\u00fcrgermeister Dr. Christoph Grimmer kandidiert bei der Kommunalwahl im Jahr 2019 f\u00fcr den Kreistag. Er tritt f\u00fcr die \u201eFREIE\u201c-Liste an. Grimmer: \u201eIch hoffe bei der Wahl am 26. Mai 2019 auf eine gro\u00dfe Unterst\u00fctzung der Bev\u00f6lkerung, um Crailsheim auch im Landkreis mit demselben R\u00fcckenwind vertreten zu k\u00f6nnen, wie ich dies seit meinem Amtsantritt als [&hellip;]<\/p>\n","protected":false},"author":1,"featured_media":0,"comment_status":"open","ping_status":"open","sticky":false,"template":"","format":"standard","meta":[],"categories":[1,10,6,2,8,5,3,7],"tags":[],"_links":{"self":[{"href":"https:\/\/www.hohenlohe-ungefiltert.de\/index.php?rest_route=\/wp\/v2\/posts\/24188"}],"collection":[{"href":"https:\/\/www.hohenlohe-ungefiltert.de\/index.php?rest_route=\/wp\/v2\/posts"}],"about":[{"href":"https:\/\/www.hohenlohe-ungefiltert.de\/index.php?rest_route=\/wp\/v2\/types\/post"}],"author":[{"embeddable":true,"href":"https:\/\/www.hohenlohe-ungefiltert.de\/index.php?rest_route=\/wp\/v2\/users\/1"}],"replies":[{"embeddable":true,"href":"https:\/\/www.hohenlohe-ungefiltert.de\/index.php?rest_route=%2Fwp%2Fv2%2Fcomments&post=24188"}],"version-history":[{"count":6,"href":"https:\/\/www.hohenlohe-ungefiltert.de\/index.php?rest_route=\/wp\/v2\/posts\/24188\/revisions"}],"predecessor-version":[{"id":24194,"href":"https:\/\/www.hohenlohe-ungefiltert.de\/index.php?rest_route=\/wp\/v2\/posts\/24188\/revisions\/24194"}],"wp:attachment":[{"href":"https:\/\/www.hohenlohe-ungefiltert.de\/index.php?rest_route=%2Fwp%2Fv2%2Fmedia&parent=24188"}],"wp:term":[{"taxonomy":"category","embeddable":true,"href":"https:\/\/www.hohenlohe-ungefiltert.de\/index.php?rest_route=%2Fwp%2Fv2%2Fcategories&post=24188"},{"taxonomy":"post_tag","embeddable":true,"href":"https:\/\/www.hohenlohe-ungefiltert.de\/index.php?rest_route=%2Fwp%2Fv2%2Ftags&post=24188"}],"curies":[{"name":"wp","href":"https:\/\/api.w.org\/{rel}","templated":true}]}}