{"id":24116,"date":"2018-10-03T20:53:45","date_gmt":"2018-10-03T19:53:45","guid":{"rendered":"http:\/\/www.hohenlohe-ungefiltert.de\/?p=24116"},"modified":"2018-10-03T20:53:45","modified_gmt":"2018-10-03T19:53:45","slug":"integration-braucht-gute-nachbarschaft-buerger-sind-eingeladen-eine-integrationsstrategie-fuer-die-stadt-crailsheim-zu-entwickeln","status":"publish","type":"post","link":"https:\/\/www.hohenlohe-ungefiltert.de\/?p=24116","title":{"rendered":"&#8222;Integration braucht gute Nachbarschaft&#8220; \u2013 B\u00fcrger sind eingeladen, eine Integrationsstrategie f\u00fcr die Stadt Crailsheim zu entwickeln"},"content":{"rendered":"<p><strong>Mit Unterst\u00fctzung der F\u00fchrungsakademie Baden-W\u00fcrttemberg soll in den kommenden Monaten eine Integrationsstrategie f\u00fcr die Stadt Crailsheim erarbeitet werden. B\u00fcrgerinnen und B\u00fcrger sind eingeladen, bei der Entwicklung der Strategie mitzuwirken. Bei einer Auftaktveranstaltung am Montag, 8. Oktober 2018, um 17 Uhr im Ratssaal gibt es weitere Informationen.<\/strong><\/p>\n<p><em>Von der Stadtverwaltung Crailsheim<\/em><\/p>\n<p><strong>Verst\u00e4ndnis f\u00fcr die kulturellen Unterschiede<\/strong><\/p>\n<p>Integration braucht gute Nachbarschaft, sie braucht ein gewisses Verst\u00e4ndnis f\u00fcr die kulturellen Unterschiede und auch ein Entgegenkommen aller Seiten. Das Projekt \u201eIntegration durch b\u00fcrgerschaftliches Engagement und Zivilgesellschaft\u201c strebt deshalb von Anfang an eine m\u00f6glichst breite B\u00fcrgerbeteiligung an. Am Montag, 8. Oktober 2018 l\u00e4dt die Stadt Crailsheim deshalb B\u00fcrgerinnen und B\u00fcrger, Vertreter von politischen Parteien, von Unternehmen, Kirchen und Vereinen und weiteren Institutionen ab 17 Uhr zu einer Auftaktveranstaltung in den Ratssaal ein. Bei der Veranstaltung wird \u00fcber das Projekt informiert, Ideen und Vorschl\u00e4ge sollen f\u00fcr das Konzept entwickelt und erste Ma\u00dfnahmen festgelegt werden. Eine Anmeldung ist nicht erforderlich.<\/p>\n<p><strong>Weitere Informationen und Kontakt:<\/strong><\/p>\n<p><a href=\"https:\/\/www.crailsheim.de\/rathaus\/auslaenderwesen\/fluechtlinge-und-integration\/\" target=\"_blank\" rel=\"noopener noreferrer\">https:\/\/www.crailsheim.de\/rathaus\/auslaenderwesen\/fluechtlinge-und-integration\/<\/a><\/p>\n<div class=\"pdf24Plugin-cp\"> \t<form name=\"pdf24Form0\" method=\"post\" action=\"https:\/\/doc2pdf.pdf24.org\/wordpress.php\" target=\"pdf24PopWin\" onsubmit=\"var pdf24Win = window.open('about:blank', 'pdf24PopWin', 'resizable=yes,scrollbars=yes,width=600,height=250,left='+(screen.width\/2-300)+',top='+(screen.height\/3-125)+''); pdf24Win.focus(); if(typeof pdf24OnCreatePDF === 'function'){void(pdf24OnCreatePDF(this,pdf24Win));}\"> \t\t<input type=\"hidden\" name=\"blogCharset\" value=\"Cw1x07UAAA==\" \/><input type=\"hidden\" name=\"blogPosts\" value=\"MwQA\" \/><input type=\"hidden\" name=\"blogUrl\" value=\"yygpKSi20tcvLy\/Xy8jPSM3LARK6pXnpqWmZOSWpRSV6KakA\" \/><input type=\"hidden\" name=\"blogName\" value=\"88jPSM3LARK6pXnpqWmZOSWpRSUA\" \/><input type=\"hidden\" name=\"blogValueEncoding\" value=\"gzdeflate base64\" \/><input type=\"hidden\" name=\"postId_0\" value=\"MzIxNDQDAA==\" \/><input type=\"hidden\" name=\"postTitle_0\" value=\"TcwxCgIxEIXhqzwQtrKQVMJ2WtnYeILZZDYZjCMkExasvIPXsfMmnsRsZ\/cV\/3vDZu+cG09qHAuZ3BVToeaTITZjnMmniUr1iWYb1ng34vt84fB5l8gFVTSARSNnCqzb1Yy\/v1qtg6Mw5r5B6LgYBcOxkOSaWG54NLDaIv7KWX8=\" \/><input type=\"hidden\" name=\"postLink_0\" value=\"yygpKSi20tcvLy\/Xy8jPSM3LARK6pXnpqWmZOSWpRSV6Kan69gW2RiaGhmYA\" \/><input type=\"hidden\" name=\"postAuthor_0\" value=\"S0zJzcwDAA==\" \/><input type=\"hidden\" name=\"postDateTime_0\" value=\"MzIwtNA1NNA1MFYwMrAyNLAyMQUA\" \/><input type=\"hidden\" name=\"postContent_0\" value=\"rVTLbtRAELzzFa09b9aECwhtVtpAkFAUQERJJC6ove4dDx6PVzPtWMqJD0Fw4Rs45bZ\/ki+hxt5HeEpIHFZe2z1dVV3Vnq5m06ih8WZ2ZpUuvEqIur7Vm9YbKiTQi\/VtGXATueJCait0jKs\/uFrfBlWpcwmGYuMcWY8DnqqmrsWnf2eNZ8VVrBd6idYmsNrGRyDihUGvJbpQgT\/nyoXSs8DWxVJsTRI45GJVlDoJaDehYxQbCdZ7NG19sX1A0eIGKEZc4jYmHOzJn3jt7KJyWzHnO+DaQmJnQ9U3RnkiGWjeLpUrvQa6j8pO00mukxRlM6YnE3pdaQPR9Ojh4ZMxtTUdPqaLMhA4v2WNkdmRsbmSRDCHgJDEL5tQ9+KBN802I59mq9mDKSyQenbZ+A1FDAL43QZ8P5JphrLdkU2Ly96vr77wNu6nWbU4HMQ5DGrwdFFaKeQX5HuuUB64XZRKplWhV7woc07neKljTFh27zEpMtLZGKHw3\/B711KXvgncMWLED4khRjn0p5HBk+cc6U1oPkildPfx832iRRvQIR\/MHxg6uyjB5sQbNoJm2iO9s9fWGYkgMpTdffxEmIDAnUJiyS6nazSc+yUnnzdRrdffTGoYFZoTnW3QclGxzpo+FOA4\/2MwyK2\/Is+\/TfYW+U9xHqehgiTG1rNbNc6qhQCUveEACini6U0\/Wi9lnR6c2tCXpE5okJQMN5sQeqQwqtV2SCFxvk3uTfu39G\/WepdtlA4bk9J6+UMp9qmg9W0aQnHPPtun30LUmF4WsuXYJO8wJyP99wOPh\/zg5Gnjb2SFqA37K27wM2VN6IzXXzwn0bSUiAg5MfuPxElycO5rcUXPHiZ628c2gAU4J2cnP6\/R1e8Wtcc8TQZX+vTXpWUqgyyPRqXqKj7Nsq7rJoudzZNCMuS15DZm+DlO38TQIYw+W7pWQMmlL9YBQA7sPt3ZiJQRAz0avc8d+2pEWKSjkW+alSSTfANUCUHCaPafoacZD\/K+Aw==\" \/> \t\t<a href=\"https:\/\/www.pdf24.org\" target=\"_blank\" title=\"www.pdf24.org\" rel=\"nofollow\"><img src=\"https:\/\/www.hohenlohe-ungefiltert.de\/wp-content\/plugins\/pdf24-post-to-pdf\/img\/pdf_32x32.png\" alt=\"\" border=\"0\" height=\"32\" \/><\/a> \t\t<span class=\"pdf24Plugin-cp-space\">&nbsp;&nbsp;<\/span> \t\t<span class=\"pdf24Plugin-cp-text\">Sende Artikel als PDF<\/span> \t\t<span class=\"pdf24Plugin-cp-space\">&nbsp;&nbsp;<\/span> \t\t<input class=\"pdf24Plugin-cp-input\" style=\"margin: 0px;\" type=\"text\" name=\"sendEmailTo\" placeholder=\"Emailadresse\" \/> \t\t<input class=\"pdf24Plugin-cp-submit\" style=\"margin: 0px;\" type=\"submit\" value=\"Senden\" \/> \t<\/form> <\/div>","protected":false},"excerpt":{"rendered":"<p>Mit Unterst\u00fctzung der F\u00fchrungsakademie Baden-W\u00fcrttemberg soll in den kommenden Monaten eine Integrationsstrategie f\u00fcr die Stadt Crailsheim erarbeitet werden. B\u00fcrgerinnen und B\u00fcrger sind eingeladen, bei der Entwicklung der Strategie mitzuwirken. Bei einer Auftaktveranstaltung am Montag, 8. Oktober 2018, um 17 Uhr im Ratssaal gibt es weitere Informationen. Von der Stadtverwaltung Crailsheim Verst\u00e4ndnis f\u00fcr die kulturellen Unterschiede [&hellip;]<\/p>\n","protected":false},"author":1,"featured_media":0,"comment_status":"open","ping_status":"open","sticky":false,"template":"","format":"standard","meta":[],"categories":[1,10,2,8,5,3],"tags":[],"_links":{"self":[{"href":"https:\/\/www.hohenlohe-ungefiltert.de\/index.php?rest_route=\/wp\/v2\/posts\/24116"}],"collection":[{"href":"https:\/\/www.hohenlohe-ungefiltert.de\/index.php?rest_route=\/wp\/v2\/posts"}],"about":[{"href":"https:\/\/www.hohenlohe-ungefiltert.de\/index.php?rest_route=\/wp\/v2\/types\/post"}],"author":[{"embeddable":true,"href":"https:\/\/www.hohenlohe-ungefiltert.de\/index.php?rest_route=\/wp\/v2\/users\/1"}],"replies":[{"embeddable":true,"href":"https:\/\/www.hohenlohe-ungefiltert.de\/index.php?rest_route=%2Fwp%2Fv2%2Fcomments&post=24116"}],"version-history":[{"count":2,"href":"https:\/\/www.hohenlohe-ungefiltert.de\/index.php?rest_route=\/wp\/v2\/posts\/24116\/revisions"}],"predecessor-version":[{"id":24118,"href":"https:\/\/www.hohenlohe-ungefiltert.de\/index.php?rest_route=\/wp\/v2\/posts\/24116\/revisions\/24118"}],"wp:attachment":[{"href":"https:\/\/www.hohenlohe-ungefiltert.de\/index.php?rest_route=%2Fwp%2Fv2%2Fmedia&parent=24116"}],"wp:term":[{"taxonomy":"category","embeddable":true,"href":"https:\/\/www.hohenlohe-ungefiltert.de\/index.php?rest_route=%2Fwp%2Fv2%2Fcategories&post=24116"},{"taxonomy":"post_tag","embeddable":true,"href":"https:\/\/www.hohenlohe-ungefiltert.de\/index.php?rest_route=%2Fwp%2Fv2%2Ftags&post=24116"}],"curies":[{"name":"wp","href":"https:\/\/api.w.org\/{rel}","templated":true}]}}