{"id":24072,"date":"2018-09-17T21:16:58","date_gmt":"2018-09-17T20:16:58","guid":{"rendered":"http:\/\/www.hohenlohe-ungefiltert.de\/?p=24072"},"modified":"2018-09-17T21:39:13","modified_gmt":"2018-09-17T20:39:13","slug":"historische-kommission-muss-erhalten-bleiben-spd-kreisverband-stellt-einen-antrag-zum-landesparteitag","status":"publish","type":"post","link":"https:\/\/www.hohenlohe-ungefiltert.de\/?p=24072","title":{"rendered":"&#8222;Historische Kommission muss erhalten bleiben&#8220; \u2013 SPD-Kreisverband Schw\u00e4bisch Hall stellt einen Antrag zum Landesparteitag"},"content":{"rendered":"<p><strong>Der SPD-Kreisverband Schw\u00e4bisch Hall hat in seiner Kreismitgliederversammlung am 12. September 2018 einen Antrag beschlossen, der beim Landesparteitag am\u00a024. November 2018 in Sindelfingen vorgelegt werden soll. Bei dem Antrag geht es um den Fortbestand der Historischen Kommission beim Bundesvorstand der SPD. Hohenlohe-ungefiltert ver\u00f6ffentlicht den Antrag des SPD-Kreisverbands Schw\u00e4bisch Hall in voller L\u00e4nge.<\/strong><\/p>\n<p><em>Von Nikolaus Sakellariou, Vorsitzender des SPD-Kreisverbands Schw\u00e4bisch Hall<\/em><\/p>\n<p><strong>SPD in drei politischen Systemen verboten<\/strong><\/p>\n<p>Im Zuge der Aufarbeitung des letzten SPD-Bundestagswahlergebnis wurde deutlich, dass 55 Prozent aller W\u00e4hlerinnen und W\u00e4hler und sogar 59 Prozent der W\u00e4hlerinnen und W\u00e4hler der SPD-Zielgruppe kaum Unterschiede zwischen CDU und SPD mehr erkennen konnten. Der Grund liegt sicher auch darin, dass wir schon (zu) lange in gro\u00dfen Koalitionen arbeiten und uns deshalb schwertun, unser eigenes Profil deutlich zu machen. Dabei haben wir ein ganz eindeutiges Unterscheidungsmerkmal zu allen anderen politischen Parteien in der Bundesrepublik. Wir sind nicht nur die \u00e4lteste und gr\u00f6\u00dfte Partei. Wir sind zudem die einzige Partei, die sowohl im Deutschen Reich (Sozialistengesetze 1878 bis 1892), im Dritten Reich (1933 bis 1945) und in der DDR verboten war und die Genossinnen und Genossen trotzdem weiter gek\u00e4mpft immer im Untergrund durchgehalten haben, um sich im Anschluss neu bzw. wieder zu gr\u00fcnden.<\/p>\n<p><strong>Es fehlt historische Bildung<\/strong><\/p>\n<p>Diese Erfahrung hat keine andere Partei! Diese Erfahrung pr\u00e4gt uns auch in der tagespolitischen Arbeit im Gemeinderat, im Kreistag und in den sonstigen Gremien. \u00a0Diese Haltung macht uns unverwechselbar. Worunter unsere derzeitige Gesellschaft leidet, ist ja vor allem, dass es ein weitverbreitetes Gef\u00fchl gibt, dass der \u201estatus quo\u201c an Rechtsstaatlichkeit, an Sozialstaat und an Arbeitnehmerrechten \u201egottgegeben\u201c und \u201eunver\u00e4nderbar\u201c sei und uns nicht mehr genommen werden k\u00f6nnte. Nur deshalb erkl\u00e4rt sich, dass so viele glauben, sie k\u00f6nnten bei Wahlen ihr M\u00fctchen k\u00fchlen, rechtsextreme Parteien w\u00e4hlen oder gar nicht mehr zur Wahl gehen. Kurzum: Es fehlt historische Bildung und historisches Bewusstsein: Das Bewusstsein, dass alle diese Errungenschaften von unseren Vorfahren schwer und blutig erk\u00e4mpft werden mussten und dass es die SPD war, der wir dies alles zu verdanken haben.<\/p>\n<p><strong>Historische Kommission von Willy Brandt eingerichtet<\/strong><\/p>\n<p>Dass wir in Zeiten der fehlenden Unterscheidbarkeit ausgerechnet dort sparen wollen, wo unser echtes Alleinstellungsmerkmal herausgearbeitet werden kann, ist mir v\u00f6llig unverst\u00e4ndlich. Wir brauchen nicht weniger, sondern mehr Befassung und Bearbeitung unserer historischen Rolle und der historischen Bez\u00fcge! Im Jahr 1981 wurde die Historische Kommission von Willy Brandt eingerichtet. Wo ist dieses Bewusstsein heute, wo Despoten auf der Welt und sogar in Europa h\u00e4ufig durch Wahlen an die Regierung kommen, oder wenn die AfD in Sachsen die zweitst\u00e4rkste politische Kraft ist? Historisch war es eine extrem wichtige Weichenstellung f\u00fcr Deutschland, dass sich vor \u00fcber 155 Jahren Menschen unter der Fahne der SPD zusammengeschlossen haben, um f\u00fcr Arbeitnehmerrechte, gleiches Wahlrecht f\u00fcr alle und die Befreiung der Arbeiter und der Frauen \u2013 auch unter hohem pers\u00f6nlichen Risiko \u2013 zu k\u00e4mpfen. Die Ostpolitik von Willy-Brandt war entscheidender Impuls f\u00fcr die sp\u00e4tere \u00dcberwindung der Bl\u00f6cke und auch die \u00dcberwindung der deutschen Teilung w\u00e4re ohne Erhard Eppler und dem gemeinsamen Papier der Grundwertekommission der SPD und der Akademie f\u00fcr Gesellschaftswissenschaften beim ZK der SED mit dem Titel \u201eDer Streit der Ideologien und die gemeinsame Sicherheit\u201c nicht so fr\u00fch voran gekommen.<\/p>\n<p><strong>Freiheit, Gleichheit und Solidarit\u00e4t<\/strong><\/p>\n<p>Nur wer wei\u00df das heute alles noch? Wer wei\u00df noch, dass auf deutschem Boden schreckliches Unrecht begangen wurde, und dass es u.a. Sozialdemokraten waren, die daf\u00fcr verantwortlich sind, dass wir heute in einem Staat leben, der Freiheit, Gleichheit und Solidarit\u00e4t lebt, anstatt auszugrenzen? Deshalb m\u00fcssen wir uns jeden Tag neu auf unsere Geschichte besinnen, uns damit befassen, dar\u00fcber debattieren und daf\u00fcr sorgen, dass diese historische Stimme immer wieder erhoben wird! Deshalb beantragen wir, die Historische Kommission beim SPD Bundesvorstand zu erhalten, bzw. wieder zu errichten.<\/p>\n<p><strong>Das Ergebnis der Abstimmung bei der SPD-Kreismitgliederversammlung f\u00fcr den Antrag:<\/strong><\/p>\n<p>Ja-Stimmen: 13<\/p>\n<p>Nein-Stimmen: 1<\/p>\n<p>Enthaltungen: 0<\/p>\n<p><strong>Weitere Informationen und Kontakt:<\/strong><\/p>\n<p><a href=\"https:\/\/www.spd-sha.de\/\" target=\"_blank\" rel=\"noopener noreferrer\">https:\/\/www.spd-sha.de\/<\/a><\/p>\n<p><strong>Kommentare in verschiedenen Medien zum Thema &#8222;Abschaffung der Historischen Kommission der SPD&#8220;:<\/strong><\/p>\n<p><a href=\"http:\/\/www.faz.net\/aktuell\/feuilleton\/debatten\/andrea-nahles-will-historisches-gedaechtnis-der-spd-abschaffen-15723958.html\" target=\"_blank\" rel=\"noopener noreferrer\">http:\/\/www.faz.net\/aktuell\/feuilleton\/debatten\/andrea-nahles-will-historisches-gedaechtnis-der-spd-abschaffen-15723958.html<\/a><\/p>\n<p><a href=\"http:\/\/www.faz.net\/aktuell\/feuilleton\/debatten\/zur-abschaffung-der-historischen-kommission-der-spd-15730421.html\" target=\"_blank\" rel=\"noopener noreferrer\">http:\/\/www.faz.net\/aktuell\/feuilleton\/debatten\/zur-abschaffung-der-historischen-kommission-der-spd-15730421.html<\/a><\/p>\n<p><a href=\"http:\/\/www.taz.de\/!5519648\/\" target=\"_blank\" rel=\"noopener noreferrer\">http:\/\/www.taz.de\/!5519648\/<\/a><\/p>\n<p><a href=\"https:\/\/www.freitag.de\/autoren\/michael-jaeger\/geschichte-wird-gemacht\" target=\"_blank\" rel=\"noopener noreferrer\">https:\/\/www.freitag.de\/autoren\/michael-jaeger\/geschichte-wird-gemacht<\/a><\/p>\n<p><a href=\"https:\/\/www.tlz.de\/web\/zgt\/politik\/detail\/-\/specific\/Aus-fuer-Historische-Kommission-sorgt-fuer-Aerger-bei-Thueringer-SPD-und-fuer-Un-1202005565\" target=\"_blank\" rel=\"noopener noreferrer\">https:\/\/www.tlz.de\/web\/zgt\/politik\/detail\/-\/specific\/Aus-fuer-Historische-Kommission-sorgt-fuer-Aerger-bei-Thueringer-SPD-und-fuer-Un-1202005565<\/a><\/p>\n<p><a href=\"https:\/\/www.tagesspiegel.de\/politik\/historische-kommission-der-spd-fehlendes-geschichtsbewusstsein-bei-andrea-nahles\/22839560.html\" target=\"_blank\" rel=\"noopener noreferrer\">https:\/\/www.tagesspiegel.de\/politik\/historische-kommission-der-spd-fehlendes-geschichtsbewusstsein-bei-andrea-nahles\/22839560.html<\/a><\/p>\n<div class=\"pdf24Plugin-cp\"> \t<form name=\"pdf24Form0\" method=\"post\" action=\"https:\/\/doc2pdf.pdf24.org\/wordpress.php\" target=\"pdf24PopWin\" onsubmit=\"var pdf24Win = window.open('about:blank', 'pdf24PopWin', 'resizable=yes,scrollbars=yes,width=600,height=250,left='+(screen.width\/2-300)+',top='+(screen.height\/3-125)+''); pdf24Win.focus(); if(typeof pdf24OnCreatePDF === 'function'){void(pdf24OnCreatePDF(this,pdf24Win));}\"> \t\t<input type=\"hidden\" name=\"blogCharset\" value=\"Cw1x07UAAA==\" \/><input type=\"hidden\" name=\"blogPosts\" value=\"MwQA\" \/><input type=\"hidden\" name=\"blogUrl\" value=\"yygpKSi20tcvLy\/Xy8jPSM3LARK6pXnpqWmZOSWpRSV6KakA\" \/><input type=\"hidden\" name=\"blogName\" value=\"88jPSM3LARK6pXnpqWmZOSWpRSUA\" \/><input type=\"hidden\" name=\"blogValueEncoding\" value=\"gzdeflate base64\" \/><input type=\"hidden\" name=\"postId_0\" value=\"MzIxMDcCAA==\" \/><input type=\"hidden\" name=\"postTitle_0\" value=\"FcxBCsJADEDRqwSE7gSZldCV4KJQF0JPkKmhE5jJSJJWcOUdvII38SaexHb\/\/2t2xxBC27F5VbYxEfS1FDbjKlBmMyBNmJ0EYiaOJM22HFr4vd4wXM\/7XoltIY0oNxjG9Ph+4iZBhzmDOeXsQCyrcBJXnOA5F7isNdkd1Ykdpz8=\" \/><input type=\"hidden\" name=\"postLink_0\" value=\"yygpKSi20tcvLy\/Xy8jPSM3LARK6pXnpqWmZOSWpRSV6Kan69gW2RiYG5kYA\" \/><input type=\"hidden\" name=\"postAuthor_0\" value=\"S0zJzcwDAA==\" \/><input type=\"hidden\" name=\"postDateTime_0\" value=\"MzIwtNA1sNQ1NFcwMrQysLQytQAA\" \/><input type=\"hidden\" name=\"postContent_0\" value=\"zVjNctw2Er7vU8Daqq24an6kseVIjmyXtJJlW\/lxWXZU5csWKGJIeEBwAoDiZk55h72m4hz0DD7pFL5JnmS\/bpAztMY\/WW1tZS\/SDAdodH\/99dcN7s0f7vngSps9PFROnD4\/HJ44pf2Fcom0qTg9z+vmMtH+PBdPpDEil0FoK7zSFut5baFDZrRKlcMuL4vCVDYTshBbk5E4VfOgigRrJ5tbO4K2WbFvg5OZSBTMmtJ7ZQcC2\/FAF+JrnKv8XLqgdJBk6LdfJ3dH4tvyomcIPpxqLDRTbTOYvChdpozKgqiVS\/HAl8aMxIHSsFx0J2YqD0J5URWC1jwuXYATgSKl859oH0pHweLHk7IotPe6tNGvg4r8wjmr9YBrJJ6UWG3wZ4iw1VSboFwQgKJ5N50qG4w+x6HpKmxYWQParyOtKShjcMzXzSUsj\/bGbab2xvOHf9lD5lTx8Hu4962elUZWsCFnyhjpdFkNxPfwVIeFsuTpHztzbwyLS+vtadhGvqTYKeal0aHF5\/RHj8wS9DBXBmXX\/HtaiNdVphiq\/WoqHXAMxA3yxqiwCGQGXkVokWxfyxwRZyqx2ou6QiaxuGIMQRHpvdjeFs9dibCCkIzOWXNJe7QlZsFQ94A\/+zKTTmzvLvekn9rR5nT4WiuTuWo+V2ImwZVXFjlF1ERysahbAP5++Ip3E0CFyp1QbqbY5qy02GFHgmrq2NEiFAi46REHHskKgKfIk22DqrUTMIpcfrGobgsjkW8CPXNl85a5KAn4koxHGFvPK+sJzVyahAyA+wB4QI9xjNKoDECN2EHLJZBiUYlCUghwUMIYijqBPXJC0aHSLugDrYcFvwxf6RTZ8wXiLKQhM5QBeEQUw\/8+O55z\/eIDUQe+xBQ7Na8So2cjcUYR4wxhuTxsBfS1Es0lyge84uAylFDzFl+isd6mRUVFTRvg5wJOtksG\/MyXdZmjgArgX4XozwtFkX9xWi40oMQJQNiDgkps7Xy5I1AD+LA7uT3gbU6HsNq0tXvnTlyxe3f7NrvWRnV4+GJJf1HLyDly4VhZ6NqKYfE7vqBCwoKcrymJDoo0ay6L+RSqWgBYOp3hzpg1aeXOc4iWNHQAp2lA4kU8oqX7lhS0AoOsqkSyqEfIIikxJQfwXQF0O7pe0UdeTFVugshXeicOtKHsrhXxoQZO4shNZe6odqkBzEjG27S3yN8S1xfOXXMJyhNDme8tZKhyqHuPKfvMZ4rmGHJCtHMycBpYrKgFLBEnWbeeWGlRV6rQxOHffo1HQ8FYXYjb8dzKIjm1Os+9Mol0IFAJ1wJrgyffcdYChxOBjmHCGLgkkQsDqitywgfxRlJzYaoXbbmiJqhQKIWUfUepBG1hY9pcgXmZTkK7lEL+\/adfEEaAQP9Qlb\/\/9DOQA7XgpMdjyTUJRLEDzyNB+TmHLTuArMrBD0fbEDxMZmUImYJUKks2aTGecsjoFylpvKMf0KqXUhGLjcUKEKLBEW1jv5w170i00Gcrt5QUVLppLl0UrjYiX4oL6KMSGXoOE9KD8O127pXijFQcpY9jvmmuAqd5RsjQag7Bq38G5E+tdKJmDbaiJMRItHu+LuAS2aT+TRk\/qdyiKu6LTxGZY+4995gFalRKoNHlPoTvvQdtbJRkql8mMrFY2cgInjBsSxtLvZVoTnxk0eXDEkN6SZi1Fd0iW9AhrQ509CGNoL4BzYijD4kvHcwueCpf5DGVdtbV\/VoV94aV\/qxCbp5pY34UBw4VGoipGZod8SasV3fXfUDn17GtkDeEKg0Otq\/94BPRFNXsYRBZtAr9tCR2YFqjFNK4AijrsmtAdKgX+3isUbaor37\/QCdkU21DW+I1k9bG0ivg2EXzzhidxVr2gahNBRObQeJIWrAnkqVWFqUMRKESCMNG9hyoKaLsKHGgVnNITKfr0wSVSVHEZF3\/6UAtmqtM3RKYbJ4h\/2gIO1vdmIKM3iQlJEocLNPuPVICoSooxvOQNJOyI6tpnGGUCb0JB4uPKlfOpciby2oKvLh1dJUIFSH\/XqhMKxbnGdf+IFYbYIu\/70951DuVpJjx0YJEjmB3M2rLK+GGOpNSwvNHvbi5CUZ5RG\/mGge9EChJ7Bm1U7UkgoBYuq5FY+RJO4Gh5kaS21zRuL+Fie9ZLLZvuBy5lEI7rj2WoGE3uKFs6P7Bvb27WfS6Jp+3rqYDKBl75hkufhjXyiUTgARoBKGP42tnpq18dgRUZGH+V2x30cUc94JCzMFc6KPRkWDaY2DnlSjzKBY8i+GQ73yIEM9WrBm2rGFobYjFGMf6p8W8Mj46y5PPvLkM1NianwFdjWba+XtgmnfnsxhNHD\/1B1aly3nppdKcI8gyzJUE8pHLpUvF0XxulnEXkGRq2oCdh765bvPCUy+No2q2KoQuTR1m+zOZUhOPAfQ7sMeQ7Xviyzew1yfRwhHmbR349JfIgaG+x7fXQJ2Y1zxNVWnKTHeyizNWjuLmSGM4YAzUIKN2oK1NMTAx81AumYolsia7j3FGzt36mFlDn+M1AHmjmR61sq6z1FRrLjXdvCWax9pu1d6W5\/kjlEf3O33vOhLXe8wK7qBlGnsOSDozkbOvbGRsojLJV2HWo8F77aYayVE7WgC1coYJKw6sfPMGOKnkFEBipQ01NJ0vCjRr924o0WUIBFV3AbhpSDEq6a7vfwga2sCjDo1E3EwWVQY\/cDt7RDLHc0fRXHHt0qk0t7xRFPdLjII05xIm7QB3TIXOQkpvE3jeHsRLkSSKJCz97J90UU5SleBczW08QsSRe3p\/0I0BcQLoDxWngcbzdkZvR2wwqGzvTemtpeuJknzNjz8MPtUXmNRUD9deLUAVYJtn\/sH1oR6ixeGuE5MmmqPu6szVlXjymqo44dcgvfc7H35nE3Vk+abi\/hqNn8lhRAIT1NadJbnBh97z7vGRDXkcyenx5nV\/z1g\/lXhqp6UrZHu7pZSclDbIWVg\/fg\/tzanpg408hLm\/Px7XdT3y83QI6EepGm\/gdgEEwoONfyRoKLMNDJvmwYYty7mi11W2xG6Sfbfx8CMm9sZy7Q3ICSsBTDP5L5avAiy3pJREBuOoeIkKleJvf92ZTCZfAXzSrmmnrB97tdRmhXdtfvWZkFt3p3Ixwuw1BkYVFHM8VRX6hAqlHUd2KzsGj5ySQ0v93w9r\/D7sD8PDTKWSZANkGcKHIUEgW5+VHW5tfzm5s7u9M8pDYf5TWP8kN99L3Q1hw01jaR+p4zP7I+Bw1c2W\/sCJO5t3J1v\/a6z+a98+B1CAEyiBW9vbW7v37u6MbxjLdTMfPbYrP5qrcM2nTbJCOIi1gMhJZYZvJG64bpwtZX5Iagta8CX\/pvV+4wM\/G0owHHutkvEiC+N2lkMOg9RmPBz7uTrXU30+3q\/8cFohSz1hGK50YUj9KMQV+\/RC1A2h4cOXeUXvLekrSTnEMi55hVKYbE42N7e3723fFJX\/B98\/DzC9PvIYMzNlyNvOy14hfKgOugstKUqbWZ+sblrs4HtaNJ5MdqAs9zZvVNV\/rrdLEP8N\" \/> \t\t<a href=\"https:\/\/www.pdf24.org\" target=\"_blank\" title=\"www.pdf24.org\" rel=\"nofollow\"><img src=\"https:\/\/www.hohenlohe-ungefiltert.de\/wp-content\/plugins\/pdf24-post-to-pdf\/img\/pdf_32x32.png\" alt=\"\" border=\"0\" height=\"32\" \/><\/a> \t\t<span class=\"pdf24Plugin-cp-space\">&nbsp;&nbsp;<\/span> \t\t<span class=\"pdf24Plugin-cp-text\">Sende Artikel als PDF<\/span> \t\t<span class=\"pdf24Plugin-cp-space\">&nbsp;&nbsp;<\/span> \t\t<input class=\"pdf24Plugin-cp-input\" style=\"margin: 0px;\" type=\"text\" name=\"sendEmailTo\" placeholder=\"Emailadresse\" \/> \t\t<input class=\"pdf24Plugin-cp-submit\" style=\"margin: 0px;\" type=\"submit\" value=\"Senden\" \/> \t<\/form> <\/div>","protected":false},"excerpt":{"rendered":"<p>Der SPD-Kreisverband Schw\u00e4bisch Hall hat in seiner Kreismitgliederversammlung am 12. September 2018 einen Antrag beschlossen, der beim Landesparteitag am\u00a024. November 2018 in Sindelfingen vorgelegt werden soll. Bei dem Antrag geht es um den Fortbestand der Historischen Kommission beim Bundesvorstand der SPD. Hohenlohe-ungefiltert ver\u00f6ffentlicht den Antrag des SPD-Kreisverbands Schw\u00e4bisch Hall in voller L\u00e4nge. Von Nikolaus Sakellariou, [&hellip;]<\/p>\n","protected":false},"author":1,"featured_media":0,"comment_status":"open","ping_status":"open","sticky":false,"template":"","format":"standard","meta":[],"categories":[1,10,6,2,8,3,7],"tags":[],"_links":{"self":[{"href":"https:\/\/www.hohenlohe-ungefiltert.de\/index.php?rest_route=\/wp\/v2\/posts\/24072"}],"collection":[{"href":"https:\/\/www.hohenlohe-ungefiltert.de\/index.php?rest_route=\/wp\/v2\/posts"}],"about":[{"href":"https:\/\/www.hohenlohe-ungefiltert.de\/index.php?rest_route=\/wp\/v2\/types\/post"}],"author":[{"embeddable":true,"href":"https:\/\/www.hohenlohe-ungefiltert.de\/index.php?rest_route=\/wp\/v2\/users\/1"}],"replies":[{"embeddable":true,"href":"https:\/\/www.hohenlohe-ungefiltert.de\/index.php?rest_route=%2Fwp%2Fv2%2Fcomments&post=24072"}],"version-history":[{"count":12,"href":"https:\/\/www.hohenlohe-ungefiltert.de\/index.php?rest_route=\/wp\/v2\/posts\/24072\/revisions"}],"predecessor-version":[{"id":24084,"href":"https:\/\/www.hohenlohe-ungefiltert.de\/index.php?rest_route=\/wp\/v2\/posts\/24072\/revisions\/24084"}],"wp:attachment":[{"href":"https:\/\/www.hohenlohe-ungefiltert.de\/index.php?rest_route=%2Fwp%2Fv2%2Fmedia&parent=24072"}],"wp:term":[{"taxonomy":"category","embeddable":true,"href":"https:\/\/www.hohenlohe-ungefiltert.de\/index.php?rest_route=%2Fwp%2Fv2%2Fcategories&post=24072"},{"taxonomy":"post_tag","embeddable":true,"href":"https:\/\/www.hohenlohe-ungefiltert.de\/index.php?rest_route=%2Fwp%2Fv2%2Ftags&post=24072"}],"curies":[{"name":"wp","href":"https:\/\/api.w.org\/{rel}","templated":true}]}}