{"id":24066,"date":"2018-09-17T21:00:15","date_gmt":"2018-09-17T20:00:15","guid":{"rendered":"http:\/\/www.hohenlohe-ungefiltert.de\/?p=24066"},"modified":"2018-09-17T21:00:25","modified_gmt":"2018-09-17T20:00:25","slug":"bunte-vielfalt-statt-braune-einfalt-demonstration-in-ellwangen-am-fuchseck","status":"publish","type":"post","link":"https:\/\/www.hohenlohe-ungefiltert.de\/?p=24066","title":{"rendered":"&#8222;Bunte Vielfalt statt braune Einfalt&#8220; \u2013 Demonstration in Ellwangen am &#8222;Fuchseck&#8220;"},"content":{"rendered":"<p><strong>Die AfD des Kreisverbands Ostalb mobilisiert im Internet zu einer Demonstration am am Samstag, 22. September 2018, um 11 Uhr in Ellwangen. Das Motto der AfD lautet &#8222;F\u00fcnf Jahre LEA sind genug&#8220;. Gegen das Ansinnen der AfD hat sich eine breite Aktionseinheit gebildet. Ganze Schulklassen wollen an der Gegendemo teilnehmen.<\/strong><\/p>\n<p><em>Von Willi Maier, Schw\u00e4bisch Hall<\/em><\/p>\n<p><strong>Teffpunkt um 11 Uhr am &#8222;Fuchseck&#8220;<\/strong><\/p>\n<p>Zur Fahrt in Fahrgemeinschaften treffen wir uns um 9.30 Uhr am Bahnhof Schw\u00e4bisch Hall. Von Hall kommend f\u00e4hrt man auf der Haller Stra\u00dfe nach Ellwangen, \u00fcberquert die Jagst und biegt dann nach links in den M\u00fchlgraben ab. Gleich links ist ein gro\u00dfer Parkplatz. Zum Teffpunkt &#8222;Fuchseck&#8220; sind es drei Minuten. Dort findet um 11 Uhr eine Demonstration statt mit dem Motto &#8222;Bunte Vielfalt statt braune Einfalt&#8220;.<\/p>\n<p>Ich f\u00fcge an den Aufruf von Adelheid Gruber vom Freundeskreis Alassa. Alassa wurde brutal nach Italien abgeschoben. Mehr dazu und die M\u00f6glichkeit f\u00fcr seine R\u00fcckkehr gibt es auf folgender Internetseite:<\/p>\n<p><a href=\"http:\/\/www.change.org\/alassa\" target=\"_blank\" rel=\"noopener noreferrer\">www.change.org\/alassa<\/a><\/p>\n<p>Ich hoffe, wir sehen uns am Samstag.<\/p>\n<p>Willi Maier<\/p>\n<p><strong>Aufruf von Adelheid Gruber vom Freundeskreis Alassa (15. September 2018):<\/strong><\/p>\n<p><strong>Haltung zeigen: \u00dcberlassen wir die Stra\u00dfe nicht der AfD!<\/strong><\/p>\n<p><strong>Liebe Freundinnen und Freunde,<\/strong><\/p>\n<p>Ellwangen ist zum bundesweiten Symbol geworden f\u00fcr den gemeinsamen Widerstand gegen Abschiebungen und Dublin-III \u2013 dies hat nun auch die AfD auf den Plan gerufen: sie k\u00fcndigt am 22. September eine Kundgebung und Demonstration gegen die LEA an (Landeserstaufnahmeeinrichtung), um \u201eden Ellwanger B\u00fcrgern zu Hilfe zu kommen\u201c. In Ellwangen gibt es eine Diskussion dar\u00fcber, ob die LEA am Standort weitergef\u00fchrt werden soll oder nicht \u2013 dar\u00fcber kann man durchaus geteilter Meinung sein. Aber was die AfD nun offenbar vorhat, folgt einem Muster, das wir aus Kandel, Chemnitz oder K\u00f6then bereits kennen: der \u00f6ffentliche Aufruf zur AfD-Kundgebung richtet sich an das gesamte Spektrum aus alten und neuen Faschisten, zu denen die AfD zunehmend keinerlei Abgrenzung vornimmt und die Gefl\u00fcchteten werden zur eigentlichen Zielscheibe. Es ist der Versuch, Menschen, die durch ungel\u00f6ste Probleme in der Fl\u00fcchtlingspolitik berechtigten Unmut haben, unter den Einfluss der faschistischen und rassistischen Hetze zu bringen.<\/p>\n<p><strong>Aufgeheizten rechten Mob nicht hinnehmen<\/strong><\/p>\n<p>Arm in Arm marschiert die AfD inzwischen mit Pegida, Pro Chemnitz und verschiedensten neofaschistischen Kr\u00e4ften aus NPD und der verbotenen FAP. Vom aufgeheizten rechten Mob werden dann Menschen angegriffen und gejagt, die eine andere Hautfarbe haben. Das k\u00f6nnen wir nicht hinnehmen!<\/p>\n<p><strong>Breites B\u00fcndnis von Religion bis Revolution<\/strong><\/p>\n<p>Diesem Versuch stellt sich ein breites Spektrum demokratischer und kirchlicher Kr\u00e4fte beherzt entgegen, die seit Jahren dort als Freiwillige einer Willkommenskultur und als Friedensfreunde in Ellwangen aktiv sind. Sie rufen ebenfalls auf \u2013 zur Protest-Kundgebung, um 11 Uhr in der Stadtmitte am \u201eFuchseck\u201c, dem Ort wo seit langem Samstag f\u00fcr Samstag eine Friedens-Mahnwache stattfindet. Zum anschlie\u00dfenden Fest sind Musiker aus Ellwangen und Umgebung aufgefordert, beizutragen, ebenso wie Redner, die \u00fcber die Politik der AfD aufkl\u00e4ren. Unterst\u00fctzen wir den Protest nach Kr\u00e4ften! F\u00fcr ein breites B\u00fcndnis von Religion bis Revolution gegen die Rechtsentwicklung!<\/p>\n<p>Kommt am Samstag, 22. September 2018, nach Ellwangen, zum \u201eFuchseck\u201c in der Stadtmitte \u2013\u00a0bunte Vielfalt statt braune Einfalt!<\/p>\n<p><strong>Informationen des AfD-Kreisverbands Ostalb auf folgender Internetseite:<\/strong><\/p>\n<p><a href=\"https:\/\/www.journalistenwatch.com\/demo\/grossdemonstration-in-ellwangen\/\" target=\"_blank\" rel=\"noopener noreferrer\">https:\/\/www.journalistenwatch.com\/demo\/grossdemonstration-in-ellwangen\/<\/a><\/p>\n<p><strong>Text des\u00a0AfD-Kreisverbands Ostalb:<\/strong><\/p>\n<p>Gro\u00dfdemonstration in Ellwangen: Demo &amp; Kundgebung: 5 Jahre LEA Ellwangen sind genug!<\/p>\n<p>Samstag, 22. September 2018, um\u00a011 Uhr bis 15 Uhr\u00a0in Ellwangen, Schie\u00dfwasen<\/p>\n<p><a href=\"https:\/\/www.facebook.com\/events\/253195605400448\/\" target=\"_blank\" rel=\"noopener noreferrer\">https:\/\/www.facebook.com\/events\/253195605400448\/<\/a><\/p>\n<p><a href=\"https:\/\/www.facebook.com\/events\/267163524125049\/\" target=\"_blank\" rel=\"noopener noreferrer\">https:\/\/www.facebook.com\/events\/267163524125049\/<\/a><\/p>\n<p><strong>Werte B\u00fcrger, Unterst\u00fctzer und Interessenten,<\/strong><\/p>\n<p>wir, der AfD Kreisverband Ostalb bittet um Eure Unterst\u00fctzung.<\/p>\n<p>In Ellwangen, seit einigen Wochen ja bundesweit aufgrund der Vorkommnisse in der LANDESERSTAUFNAHME (LEA) jedem bekannt, wird in den kommenden Wochen vom Gemeinderat der Beschluss \u00fcber die Verl\u00e4ngerung des Mietvertrages mit dem Land bez\u00fcglich der LEA gefasst.\u00a0Wir m\u00f6chten gemeinsam mit den B\u00fcrgern von Ellwangen ein Zeichen setzen, denn<\/p>\n<p><strong>5 Jahre LEA sind genug<\/strong>.<\/p>\n<p>Wir m\u00fcssen den Ratsherren zeigen, dass es KEINE ENTSCHEIDUNG OHNE ein Votum der B\u00fcrger geben darf. Ellwangen muss eine B\u00fcrgerbefragung \u00fcber eine Verl\u00e4ngerung des Mietvertrages der LEA mit dem Land Baden-W\u00fcrttemberg durchf\u00fchren. Um dies zum Ausdruck zu bringen, werden wir am<\/p>\n<p>22.09.2018, ab 11 Uhr<\/p>\n<p>eine Demonstration mit anschlie\u00dfender Kundgebung in Ellwangen durchf\u00fchren.<\/p>\n<p>Bitte helft alle mit, dass wir eine eindrucksvolle Kulisse haben, damit der B\u00fcrgerwille im Rathaus ankommt. Wir wollen auch zum Ausdruck bringen, dass angebotene Kompensationsgesch\u00e4fte der Landesregierung, hier die Vergabe der Landesgartenschau, die Belastungen der Ellwanger B\u00fcrger nicht aufwiegen. Solch ein Versuch, den Willen der Ratsherren in eine Richtung zu lenken, gehen am Wohl der Bev\u00f6lkerung komplett vorbei und sind schlichtweg unlauter.<\/p>\n<p>Wir hoffen auf viele Unterst\u00fctzer, um ein politisches Zeichen zu setzen. Informiert Eure Mitglieder mit anh\u00e4ngendem Informationsblatt und werbt f\u00fcr die Teilnahme an unserer Veranstaltung. Der Veranstaltungsort Schie\u00dfwasen in Ellwangen ist an diesem Tag f\u00fcr unsere Kundgebung genehmigt. Wir haben auf diesem Festplatz ausreichend Parkm\u00f6glichkeiten f\u00fcr PKW und Busse. Der gesamte Schie\u00dfwasen wird durch Security und Polizei gesch\u00fctzt sein.<\/p>\n<p>Wir hoffen auf Eure zahlreiche Unterst\u00fctzung. Bitte unterrichte uns kurz, ob und mit wie vielen Teilnehmern Ihr uns unterst\u00fctzen k\u00f6nnt; Ihr helft uns damit bei der Disposition.<\/p>\n<p>Mit freundlichen Gr\u00fc\u00dfen<\/p>\n<p>Kreisverband Ostalb<\/p>\n<p>Alternative f\u00fcr Deutschland Baden-W\u00fcrttemberg<\/p>\n<div class=\"pdf24Plugin-cp\"> \t<form name=\"pdf24Form0\" method=\"post\" action=\"https:\/\/doc2pdf.pdf24.org\/wordpress.php\" target=\"pdf24PopWin\" onsubmit=\"var pdf24Win = window.open('about:blank', 'pdf24PopWin', 'resizable=yes,scrollbars=yes,width=600,height=250,left='+(screen.width\/2-300)+',top='+(screen.height\/3-125)+''); pdf24Win.focus(); if(typeof pdf24OnCreatePDF === 'function'){void(pdf24OnCreatePDF(this,pdf24Win));}\"> \t\t<input type=\"hidden\" name=\"blogCharset\" value=\"Cw1x07UAAA==\" \/><input type=\"hidden\" name=\"blogPosts\" value=\"MwQA\" \/><input type=\"hidden\" name=\"blogUrl\" value=\"yygpKSi20tcvLy\/Xy8jPSM3LARK6pXnpqWmZOSWpRSV6KakA\" \/><input type=\"hidden\" name=\"blogName\" value=\"88jPSM3LARK6pXnpqWmZOSWpRSUA\" \/><input type=\"hidden\" name=\"blogValueEncoding\" value=\"gzdeflate base64\" \/><input type=\"hidden\" name=\"postId_0\" value=\"MzIxMDMDAA==\" \/><input type=\"hidden\" name=\"postTitle_0\" value=\"LYwxCoAwEAS\/siCkllSCnahPsD\/l1GC8QHLB1j\/4Q18iou0wM6aorLV1k0UZg2M\/k1ckJVWMkbIwOicvNK9Z1rjPCy3vQZJGUhcETtB5f5AsLKAd5nv2eVoTT9sfPg==\" \/><input type=\"hidden\" name=\"postLink_0\" value=\"yygpKSi20tcvLy\/Xy8jPSM3LARK6pXnpqWmZOSWpRSV6Kan69gW2RiYGZmYA\" \/><input type=\"hidden\" name=\"postAuthor_0\" value=\"S0zJzcwDAA==\" \/><input type=\"hidden\" name=\"postDateTime_0\" value=\"MzIwtNA1sNQ1NFcwMrQysLQyNAUA\" \/><input type=\"hidden\" name=\"postContent_0\" value=\"rVnLbtxGFt3PV1Q8QDAB2q1HrEwsOwZa0TOyHMGyLcCbQVGsZtMki5qqonrSq\/zDbIMZL\/wNWmnl\/pN8yZxzi+xmS3KcCQIYUD\/YVfdx7rnnXj+9fPbUB1fb7NlubtRovKtS49WxM7m\/Mi7RNvXqRx90maiqTvIy97lxQeWVOrLBOGuCmjXK5NY4tWuq2uI0HfLaKl3x35mu8OtsoDY3h+rMXAZTJXh0c33j24FqKrWxoV5PnMqt2ivLqbaZsUO1q706qUOoYYwTo0rdBFz15V+\/3dzcfLI\/v7Fj9YOeOKOe742Uz22q8MsmkwfWnwzVgcF7leKgkcXXlm\/asyY64BcXE7FaJXA1wPOCRnt8NMF7HAZfUxNwkLYzo84uJk1ZlNp7HDStyxJ\/dDxSbkrhugomL62ZVHDh6Vob1adrl8\/+8hRRNtWzN4jKeV6WuTrRiOKAp07nH5Lcw5hDXZZP1\/DU4hftCa\/MeHzZ2CL0woXAdqFoLibeXBSt43fufds4tY9ABYaYLzJTwUncqMcBTgSH4+lT7lRjPe94PPx6vbtlR0\/spB7fsXSo6AxfqaKu4HGqxvMPvKZCWHQzltDwe\/w5AyTm\/zXKavx6keaBmt8ACv9siKcU4PtBZx5O4qgkNxk+09bG35S5LTwdSGHpyfxmUmZOJ0xBggSVJl8+gxPgnspcjRudOtWuuCx1mA3VW7i2jOX94YtIQgGkQIU6yS1QRzzWMHGMr0w\/CQKfVcwD6gEhAIAAiBbC7U07DepFvclNOdZlaJ9MnG5wyF5u+WEH3i53R3BrPL\/JTISaVaNm7BDaK9w0Sk0JpKbqwDUsqKu6UvvOIHrGF6xeNSJa9bD9q6aNS4n2BrUco3qEV7kEMTPIa53Q1RMDz1KNmmYimJaT+XVWIsIF6wLmOOXF85fzm4ui4ONZngQGjWkf16WUg1vwg2d9bS9QrRWqdvzdg0kIl9tra9PpdAgsAhDD2mVrWox9oIIGUMN3D\/6RlNoWD5Qz5XcPbF1fGhKNrXGEcc64B8\/uPeDpmn7WjyIgPDYDAbk3E\/hMqC\/ZaRHxXnXeLsM\/EHv1t42t26T31fZdamjfo1pCYzM1MzlCuK3mv+BHHeXAciZjUUpISOgY7YtPHvk8N4lpbYskyKy2tg7u\/GxRm1JHM0A9EaemTKFVZz9VSV2CG6e1IxwFDHzRcooGD4DgYBWCKozMo0YJwAU7GjmY9+82Car14dHRkfr153\/TLy+kbBtSB9KVtq0o8ohVpwABTkP8GRd0IFWgA6Q5SAJJXO0sgs1jXJPJlfHClSKNZvEO9g6c\/Lfnml6K2c3YajA4TnEMMU74SvrUrz\/\/h5Z0EXJqB87jr2X7O8zLseGLyIW\/\/vzLEPBfUt2iQiJl5L5ovKcpqXZCggNVJ0uLgEvGj6Qjkcc9CPVE3krgPRqQqpn9iAOJYnuUKkibZOG0cSiMxsNhdiacg+oGpSEorGAwAx+fokV28WYCWCk20US1Q1IGUtFCqmS0xgday75KSPL0YwavHKjvJ6ayeZhFw47n14GFhivggleFIfy2BbLza94RSCqm47RZI1B+2MucJMC0vVrHZg6m0hV49OzSFMEhL7QAddMiy5rGsM0RcbAUPQZJQcTafNPHWRNbdAqTqFrQPRCIzBk746Xw2uZVFRb0d2DGJZiOlrAOYwJorVRpdMKqt+B1XGryxAzVXuxDdPUNQAVEDxB59lxaxEMlNYoVUc6vYag6dXVSoopik0PLjneiTDJ\/WZd5yAsJJT4D6nHha1s1AVWT8Ei2lliJ7CQlwCWHjNs45HKzeORAJ8tPDk2YCW4Tl4vyuof0MvBlPuOVcjsbMLAacTchpzCYd5hk5Cq6wj+VdkIAbZdnDnI7m7YmsFeemixP9YBBWKKI1kKByk\/hGbOJ9Na3fDp28w+iY4iDF6e7MW3kZIjXOkjm90enlCvEyie8abMqgqNLlGLlZi4XddQIm73TWYj5kzom7iFADyFNx9qBZyUbUb0W82uhWxbJrVh9cTvIO6JAPRnFphbdgz3mpSnzjBQBzYU3V3XZkLzuBBqq3aMwW5xBVpiyXMrbVt36Zb1QqBYkQjrpxLEiBxgFx66LJ7CGdzOUvQ1Cl9FttvIouxEs0pMuPbtJPmXfzEw7B7CLRiYE0aGnxWviszGZ49iBVmS\/0pDgV6LAwOe4TeheoYFRHJVRXpDpWHyACtwKPbq4NU2kojt1GgAw+KOFwTu1B4IeiEL7kZxaR79KWrGQBLG5dW8k353xD08giqea5CUqLgrDKDA1wQNVhR5tCal9GBlFJagzL0ykzKXPDMzrqiU8weeYvdUBZwmA2qBnSfQZBV8DTtBdJrXCwXgdGZ+vTluS6IYcnFWU8w+OgHxNevBhfoNqb6UEm2oMYdSCXR19ofbpdx86vweWvZ76knUFyRKm+UVRwq0F3o9r8urnZsLbQ8KsuZ26e9ILWHx8n3xeYd+pvSOLeFeiC2RC9LEJ3Tf+\/ra6vS3A+jLXtzr3Xd04C81NLpvqcDEZXtTVGityDfOK92lfpjyEQjJdGNb+H0X8J13Z19DLWfRf7Gv+4\/tPheluKA44iq3cs1L226LO1Je6unzS023baqs34C8LZjnqL3L5mRXDx\/ctKxCyG1t8+fF93wKZw1mykEJsZb+RwbG+MEldFxJFcwWU+7XNra83Hm99s771aH390aNv\/3Cqfs\/ZKzn53QZ+8\/eNb77e2ny0sbm1\/ujxn2vgrbPvA8056Mx0enmwwkaxM0gtGc45lGx3AATCGix4rY+5rjITcoBM5nsNANO7AEBaTtMrKRfKB81RxKnzWjr+O92bd4SNXScn3tSOHQ006Bca7fnoxe7e2d7Ls1ej1\/svRocne5gk9kZfqXeGvSUxVOJBps60W160y5LlnZwdD2R8wpE6isYdjuOi4pb8jgYPOufkwU5BojrJTUAgpEP4xc6Bowyuns1vZGiPhqKC0Fgg\/cLw4\/tz8H81v47qZzG5tQfY5VxDul\/WHTvCWxPFrqdspCSApr+d7K1713KLnPYmbVpxI8Mtr32pg58QdLadf2XI8ByajveOXuypvRevzr4\/3Dvaff3iQP14iE9o0ps6iKhZzGPc3ImUc+Nhz\/yK0ZQu3j6XmDECx1jGGMt3nwtyF8yVYO9o2P\/wHMeGyDxZlPcyskn7reKIy042anzqmouiJ7oHnfyUgarqAgQyW388jCSmk1bZdF\/es3qiTavqw\/XH4BWltWJfd+aOdNIJuid1XWl4YpsEWiZXEqY0319xBYrzSymIdgxJdQzMIhmUhYa7YmRXJlGwDUXAUDH93RqVunUlNovAyOU0OUp5BQUBivLisJelVVSrkheZ4R1GCcneQHHk6Eong4G9pzINRpIdaBN11I4ptQ9xQ8HH7oz5rYgHJ0CCyY76rC5bjb2Y8aSsc3GKh\/QgndsYv5ftToHpx2MFncxkIYUKPK8nZVv\/V\/PrsogoRMAuSwMlg8kUklAIUwrLR9EepoZLDlmQu5XykqVXXMZeQRSZVeYVvUzz43jJccAvKhzmxSLnHoMKScY3YdeTPIBZDO2MkJtIxXADrnpqyqO1hDhFA95JuzlkrF9xS84dC2f6xnpQv8zJAG+IGzCMULc\/8pw2+m16FdAct7XoTw5Drzr5Hk\/vlwEexhCGETpCcBK3yFwzxZ9Sr8u+mDrdxWikskWuemvQbvd1enwuHu6AXUy0erGg6NsqHSDO\/GfmonF5+El+R9EOtlMRykhLiJuZT2RR4j\/TkzIadrvRqVjBsgyIuxNZcxaNm8l+iTcyZRwiBBA25oJTKfj+aNL+D8DKtCCDbHgi30Zu4DOx0glH4mA395e1z5n2heknXBbLlNduSA7c\/Ia8tJgG7jbyxfKAuyoLGF2ZGOdd0wTC\/X66lZ\/9Dw==\" \/> \t\t<a href=\"https:\/\/www.pdf24.org\" target=\"_blank\" title=\"www.pdf24.org\" rel=\"nofollow\"><img src=\"https:\/\/www.hohenlohe-ungefiltert.de\/wp-content\/plugins\/pdf24-post-to-pdf\/img\/pdf_32x32.png\" alt=\"\" border=\"0\" height=\"32\" \/><\/a> \t\t<span class=\"pdf24Plugin-cp-space\">&nbsp;&nbsp;<\/span> \t\t<span class=\"pdf24Plugin-cp-text\">Sende Artikel als PDF<\/span> \t\t<span class=\"pdf24Plugin-cp-space\">&nbsp;&nbsp;<\/span> \t\t<input class=\"pdf24Plugin-cp-input\" style=\"margin: 0px;\" type=\"text\" name=\"sendEmailTo\" placeholder=\"Emailadresse\" \/> \t\t<input class=\"pdf24Plugin-cp-submit\" style=\"margin: 0px;\" type=\"submit\" value=\"Senden\" \/> \t<\/form> <\/div>","protected":false},"excerpt":{"rendered":"<p>Die AfD des Kreisverbands Ostalb mobilisiert im Internet zu einer Demonstration am am Samstag, 22. September 2018, um 11 Uhr in Ellwangen. Das Motto der AfD lautet &#8222;F\u00fcnf Jahre LEA sind genug&#8220;. Gegen das Ansinnen der AfD hat sich eine breite Aktionseinheit gebildet. Ganze Schulklassen wollen an der Gegendemo teilnehmen. Von Willi Maier, Schw\u00e4bisch Hall [&hellip;]<\/p>\n","protected":false},"author":1,"featured_media":0,"comment_status":"open","ping_status":"open","sticky":false,"template":"","format":"standard","meta":[],"categories":[1,10,6,2,8,5,3,7],"tags":[],"_links":{"self":[{"href":"https:\/\/www.hohenlohe-ungefiltert.de\/index.php?rest_route=\/wp\/v2\/posts\/24066"}],"collection":[{"href":"https:\/\/www.hohenlohe-ungefiltert.de\/index.php?rest_route=\/wp\/v2\/posts"}],"about":[{"href":"https:\/\/www.hohenlohe-ungefiltert.de\/index.php?rest_route=\/wp\/v2\/types\/post"}],"author":[{"embeddable":true,"href":"https:\/\/www.hohenlohe-ungefiltert.de\/index.php?rest_route=\/wp\/v2\/users\/1"}],"replies":[{"embeddable":true,"href":"https:\/\/www.hohenlohe-ungefiltert.de\/index.php?rest_route=%2Fwp%2Fv2%2Fcomments&post=24066"}],"version-history":[{"count":5,"href":"https:\/\/www.hohenlohe-ungefiltert.de\/index.php?rest_route=\/wp\/v2\/posts\/24066\/revisions"}],"predecessor-version":[{"id":24071,"href":"https:\/\/www.hohenlohe-ungefiltert.de\/index.php?rest_route=\/wp\/v2\/posts\/24066\/revisions\/24071"}],"wp:attachment":[{"href":"https:\/\/www.hohenlohe-ungefiltert.de\/index.php?rest_route=%2Fwp%2Fv2%2Fmedia&parent=24066"}],"wp:term":[{"taxonomy":"category","embeddable":true,"href":"https:\/\/www.hohenlohe-ungefiltert.de\/index.php?rest_route=%2Fwp%2Fv2%2Fcategories&post=24066"},{"taxonomy":"post_tag","embeddable":true,"href":"https:\/\/www.hohenlohe-ungefiltert.de\/index.php?rest_route=%2Fwp%2Fv2%2Ftags&post=24066"}],"curies":[{"name":"wp","href":"https:\/\/api.w.org\/{rel}","templated":true}]}}