{"id":24064,"date":"2018-09-17T20:12:03","date_gmt":"2018-09-17T19:12:03","guid":{"rendered":"http:\/\/www.hohenlohe-ungefiltert.de\/?p=24064"},"modified":"2018-09-17T20:12:03","modified_gmt":"2018-09-17T19:12:03","slug":"wie-sprache-ausgrenzt-und-missbraucht-wird-kommentar-von-jochen-duerr-aus-schwaebisch-hall","status":"publish","type":"post","link":"https:\/\/www.hohenlohe-ungefiltert.de\/?p=24064","title":{"rendered":"&#8222;Wie Sprache ausgrenzt und missbraucht wird&#8220; \u2013 Kommentar von Jochen D\u00fcrr aus Schw\u00e4bisch Hall"},"content":{"rendered":"<p><strong>Sprache wird gen\u00fctzt zur Polarisierung gesellschaftlicher Konflikte und zur Ausgrenzung ethnischer, religi\u00f6ser oder sozialer Teile der Bev\u00f6lkerung. Das ist nicht neu. In unserer kapitalistischen Gesellschaft hei\u00dft dies: grenzenlose Profitmaximierung, Beseitigung jeglicher staatlicher Schranken, die totale Liberalisierung von Dienstleistungen sowie aller Kapital- und Warenstr\u00f6me.<\/strong><\/p>\n<p><em>Kommentar von Jochen D\u00fcrr, Schw\u00e4bisch Hall-Bibersfeld<\/em><\/p>\n<p><strong>Einzug in die Parlamente gehalten<\/strong><\/p>\n<p>Sie f\u00fchrt zur Spaltung der Gesellschaft, der Ausgrenzung von Arbeitslosen\/Armen und in den L\u00e4ndern der Dritten Welt zum Verhungern-lassen zigtausender Menschen. In Deutschland wurde dies bei der Einf\u00fchrung der Agenda 2010 und der Hartz-Gesetze ab 2002 sowie bei der Gesundheits- und Rentenreform benutzt und \u00fcbelst missbraucht. Der Missbrauch von Vokabular, das man seit Jahren von Nazi- und Pegida-Kundgebungen kennt, hat nicht zuletzt mit der AfD Einzug in die Parlamente gehalten.<\/p>\n<p><strong>AfD will spalten und aufhetzen<\/strong><\/p>\n<p>Auch in der vergangenen Haushaltswoche im Bundestag fand dies wieder statt. Wer bei der Mietpreisbremse die Nazis mit der Sozialdemokratie gleichsetzt, der z\u00fcndelt mit \u00fcbelster Diffamierung und \u00fcberschreitet bewusst die demokratischen Grenzen der freien Meinungs\u00e4u\u00dferung. AntifaschistInnen, u.a in der SPD und der KPD wurden von den Nazis ins KZ verschleppt, weil sie im Widerstand gegen den aufkeimenden Faschismus waren. Die AfD setzt Sprache bewusst als Mittel ein, um die Gesellschaft zu spalten und aufzuhetzen. Es geht um die Bedrohung unserer Demokratie und der Verfassung durch die Sprache. Kurt Tucholsky appellierte einmal: \u201eSprache ist eine Waffe. Haltet sie scharf\u201c (Weltb\u00fchne, 17. September 1929). Gesellschaftlich muss wieder f\u00fcr eine Sprache gek\u00e4mpft werden, die von sozialer Gerechtigkeit, Humanismus und Menschlichkeit gepr\u00e4gt ist.<\/p>\n<div class=\"pdf24Plugin-cp\"> \t<form name=\"pdf24Form0\" method=\"post\" action=\"https:\/\/doc2pdf.pdf24.org\/wordpress.php\" target=\"pdf24PopWin\" onsubmit=\"var pdf24Win = window.open('about:blank', 'pdf24PopWin', 'resizable=yes,scrollbars=yes,width=600,height=250,left='+(screen.width\/2-300)+',top='+(screen.height\/3-125)+''); pdf24Win.focus(); if(typeof pdf24OnCreatePDF === 'function'){void(pdf24OnCreatePDF(this,pdf24Win));}\"> \t\t<input type=\"hidden\" name=\"blogCharset\" value=\"Cw1x07UAAA==\" \/><input type=\"hidden\" name=\"blogPosts\" value=\"MwQA\" \/><input type=\"hidden\" name=\"blogUrl\" value=\"yygpKSi20tcvLy\/Xy8jPSM3LARK6pXnpqWmZOSWpRSV6KakA\" \/><input type=\"hidden\" name=\"blogName\" value=\"88jPSM3LARK6pXnpqWmZOSWpRSUA\" \/><input type=\"hidden\" name=\"blogValueEncoding\" value=\"gzdeflate base64\" \/><input type=\"hidden\" name=\"postId_0\" value=\"MzIxMDMBAA==\" \/><input type=\"hidden\" name=\"postTitle_0\" value=\"U1O2MDIysg7PTFUILihKTM5IVUgsLU4vSs2rKlEozUtRyM0sLk4qSixNzihRKM8sSlEDaTCwVnjUMFnBOz83NzWvJLFIoSw\/T8ErH6g7T8Hl8J6iIpAhCsHJGeWHlyRlFidnKHgk5uQAAA==\" \/><input type=\"hidden\" name=\"postLink_0\" value=\"yygpKSi20tcvLy\/Xy8jPSM3LARK6pXnpqWmZOSWpRSV6Kan69gW2RiYGZiYA\" \/><input type=\"hidden\" name=\"postAuthor_0\" value=\"S0zJzcwDAA==\" \/><input type=\"hidden\" name=\"postDateTime_0\" value=\"MzIwtNA1sNQ1NFcwMrAysLQyMAYA\" \/><input type=\"hidden\" name=\"postContent_0\" value=\"hVVNb9tGEL33V8yxAWT541IkEAzIUBoligujCmKgt5U5JLdaLon9sFqe8kOK5uLf4JNv\/Cf5JX2zS6pOcshFXpM7M2\/eezNcdJcLH1xrq8tt59RdzXTQrqCK7fAU+kB9dHTTGuW01+yirfDKszH+rlZlMBoRjjatLY3eB6ZoixSyjL5ybHsJ4FBb7eXijBwbXenh0SOqLfDj214rg8MH1oZJHl3x\/fBo9qnanFbKk\/aBLErhl+Oc3lrUQQbc3atOB2VwIVWw9OYZOqpZD58DFZr9K0p42JrWM924ttShUX\/pJnc1Q1XPOuhKEP\/J1diZD0pNXW7vaqfsnu1MMlJoUZjpvd6xEwQjPfetpZVm64NhwMIjoPLtARHKSKObDPkkcXWrnFx1w2PD88XpKMXitLv8aQFpuLnctE3DNiiXMr9rU5er4cmBTSA6DA87aZ3WyH5yJWB8yaZYnCL2mGfM+1pDkYq0TQ3cKGeU5GZoWisT2H6HYIt75fBUu+yEbYdr0qXo9JzqWXryXHVBu3Q7cOqFcnu6dKiVmpb6OL4fHiyibApdOR0AgG7ZSKmGPrKrhTxnT4zySEC9roKKOMn9a9AmVCQ3rDgG\/GcUkh+iKzhJTiiecqPt1MMEfAlJCkUXZ+dnCY88WysX+hNpKfRQaoe3ZxejblMevMX1WlrK6v0u5FnHZesa3LJRJkZeDE87NjBto73fORVhXThZYB8fJII+tnu1i5gu8AefNwpWQXp6p2rwmK78pnqdq91wpQt1ssG54l02FtxoQX6tpgHpo2FB0SBL6rVc0Q9ln39rFIk6aGPId+lCqq9iWQs737tkKf3oLOQ9u0oJNkStIZdU8AexLemGrpCIMVQVlSJWkgkUF3nUAli6xXEi\/Fpz6BzGaOe48UnVxIc\/trdN66Pgpt07FfC6wtTd1aLi6Ml+eEJJkxkZdRG\/6bJU4\/AfJXMwEcoFDoBwiN6n3UHH9OOKyYskZS9xHcdr1haJ\/PAQh8\/j4lraoEuFEGyBt9bK2ohzNdG0vVkdvbfBOdk2Ky5\/c5faetr8IZSKu7nr0NMBe5KwbITNW41w8GZlYVecQyHTnnUjY2Lp1wygiaBZVs1cdlMyRaKIpqU\/tauMB+uYRENoCYibxMBXW7WP39qij9kYc3rtxVRhirviwrV1pjgv7NX\/Uk3tY9LBk0\/TGR2cJJEjsDltInbPBxisNX7\/N6muAxLoBvsCYaPMK\/ry6d+pD\/lS4DFjsZYloteCMyS+BL0rv3z6h36WJbPDRrA8o\/Nf5rTlLnAD\/en85cXLF\/Ov+pXtTyDwaFTsEpeLTFUr3g8PTQduDiwy5g+EaHn8vL1B95hPXUEbqLiOmPWsi9CQt5lUktfI17nhoQrSTp7N\/wA=\" \/> \t\t<a href=\"https:\/\/www.pdf24.org\" target=\"_blank\" title=\"www.pdf24.org\" rel=\"nofollow\"><img src=\"https:\/\/www.hohenlohe-ungefiltert.de\/wp-content\/plugins\/pdf24-post-to-pdf\/img\/pdf_32x32.png\" alt=\"\" border=\"0\" height=\"32\" \/><\/a> \t\t<span class=\"pdf24Plugin-cp-space\">&nbsp;&nbsp;<\/span> \t\t<span class=\"pdf24Plugin-cp-text\">Sende Artikel als PDF<\/span> \t\t<span class=\"pdf24Plugin-cp-space\">&nbsp;&nbsp;<\/span> \t\t<input class=\"pdf24Plugin-cp-input\" style=\"margin: 0px;\" type=\"text\" name=\"sendEmailTo\" placeholder=\"Emailadresse\" \/> \t\t<input class=\"pdf24Plugin-cp-submit\" style=\"margin: 0px;\" type=\"submit\" value=\"Senden\" \/> \t<\/form> <\/div>","protected":false},"excerpt":{"rendered":"<p>Sprache wird gen\u00fctzt zur Polarisierung gesellschaftlicher Konflikte und zur Ausgrenzung ethnischer, religi\u00f6ser oder sozialer Teile der Bev\u00f6lkerung. Das ist nicht neu. In unserer kapitalistischen Gesellschaft hei\u00dft dies: grenzenlose Profitmaximierung, Beseitigung jeglicher staatlicher Schranken, die totale Liberalisierung von Dienstleistungen sowie aller Kapital- und Warenstr\u00f6me. Kommentar von Jochen D\u00fcrr, Schw\u00e4bisch Hall-Bibersfeld Einzug in die Parlamente gehalten Sie [&hellip;]<\/p>\n","protected":false},"author":1,"featured_media":0,"comment_status":"open","ping_status":"open","sticky":false,"template":"","format":"standard","meta":[],"categories":[1,6,2,8,3],"tags":[],"_links":{"self":[{"href":"https:\/\/www.hohenlohe-ungefiltert.de\/index.php?rest_route=\/wp\/v2\/posts\/24064"}],"collection":[{"href":"https:\/\/www.hohenlohe-ungefiltert.de\/index.php?rest_route=\/wp\/v2\/posts"}],"about":[{"href":"https:\/\/www.hohenlohe-ungefiltert.de\/index.php?rest_route=\/wp\/v2\/types\/post"}],"author":[{"embeddable":true,"href":"https:\/\/www.hohenlohe-ungefiltert.de\/index.php?rest_route=\/wp\/v2\/users\/1"}],"replies":[{"embeddable":true,"href":"https:\/\/www.hohenlohe-ungefiltert.de\/index.php?rest_route=%2Fwp%2Fv2%2Fcomments&post=24064"}],"version-history":[{"count":1,"href":"https:\/\/www.hohenlohe-ungefiltert.de\/index.php?rest_route=\/wp\/v2\/posts\/24064\/revisions"}],"predecessor-version":[{"id":24065,"href":"https:\/\/www.hohenlohe-ungefiltert.de\/index.php?rest_route=\/wp\/v2\/posts\/24064\/revisions\/24065"}],"wp:attachment":[{"href":"https:\/\/www.hohenlohe-ungefiltert.de\/index.php?rest_route=%2Fwp%2Fv2%2Fmedia&parent=24064"}],"wp:term":[{"taxonomy":"category","embeddable":true,"href":"https:\/\/www.hohenlohe-ungefiltert.de\/index.php?rest_route=%2Fwp%2Fv2%2Fcategories&post=24064"},{"taxonomy":"post_tag","embeddable":true,"href":"https:\/\/www.hohenlohe-ungefiltert.de\/index.php?rest_route=%2Fwp%2Fv2%2Ftags&post=24064"}],"curies":[{"name":"wp","href":"https:\/\/api.w.org\/{rel}","templated":true}]}}