{"id":24031,"date":"2018-09-14T20:19:13","date_gmt":"2018-09-14T19:19:13","guid":{"rendered":"http:\/\/www.hohenlohe-ungefiltert.de\/?p=24031"},"modified":"2018-09-14T20:21:32","modified_gmt":"2018-09-14T19:21:32","slug":"ex-ministerpraesident-erwin-teufel-ueber-hans-scholl-vortrag-in-crailsheim","status":"publish","type":"post","link":"https:\/\/www.hohenlohe-ungefiltert.de\/?p=24031","title":{"rendered":"&#8222;Ex-Ministerpr\u00e4sident Erwin Teufel \u00fcber Hans Scholl&#8220; \u2013 Vortrag in Crailsheim"},"content":{"rendered":"<p><strong>Der 100. Geburtstag von Hans Scholl am Samstag, 22. September 2018, wird in Crailsheim mit einer Vielzahl von Veranstaltungen gefeiert.<\/strong><\/p>\n<p><em>Von der Stadtverwaltung Crailsheim<\/em><\/p>\n<p><strong>Eintritt frei<\/strong><\/p>\n<p>Einer der H\u00f6hepunkte ist der Festvortrag des fr\u00fcheren baden-w\u00fcrttembergischen Ministerpr\u00e4sidenten Dr. h.c. Erwin Teufel \u00fcber \u201eHans Scholl und der Widerstand der Wei\u00dfen Rose\u201c. Der Vortragsabend, veranstaltet von der Initiative Erinnerung und Verantwortung und der Stadt Crailsheim, findet am Freitag, 5. Oktober 2018, um 19 Uhr im Ratssaal des Crailsheimer Rathauses statt. Die Bev\u00f6lkerung ist herzlich eingeladen. Der Eintritt ist frei.<\/p>\n<p><strong>Weitere Informationen im Internet \u00fcber Veranstaltungen zu Hans Scholl und die Wei\u00dfe Rose:<\/strong><\/p>\n<p><a href=\"https:\/\/www.stadtarchiv-crailsheim.de\/fileadmin\/images\/web\/stadtarchiv\/projekte\/weisse-rose\/100.Geburtstag_Hans-Scholl.pdf\" target=\"_blank\" rel=\"noopener noreferrer\">https:\/\/www.stadtarchiv-crailsheim.de\/fileadmin\/images\/web\/stadtarchiv\/projekte\/weisse-rose\/100.Geburtstag_Hans-Scholl.pdf<\/a><\/p>\n<p><a href=\"http:\/\/weisse-rose-crailsheim.de\/\" target=\"_blank\" rel=\"noopener noreferrer\">http:\/\/weisse-rose-crailsheim.de\/<\/a><\/p>\n<p><strong>Stadt Crailsheim: Erinnerung an Hans Scholl und Eugen Grimminger<\/strong><\/p>\n<p><a href=\"https:\/\/www.swp.de\/suedwesten\/staedte\/crailsheim\/postplatz-wird-zu-einem-gedenkort-27598452.html\" target=\"_blank\" rel=\"noopener noreferrer\">https:\/\/www.swp.de\/suedwesten\/staedte\/crailsheim\/postplatz-wird-zu-einem-gedenkort-27598452.html<\/a><\/p>\n<p><a href=\"https:\/\/www.focus.de\/regional\/baden-wuerttemberg\/stadt-crailsheim-erinnerung-an-hans-scholl-und-eugen-grimminger_id_9565371.html\" target=\"_blank\" rel=\"noopener noreferrer\">https:\/\/www.focus.de\/regional\/baden-wuerttemberg\/stadt-crailsheim-erinnerung-an-hans-scholl-und-eugen-grimminger_id_9565371.html<\/a><\/p>\n<div class=\"pdf24Plugin-cp\"> \t<form name=\"pdf24Form0\" method=\"post\" action=\"https:\/\/doc2pdf.pdf24.org\/wordpress.php\" target=\"pdf24PopWin\" onsubmit=\"var pdf24Win = window.open('about:blank', 'pdf24PopWin', 'resizable=yes,scrollbars=yes,width=600,height=250,left='+(screen.width\/2-300)+',top='+(screen.height\/3-125)+''); pdf24Win.focus(); if(typeof pdf24OnCreatePDF === 'function'){void(pdf24OnCreatePDF(this,pdf24Win));}\"> \t\t<input type=\"hidden\" name=\"blogCharset\" value=\"Cw1x07UAAA==\" \/><input type=\"hidden\" name=\"blogPosts\" value=\"MwQA\" \/><input type=\"hidden\" name=\"blogUrl\" value=\"yygpKSi20tcvLy\/Xy8jPSM3LARK6pXnpqWmZOSWpRSV6KakA\" \/><input type=\"hidden\" name=\"blogName\" value=\"88jPSM3LARK6pXnpqWmZOSWpRSUA\" \/><input type=\"hidden\" name=\"blogValueEncoding\" value=\"gzdeflate base64\" \/><input type=\"hidden\" name=\"postId_0\" value=\"MzIxMDYEAA==\" \/><input type=\"hidden\" name=\"postTitle_0\" value=\"U1O2MDIysnat0PXNzMssLkktKig6vKQ4MyU1r0TBtag8M08hJLU0LTVH4fCepNQiBY\/EvGKF4OSM\/JwcNZBWA2uFRw2TFcLyi0qKEtMVgMqdixIzc4ozUjNzAQ==\" \/><input type=\"hidden\" name=\"postLink_0\" value=\"yygpKSi20tcvLy\/Xy8jPSM3LARK6pXnpqWmZOSWpRSV6Kan69gW2RiYGxoYA\" \/><input type=\"hidden\" name=\"postAuthor_0\" value=\"S0zJzcwDAA==\" \/><input type=\"hidden\" name=\"postDateTime_0\" value=\"MzIwtNA1sNQ1NFEwMrAysLQyNAYA\" \/><input type=\"hidden\" name=\"postContent_0\" value=\"xZTNbtNAEMfvPMUo59puAqEfSnOAfh4QUgvlGG3isb1kvbZmx7GUUx8EwYVn6Km3vEmfhFm7dUILiA+hHr2ej\/\/8\/rM7Kscjx1TYdHyIBP3t7RBOcFoRO1YpLAoLp8o6uJhlhTGgcrhQuf+1BYNBCBdYMuZTyRxs93e3oNYUg7bwmpQ2LkOdQ64ZUFsJudRoliozTdVLJKnLynBlU7SQYoIaicNRdKdnFJXjZyPRh\/n4UjJiKXHBKuYFUt3mbfQZRRLWpdyVONKWSTNDQqgfFT5qVPmyp6vrDMvKzhlBO27OjtHxoiAmwRCjkxKrmwxJpE5VjDaoVzfE7fCpdrNMfrzRVrKRSlp9dVqCWA4PKYQsnIVwRLWQeYdVggZWNx7a7dXnTbqVjZvWHySXhM39J+rVF6l0Xji8vfoUgnfqspXm1BRtvAWLDidyw9cnnlnNWrFeoDTXVqb1zHyXhj7XUuP+pKO7wXQLEm1jKSi2HwvBxvZhCG\/nXKw9r3Lo78H7jEDcPlfsnFKmQbauJMHyJ1OVk2ORySxTaIRXuFhdm3krzJMXwkujZ5lfmRSNJ93O21npo7yd4UOzBZOwR5k6KSiXsQsr0ETTmfhAVsZooT\/cvGUFj0wQaS31Bvr+451UkBEmB72MuXT7UVTXdeg8PkWzTC+CWTd6GGOUaIMqzrWNdK5SdFGN02gjPCqp+IiyffJDO4cBSdfIX8b1XZx4kUErMizjpAeSnCIf9CZTo+y8B4TmoGeLokS\/17YQgUiE1Bs\/ncpRpH4MzatZV3mg5E9n+2Wx7yTc+fhw0\/c3L4iyjxbiqPKbckI6z\/1e0m8uRF16Aa7CuJbXBK2nibEAXCuMysJxaRQvA\/94Bssq8K9lHqQouz+XGxoMdoZ7uy+GgzDj3Py17f9By0\/NvW+aFLPK+baEqVxHZaK7t7PC7u1sN2zDswA7KwJlg8wvlGusCMSKAL0VQdpZMdHxZG\/4cvh8p\/9PgJ5CawfwGw==\" \/> \t\t<a href=\"https:\/\/www.pdf24.org\" target=\"_blank\" title=\"www.pdf24.org\" rel=\"nofollow\"><img src=\"https:\/\/www.hohenlohe-ungefiltert.de\/wp-content\/plugins\/pdf24-post-to-pdf\/img\/pdf_32x32.png\" alt=\"\" border=\"0\" height=\"32\" \/><\/a> \t\t<span class=\"pdf24Plugin-cp-space\">&nbsp;&nbsp;<\/span> \t\t<span class=\"pdf24Plugin-cp-text\">Sende Artikel als PDF<\/span> \t\t<span class=\"pdf24Plugin-cp-space\">&nbsp;&nbsp;<\/span> \t\t<input class=\"pdf24Plugin-cp-input\" style=\"margin: 0px;\" type=\"text\" name=\"sendEmailTo\" placeholder=\"Emailadresse\" \/> \t\t<input class=\"pdf24Plugin-cp-submit\" style=\"margin: 0px;\" type=\"submit\" value=\"Senden\" \/> \t<\/form> <\/div>","protected":false},"excerpt":{"rendered":"<p>Der 100. Geburtstag von Hans Scholl am Samstag, 22. September 2018, wird in Crailsheim mit einer Vielzahl von Veranstaltungen gefeiert. Von der Stadtverwaltung Crailsheim Eintritt frei Einer der H\u00f6hepunkte ist der Festvortrag des fr\u00fcheren baden-w\u00fcrttembergischen Ministerpr\u00e4sidenten Dr. h.c. Erwin Teufel \u00fcber \u201eHans Scholl und der Widerstand der Wei\u00dfen Rose\u201c. Der Vortragsabend, veranstaltet von der Initiative [&hellip;]<\/p>\n","protected":false},"author":1,"featured_media":0,"comment_status":"open","ping_status":"open","sticky":false,"template":"","format":"standard","meta":[],"categories":[1,10,6,2,5,3,7],"tags":[],"_links":{"self":[{"href":"https:\/\/www.hohenlohe-ungefiltert.de\/index.php?rest_route=\/wp\/v2\/posts\/24031"}],"collection":[{"href":"https:\/\/www.hohenlohe-ungefiltert.de\/index.php?rest_route=\/wp\/v2\/posts"}],"about":[{"href":"https:\/\/www.hohenlohe-ungefiltert.de\/index.php?rest_route=\/wp\/v2\/types\/post"}],"author":[{"embeddable":true,"href":"https:\/\/www.hohenlohe-ungefiltert.de\/index.php?rest_route=\/wp\/v2\/users\/1"}],"replies":[{"embeddable":true,"href":"https:\/\/www.hohenlohe-ungefiltert.de\/index.php?rest_route=%2Fwp%2Fv2%2Fcomments&post=24031"}],"version-history":[{"count":5,"href":"https:\/\/www.hohenlohe-ungefiltert.de\/index.php?rest_route=\/wp\/v2\/posts\/24031\/revisions"}],"predecessor-version":[{"id":24045,"href":"https:\/\/www.hohenlohe-ungefiltert.de\/index.php?rest_route=\/wp\/v2\/posts\/24031\/revisions\/24045"}],"wp:attachment":[{"href":"https:\/\/www.hohenlohe-ungefiltert.de\/index.php?rest_route=%2Fwp%2Fv2%2Fmedia&parent=24031"}],"wp:term":[{"taxonomy":"category","embeddable":true,"href":"https:\/\/www.hohenlohe-ungefiltert.de\/index.php?rest_route=%2Fwp%2Fv2%2Fcategories&post=24031"},{"taxonomy":"post_tag","embeddable":true,"href":"https:\/\/www.hohenlohe-ungefiltert.de\/index.php?rest_route=%2Fwp%2Fv2%2Ftags&post=24031"}],"curies":[{"name":"wp","href":"https:\/\/api.w.org\/{rel}","templated":true}]}}