{"id":23971,"date":"2018-08-14T09:31:58","date_gmt":"2018-08-14T08:31:58","guid":{"rendered":"http:\/\/www.hohenlohe-ungefiltert.de\/?p=23971"},"modified":"2018-08-14T20:55:37","modified_gmt":"2018-08-14T19:55:37","slug":"aktive-fluechtlinge-duerfen-nicht-kriminalisiert-werden-protest-und-solidaritaetskundgebung-fuer-gefluechtete-in-ellwangen","status":"publish","type":"post","link":"https:\/\/www.hohenlohe-ungefiltert.de\/?p=23971","title":{"rendered":"&#8222;Aktive Fl\u00fcchtlinge d\u00fcrfen nicht kriminalisiert werden&#8220; \u2013\u00a0Protest- und Solidarit\u00e4tskundgebung in Stuttgart"},"content":{"rendered":"<p><strong>Eine Protest- und Solidarit\u00e4tskundgebung f\u00fcr Fl\u00fcchtlinge findet am Samstag, 18. August 2018, um 14 Uhr in Stuttgart (Schlossplatz) statt. Gemeinsame Abfahrt mit dem Zug um 12.01 Uhr in\u00a0Schw\u00e4bisch Hall-Hessental. Treffpunkt ist 11.50 Uhr f\u00fcr den gemeinsamen Fahrkartenkauf. Urspr\u00fcnglich war eine Demonstration in Ellwangen geplant.<\/strong><\/p>\n<p><em>Von Willi Maier, Schw\u00e4bisch Hall<\/em><\/p>\n<p><strong>Organisation Gefl\u00fcchteter sollte verhindert werden<\/strong><\/p>\n<p>Der kleine Ort Ellwangen auf der Ostalb erreichte in den vergangenen Wochen eine breite Presse-\u00d6ffentlichkeit.\u00a0Vor dem Hintergrund der zunehmenden Rechtsentwicklung der Regierung ist es wichtig, Tatsachen\u00a0und Hintergr\u00fcnde genauer zu betrachten.\u00a0Inzwischen wurde der Sprecher der Fl\u00fcchtlinge, Alassa Mfouapon, nach Italien abgeschoben.\u00a0Kein \u201eGesch\u00e4ft wie \u00fcblich\u201c, sondern es sollte dem sich in der Landeserstaufnahmestelle (LEA) Ellwangen entwickelnden\u00a0Zusammenhalt und Protest die Spitze genommen werden, vor allem eine organisierte und\u00a0organisierende Arbeit zerst\u00f6rt und Alassa als krimineller \u201eGef\u00e4hrder\u201c eintaxiert werden. Die\u00a0Abschiebung selbst wurde als blanke Machtdemonstration und versuchte Einsch\u00fcchterung der\u00a0anderen inszeniert. Vieles erinnert dabei an die Vorgehensweise bei Verhaftungen von politisch\u00a0Verfolgten in Nazi-Deutschland. Um drei Uhr in der Fr\u00fche r\u00fcckten am 20. Juni 2018 \u2013 sehr passend am\u00a0\u201eWeltfl\u00fcchtlingstag\u201c \u2013 zirka 20 schwer ausger\u00fcstete Polizisten aus vier Mannschaftsbussen und zwei\u00a0Streifenwagen mitsamt sechs Polizeihunden auf dem Gel\u00e4nde der LEA Ellwangen an, nur um\u00a0Alassa zu holen und nach Italien, dem Land seiner Einreise in die EU, abzuschieben.<\/p>\n<p><strong>Sich mit den Zust\u00e4nden nicht\u00a0abfinden<\/strong><\/p>\n<p>Alassa ist ein hoch gebildeter und begabter Mensch, spricht Englisch, Franz\u00f6sisch, Italienisch und\u00a0auch schon ganz gut Deutsch, dazu noch mehrere afrikanische Sprachen. Er war ein wichtiges\u00a0Bindeglied zu den Bewohnern der LEA, zu ehrenamtlichen Helfern und der LEA-Leitung. Alassa\u00a0hatte immer ein offenes Ohr, war akzeptierte Respektsperson, trotzdem bescheiden und immer\u00a0engagiert f\u00fcr die Rechte der Fl\u00fcchtlinge und bem\u00fcht um den Kontakt mit den Einheimischen. Er hat\u00a0erz\u00e4hlt, dass er in seiner Heimat Kamerun selbst nicht politisch aktiv war, aber wegen der<br \/>\nherrschenden Zust\u00e4nde fliehen musste. Auf seiner Flucht durch mehrere afrikanische Staaten hat er\u00a0sich politisiert und eine unersch\u00fctterliche Freiheitsideologie entwickelt.<br \/>\nSo organisierte er federf\u00fchrend die Pressekonferenz und ma\u00dfgeblich auch die Demonstration gegen\u00a0den brachialen Polizeieinsatz am 3. Mai 2018 in Ellwangen\/ Ostalbkreis gegen die Abschiebung eines\u00a0Togoers. Und immer ermunterte er alle, die mit ihm zu tun hatten, sich mit den Zust\u00e4nden nicht\u00a0abzufinden, f\u00fcr die eigenen Rechte zu streiten und gemeinsam und organisiert f\u00fcr eine lebenswerte\u00a0Zukunft einzutreten.<\/p>\n<p><strong>Alassa lebt jetzt in Italien auf der Stra\u00dfe<\/strong><\/p>\n<p>Bei der Abschiebung wehrte sich Alassa nicht. Dennoch wurde er brutal zu Boden geworfen, Hand-\u00a0und Fu\u00dffesseln erst im Flugzeug abgenommen. Um 15 Uhr nachmittags war er schon bei der\u00a0Polizei in Mailand. Diese hat ihn dann laufen lassen, ein Busticket gegeben, mit dem er \u201ehinfahren\u00a0k\u00f6nne in Mailand, wo er wolle.\u201c Alassa hat die Nacht am Bahnhof verbracht und lebt jetzt auf\u00a0der Stra\u00dfe \u2013 ohne Dach \u00fcber dem Kopf, ohne Geld, ohne Perspektive.<\/p>\n<p><strong>Ellwangen-Appell f\u00fcr Alassa Mfouapon unterschreiben:<\/strong><\/p>\n<p><a href=\"https:\/\/www.rotefahne.info\/2018\/kw33\/180810-unterschriftenliste-ellwanger-appell-erstunterzeichner.pdf\" target=\"_blank\" rel=\"noopener noreferrer\">https:\/\/www.rotefahne.info\/2018\/kw33\/180810-unterschriftenliste-ellwanger-appell-erstunterzeichner.pdf<\/a><\/p>\n<div><\/div>\n<p><strong>Weitere Informationen und Kontakt:<\/strong><\/p>\n<p>Willi Maier, Schw\u00e4bisch Hall, Telefon 0791-6681<\/p>\n<p>E-Mail:\u00a0<a class=\"moz-txt-link-abbreviated\">freundeskreis-alassa@gmx.de<\/a><\/p>\n<p><strong>Weitere Informationen in Hohenlohe-ungefiltert f\u00fcr die Landeserstaufnahmestelle (LEA) f\u00fcr Fl\u00fcchtlinge in Ellwangen\/Jagst:<\/strong><\/p>\n<p>\u201eDas Ende der Willkommenskultur?\u201c \u2013\u00a0Nach der LEA-Razzia in Ellwangen: Ein-Mann-Demo gegen Fl\u00fcchtlinge, Merkel und die Polizei<\/p>\n<p><a href=\"https:\/\/www.hohenlohe-ungefiltert.de\/?p=23646\" target=\"_blank\" rel=\"noopener noreferrer\">https:\/\/www.hohenlohe-ungefiltert.de\/?p=23646<\/a><\/p>\n<p>\u201eGefl\u00fcchtete aus der Landeserstaufnahmestelle (LEA) Ellwangen berichten \u00fcber die Razzia\u201c \u2013 Mahnwache, Demonstration und Pressekonferenz von Gefl\u00fcchteten in Ellwangen<\/p>\n<p><a href=\"https:\/\/www.hohenlohe-ungefiltert.de\/?p=23627\" target=\"_blank\" rel=\"noopener noreferrer\">https:\/\/www.hohenlohe-ungefiltert.de\/?p=23627\u00a0<\/a><\/p>\n<p><strong>Weitere Informationen im Internet:<\/strong><\/p>\n<p>Was ist in Ellwangen passiert? Ein Statement von den Gefl\u00fcchteten in Ellwangen<\/p>\n<p><a href=\"https:\/\/refugees4refugees.wordpress.com\/2018\/05\/09\/was-ist-in-ellwangen-passiert-ein-statement-von-den-gefluchteten-in-ellwangen\/\" target=\"_blank\" rel=\"noopener noreferrer\">https:\/\/refugees4refugees.wordpress.com\/2018\/05\/09\/was-ist-in-ellwangen-passiert-ein-statement-von-den-gefluchteten-in-ellwangen\/<\/a><\/p>\n<p>Sofortige Einstellung aller Verfahren gegen Gefl\u00fcchtete in Ellwangen! Solidarisiert euch mit den Angeklagten, kommt zu den Gerichtsterminen!<\/p>\n<p><a href=\"https:\/\/refugees4refugees.wordpress.com\/2018\/07\/30\/pressemitteilung-sofortige-einstellung-aller-verfahren-gegen-gefluechtete-in-ellwangen-solidarisiert-euch-mit-den-angeklagten-kommt-zu-den-gerichtsterminen\/\" target=\"_blank\" rel=\"noopener noreferrer\">https:\/\/refugees4refugees.wordpress.com\/2018\/07\/30\/pressemitteilung-sofortige-einstellung-aller-verfahren-gegen-gefluechtete-in-ellwangen-solidarisiert-euch-mit-den-angeklagten-kommt-zu-den-gerichtsterminen\/<\/a><\/p>\n<p>Nach Gro\u00dfrazzia: LEA-Bewohner wegen t\u00e4tlichen Angriffs vor Gericht<\/p>\n<p><a href=\"https:\/\/www.schwaebische.de\/landkreis\/ostalbkreis\/ellwangen_artikel,-nach-gro%C3%9Frazzia-lea-bewohner-wegen-t%C3%A4tlichen-angriffs-vor-gericht-_arid,10915127.html\" target=\"_blank\" rel=\"noopener noreferrer\">https:\/\/www.schwaebische.de\/landkreis\/ostalbkreis\/ellwangen_artikel,-nach-gro%C3%9Frazzia-lea-bewohner-wegen-t%C3%A4tlichen-angriffs-vor-gericht-_arid,10915127.html<\/a><\/p>\n<p>Nach LEA-Razzia: Guineer kommt frei<\/p>\n<p><a href=\"https:\/\/www.swp.de\/suedwesten\/staedte\/crailsheim\/nach-lea-razzia_-guineer-kommt-frei-27340362.html\" target=\"_blank\" rel=\"noopener noreferrer\">https:\/\/www.swp.de\/suedwesten\/staedte\/crailsheim\/nach-lea-razzia_-guineer-kommt-frei-27340362.html<\/a><\/p>\n<p>Von wegen t\u00e4tlicher Angriff: Vom Vorwurf gegen einen Gefl\u00fcchteten in Ellwangen blieb nichts \u00fcbrig \u2013\u00a0U-Haft f\u00fcr nichts<\/p>\n<p><a href=\"http:\/\/www.beobachternews.de\/2018\/08\/09\/u-haft-fuer-nichts\/\" target=\"_blank\" rel=\"noopener noreferrer\">http:\/\/www.beobachternews.de\/2018\/08\/09\/u-haft-fuer-nichts\/<\/a><\/p>\n<p>Erste Gerichtsverhandlung nach verhinderter Abschiebung in Ellwangen<br \/>\nGrundlose Razzia endet mit Haft<\/p>\n<p><a href=\"http:\/\/www.beobachternews.de\/2018\/08\/01\/grundlose-razzia-endet-mit-haft\/\" target=\"_blank\" rel=\"noopener noreferrer\">http:\/\/www.beobachternews.de\/2018\/08\/01\/grundlose-razzia-endet-mit-haft\/<\/a><\/p>\n<p>Gefl\u00fcchtete in Ellwangen vor Gericht \u2013\u00a0Stellungnahme von &#8222;Refugees4Refugees&#8220;<\/p>\n<p><a href=\"https:\/\/fluechtlingsrat-bw.de\/fluechtlingsarbeit-ansicht\/gefluechtete-in-ellwangen-vor-gericht.html\" target=\"_blank\" rel=\"noopener noreferrer\">https:\/\/fluechtlingsrat-bw.de\/fluechtlingsarbeit-ansicht\/gefluechtete-in-ellwangen-vor-gericht.html<\/a><\/p>\n<p>&nbsp;<\/p>\n<div class=\"pdf24Plugin-cp\"> \t<form name=\"pdf24Form0\" method=\"post\" action=\"https:\/\/doc2pdf.pdf24.org\/wordpress.php\" target=\"pdf24PopWin\" onsubmit=\"var pdf24Win = window.open('about:blank', 'pdf24PopWin', 'resizable=yes,scrollbars=yes,width=600,height=250,left='+(screen.width\/2-300)+',top='+(screen.height\/3-125)+''); pdf24Win.focus(); if(typeof pdf24OnCreatePDF === 'function'){void(pdf24OnCreatePDF(this,pdf24Win));}\"> \t\t<input type=\"hidden\" name=\"blogCharset\" value=\"Cw1x07UAAA==\" \/><input type=\"hidden\" name=\"blogPosts\" value=\"MwQA\" \/><input type=\"hidden\" name=\"blogUrl\" value=\"yygpKSi20tcvLy\/Xy8jPSM3LARK6pXnpqWmZOSWpRSV6KakA\" \/><input type=\"hidden\" name=\"blogName\" value=\"88jPSM3LARK6pXnpqWmZOSWpRSUA\" \/><input type=\"hidden\" name=\"blogValueEncoding\" value=\"gzdeflate base64\" \/><input type=\"hidden\" name=\"postId_0\" value=\"MzK2NDcEAA==\" \/><input type=\"hidden\" name=\"postTitle_0\" value=\"FcsxCgIxEAXQqwwI2wmSStjKxlrYE0QzG4fEWZj8aOsdvIDFHmMrcxNP4to+eN1m75zrDwlyZzrmtlyuyKKRKbTFRlZSWYmSyU3UZynCBnqwBdbuv3c9fZ+vz\/tkE7hgS1UDDVOW4E3QZpS0SuRz1UiiNKAC0Rt+\" \/><input type=\"hidden\" name=\"postLink_0\" value=\"yygpKSi20tcvLy\/Xy8jPSM3LARK6pXnpqWmZOSWpRSV6Kan69gW2RsaW5oYA\" \/><input type=\"hidden\" name=\"postAuthor_0\" value=\"S0zJzcwDAA==\" \/><input type=\"hidden\" name=\"postDateTime_0\" value=\"MzIwtNA1sNA1NFEwsLQysLAytQAA\" \/><input type=\"hidden\" name=\"postContent_0\" value=\"zVnNbhtHEr7nKTpaJEgADilK\/pEVWVl5LUuJ4ziwYhvIJejR1Ax7OewhunvEYE55hwX2tNjw4GfIySfyTfIk+1X1DEVK\/tko8G4uEn96uqq++uqr6ubB9PDAB1fZ4vDYWFLfuSqQD4mqbabOqtJk2pmwfBX8GJ8UlNa2UPnytVOPyuXr81EojS1I5cZmFJSeqDM98UEXPTXc66ujuqh9UDvbw72eqidqeEs9HzllrDoLdQiFdkF9dnY+Kivvp6UOzecKD4fQVyc0IWO9npA6SnM9wsKJCSqjifqhLmSvnf72sN1uMccms+Wr1PjzkTrVZZmckvdkgy776ntHeT6t7TgoA2+Gw\/7tbXlQ4sjIqmJlzapHMDaGY2THus776rnzU7d8bYvSYO+ZdooYqIc0qSyQ08FUliM6LsuZBha8G2KxoX8waJE9GEwPPzoA0jQ5fIHVL01ZGvVEG3I9ddXzgwFWrZ5od3jqCm2Nj8ZOKI\/YUyCnfFWWgdQFuREnAUDNyCGoa9YfYvG4FOefYtWlvwgTKDj1FNiXqSLnyPDuHBWjg60LWYnXL6vzEf7JLinWBaYMQ50s\/5nnAJxRGuPz\/mL+onKSsFNj4WjhmFJsp6ktjQA17\/2MYIkTNTPn45LJxSueUQFs+B0njLyasUMGrPpeB6\/ZhcWct+u2Rn4yAvBW12JApYTUcBAWjnxlmxnjC3uzGtiIjbOpg21y8madzD11VGrvtXqSV7WeVranLLZSXwEdw3ClBWGzKpW9HwMK9dvP\/z7hz5avcsBvSC1fpwzEbz\/\/q4cEcVosh9HmikHxzCYB2KlvNFZ4csC\/zq0GNj5QWZL67Jvjo8\/XMtXiRCVjt5j\/UIOyAHKkyyAF21avyuDC2dSERjCpeE3Lip66QFZAM7ggSawiswA3HMMei\/nlJ5wideRSpFM17N7yVxcNtQjp0quxMxNshB1dxCFfvhrBlEPwbCLon8wlK\/vqoaHF\/CgFWiaqiacyhc8xM7xjiuoZE+oDGck2yoxNg42+FnpCsBhzqQTXUmcxZyzhObD1DVk23VcvDJWAn5yxln3JNGJS2gpQoGlB4IafkfFgNb55gWLSeagF9AsYnkIJA1MIrCaXV2URxIT6VjcmeUh1wHdwO4NeTFSGwuiETtgFfo5I4e\/5mJ+DTO5s99XXtTWijcDtH4ABD0w1q1aGFYs5wHxJZcgvqcnCyqjy8sZApfC0gmFAiyL2BcGCZ1VQ38HfBrUj1e3VBWAAnpbxQlw+rdmMwNkgashngMso35nmiKG0IFaAS+cjH\/ciM6qlYKNYTCBC5fKVbWsJNF3XE66Y2kGkkehIFFTkqCpbk+vV1JPNuABgDTRynFUniTAxPcfPeyi5po6EAYOuauMZV1JsDhbNASx9JZ5a1gzwIZXmdF0PW9dEYWBrBGVDtaSmzERX2dOUCp3ymyfE0KGWp453VcfcDuSTR07bZvmrj+\/aqETMpZg0qMopAodQVY0q6qBauiB0DVws250g+WCt0rkzYy3PcwU7kbq+OnZd4+mUkPxi\/oDjgh+UMb4c8gOaVSPLYtNmpcff8N4W+WRFwqJTKnNe0skxliXfoMTB9n5b2Iv5CF0YKYByRLMViztK6OkILYt90eOGpiHKxjPyUxoH\/HGe5RI4h4bzmrIoksnaxMt2iznZQheiCbEBG4ptgK5JcZuECconcM\/njR5XkJRxWGUcfIGJSdR3gQq+w4hroENlYJQ9lz7zqaXYKdbroB6j30M3OgESvlxWOiIM5oJjZf7hqRkxueHiQerU4PAj9A4nRjd4p3IkhGGeoMYC8QyUd3YflSxcKqvdW1MetOaiRQiKoZIu0bokiDEgotvooU7UD3lykllQEVWKRHoAXpUVIL5sGJhGotdn1abkw62cEBRSwTTJJB2xpY8rm7OUNmJ1ope\/oDxkChJW88LNKahghBZzxiNl6hrNJd\/qhwxYoWHx2+3z8BOlb31yGrQjyJgFIO4mVta7BQcP7n9fFRUAgNx2vEIkk5qngRgUt7iePM1EMaMJVwI4roTZIKl\/n2w0dRSO3iVNycQpqKUrdvRBhqDI79UYKe\/WYI47SN5K1jC0GrjJDRxTdS7609TYKbxB3lqZwnNB\/Z1CExiy1SzSjm7Qb6SHrmncAzQi\/n4dwRmIB+cl\/nZziRmtmayoUWzFeCx1NQxxnA+qOCfPKpczJKdQ7CTOYI\/q5S8586XEgIIhAelgphcNYVDnYSkOINIZh7elL3IHAPRoZz4Km2s1Mo3+LuYtaThWUCV2VkwOaAtcGmYEYqCdqRIAEP\/jftYTpXqAVDLlgxAo5Y+7k0OcUDAm84GCmTpe\/oqBYM0ItK3iZTMMatTnXtsixFaZAd\/yUMIcfqBHdlTlPI4I12NprmUJnnEprHIjXZvVWT3k\/ocJkeJ4\/Lia5r34DZpq1r78DlCyqJoLukaJVcEkR9MpJq9IrytTq5JiAKwgKFDYv34aQVQ4Gd3fGoUw9fuDwWw26\/MACXQs9YFSNeASHYxnu7uD4d723nA7WW1qcpC15BEjodYdl2hxJ2EWyMKGDxIQqv40y7dU0Bi0wv2tH2XA21KOyvtbtqqmxOJoKzjDZw+3dfi\/8ehgoFswMnOBV\/x3HeaXXNlQ6K9g101E4tpCb3vQdUzfebLD6QVjaI7UbN+9N0zu3Nkbds8dJ0zA\/cUcSTnnPN7fmlRNEn4KCRrhONEpDlsXBr0h2zrMHfEs5kUmEy1p\/2sx+amf0WVI7wsDnD+t0KdK\/El40M1NGTZ68ntOJdcvATak\/GvU9hsAQv091B7zUzs5MmBj0Qc\/rstQuy\/bAXcx51JbDSjPdNMYvWFin1t\/wlNtwm2o7RebJ7kn5ND84qhjqGtF76yA0ZtQAbSDL6f3d3bv3LpzUyK\/d+P15MWT1OqYL1P87zoqQl3kEG87peEpS0DsThBPUFQzHjB7V9p4PEluTgAXV+4dNq88\/gigO3c\/EKA7d1FO\/309TPABPrf0prIGZfmcsHHNw2c1bu5fMg95cgto\/zYIVNwsbwAX3tQFkb\/Vveij32ZTzkX\/vJpE8du+Pdi+N5hpn8ClBCVAq3bQuZSgESa+8yiBRwk8SgCSTKDs0MaDg5uk4P\/m7HpSzyokkc9DchvApcAjjpbbCD6pS6NvpWGjoNbz8fHqpjNOa1SvjYZHWDEudSFDI0tV6E5bJ7HEYNXxDYj9+A\/m9e5gd3sgHxIPR2Q4lsR3ETJOXYSJRJhcdBEmEmHEjGKEm2D79QATDjCBDQFaXwaYSHxJU7cZ2IzvA7LkTx\/6OuekMZ24avmLE0Hdlw7Vnb3bcyLfmbcHbjAIw0nu5eqtJc07FZOvdDTJ4ECsZzyZSrMfVJfno8Eqwh81QEKb6yU8VyeFqz752+4n9x5F75KSdJK2ziXiXBJ4wdGt1kGGQRxE7bku9AS7mqw33L43vD3cudsfhUl5U6H+s8ZzLamXk8a+OqmReL4yl5LHzPXuscHPphyarymbcU+26CGaskCDc4fRzvMdxUDiYf9jKD8mRTTSko+NJDt3d29to3v9McQ\/iDfrePHvGFeY7jqm76sX1YTvVXGQzFvx5cPvu3qiSnGgTeNJ1PPM4kwR58DnyanO27k0fv3GRLSRp1SlcvGPTj7zDEJUmD3uQ3XC159JXiPIuNXv1rQbmlmH7hjTG626B\/9wg3qQviU3o5e\/5Fw5uG+MEPE254R\/VCkr3812iuR3OO5dDNoNgRoOim7flhuJ7Cu6yaF9ANTeb3Mdwre28nWNjfQ5a\/uGDMsynH36l72dnZ0vnnWdqXshn29\/8dYybxuM3MRjVE7SGUew\/qmW30qgP3y5EgZv70lrwnTjOv+A7qxD\/alN\/TSC8h8=\" \/> \t\t<a href=\"https:\/\/www.pdf24.org\" target=\"_blank\" title=\"www.pdf24.org\" rel=\"nofollow\"><img src=\"https:\/\/www.hohenlohe-ungefiltert.de\/wp-content\/plugins\/pdf24-post-to-pdf\/img\/pdf_32x32.png\" alt=\"\" border=\"0\" height=\"32\" \/><\/a> \t\t<span class=\"pdf24Plugin-cp-space\">&nbsp;&nbsp;<\/span> \t\t<span class=\"pdf24Plugin-cp-text\">Sende Artikel als PDF<\/span> \t\t<span class=\"pdf24Plugin-cp-space\">&nbsp;&nbsp;<\/span> \t\t<input class=\"pdf24Plugin-cp-input\" style=\"margin: 0px;\" type=\"text\" name=\"sendEmailTo\" placeholder=\"Emailadresse\" \/> \t\t<input class=\"pdf24Plugin-cp-submit\" style=\"margin: 0px;\" type=\"submit\" value=\"Senden\" \/> \t<\/form> <\/div>","protected":false},"excerpt":{"rendered":"<p>Eine Protest- und Solidarit\u00e4tskundgebung f\u00fcr Fl\u00fcchtlinge findet am Samstag, 18. August 2018, um 14 Uhr in Stuttgart (Schlossplatz) statt. Gemeinsame Abfahrt mit dem Zug um 12.01 Uhr in\u00a0Schw\u00e4bisch Hall-Hessental. Treffpunkt ist 11.50 Uhr f\u00fcr den gemeinsamen Fahrkartenkauf. Urspr\u00fcnglich war eine Demonstration in Ellwangen geplant. Von Willi Maier, Schw\u00e4bisch Hall Organisation Gefl\u00fcchteter sollte verhindert werden Der [&hellip;]<\/p>\n","protected":false},"author":1,"featured_media":0,"comment_status":"open","ping_status":"open","sticky":false,"template":"","format":"standard","meta":[],"categories":[1,9,10,6,2,8,5,3,7],"tags":[],"_links":{"self":[{"href":"https:\/\/www.hohenlohe-ungefiltert.de\/index.php?rest_route=\/wp\/v2\/posts\/23971"}],"collection":[{"href":"https:\/\/www.hohenlohe-ungefiltert.de\/index.php?rest_route=\/wp\/v2\/posts"}],"about":[{"href":"https:\/\/www.hohenlohe-ungefiltert.de\/index.php?rest_route=\/wp\/v2\/types\/post"}],"author":[{"embeddable":true,"href":"https:\/\/www.hohenlohe-ungefiltert.de\/index.php?rest_route=\/wp\/v2\/users\/1"}],"replies":[{"embeddable":true,"href":"https:\/\/www.hohenlohe-ungefiltert.de\/index.php?rest_route=%2Fwp%2Fv2%2Fcomments&post=23971"}],"version-history":[{"count":22,"href":"https:\/\/www.hohenlohe-ungefiltert.de\/index.php?rest_route=\/wp\/v2\/posts\/23971\/revisions"}],"predecessor-version":[{"id":23994,"href":"https:\/\/www.hohenlohe-ungefiltert.de\/index.php?rest_route=\/wp\/v2\/posts\/23971\/revisions\/23994"}],"wp:attachment":[{"href":"https:\/\/www.hohenlohe-ungefiltert.de\/index.php?rest_route=%2Fwp%2Fv2%2Fmedia&parent=23971"}],"wp:term":[{"taxonomy":"category","embeddable":true,"href":"https:\/\/www.hohenlohe-ungefiltert.de\/index.php?rest_route=%2Fwp%2Fv2%2Fcategories&post=23971"},{"taxonomy":"post_tag","embeddable":true,"href":"https:\/\/www.hohenlohe-ungefiltert.de\/index.php?rest_route=%2Fwp%2Fv2%2Ftags&post=23971"}],"curies":[{"name":"wp","href":"https:\/\/api.w.org\/{rel}","templated":true}]}}