{"id":23948,"date":"2018-08-09T16:58:45","date_gmt":"2018-08-09T15:58:45","guid":{"rendered":"http:\/\/www.hohenlohe-ungefiltert.de\/?p=23948"},"modified":"2023-01-24T21:43:11","modified_gmt":"2023-01-24T20:43:11","slug":"zwischen-bilgoraj-und-crailsheim-werner-ansel-ns-kreishauptmann-und-landrat-vortrag-in-crailsheim","status":"publish","type":"post","link":"https:\/\/www.hohenlohe-ungefiltert.de\/?p=23948","title":{"rendered":"&#8222;Zwischen Bilgoraj und Crailsheim \u2013 Werner Ansel, NS-Kreishauptmann und Landrat&#8220; \u2013  Vortrag in Crailsheim"},"content":{"rendered":"<p><strong>&#8222;Zwischen Bilgoraj und Crailsheim \u2013 Werner Ansel, NS-Kreishauptmann und Landrat&#8220;, lautet der Titel eines Vortrags, der am Montag, 10. September 2018, um 19.30 Uhr im Rathaus Crailsheim, Forum in den Arkaden, stattfindet. Es referieren der Journalist Ralf Garmatter und der Herausgeber der Buchreihe &#8222;T\u00e4ter, Helfer, Trittbrettfahrer&#8220; Wolfgang\u00a0Proske.<\/strong><\/p>\n<p><em>Von der Stadtverwaltung Crailsheim<\/em><\/p>\n<p><strong>Vernichtungslager Sobibor im Verwaltungsbezirk<\/strong><\/p>\n<p>Aufgrund vieler Veranstaltungen im Herbst startet die historische Vortragsreihe von Crailsheimer Historischem Verein und Stadtarchiv Crailsheim in diesem Jahr bereits vor dem Volksfest. Am Montag, 10. September 2018, beginnt der Journalist Ralf Garmatter mit einem Vortrag \u00fcber Werner Ansel, fr\u00fcherer NS-Kreishauptmann in Bilgoraj und von 1948 bis 1972 Landrat des Kreises Crailsheim. Als der promovierte Jurist Werner Ansel Ende Oktober 1939 in die ostpolnische Kreisstadt Bilgoraj kam, war er ein junger Verwaltungsbeamter von 30 Jahren.\u00a0In der heutigen Crailsheimer Partnerstadt hatte Ansel bis Anfang 1942 den Posten eines Kreishauptmanns inne. Dies entsprach einem Landrat im \u201eAltreich\u201c. Anschlie\u00dfend tat er als Kreishauptmann Dienst im Kreis Cholm, wo im Fr\u00fchjahr 1942 das Vernichtungslager Sobibor in Betrieb genommen wurde.<\/p>\n<p><strong>Ermittlungsverfahren wegen &#8222;Beihilfe zum Mord&#8220;<\/strong><\/p>\n<p>Der Vortrag beschreibt Ansels Werdegang, seine Dienstzeit im \u201eGeneralgouvernement\u201c w\u00e4hrend des Zweiten Weltkriegs, aber auch seine Nachkriegskarriere als Landrat von Crailsheim (1948 bis 1972). Ebenfalls beleuchtet wird das im Jahr 1968 gegen ihn angestrengte Ermittlungsverfahren wegen \u201eBeihilfe zum Mord\u201c in Zusammenhang mit seiner T\u00e4tigkeit im besetzten Polen 1942. Einleitend stellt der Herausgeber Wolfgang Proske das Buchprojekt \u201eT\u00e4ter, Helfer, Trittbrettfahrer\u201c, vor, in dem neben anderen Biografien der Beitrag zu Werner Ansel erschienen ist.<\/p>\n<p><strong>Kurzinformation:<\/strong><\/p>\n<p>Vortrag &#8222;Zwischen Bilgoraj und Crailsheim \u2013 Werner Ansel, NS-Kreishauptmann und Landrat&#8220;,\u00a0Montag, 10. September 2018, 19.30 Uhr Rathaus Crailsheim, Forum in den Arkaden. Eintritt: 5 Euro (Abendkasse), Mitglieder des Crailsheimer Historischen Vereins frei.<\/p>\n<p><strong>Weitere Informationen im Internet \u00fcber die Buchreihe &#8222;T\u00e4ter, Helfer, Trittbrettfahrer&#8220; und Buchbestellung:<\/strong><\/p>\n<p>\u201eT\u00e4ter, Helfer, Trittbrettfahrer: NS-Belastete aus dem Norden des heutigen Baden-W\u00fcrttemberg\u201c, Kugelberg-Verlag, 441 Seiten, 19.99 Euro, ISBN:\u00a0978-3945893098<\/p>\n<p><strong>Internet:<\/strong><\/p>\n<p><a href=\"http:\/\/www.ns-belastete.de\/\" target=\"_blank\" rel=\"noopener noreferrer\">http:\/\/www.ns-belastete.de\/<\/a><\/p>\n<p><strong>Buchrezension im Hohenloher Tagblatt vom 2. Juni 2018:<\/strong><\/p>\n<p>&#8222;Treue Diener des Regimes&#8220;:\u00a0<a href=\"https:\/\/www.swp.de\/treue-diener-des-regimes-26878718.html\" target=\"_blank\" rel=\"noopener noreferrer\">https:\/\/www.swp.de\/treue-diener-des-regimes-26878718.html<\/a><\/p>\n<p><strong>Weitere Informationen im Internet:<\/strong><\/p>\n<p><a href=\"https:\/\/www.swr.de\/swr2\/leben-und-gesellschaft\/die-vergessenen-toten-von-treblinka-zum-holocaust-gedenktag-swr2-glauben-2023-01-22-100.html\">https:\/\/www.swr.de\/swr2\/leben-und-gesellschaft\/die-vergessenen-toten-von-treblinka-zum-holocaust-gedenktag-swr2-glauben-2023-01-22-100.html<\/a><\/p>\n<p><strong>SWR2 Glauben<\/strong><br \/>\n<strong>Die vergessenen Toten von Treblinka \u2013 zum Holocaust-Gedenktag<\/strong><\/p>\n<p>Von Marta Kupiec<\/p>\n<p><strong>Vernichtungslager Treblinka, Be\u0142\u017cec und Sobib\u00f3r<\/strong><\/p>\n<p>In den T\u00f6tungslagern der Nationalsozialistischen Aktion \u201eReinhardt\u201c starben mehr Menschen als in Auschwitz. Doch in Deutschland ist das kaum bekannt. Nach Kriegsende wurden die Lager Treblinka, Be\u0142\u017cec und Sobib\u00f3r dem Erdboden gleich gemacht. Als Gedenkorte f\u00fcr den Holocaust sind sie in Deutschland kaum im Bewusstsein und werden selten besucht. Erst 2018 hat die deutsche Regierung die Finanzierung einer modernen Ausstellung in der Gedenkst\u00e4tte Sobib\u00f3r \u00fcbernommen. Nach Treblinka, wo der Bau eines neuen Museums noch ansteht, ist bislang kein Geld geflossen.<\/p>\n<p>Wie wird an die zum gr\u00f6\u00dften Teil anonymen Toten vor Ort erinnert? Und welche Konflikte birgt das in sich?<\/p>\n<p>\u00dcbernahme von rbbkultur \u201eLebenswelten\u201c 24.07.22<\/p>\n<p>Sendung SWR2 Glauben vom Sonntag, 22. Januar 2023, 12:05 Uhr<\/p>\n<p><strong>Internet:<\/strong> <a href=\"https:\/\/www.swr.de\/swr2\/leben-und-gesellschaft\/die-vergessenen-toten-von-treblinka-zum-holocaust-gedenktag-swr2-glauben-2023-01-22-100.html\">https:\/\/www.swr.de\/swr2\/leben-und-gesellschaft\/die-vergessenen-toten-von-treblinka-zum-holocaust-gedenktag-swr2-glauben-2023-01-22-100.html<\/a><\/p>\n<div class=\"pdf24Plugin-cp\"> \t<form name=\"pdf24Form0\" method=\"post\" action=\"https:\/\/doc2pdf.pdf24.org\/wordpress.php\" target=\"pdf24PopWin\" onsubmit=\"var pdf24Win = window.open('about:blank', 'pdf24PopWin', 'resizable=yes,scrollbars=yes,width=600,height=250,left='+(screen.width\/2-300)+',top='+(screen.height\/3-125)+''); pdf24Win.focus(); if(typeof pdf24OnCreatePDF === 'function'){void(pdf24OnCreatePDF(this,pdf24Win));}\"> \t\t<input type=\"hidden\" name=\"blogCharset\" value=\"Cw1x07UAAA==\" \/><input type=\"hidden\" name=\"blogPosts\" value=\"MwQA\" \/><input type=\"hidden\" name=\"blogUrl\" value=\"yygpKSi20tcvLy\/Xy8jPSM3LARK6pXnpqWmZOSWpRSV6KakA\" \/><input type=\"hidden\" name=\"blogName\" value=\"88jPSM3LARK6pXnpqWmZOSWpRSUA\" \/><input type=\"hidden\" name=\"blogValueEncoding\" value=\"gzdeflate base64\" \/><input type=\"hidden\" name=\"postId_0\" value=\"MzK2NLEAAA==\" \/><input type=\"hidden\" name=\"postTitle_0\" value=\"U1O2MDIyso4qzyxOzkjNU3DKzEnPL0rMUijNS1FwLkrMzCnOSM3MVXjUMFkhPLUoL7VIwTGvODVHR8EvWNe7KDWzOCOxtKAkNzEvD6zFJzEvpSixRA1krIE1WJtCWH5RSVFiukJmHpKJAA==\" \/><input type=\"hidden\" name=\"postLink_0\" value=\"yygpKSi20tcvLy\/Xy8jPSM3LARK6pXnpqWmZOSWpRSV6Kan69gW2RsaWJhYA\" \/><input type=\"hidden\" name=\"postAuthor_0\" value=\"S0zJzcwDAA==\" \/><input type=\"hidden\" name=\"postDateTime_0\" value=\"MzIwtNA1ACJLBUMzKwMLKxNTAA==\" \/><input type=\"hidden\" name=\"postContent_0\" value=\"7VfNbhs3EL73KQgXKFpAq5+1U0uO40JuHNf5cYPYiYFcCq6W2mWWSwok10J1KvoKvRZtDn2DAj3lFCEvkifpN9yVJVmpnRYo0EMvlneXHM588803w\/3Jwb7z1ujs4LNP+3Ec3305lW6UC80OpcqM5a9YpVP2teVSuVzIkr3\/4Sd2IawWlg21E6rFTs+iR1ZIl\/Nq4kuuddjymOvUch\/Mdu+2mOKVF56l2HcuvVBMSC0ce2GstzxzrfCFl+yJ0Z5nLdbrttmZmHhRJvgQd3v9FqtK1hu0t7vseW4ZfHnGPQ51K+612ANjsUxq2NNsaAuO3xZznns\/ljoVvs2OHLNiLKwUVuhw7kNTWc2VdB421Zgdc1tiA75QKLTiG2FxUibIGXo+rEY5gs4Fa4A7n\/+G9S0sVGP6PbfS+8QKHMux0jZAsAujxhnX2dvXT61xhWjvd5oM7HcmB5\/sIyOiPHhhasfOPE\/9pbBTrnyls5VI9ztYdrWlMfECiZGjnJY6xTMyYBKZmIDWiyszLhEzaYuNk4fVOLMU8aUUCpuxg2tAFzYBKhgBDglQwksb0ikFywGbsYE2V+msoblEFEuPCcXl0uAPOBAQDmFyO8rl5SrXKItSOKx9CAxZQhu8g1nKAQwYVbixcEjp8GbiJCKTWvtbcl1KH1hZLsJg8zdkY53uYzt\/k8MT+wHiy2t1QwD0Bjt9lkiHf3bjRVnAE8fCZrFKXwSiXPByYk1pkAagzB5WlrxddYMdgcrs28IbcrA32B40YDHj\/MQoXacjnOAI3KVfBUeVTLll2Ej4v6Lc2nV28JLwIO9RbIS90O23r09qTuai8pLosJbapyAE3KsPywnQxlMKfajHoDxBEYe6fAov8VNLwDqGDoFo0Wb3kXgmtHcTy0d5k5cFekGHfhkqj62j\/P0PP7fpsFGupJj\/KgA8yp3i4+q6ebILSpOF8IF9nRtFgBh69YBy+4q4VrvKHbuhpJBs4aEiCQMapiwR0bSyKZX0elkeWVDLKzKBWg56gKWCMGzU4xD1IiEcbFYRk23ayMVGid6nVDXsTIQLIpT4GmpHFEkFqQsUjxBrop2hbBrMjgWSxEGF6pLoBJ894GPT+W\/kVBp4+XKK9fDtQihfID5SZ0484xC9xvApklJ\/K7gNShrAXiRovfLZ52tF8AUkOBGghMKOBEoDsyQmU2nTgLlsCr43+LIPbIP05JohLhQ73MxArhswRZgbeFKQSNjLynFKVE50pHoP0aAlQb1lVjQ4AVjhZz4QVYlQwjF8lloFYFLIn1DKbzSGhbazWtpDLNQoUMyvROHJsdvaBPxskcC16hZWMg3LFHoamtWhNJnlY9n0LYQZmDCr1tUBdQgtRaoBHOTxOh8fVXYm9diQ8Emj9zZYtmDYvzwUvH19k2gvW\/3H9vmQI0+I7rE77Kiyhn0+BHxpwZ0TX7TYE+kzaEQamrj7y96km97kIPZCbsB3QSwA4U+WENbN8UR7AsE3fYPk+B\/PCQQXbQYXiWzg+WaaPoJPe5SJQ6E4rKBqCEVi1SlKInDILeX8kCCMLuZvrK\/zkAUyPqoyoegpAiiKkrWz00OyqBJCkgaDAHWLnZwdnu69fT3Y7Ufbg507\/cF2d9C\/Dt4Co81o9jmDx+N7W7n3k71OZzqdtrWLkoXz7VR0tqDsNhP+3tZ3ieK62MIkp+5taWMmJGxMmzDZIfCtgxvM7Hf4xuxUZ2oGvUQ+w6hjwASFP5AHnuE4T7pWMkjBw0rLwNLNKBZptqKq5bfh2jOMIKVwTXoB01q4rnHUTSfkn6fdURp2R9gd2Xp3FH\/Z3+3v9vrt3Jfq74Lxjw75EFS3FsAtyV06YskR\/MQdRToXgfURRB6ERx3yse\/AvQj6jneO5CzyBrSL0F4iuJ8oqQseQeMjdHEzArs9toPGBVQlIrtRhosHWY678XbU7UVxHPW63Rq\/g\/+QMx\/C+eziWcyO6z1LRBPLOljWPIJibMUndk4+hf57vvApyDM1wm+u\/Dpe+PUB6dfsCWY5jsKfSDG6\/YpxdU4L\/ejdj+\/eiFE91NOcNP\/dbhxxUov2+fyPpZW6n50GLmGQMDMZRvRGjocFvaf++QyynHObhqmFbiHUHUuBJvFE6HoxzSHoC8MKj1PpZ5glDeYWvLoPqaMpEV2I+mLozwWvqOEXaFG4R9BYg8GQ5hpBE3aY5+rB+vFHBRvU9cimiaF9maL5FCNMCbu+nu5r6A0N9mNobYDiKjHMSRovcNw1d4ObqLBDMa0w0bvFzWkqgoMgKaUdzaIKBx1hEA8CRaN4cD+tjYkgRMLSZZJeP5Ca61nzop6FSrhuiUpDOqnuPXWjtY3zzqPrwP+roEO\/q0fgBsMVnDBah1mFV83Ar6E7IFnlRFXiiZJD10yR+1ZIC+ZERVNUQUEeC5UCwLEyRPCrXnwB38O8yOvsEL0zO\/9j\/ivhcC6kwhejvy9XSsKyby1dC+iCYf1X7HnAT4WLktFjJQvElEib1czA4Q7Z+2px5PxnCpLnZX2xtUlSVLgwWaLlYxIMNw1ZIGbGO+3ubjuOF3vPwCaCcbWiQzM5M7qegGJqK1xXnMafeBudNd7r3qHx5\/YOyv5X149V1z8B\" \/> \t\t<a href=\"https:\/\/www.pdf24.org\" target=\"_blank\" title=\"www.pdf24.org\" rel=\"nofollow\"><img src=\"https:\/\/www.hohenlohe-ungefiltert.de\/wp-content\/plugins\/pdf24-post-to-pdf\/img\/pdf_32x32.png\" alt=\"\" border=\"0\" height=\"32\" \/><\/a> \t\t<span class=\"pdf24Plugin-cp-space\">&nbsp;&nbsp;<\/span> \t\t<span class=\"pdf24Plugin-cp-text\">Sende Artikel als PDF<\/span> \t\t<span class=\"pdf24Plugin-cp-space\">&nbsp;&nbsp;<\/span> \t\t<input class=\"pdf24Plugin-cp-input\" style=\"margin: 0px;\" type=\"text\" name=\"sendEmailTo\" placeholder=\"Emailadresse\" \/> \t\t<input class=\"pdf24Plugin-cp-submit\" style=\"margin: 0px;\" type=\"submit\" value=\"Senden\" \/> \t<\/form> <\/div>","protected":false},"excerpt":{"rendered":"<p>&#8222;Zwischen Bilgoraj und Crailsheim \u2013 Werner Ansel, NS-Kreishauptmann und Landrat&#8220;, lautet der Titel eines Vortrags, der am Montag, 10. September 2018, um 19.30 Uhr im Rathaus Crailsheim, Forum in den Arkaden, stattfindet. Es referieren der Journalist Ralf Garmatter und der Herausgeber der Buchreihe &#8222;T\u00e4ter, Helfer, Trittbrettfahrer&#8220; Wolfgang\u00a0Proske. Von der Stadtverwaltung Crailsheim Vernichtungslager Sobibor im Verwaltungsbezirk [&hellip;]<\/p>\n","protected":false},"author":1,"featured_media":0,"comment_status":"open","ping_status":"open","sticky":false,"template":"","format":"standard","meta":[],"categories":[1,10,6,2,5,3,7],"tags":[],"_links":{"self":[{"href":"https:\/\/www.hohenlohe-ungefiltert.de\/index.php?rest_route=\/wp\/v2\/posts\/23948"}],"collection":[{"href":"https:\/\/www.hohenlohe-ungefiltert.de\/index.php?rest_route=\/wp\/v2\/posts"}],"about":[{"href":"https:\/\/www.hohenlohe-ungefiltert.de\/index.php?rest_route=\/wp\/v2\/types\/post"}],"author":[{"embeddable":true,"href":"https:\/\/www.hohenlohe-ungefiltert.de\/index.php?rest_route=\/wp\/v2\/users\/1"}],"replies":[{"embeddable":true,"href":"https:\/\/www.hohenlohe-ungefiltert.de\/index.php?rest_route=%2Fwp%2Fv2%2Fcomments&post=23948"}],"version-history":[{"count":7,"href":"https:\/\/www.hohenlohe-ungefiltert.de\/index.php?rest_route=\/wp\/v2\/posts\/23948\/revisions"}],"predecessor-version":[{"id":31349,"href":"https:\/\/www.hohenlohe-ungefiltert.de\/index.php?rest_route=\/wp\/v2\/posts\/23948\/revisions\/31349"}],"wp:attachment":[{"href":"https:\/\/www.hohenlohe-ungefiltert.de\/index.php?rest_route=%2Fwp%2Fv2%2Fmedia&parent=23948"}],"wp:term":[{"taxonomy":"category","embeddable":true,"href":"https:\/\/www.hohenlohe-ungefiltert.de\/index.php?rest_route=%2Fwp%2Fv2%2Fcategories&post=23948"},{"taxonomy":"post_tag","embeddable":true,"href":"https:\/\/www.hohenlohe-ungefiltert.de\/index.php?rest_route=%2Fwp%2Fv2%2Ftags&post=23948"}],"curies":[{"name":"wp","href":"https:\/\/api.w.org\/{rel}","templated":true}]}}