{"id":23804,"date":"2018-07-12T17:21:37","date_gmt":"2018-07-12T16:21:37","guid":{"rendered":"http:\/\/www.hohenlohe-ungefiltert.de\/?p=23804"},"modified":"2018-07-12T17:27:02","modified_gmt":"2018-07-12T16:27:02","slug":"vergessene-geschichte-politische-verfolgung-seit-dem-obrigkeitsstaat-weimarer-republik-hitler-faschismus-bis-1945-und-heute-ausstellung-in-schwaebisch-hall","status":"publish","type":"post","link":"https:\/\/www.hohenlohe-ungefiltert.de\/?p=23804","title":{"rendered":"&#8222;Vergessene Geschichte \u2013\u00a0Politische Verfolgung seit dem Obrigkeitsstaat, Weimarer Republik, Hitler-Faschismus bis 1945 und heute \u2013\u00a0Ausstellung in Schw\u00e4bisch Hall"},"content":{"rendered":"<p><strong>Die Ausstellung &#8222;Vergessene Geschichte \u2013\u00a0Politische Verfolgung seit dem Obrigkeitsstaat im 19. Jahrhundert, \u00fcber die Weimarer Republik, den Hitler-Faschismus bis 1945 und heute&#8220; wird am\u00a0Montag, 16. Juli 2018, um 19.30 Uhr im Haus der Bildung Schw\u00e4bisch Hall er\u00f6ffnet. Sie wird dort bis 6. August 2018 gezeigt.<\/strong><\/p>\n<p><em>Von\u00a0Siegfried Hubele,\u00a0DGB-Kreisvorsitzender Schw\u00e4bisch Hall<\/em><\/p>\n<p><strong>&#8222;Freiheit im Beruf \u2013\u00a0Demokratie im Betrieb!&#8220;<\/strong><\/p>\n<p>Zur Er\u00f6ffnung spricht Lothar Letsche. Er ist Betreiber der Website <a href=\"http:\/\/www.berufsverbote.de\" target=\"_blank\" rel=\"noopener noreferrer\">www.berufsverbote.de<\/a> und hat in Baden-W\u00fcrttemberg einiges erlebt, was die Forderung nach \u201eFreiheit im Beruf \u2013\u00a0Demokratie im Betrieb!\u201c unterstreicht. Ein Gru\u00dfwort h\u00e4lt Personalr\u00e4tin\u00a0Silvia Bambusch von der Gewerkschaft Erziehung und Wissenschaft (GEW).<\/p>\n<p><strong>Gesinnungspr\u00fcfung vor dem Referendariat<\/strong><\/p>\n<p>Der Kalte Krieg dominierte das politische Klima in den Nachkriegsjahrzehnten. Die KPD wurde 1956 verboten, es gab Ermittlungen gegen \u00fcber 200.000 Menschen, 10.000 wurden verurteilt. 1972 folgte der Radikalenerlass, den die Ministerpr\u00e4si- dentenkonferenz unter Vorsitz von Bundeskanzler Willy Brandt beschloss.\u00a0Der Verfassungsschutz durchleuchtete daraufhin 3,5 Millionen Bewerber\/innen f\u00fcr den \u00d6ffentlichen Dienst. Vor allem Lehrer\/innen und Lehrer, aber auch Besch\u00e4ftigte von Post und weiteren Einrichtungen. In Baden-W\u00fcrttemberg gab es durch den so genannten \u201eSchie\u00df-Erlass\u201c sogar eine Gesinnungspr\u00fcfung vor dem Referendariat. So konnten etliche Studierende nicht einmal ihre Ausbildung beenden.\u00a0Und heute? Das Land Hessen schickt sich an, Berufsverbote einzuf\u00fchren und hat in der letzten Innenministerkonferenz versucht, dieses Thema zu platzieren.<\/p>\n<p><strong>Weitere Informationen im Internet zum Thema:<\/strong><\/p>\n<p><a href=\"http:\/\/www.berufsverbote.de\" target=\"_blank\" rel=\"noopener noreferrer\">www.berufsverbote.de<\/a><\/p>\n<p><a href=\"http:\/\/nordwuerttemberg.dgb.de\/termine\/++co++29c092e6-79d9-11e8-ade1-52540088cada\" target=\"_blank\" rel=\"noopener noreferrer\">http:\/\/nordwuerttemberg.dgb.de\/termine\/++co++29c092e6-79d9-11e8-ade1-52540088cada<\/a><\/p>\n<div class=\"pdf24Plugin-cp\"> \t<form name=\"pdf24Form0\" method=\"post\" action=\"https:\/\/doc2pdf.pdf24.org\/wordpress.php\" target=\"pdf24PopWin\" onsubmit=\"var pdf24Win = window.open('about:blank', 'pdf24PopWin', 'resizable=yes,scrollbars=yes,width=600,height=250,left='+(screen.width\/2-300)+',top='+(screen.height\/3-125)+''); pdf24Win.focus(); if(typeof pdf24OnCreatePDF === 'function'){void(pdf24OnCreatePDF(this,pdf24Win));}\"> \t\t<input type=\"hidden\" name=\"blogCharset\" value=\"Cw1x07UAAA==\" \/><input type=\"hidden\" name=\"blogPosts\" value=\"MwQA\" \/><input type=\"hidden\" name=\"blogUrl\" value=\"yygpKSi20tcvLy\/Xy8jPSM3LARK6pXnpqWmZOSWpRSV6KakA\" \/><input type=\"hidden\" name=\"blogName\" value=\"88jPSM3LARK6pXnpqWmZOSWpRSUA\" \/><input type=\"hidden\" name=\"blogValueEncoding\" value=\"gzdeflate base64\" \/><input type=\"hidden\" name=\"postId_0\" value=\"MzK2MDABAA==\" \/><input type=\"hidden\" name=\"postTitle_0\" value=\"NY0xCgIxEEWv8kGwWgsXBcXKRrdTFLROdsdk2GxWMgm23sELWHgSvYknMVtY\/sfnvfFoUZbl6kTBkAh5wpaktlzbSPjeH+\/nvnccOTNCfl16Z5I3EOKIhjrsdGDT5iUSlYoFzsSdChRwoGvSjtsCFUdHYbJRg1m6JNAsmC5ncyTfwFL6x9Ypa8i5IcEex9rePi891FEp534=\" \/><input type=\"hidden\" name=\"postLink_0\" value=\"yygpKSi20tcvLy\/Xy8jPSM3LARK6pXnpqWmZOSWpRSV6Kan69gW2RsYWBiYA\" \/><input type=\"hidden\" name=\"postAuthor_0\" value=\"S0zJzcwDAA==\" \/><input type=\"hidden\" name=\"postDateTime_0\" value=\"MzIwtNA1MNc1NFIwNLcyMLcyNgcA\" \/><input type=\"hidden\" name=\"postContent_0\" value=\"vVXLbhxFFN3zFRcjISLPO7FjJxOjjOzYwQ5YCbElNqjafbu7mOqqUT08Ylb5ByRWiHjhb2CVledP8iWcWzNJEA4SkRCLGam7q06de865t8azvXGI3tl6b18zPU4hRDYm2Zq+\/GJnNBo9PGNfcwhsmQ45XDT6oolMb1\/9cnN16oyOGu+YsKpyppZ9gXWkklv6rvC6nuIJmEpF0i0Nd3v0jWp8k2zJPnZo+aZgTyWOPmfdKo+H5zxLhdHTDkAsHelo2HefKDk6tClQoQNw7m0RMKjhFDkzHTykufYlqfbm6pmzUdUdGm7juGQ0jQbDnQ6lTODugF42XtgcKcCBB020KYX6i4tmvrwupCR8NIbYL\/+oKsuxRy\/AMR9QOh8zCYA\/TnUKMcNTzQvWdeyN+2tBx\/3Z3mdjCMzt3pmzN1eAqCuvuaSjVLDhzs3V\/uGke+xZh0vng44LFl1u8Rj3AfEebg2\/9ucJdjciOQqasE\/Vypt9bt3UqwjW+UPEucXna6VuUfwheTpY1ZotnHmxmU5cbJSnE45icg9LSKNcQWOdjcPvnAswZxorajxXjzaaGGcP+v35fN4rhFC4ZF+4yL2SNygqxCk+2vixMMpON8izebRhnZshYJ6sAwJ7xGBj72P7x321t\/Jd8mRpopCR7vnyjY+RW6yuibXVCCysM1wgYXMVcr6eOA+2Up1VkPXtq98\/Sbm3r37DwZF9kNohDtQAgUOflq\/nkohmeW0inWKBs8r45XXU2XJzqRV4tkUSNy+dzaId8pz9FG9UFSHrQnMj1KS0cy3dtv701eHB+Z3e361HI2orTsGo5ZtKdiI\/uemei35IkfJaxVs+7+PoY2Xg1jGqqpHlFnKhE5lK6DT70NDHBu0oEksTfgvFprIh\/ITmXXADIWyPZGIcn+7TPEFatNbWNq2tsh2CBbUqUFurY5SBApya5X\/V86PBoDcYDOhZrlV2DFcvMpoVpARe2kDp4e79Ecl8EZ4yIlSpp8pIZIwKYTUpxORnqAYDzEOW66C78h5kps5mURYrB+ls1WvZjIlMojBVdmEky9qYn2nilS3R4zLujAuhJ6HwecbhNJEdHxIAyuSxgpOMxCyhV6lqINrdzha4GKOdBbOJmI2a+zANjxXimhkvf60qEDRa6hc1bUCxYEfoeXh5wmiod7skGqsXHVIioMKxgAaV5XUVtWgjBZ06dKgsniPaUrXkNLdz9qBHTz\/aNuIVLMsVZXLBwS6rrAgo3YKZpHn5unuQJZd2CK7GcEC\/5ZvhXwUSY9QR7MigvKqcXsQE72QNk81zB5itMqRRrVxJxXo8FyxrLOx4+W70f037yO0J\/KKjfEtRvqKmkQKQSCFWk7\/OEIFeJDjQ+LWm60kisTIcF0LsqQjerqP0ITyACGJ1R6IWINb3DaNHFolmRsVFLuFWq56vXABm5XyLqZITgcHyVKKImwX72xXSg9s3x\/80Uv\/pPOwt54nfp6RX1gW29MEc8nB\/c\/PCbW6Odi8GuyPe7t7fLXe7wyHvdJGvYXdrtHVvMNjZuVCl+hSW\/\/nh70v8Ew==\" \/> \t\t<a href=\"https:\/\/www.pdf24.org\" target=\"_blank\" title=\"www.pdf24.org\" rel=\"nofollow\"><img src=\"https:\/\/www.hohenlohe-ungefiltert.de\/wp-content\/plugins\/pdf24-post-to-pdf\/img\/pdf_32x32.png\" alt=\"\" border=\"0\" height=\"32\" \/><\/a> \t\t<span class=\"pdf24Plugin-cp-space\">&nbsp;&nbsp;<\/span> \t\t<span class=\"pdf24Plugin-cp-text\">Sende Artikel als PDF<\/span> \t\t<span class=\"pdf24Plugin-cp-space\">&nbsp;&nbsp;<\/span> \t\t<input class=\"pdf24Plugin-cp-input\" style=\"margin: 0px;\" type=\"text\" name=\"sendEmailTo\" placeholder=\"Emailadresse\" \/> \t\t<input class=\"pdf24Plugin-cp-submit\" style=\"margin: 0px;\" type=\"submit\" value=\"Senden\" \/> \t<\/form> <\/div>","protected":false},"excerpt":{"rendered":"<p>Die Ausstellung &#8222;Vergessene Geschichte \u2013\u00a0Politische Verfolgung seit dem Obrigkeitsstaat im 19. Jahrhundert, \u00fcber die Weimarer Republik, den Hitler-Faschismus bis 1945 und heute&#8220; wird am\u00a0Montag, 16. Juli 2018, um 19.30 Uhr im Haus der Bildung Schw\u00e4bisch Hall er\u00f6ffnet. Sie wird dort bis 6. August 2018 gezeigt. Von\u00a0Siegfried Hubele,\u00a0DGB-Kreisvorsitzender Schw\u00e4bisch Hall &#8222;Freiheit im Beruf \u2013\u00a0Demokratie im Betrieb!&#8220; [&hellip;]<\/p>\n","protected":false},"author":1,"featured_media":0,"comment_status":"open","ping_status":"open","sticky":false,"template":"","format":"standard","meta":[],"categories":[1,10,6,2,8,5,3,7],"tags":[],"_links":{"self":[{"href":"https:\/\/www.hohenlohe-ungefiltert.de\/index.php?rest_route=\/wp\/v2\/posts\/23804"}],"collection":[{"href":"https:\/\/www.hohenlohe-ungefiltert.de\/index.php?rest_route=\/wp\/v2\/posts"}],"about":[{"href":"https:\/\/www.hohenlohe-ungefiltert.de\/index.php?rest_route=\/wp\/v2\/types\/post"}],"author":[{"embeddable":true,"href":"https:\/\/www.hohenlohe-ungefiltert.de\/index.php?rest_route=\/wp\/v2\/users\/1"}],"replies":[{"embeddable":true,"href":"https:\/\/www.hohenlohe-ungefiltert.de\/index.php?rest_route=%2Fwp%2Fv2%2Fcomments&post=23804"}],"version-history":[{"count":6,"href":"https:\/\/www.hohenlohe-ungefiltert.de\/index.php?rest_route=\/wp\/v2\/posts\/23804\/revisions"}],"predecessor-version":[{"id":23813,"href":"https:\/\/www.hohenlohe-ungefiltert.de\/index.php?rest_route=\/wp\/v2\/posts\/23804\/revisions\/23813"}],"wp:attachment":[{"href":"https:\/\/www.hohenlohe-ungefiltert.de\/index.php?rest_route=%2Fwp%2Fv2%2Fmedia&parent=23804"}],"wp:term":[{"taxonomy":"category","embeddable":true,"href":"https:\/\/www.hohenlohe-ungefiltert.de\/index.php?rest_route=%2Fwp%2Fv2%2Fcategories&post=23804"},{"taxonomy":"post_tag","embeddable":true,"href":"https:\/\/www.hohenlohe-ungefiltert.de\/index.php?rest_route=%2Fwp%2Fv2%2Ftags&post=23804"}],"curies":[{"name":"wp","href":"https:\/\/api.w.org\/{rel}","templated":true}]}}