{"id":2379,"date":"2009-06-19T08:48:08","date_gmt":"2009-06-19T07:48:08","guid":{"rendered":"http:\/\/www.hohenlohe-ungefiltert.de\/?p=2379"},"modified":"2009-06-19T08:49:22","modified_gmt":"2009-06-19T07:49:22","slug":"neuer-kreistag-im-landkreis-schwabisch-hall-hat-58-mitglieder-%e2%80%93-freie-wahlervereinigung-freie-mit-19-sitzen-starkste-fraktion","status":"publish","type":"post","link":"https:\/\/www.hohenlohe-ungefiltert.de\/?p=2379","title":{"rendered":"Neuer Kreistag im Landkreis Schw\u00e4bisch Hall hat 58 Mitglieder \u2013 Freie W\u00e4hlervereinigung (Freie) mit 19 Sitzen st\u00e4rkste Fraktion \/ Gegen die Wahl kann eine Woche lang Einspruch erhoben werden"},"content":{"rendered":"<p><strong>Das vorl\u00e4ufige amtliche Endergebnis der Kreistagswahl vom 7. Juni 2009 im Landkreis Schw\u00e4bisch Hall liegt seit gestern, Donnerstag, 18. Juni 2009, vor. Dagegen kann nach der \u00f6ffentlichen Bekanntmachung (19. Juni 2009) eine Woche lang Einspruch eingelegt werden. Zum Einspruch berechtigt sind laut Rechtsbehelfsbelehrung des Landratsamts Schw\u00e4bisch Hall alle Bewerberinnen und Bewerber sowie alle Wahlberechtigten. Der Einspruch eines\/einer Wahlberechtigten und eines Bewerbers\/einer Bewerberin, der\/die nicht die Verletzung eigener Rechte geltend macht, ist nur zul\u00e4ssig, wenn ihm mindestens 100 Wahlberechtigte beitreten. Das bedeutet: Es m\u00fcssten f\u00fcr einen g\u00fcltigen Einspruch 100 Unterschriften von Wahlberechtigten gesammelt werden. Einspr\u00fcche sind an das Regierungspr\u00e4sidium Stuttgart, Ruppmannstra\u00dfe 21, 70565 Stuttgart zu richten. <\/strong><\/p>\n<p><strong>Wahlberechtigte:<\/strong> 145.425;\u00a0 \u00a0 <strong>Zu w\u00e4hlende Mitglieder:<\/strong> 50<br \/>\n<strong>W\u00e4hler:<\/strong> 69.024;\u00a0 <strong>Gew\u00e4hlte Mitglieder:<\/strong> 58<br \/>\n<strong>Wahlbeteiligung:<\/strong> 47,46 Prozent<\/p>\n<p><strong>Ung\u00fcltige Stimmzettel:<\/strong> 2.722 3,94<br \/>\n<strong>G\u00fcltige Stimmzettel:<\/strong> 66.302 96,06<br \/>\n<strong>G\u00fcltige Stimmen:<\/strong> 465.417<\/p>\n<p><strong>CDU<br \/>\nChristlich Demokratische Union Deutschlands<\/strong><br \/>\n135.417 Stimmen, 29,10 Prozent, 17 Sitze<br \/>\n<strong>FREIE <\/strong><br \/>\n134.298 Stimmen, 28,86 Prozent, 19 Sitze<br \/>\n<strong>SPD<\/strong><br \/>\n<strong>Sozialdemokratische Partei Deutschlands <\/strong><br \/>\n81.424 Stimmen, 17,49 Prozent, 9 Sitze<br \/>\n<strong>GR\u00dcNE<br \/>\nB\u00dcNDNIS 90\/DIE GR\u00dcNEN <\/strong><br \/>\n49.084 Stimmen, 10,55 Prozent, 5 Sitze<br \/>\n<strong>FDP<br \/>\nFreie Demokratische Partei <\/strong><br \/>\n47.626 Stimmen, 10,23 Prozent, 6 Sitze<br \/>\n<strong>\u00f6dp<br \/>\n\u00d6kologisch-Demokratische Partei\/Familie und Umwelt<\/strong><\/p>\n<p>17.568 Stimmen, 3,77 Prozent, 2 Sitze<\/p>\n<p><strong>Landkreis Schw\u00e4bisch Hall <\/strong><br \/>\n<strong>Mitglieder des Kreistags der Amtsperiode 2009 bis 2014 <\/strong><br \/>\nStand: 15.06.2009<br \/>\nName Vorname Stra\u00dfe PLZ Ort Partei (Die Namen der Kreisr\u00e4te und Kreisr\u00e4tinnen in alphabetischer Reihenfolge)<\/p>\n<p><strong>CDU<\/strong><br \/>\nBleher Helmut Holunderweg 20 74547 Unterm\u00fcnkheim CDU<br \/>\nDenz Wolfgang Sonnenhalde 27 74523 Schw\u00e4bisch Hall CDU<br \/>\nDierolf Werner Lindenstra\u00dfe 22 74423 Obersontheim CDU<br \/>\nEggert * Ralf Panoramastra\u00dfe 34 74405 Gaildorf CDU<br \/>\nGulden * Werner Mittlerer Weg 76 74564 Crailsheim CDU<br \/>\nHoll * Herbert Untere Gasse 30 74564 Crailsheim CDU<br \/>\nMiola Roland Pahlstra\u00dfe 18 74427 Fichtenberg CDU<br \/>\nPiott * Martin St.-Anna-Stra\u00dfe 37 74579 Fichtenau CDU<br \/>\nRaab Andreas Am Wiesenbach 30 74564 Crailsheim CDU<br \/>\nRabe Uta Hopfengarten 32 74523 Schw\u00e4bisch Hall CDU<br \/>\nRechtenbacher Franz Am M\u00fchlrain 18 74426 B\u00fchlerzell CDU<br \/>\nSchmidt-Weiss Werner Mittlerer Weg 62 74564 Crailsheim CDU<br \/>\nStrobel * Matthias Stark\u00e4ckerstra\u00dfe 27 74597 Stimpfach CDU<br \/>\nStr\u00f6bel Brigitte Wiesenbacher Stra\u00dfe 14 74585 Rot am See CDU<br \/>\nWackler Wilhelm Gersbach 6 74589 Satteldorf CDU<br \/>\nWeiss Johann Kirchstra\u00dfe 7 74424 B\u00fchlertann CDU<br \/>\nZielosko * Jens Martin-Luther-Stra\u00dfe 29 74564 Crailsheim CDU<\/p>\n<p><strong>FREIE<\/strong><br \/>\nBay Friedrich Grundwiesenweg 29 74523 Schw\u00e4bisch Hall FREIE<br \/>\nBinnig Wolfgang Eugen-Reutter-Stra\u00dfe 28 74538 Rosengarten FREIE<br \/>\nBock * Markus Aalener Stra\u00dfe 24 74429 Sulzbach-Laufen FREIE<br \/>\nFischer Robert Sch\u00f6nblick 16 74594 Kre\u00dfberg FREIE<br \/>\nGr\u00f6ner Siegfried Erlenweg 23 74585 Rot am See FREIE<br \/>\nHedrich Karl-Heinz Keltenring 24 74535 Mainhardt FREIE<br \/>\nHofmann Friedrich Untere Kaiserstra\u00dfe 1 74589 Satteldorf FREIE<br \/>\nIzsak Klemens Rubensstra\u00dfe 1 74575 Schrozberg FREIE<br \/>\nK\u00f6ger Klaus Hohenloher Weg 15 74572 Blaufelden FREIE<br \/>\nSchumm Klaus-Dieter Kirschenweg 5 74582 Gerabronn FREIE<br \/>\nSilberzahn J\u00fcrgen Wiesenstra\u00dfe 5 74549 Wolpertshausen FREIE<br \/>\nSimsch, Dr. * Christoph Alte Schulstra\u00dfe 8 74597 Stimpfach FREIE<br \/>\nStrack Werner Nelkenweg 6 74420 Oberrot FREIE<br \/>\nTrittner Siegfried Am M\u00fchlrain 16 74426 B\u00fchlerzell FREIE<br \/>\nTschampa * Timo Schelmen\u00e4cker 29 74427 Fichtenberg FREIE<br \/>\nWackler Kurt Breit\u00e4ckerweg 11 74589 Satteldorf FREIE<br \/>\nWaller * Friedrich T\u00fcngentaler Stra\u00dfe 113 74523 Schw\u00e4bisch Hall FREIE<br \/>\nWunderlich * Friedrich Lindlein 31 74575 Schrozberg FREIE<br \/>\nWurmthaler Roland Bertholdstra\u00dfe 12 74532 Ilshofen FREIE<\/p>\n<p><strong>SPD<\/strong><br \/>\nDavid * Manfred Brunnenwiesenstra\u00dfe 23 74564 Crailsheim SPD<br \/>\nEichele Karl Adalbert-Stifter-Stra\u00dfe 2 74405 Gaildorf SPD<br \/>\nFischer Rudi Scheffelstra\u00dfe 3 74532 Ilshofen SPD<br \/>\nHartleitner * Helga Salzburger Stra\u00dfe 29 74564 Crailsheim SPD<br \/>\nPelgrim Hermann-Josef Zwinger 1 74523 Schw\u00e4bisch Hall SPD<br \/>\nSakellariou MdL * Nikolaos Geschwister-Scholl-Str. 59\/1 74523 Schw\u00e4bisch Hall SPD<br \/>\nSchorpp R\u00fcdiger Friedrich-List-Weg 14 74523 Schw\u00e4bisch Hall SPD<br \/>\nVogt Dieter Am Schuppach 1 74523 Schw\u00e4bisch Hall SPD<br \/>\nZipperer Hans Raiffeisenstra\u00dfe 17 74538 Rosengarten SPD<\/p>\n<p><strong>GR\u00dcNE<\/strong><br \/>\nBraun Beate Obere Wiesen 9 74544 Michelbach\/Bilz GR\u00dcNE<br \/>\nFeuchter Hans-Joachim Bovenzenweiler 6 74575 Schrozberg GR\u00dcNE<br \/>\nHerrmann Andrea Alte Reifensteige 23 74523 Schw\u00e4bisch Hall GR\u00dcNE<br \/>\nHuppenbauer Reinhard Neisseweg 38 74523 Schw\u00e4bisch Hall GR\u00dcNE<br \/>\nKern-Kalinke Claudia Felsenweg 25 74532 Ilshofen GR\u00dcNE<\/p>\n<p><strong>FDP<\/strong><\/p>\n<p>Blobel, Prof. Dr. Reiner Auf dem Klingenberg 18 74523 Schw\u00e4bisch Hall FDP<br \/>\nBrauer * Stephen Im Schanzbuck 16 74564 Crailsheim FDP<br \/>\nBullinger MdL, Dr. Friedrich Zur Linde 22 74585 Rot am See FDP<br \/>\nDollmann * Florian Meisenweg 12 74595 Langenburg FDP<br \/>\nHeilenmann, Dr. * Jochen B\u00fcrkhofstra\u00dfe 4 74545 Michelfeld FDP<br \/>\nLober Friedrich M\u00fchlstra\u00dfe 14 74586 Frankenhardt FDP<\/p>\n<p><strong>\u00d6DP<\/strong><br \/>\nErtl Rainer Bahnhofstra\u00dfe 22 74541 Vellberg \u00d6DP<br \/>\nZahn * Friedrich Unterroter Stra\u00dfe 7 74405 Gaildorf \u00d6DP<\/p>\n<p>*\u00a0\u00a0 neu im Kreistag<\/p>\n<div class=\"pdf24Plugin-cp\"> \t<form name=\"pdf24Form0\" method=\"post\" action=\"https:\/\/doc2pdf.pdf24.org\/wordpress.php\" target=\"pdf24PopWin\" onsubmit=\"var pdf24Win = window.open('about:blank', 'pdf24PopWin', 'resizable=yes,scrollbars=yes,width=600,height=250,left='+(screen.width\/2-300)+',top='+(screen.height\/3-125)+''); pdf24Win.focus(); if(typeof pdf24OnCreatePDF === 'function'){void(pdf24OnCreatePDF(this,pdf24Win));}\"> \t\t<input type=\"hidden\" name=\"blogCharset\" value=\"Cw1x07UAAA==\" \/><input type=\"hidden\" name=\"blogPosts\" value=\"MwQA\" \/><input type=\"hidden\" name=\"blogUrl\" value=\"yygpKSi20tcvLy\/Xy8jPSM3LARK6pXnpqWmZOSWpRSV6KakA\" \/><input type=\"hidden\" name=\"blogName\" value=\"88jPSM3LARK6pXnpqWmZOSWpRSUA\" \/><input type=\"hidden\" name=\"blogValueEncoding\" value=\"gzdeflate base64\" \/><input type=\"hidden\" name=\"postId_0\" value=\"MzI2twQA\" \/><input type=\"hidden\" name=\"postTitle_0\" value=\"HY47DsIwEESvMiVUiAIJDsBH4tOkoHbilb2ys0G2QyQq7sAVcpPchJOwoXyamae5UU8J50Sci3HgFhcjNsyMqvHDNNacG4+TiRHeFGy2uHJxkcnq8Pv+4KBlwn0afaT0JCVh14vD4p8s0XLBeoeKy4sEuUxjCrmQDk0o3AlWOJLTyM4e4yOCEYF6FLvGE6JR3Z4lP1KvZyj5rtb+QMmS\/AA=\" \/><input type=\"hidden\" name=\"postLink_0\" value=\"yygpKSi20tcvLy\/Xy8jPSM3LARK6pXnpqWmZOSWpRSV6Kan69gW2RsbmlgA=\" \/><input type=\"hidden\" name=\"postAuthor_0\" value=\"AwA=\" \/><input type=\"hidden\" name=\"postDateTime_0\" value=\"MzIwsNQ1MNM1tFQwsLAyMLMysAAA\" \/><input type=\"hidden\" name=\"postContent_0\" value=\"jVjJbtvIFt2\/r6hldyDJoiRqSBsBrMhDPLUhJTHgXdkskQUViwJZjPH0Ib16QGeRb8jKq+jH3rlFUhykOAGS2CHrzueee4vH63fHiYkj7b+b8YR9iWK1\/ZYupS8YD42ST4Fgp9oTsS8etUwYfmNXsZCJ4X7yzAMFkZCNOuwy1ZL1ut0JkyG75tpb0Sm2eAqet98eZfIUsAuuFFNS+IYlQhrmi8SIWLfYLNJaxKSyxZxxRVeLHOqwGfeFLzRbca2Z5lBFbmy\/L5dCZz5qNhX01oR4m2qf\/eFMKnr+ZEJqwe4jCkdxvD+VOlnHKVThjS8UOfUsYk\/oDntIw8r7RxGLp8BI8lpqD+KpYXN6lDyKQKglfigRxGTVE4mNPeYmQfoOhI+\/Ar7CFPRKhK1ZCqXFE5ZEz1Jkp+6R3dI4OTbDgZrjIjmif+O9s1apPbBTXRwtjbcojUce7Gnk0DD67bOIlTAbCkYABCRgYxWoloJij1GGTYsBAUynMdukAEySSJTuWaA8MghZiDxRbXXCnG636RwyKk0ssoiAuUfhidQI85adJizcviQkyZbbl9hGoJm\/fVGGnKkET3o\/acAHmY3lkiS+RHo\/D8AYD0O4vqtupmP7QlCwBeWaeXBjLnwpqIr09lsiPQkYLExqjM9jBDxP1+sQEEO38O2\/gvWcFht13aFbHkIyWEypJDvHR3lfHR+t3\/3nuOyzho9vdweZM3A7g57714+vDH+K8w8pA4YCheQLdiONjxZC4Spybvf4MWZHsFKYsOerR4aTTrc3+Kui9lxYreZnOsdNndZtI6SSPrJUOToYtQZDdhdHG7RjM9pPuigf8iTDcCOMEaoi3euMej3Wb00GDYPnr8sNh51+t8cmw1Z3+Kqk0FVfh0ixM2p6+X72KdfxHnBKLKmg3cJohVam7hVAmwTAZoAq\/gsO8ZKywpmo07e6C6st1pu0nG6RGFAbXkmzEQ1vz+anH07ZvrJBpzcZV5SNW+NhRdnkoLLF3aypafcq2kiuvFpQd0CtkLWo9jwZOwDloHTEQbknpSOH\/Tifb\/93e5o\/nOL32e2HBZt0j2aINXt5u2dpAJCOq5a6LdctLbmH0ze7y5+cYeKIRtXyAPcsjTrD3rBmqdcvLQ0PWtp+99b5o+0\/q0hFPtloHzJ4dMZDNIqwPPwpfAYB7fGBM+q4w0qB+63RqHShl7vQAOork\/VndS\/b286n3fS2Q\/QEU2qNYRCBW+z0hkL84gz21C0MTL9ljtvpDjt0NH9+y0OMjSjW9HORk+Pd9QP7G4SYp\/+PGVJBB3W5QIBkTZaf3X+zeSg15t864CAbm1KaQBIjfhkpX\/x5qHMbnk4xjiF1IVSIUX0RqZQWmGfhIzA2GriDUTY6MGv0KhDYV8r2nwm9wZ6glj5tCQtaTHRAXcN6I5IFSvYSX5HGBIEsu8daAw+uaQ6WA6MHBQMo+JumcaRNw\/Sp7wuk7A2bc6i44zqKecgL6f6ApLsuO+dSeVG8rEiep3BQQzK3i4ob0D\/tBQh6NCTHhwP2PoZo0rCK9ChIXtidwGSJETCSJLDZfU3yRkaKs3lErAF3A1W46oxtoCN2ls1CKPYrcncyMhTmDbCBWi9Mp32iNW8X2OnbRI8mhThPK8Jzzh\/ZCTYsgZF9ErJ7KRJYoJ3wdW\/nwBP7ZDjwsMbaSOMaKev3fl3UbP+xNpDRs5gDIbB8s30JFCzpIt4hm9IjEW9ETR6qQ+mZ9j1Qnhwu0bD3mutITIQd06bMmEAicjRjvNp+e1rR2pzDy6Ztko2f9ZIyUlOx\/U46prH0YVpUEgcfitQ7BDJ37KKqBvs\/WwhRUXLPn1aKPJYKe2\/IzmHcZt4CbIxBwGlGN8CZhX0ZBbS8X8n4KSg8Htm0DYq0GTpQyj1IoaJkFSHsS9okM7i0r1P0TbwDS29yOHMNlrAzdo8n+H9RTjAj7WzsHLuf92yzYqli8jNkZLpyFaAs6ZeEcZpiTW3PMU5N1UkCiNsfI63JDno1NdHTKuuIVQpYc2UX7524bX04tEjVhhLevubpsqHirODKyPYxvN5+14\/YY1bMsfWZDIhot\/\/abqxKngMa1hxuZktKBzvFHSBLQn8fD1XRizx3VzxW7Qts6xt2Za8JuF34md9u30VcEiQae6YuHC1pn66UICefKy6TEtfOPriqWj5sEr5iV0qEBJJ5+ogfNdGRS8nAWN0L\/Gr73adphBtdAlrAiFFRkHek41rZHpsqyrXl16osVKZhmMm2QfuGFEm6jWSZs+LjHvUIfwToGtKSbgAbHmh2iXsOXW2yfiw8t+LYsgAsTGeTBDDT9ECGsIbLMy7Ib1i2tkbrgJ3QSk\/u7fh4vEcMNT04BZDkvHQr1CqLYGhB17XTKo7qpfsYg0PqmKkz4vAAI9YUwHUerjk8\/yjDiPwFowidUVrWfM0JUpUvqOgqBdan2B9MJkmOO79AzD3drmNYLoH3EZsAimC4qpKh0\/8dCri324W9MFRV0uxX6AjW\/wUK79M4NIG1nM\/SKSoeRMrbwdhOB4yqDyC4qGz8BscdWP1n\/Iv0LLHoZYwiTcFxWGiea1jLmrxOoaQr30ro84oStsXZiccJuAbMRnfuCsM1l5NSwY6YUk\/aOi\/RTrutphlZKXcBmkQCLcxoP1E+R0VBgGnsV8lx8pr3dxCL8QTrDXFN+xIEvGQPz\/TNJ8744VB9SwULvgJ2ORbklN141\/DkVmL151GC1sb5Z5nYPDyhYIrS0WHu5Oh3FEMiXq\/ZfPviSd8uFjl02tfQ2bYkNPi1ns+Rb1hOQOhBavz1mnr8N3x4kOu13UEuOHEnlyiNrCDDGR2YWxZmdeTll73meI15St\/lOPiISKTYOZit2GCAHYigRQPtaCrVhtXujGcipdbPfEPdcAp1nEZfsKATQUlqmOF+a9WUoOy27vnGmHEjbhNLipG+b+XgP5SmuiIklbalNLuN2GkGrsRmI4hy+uPf0nIFjm1fcSX1CnsVRocnOTtDN+TT1m12Q5HYxjKDG2\/zMjlVtCK26P647NiZMM8+952kS9y5aFIR5jMmdX7qbnmZpurZzlsYsaYPrB8suLD8Pqa7naLedhXhVKmsxdAz2YgqmfEhzW9G2Y2ouV7slMzQUbZ4oFUVxZJrdmPhaUneik5c+txKYaXEqjvRC4KHJuFiPl5G2VdiTNsVclsg3DbYwM2hSHO+ouWaVqmK43a+JfVVeWgvBCtR7DdUmnq1tv9Uy5WTKqiN+s1+j8UWUPEoy8nAYZ\/BO7ZaVkHesLQxvGluTJjOFUIcNak4cyBz6s2Prz++Mi1S+kpffAmwL\/8P\" \/> \t\t<a href=\"https:\/\/www.pdf24.org\" target=\"_blank\" title=\"www.pdf24.org\" rel=\"nofollow\"><img src=\"https:\/\/www.hohenlohe-ungefiltert.de\/wp-content\/plugins\/pdf24-post-to-pdf\/img\/pdf_32x32.png\" alt=\"\" border=\"0\" height=\"32\" \/><\/a> \t\t<span class=\"pdf24Plugin-cp-space\">&nbsp;&nbsp;<\/span> \t\t<span class=\"pdf24Plugin-cp-text\">Sende Artikel als PDF<\/span> \t\t<span class=\"pdf24Plugin-cp-space\">&nbsp;&nbsp;<\/span> \t\t<input class=\"pdf24Plugin-cp-input\" style=\"margin: 0px;\" type=\"text\" name=\"sendEmailTo\" placeholder=\"Emailadresse\" \/> \t\t<input class=\"pdf24Plugin-cp-submit\" style=\"margin: 0px;\" type=\"submit\" value=\"Senden\" \/> \t<\/form> <\/div>","protected":false},"excerpt":{"rendered":"<p>Das vorl\u00e4ufige amtliche Endergebnis der Kreistagswahl vom 7. Juni 2009 im Landkreis Schw\u00e4bisch Hall liegt seit gestern, Donnerstag, 18. Juni 2009, vor. Dagegen kann nach der \u00f6ffentlichen Bekanntmachung (19. Juni 2009) eine Woche lang Einspruch eingelegt werden. Zum Einspruch berechtigt sind laut Rechtsbehelfsbelehrung des Landratsamts Schw\u00e4bisch Hall alle Bewerberinnen und Bewerber sowie alle Wahlberechtigten. Der [&hellip;]<\/p>\n","protected":false},"author":3,"featured_media":0,"comment_status":"open","ping_status":"open","sticky":false,"template":"","format":"standard","meta":[],"categories":[],"tags":[],"_links":{"self":[{"href":"https:\/\/www.hohenlohe-ungefiltert.de\/index.php?rest_route=\/wp\/v2\/posts\/2379"}],"collection":[{"href":"https:\/\/www.hohenlohe-ungefiltert.de\/index.php?rest_route=\/wp\/v2\/posts"}],"about":[{"href":"https:\/\/www.hohenlohe-ungefiltert.de\/index.php?rest_route=\/wp\/v2\/types\/post"}],"author":[{"embeddable":true,"href":"https:\/\/www.hohenlohe-ungefiltert.de\/index.php?rest_route=\/wp\/v2\/users\/3"}],"replies":[{"embeddable":true,"href":"https:\/\/www.hohenlohe-ungefiltert.de\/index.php?rest_route=%2Fwp%2Fv2%2Fcomments&post=2379"}],"version-history":[{"count":3,"href":"https:\/\/www.hohenlohe-ungefiltert.de\/index.php?rest_route=\/wp\/v2\/posts\/2379\/revisions"}],"predecessor-version":[{"id":2382,"href":"https:\/\/www.hohenlohe-ungefiltert.de\/index.php?rest_route=\/wp\/v2\/posts\/2379\/revisions\/2382"}],"wp:attachment":[{"href":"https:\/\/www.hohenlohe-ungefiltert.de\/index.php?rest_route=%2Fwp%2Fv2%2Fmedia&parent=2379"}],"wp:term":[{"taxonomy":"category","embeddable":true,"href":"https:\/\/www.hohenlohe-ungefiltert.de\/index.php?rest_route=%2Fwp%2Fv2%2Fcategories&post=2379"},{"taxonomy":"post_tag","embeddable":true,"href":"https:\/\/www.hohenlohe-ungefiltert.de\/index.php?rest_route=%2Fwp%2Fv2%2Ftags&post=2379"}],"curies":[{"name":"wp","href":"https:\/\/api.w.org\/{rel}","templated":true}]}}