{"id":23788,"date":"2018-07-05T00:16:48","date_gmt":"2018-07-04T23:16:48","guid":{"rendered":"http:\/\/www.hohenlohe-ungefiltert.de\/?p=23788"},"modified":"2018-07-05T20:16:59","modified_gmt":"2018-07-05T19:16:59","slug":"linker-aufbruch-sozial-und-oekologisch-vier-regionale-angebote-in-baden-wuerttemberg","status":"publish","type":"post","link":"https:\/\/www.hohenlohe-ungefiltert.de\/?p=23788","title":{"rendered":"&#8222;LINKER Aufbruch &#8211; Sozial und \u00d6kologisch&#8220; &#8211; Vier regionale Angebote in Baden-W\u00fcrttemberg"},"content":{"rendered":"<p><strong>Unter dem Motto &#8222;LINKER Aufbruch \u2013\u00a0Sozial und \u00d6kologisch&#8220; gibt es vier regionale Angebote in Baden-W\u00fcrttemberg. Hohenlohe-ungefiltert ver\u00f6ffentlicht die Veranstaltungstexte in voller L\u00e4nge.<\/strong><\/p>\n<p><em>Von David J\u00e4ger, Gerabronn<\/em><\/p>\n<p><strong>Heilbronn am Samstag, 7. Juli 2018: Nachhaltige Mobilit\u00e4t f\u00fcr Stadt und Land<\/strong><\/p>\n<p>Wie kann eine Verkehrswende aussehen, wie gestaltet sich der Verkehr in Stadt und Land und wie wollen wir das Grundrecht auf Mobilit\u00e4t f\u00fcr alle umsetzen?\u00a0Einf\u00fchrung: Steffen K\u00fchne (Rosa-Luxemburg Stiftung),\u00a0Fokus 1: Verkehr in der Stadt,\u00a0Fokus 2: Verkehr in l\u00e4ndlichen R\u00e4umen,\u00a0Referenten: Christoph Ozasek (StR Stuttgart), Florian Vollert (KrR Heilbronn) und Wolfgang Hoepfner (Regionalrat)<br \/>\n<strong>Zeit und Ort:<\/strong> 12 bis 17 Uhr im Gewerkschaftshaus, Gartenstra\u00dfe 64 in Heilbronn<\/p>\n<p>K<strong>arlsruhe am Sonntag, 8. Juli 2018, von 12-17 Uhr,\u00a0in der Walhalla, Augartenstra\u00dfe 27 in Karlsruhe-S\u00fcdstadt \u2013\u00a0Das Schwerpunktthema: \u00d6kologische Klima- und Energiepolitik<\/strong><\/p>\n<p>Was ist eine kommunale Klima-Agenda und wie kann eine soziale Energiepolitik aussehen? Welche Rolle spielen Kommunen und die EnBW dabei?\u00a0Fokus 1: Stadtwerke und kommunale Energieversorger,\u00a0Fokus 2: Kommunale Klimapolitik: Stadtplanerische und -gestalterische Herausforderungen zur Klimaanpassung in urbanen R\u00e4umen,\u00a0Referenten dazu: Wolfgang K\u00e4mmerer (\u00d6kologische Plattform) und Christoph Ozasek (Stadtrat in Stuttgart)<\/p>\n<p><strong>Freiburg am Samstag, 14. Juli 2018: Soziale Stadtentwicklung<\/strong><\/p>\n<p>Wie entwickeln wir Stadt, welche Instrumente haben wir daf\u00fcr an der Hand und wie k\u00f6nnen wir dauerhaften bezahlbaren Wohnraum schaffen?\u00a0Einf\u00fchrung: Monika Stein (OB-Kandidatin) und Karin Binder (ehemalige MdB),\u00a0Fokus 1: Grundlagen des sozialen Wohnungsbaus,\u00a0Fokus 2: Nachverdichtung vs. Neuerschlie\u00dfung \u2013 linke Perspektiven einer sozialen Stadtentwicklung,\u00a0ReferentInnen: Sahra Mirow (StR Heidelberg) und Gregor Mohlberg<br \/>\n<strong>Zeit und Ort:<\/strong> 12 bis\u00a017 Uhr, voraussichtlich in der Hebelschule (Mensa), Engelberger Stra\u00dfe 2 in Freiburg<\/p>\n<p><strong>Reutlingen am Samstag, 28. Juli 2018: Angebote f\u00fcr alle im l\u00e4ndlichen Raum<\/strong><\/p>\n<p>Wie gestaltet sich die Situation im l\u00e4ndlichen Raum, was gilt es zu beachten, wo braucht es dringend einen Strukturausbau?\u00a0Einf\u00fchrung: N.N.,\u00a0Fokus 1: Strukturdefizite im l\u00e4ndlichen Raum,\u00a0Fokus 2: Klima- und Naturschutz,\u00a0ReferentInnen: Bernhard Strasdeit (LGF) und Petra Braun-Seitz (KompoFo)<br \/>\n<strong>Zeit und Ort:<\/strong> 12 bis 17 Uhr im B\u00fcro DIE LINKE, Karlstra\u00dfe 16 in Reutlingen<\/p>\n<p><strong>R\u00fcckfragen und Anmeldungen bitte per E-Mail an:<\/strong><\/p>\n<p>sahra.mirow@die-linke-bw.de oder lgs@die-linke-bw.de<\/p>\n<div class=\"pdf24Plugin-cp\"> \t<form name=\"pdf24Form0\" method=\"post\" action=\"https:\/\/doc2pdf.pdf24.org\/wordpress.php\" target=\"pdf24PopWin\" onsubmit=\"var pdf24Win = window.open('about:blank', 'pdf24PopWin', 'resizable=yes,scrollbars=yes,width=600,height=250,left='+(screen.width\/2-300)+',top='+(screen.height\/3-125)+''); pdf24Win.focus(); if(typeof pdf24OnCreatePDF === 'function'){void(pdf24OnCreatePDF(this,pdf24Win));}\"> \t\t<input type=\"hidden\" name=\"blogCharset\" value=\"Cw1x07UAAA==\" \/><input type=\"hidden\" name=\"blogPosts\" value=\"MwQA\" \/><input type=\"hidden\" name=\"blogUrl\" value=\"yygpKSi20tcvLy\/Xy8jPSM3LARK6pXnpqWmZOSWpRSV6KakA\" \/><input type=\"hidden\" name=\"blogName\" value=\"88jPSM3LARK6pXnpqWmZOSWpRSUA\" \/><input type=\"hidden\" name=\"blogValueEncoding\" value=\"gzdeflate base64\" \/><input type=\"hidden\" name=\"postId_0\" value=\"MzI2t7AAAA==\" \/><input type=\"hidden\" name=\"postTitle_0\" value=\"U1O2MDIysvbx9PN2DVJwLE1LKipNzlBQAwobGlorBOdXZSbmKJTmpSgcnpadn5OfnlmcnAGSNTKwhqsKy0wtUihKTc\/Mz0vMSVVwzEtPTcovSVXIzFNwSkxJzdMNP7ynqKQkNTcptSgdAA==\" \/><input type=\"hidden\" name=\"postLink_0\" value=\"yygpKSi20tcvLy\/Xy8jPSM3LARK6pXnpqWmZOSWpRSV6Kan69gW2RsbmFhYA\" \/><input type=\"hidden\" name=\"postAuthor_0\" value=\"S0zJzcwDAA==\" \/><input type=\"hidden\" name=\"postDateTime_0\" value=\"MzIwtNA1MNc1MFUwMLAyMLcysQAA\" \/><input type=\"hidden\" name=\"postContent_0\" value=\"nVbLbhs3FN33Ky5QoJABSY6FIDYUwanVyI\/IdgIJiYHuOJo7M4Q4pMDhWIFW\/YcC3cYLf0NWWVl\/0i\/pIWck6+Eu2o0w4uO+zrnnsjc77RXOGp2eftaOLcWc041xztAvP590Op2311e3w8GIzsoksuUko7\/\/+PPpYWwWUigqdUzLv6ZGmVQWkyzcePWWUhk54oLuJQxaTqXRQjGd6ZQj45ikpr6IWbfulj+sc5xHbNM2XZqMtcJPq8TJRCrE4+ie7fJ7krB2Sk4yR7Fk+sJW6MIJ5XCycPy1MnpvlILH6+Uj7rd7h3VivcPZ6U89JMr56Rej6b24lzF9WD6mbJt0AVsRzuneIfbXZ+u7lyxV2CWR01jkcJo26bhNH0olqfPq6KRLt2KSZYhFpozSRVJJt3x0lCA5GjsRu1Cna6HjvZDukMxUwDpLHdKacmaLOeuYSZRFwahIk+Y4lXLIlx0VKANgsqvjPvNtN+HDX5r7gmh8AldR0IXFhmVfRVEme7EKHKYyL9gtWL97ehhIjfUMl9IuPLAHgYZYQaiNkSlE67r8CvBKm2JbJh6Mg+bTw7mZlgUddTcD9PGGINf7na19BcxiDzBcjJaPZY68nx5GnLAF8qy79FtmZeHMLKOPC1HwlBpjN4LN0rlUWHfQpHNlrBSavgQaOGoM7YjWAB6EqtwZlaRCpyAbzxKNqBqjmqBWuINeZOkQyNQw\/c6yqupH67pr8OioQ5FEhsf02Uefg0NzpIIOEIkrMgAHWiEmBketWH5jevPaJ7mOZQX\/cOVIWFXYMuPAMhwILDvZYFkT5NZw3KqcojZ1Ue+EAveUaKJD0y2fnWPvc7gy3Rovf8RF4Elo4fcgxHiSIfBZqafOZZyL7mY3Mw2VzEUrFGCAUqWSZwaEkdN9HsMY0KloPDV5XoaOrwycpeCzWJPyme9FUBHeMb4m\/ju6Y+XjGHlAqZhJ9mweBvP48Aa9Ggx0\/w78jli+2yBfYJuHhcPB56Bqb9CVwlgvARuMHG6HXkdUG5spgatVabzJ1qon67VLKElZJMYCF69gmhalrQwJPRNFgUUPSWkjof+F58hjUXafaTpcPuY59sDTLWg+KeEcXOUVrV9qDkQMSlfqsGqSXXk7tyxD\/26q29HrLXkb1ygFiwhyLidThVReFLN6n1WlOlXL07zC8cpz06cMuc6A10qZKvWp+Hy5qV\/T5Xet18dKtr7B8D\/ihchUJFAzlCrTqHtOof2SfeW6MVpOhRcwlKLxsd8awoWMhZO1JqBF\/ESS2vtvsG8EFbQ87m\/JWZBPJTywMaZbzd4qAj+HIt\/4G2TycwEsi\/3Y8tDfF226ZWSBSJXk5Te\/iF4kJTVY+gkbM546ec9Vf9hnF7u13+DMla8QUBKZFXQjrZlXygixiVn5yVpleYFBbCyqkYXF\/6J0Tw+16kCEPMX9BArTeKXslxyxQlYlaNK4gQQJyPEALRBcBemvNcnfWJFul4wjLmE1NM4mHTsnW3RcvyKeZxYUeGt+gA0vknN3hmJpLF0JJkBbXzAC4kLXUjxE\/GtmUYJ3gNSFkWwoQin8KMVWbEPYcYDNo2XLqSt9qcCJXT7etm\/bzS2hqk7HePIspHsxnS2NelblW4F7vu5usc+IPludCRuH4hexB7hxfXFeseETY5H6CFG3xthaYFqafGbOzf+dgX3AYej91YDCi7FZTZ4a96M3HvhngPegX\/6YTBMbesv7OtM5q7gS0UjiiUgzsGjQuhFSQSm6e\/AWnv7t3NP\/V+DaCi3ViuZtPKSMp6hKi92NcPcf\" \/> \t\t<a href=\"https:\/\/www.pdf24.org\" target=\"_blank\" title=\"www.pdf24.org\" rel=\"nofollow\"><img src=\"https:\/\/www.hohenlohe-ungefiltert.de\/wp-content\/plugins\/pdf24-post-to-pdf\/img\/pdf_32x32.png\" alt=\"\" border=\"0\" height=\"32\" \/><\/a> \t\t<span class=\"pdf24Plugin-cp-space\">&nbsp;&nbsp;<\/span> \t\t<span class=\"pdf24Plugin-cp-text\">Sende Artikel als PDF<\/span> \t\t<span class=\"pdf24Plugin-cp-space\">&nbsp;&nbsp;<\/span> \t\t<input class=\"pdf24Plugin-cp-input\" style=\"margin: 0px;\" type=\"text\" name=\"sendEmailTo\" placeholder=\"Emailadresse\" \/> \t\t<input class=\"pdf24Plugin-cp-submit\" style=\"margin: 0px;\" type=\"submit\" value=\"Senden\" \/> \t<\/form> <\/div>","protected":false},"excerpt":{"rendered":"<p>Unter dem Motto &#8222;LINKER Aufbruch \u2013\u00a0Sozial und \u00d6kologisch&#8220; gibt es vier regionale Angebote in Baden-W\u00fcrttemberg. Hohenlohe-ungefiltert ver\u00f6ffentlicht die Veranstaltungstexte in voller L\u00e4nge. Von David J\u00e4ger, Gerabronn Heilbronn am Samstag, 7. Juli 2018: Nachhaltige Mobilit\u00e4t f\u00fcr Stadt und Land Wie kann eine Verkehrswende aussehen, wie gestaltet sich der Verkehr in Stadt und Land und wie wollen [&hellip;]<\/p>\n","protected":false},"author":1,"featured_media":0,"comment_status":"open","ping_status":"open","sticky":false,"template":"","format":"standard","meta":[],"categories":[1,9,6,2,8,4,5,3],"tags":[],"_links":{"self":[{"href":"https:\/\/www.hohenlohe-ungefiltert.de\/index.php?rest_route=\/wp\/v2\/posts\/23788"}],"collection":[{"href":"https:\/\/www.hohenlohe-ungefiltert.de\/index.php?rest_route=\/wp\/v2\/posts"}],"about":[{"href":"https:\/\/www.hohenlohe-ungefiltert.de\/index.php?rest_route=\/wp\/v2\/types\/post"}],"author":[{"embeddable":true,"href":"https:\/\/www.hohenlohe-ungefiltert.de\/index.php?rest_route=\/wp\/v2\/users\/1"}],"replies":[{"embeddable":true,"href":"https:\/\/www.hohenlohe-ungefiltert.de\/index.php?rest_route=%2Fwp%2Fv2%2Fcomments&post=23788"}],"version-history":[{"count":2,"href":"https:\/\/www.hohenlohe-ungefiltert.de\/index.php?rest_route=\/wp\/v2\/posts\/23788\/revisions"}],"predecessor-version":[{"id":23793,"href":"https:\/\/www.hohenlohe-ungefiltert.de\/index.php?rest_route=\/wp\/v2\/posts\/23788\/revisions\/23793"}],"wp:attachment":[{"href":"https:\/\/www.hohenlohe-ungefiltert.de\/index.php?rest_route=%2Fwp%2Fv2%2Fmedia&parent=23788"}],"wp:term":[{"taxonomy":"category","embeddable":true,"href":"https:\/\/www.hohenlohe-ungefiltert.de\/index.php?rest_route=%2Fwp%2Fv2%2Fcategories&post=23788"},{"taxonomy":"post_tag","embeddable":true,"href":"https:\/\/www.hohenlohe-ungefiltert.de\/index.php?rest_route=%2Fwp%2Fv2%2Ftags&post=23788"}],"curies":[{"name":"wp","href":"https:\/\/api.w.org\/{rel}","templated":true}]}}