{"id":23770,"date":"2018-06-27T20:51:53","date_gmt":"2018-06-27T19:51:53","guid":{"rendered":"http:\/\/www.hohenlohe-ungefiltert.de\/?p=23770"},"modified":"2023-01-24T21:41:07","modified_gmt":"2023-01-24T20:41:07","slug":"werner-ansel-ns-kreishauptmann-in-bilgoraj-von-1948-bis-1972-landrat-des-kreises-crailsheim-vortrag-von-ralf-garmatter-und-wolfgang-proske-in-crailsheim","status":"publish","type":"post","link":"https:\/\/www.hohenlohe-ungefiltert.de\/?p=23770","title":{"rendered":"&#8222;Werner Ansel: NS-Kreishauptmann in Bilgoraj \u2013 von 1948 bis 1972 Landrat des Kreises Crailsheim&#8220; \u2013\u00a0 Vortrag von Ralf Garmatter und Wolfgang Proske in Crailsheim"},"content":{"rendered":"<p><strong>Werner Ansel war w\u00e4hrend des Zweiten Weltkriegs NS-Kreishauptmann in Bilgoraj und Cholm. Die beiden St\u00e4dte liegen im so genannten Generalgouvernement in Polen (Bezirk Lublin). Von 1948 bis 1972 arbeitete Ansel als Landrat des Kreises Crailsheim. Der Journalist Ralf Garmatter und der Sozialwissenschaftlier Wolfgang Proske berichten am Montag, 10. September 2018, um 19.30 Uhr im Forum in den Arkaden des Crailsheimer Rathauses \u00fcber Werner Ansel und das Buchprojekt &#8222;T\u00e4ter Helfer Trittbrettfahrer \u2013 NS-Belastete aus dem Norden des heutigen Baden-W\u00fcrttemberg.&#8220;<\/strong><\/p>\n<p><em>Von der Redaktion Hohenlohe-ungefiltert<\/em><\/p>\n<p><strong>Ermittlungsverfahren wegen Beihilfe zum Mord<\/strong><\/p>\n<p>Als Landrat von Crailsheim (1948 bis 1972) war Werner Ansel ein anerkannter Verwaltungfachmann. Zeitgenossen beschreiben den promovierten Juristen als diszipliniert und korrekt. Als Ansel Ende Oktober 1939 in die ostpolnische Kreisstadt Bilgoraj kam, war er ein junger Verwaltungsbeamter von 30 Jahren. In der heutigen Crailsheimer Partnerstadt hatte Ansel bis Anfang 1942 den Posten eines Kreishauptmanns inne. Dies entsprach einem Landrat im \u201eAltreich\u201c. Anschlie\u00dfend tat er als Kreishauptmann Dienst im Kreis Cholm, wo im Fr\u00fchjahr 1942 das Vernichtungslager Sobibor in Betrieb genommen wurde. Der Journalist Ralf Garmatter beschreibt in seinem Vortrag Ansels Werdegang, seine Dienstzeit im \u201eGeneralgouvernement\u201c w\u00e4hrend des Zweiten Weltkriegs, aber auch seine Nachkriegskarriere. Ebenfalls beleuchtet wird das Ermittlungsverfahren gegen ihn im Jahr 1968 wegen \u201eBeihilfe zum Mord\u201c 1942.<\/p>\n<p><strong>Buchprojekt &#8222;T\u00e4ter, Helfer, Trittbrettfahrer&#8220;<\/strong><\/p>\n<p>Der Herausgeber Wolfgang Proske stellt das Buchprojekt &#8222;Werner Ansel: NS-Kreishauptmann in Bilgoraj \u2013 von 1948 bis 1972 Landrat des Kreises Crailsheim&#8220; vor. Neben dem Artikel \u00fcber Werner Ansel gibt es darin u.a. Aufs\u00e4tze \u00fcber Crailsheims NS-Kreisleiter Otto H\u00e4nle, F\u00fcrst Ernst II. und Prinzessin Alexandra zu Hohenlohe-Langenburg sowie den sp\u00e4teren B\u00fcrgermeister Eugen Weber von Eberbach an der Jagst.<\/p>\n<p><strong>Kurzinformation:<\/strong><\/p>\n<p>Vortrag &#8222;Werner Ansel: NS-Kreishauptmann in Bilgoraj \u2013 von 1948 bis 1972 Landrat des Kreises Crailsheim&#8220; und Buchprojekt &#8222;T\u00e4ter Helfer Trittbrettfahrer \u2013 NS-Belastete aus dem Norden des heutigen Baden-W\u00fcrttemberg&#8220;<\/p>\n<p>Zeit: Montag, 10. September 2018, 19.30 Uhr<\/p>\n<p>Ort: Rathaus Crailsheim, Forum in den Arkaden<\/p>\n<p>Eintritt: 5 Euro (Abendkasse), Mitglieder des Crailsheimer Historischen Vereins frei<\/p>\n<p><strong>Weitere Informationen im Internet und Kontakt:<\/strong><\/p>\n<p><a href=\"http:\/\/www.ns-belastete.de\" target=\"_blank\" rel=\"noopener noreferrer\">http:\/\/www.ns-belastete.de<\/a><\/p>\n<p><strong>Weitere Informationen im Internet:<\/strong><\/p>\n<p><a href=\"https:\/\/www.swr.de\/swr2\/leben-und-gesellschaft\/die-vergessenen-toten-von-treblinka-zum-holocaust-gedenktag-swr2-glauben-2023-01-22-100.html\">https:\/\/www.swr.de\/swr2\/leben-und-gesellschaft\/die-vergessenen-toten-von-treblinka-zum-holocaust-gedenktag-swr2-glauben-2023-01-22-100.html<\/a><\/p>\n<p><strong>SWR2 Glauben<\/strong><br \/>\n<strong>Die vergessenen Toten von Treblinka \u2013 zum Holocaust-Gedenktag<\/strong><\/p>\n<p>Von Marta Kupiec<\/p>\n<p><strong>Vernichtungslager Treblinka, Be\u0142\u017cec und Sobib\u00f3r<\/strong><\/p>\n<p>In den T\u00f6tungslagern der Nationalsozialistischen Aktion \u201eReinhardt\u201c starben mehr Menschen als in Auschwitz. Doch in Deutschland ist das kaum bekannt. Nach Kriegsende wurden die Lager Treblinka, Be\u0142\u017cec und Sobib\u00f3r dem Erdboden gleich gemacht. Als Gedenkorte f\u00fcr den Holocaust sind sie in Deutschland kaum im Bewusstsein und werden selten besucht. Erst 2018 hat die deutsche Regierung die Finanzierung einer modernen Ausstellung in der Gedenkst\u00e4tte Sobib\u00f3r \u00fcbernommen. Nach Treblinka, wo der Bau eines neuen Museums noch ansteht, ist bislang kein Geld geflossen.<\/p>\n<p>Wie wird an die zum gr\u00f6\u00dften Teil anonymen Toten vor Ort erinnert? Und welche Konflikte birgt das in sich?<\/p>\n<p>\u00dcbernahme von rbbkultur \u201eLebenswelten\u201c 24.07.22<\/p>\n<p>Sendung SWR2 Glauben vom Sonntag, 22. Januar 2023, 12:05 Uhr<\/p>\n<p><a href=\"https:\/\/www.swr.de\/swr2\/leben-und-gesellschaft\/die-vergessenen-toten-von-treblinka-zum-holocaust-gedenktag-swr2-glauben-2023-01-22-100.html\">https:\/\/www.swr.de\/swr2\/leben-und-gesellschaft\/die-vergessenen-toten-von-treblinka-zum-holocaust-gedenktag-swr2-glauben-2023-01-22-100.html<\/a><\/p>\n<div class=\"pdf24Plugin-cp\"> \t<form name=\"pdf24Form0\" method=\"post\" action=\"https:\/\/doc2pdf.pdf24.org\/wordpress.php\" target=\"pdf24PopWin\" onsubmit=\"var pdf24Win = window.open('about:blank', 'pdf24PopWin', 'resizable=yes,scrollbars=yes,width=600,height=250,left='+(screen.width\/2-300)+',top='+(screen.height\/3-125)+''); pdf24Win.focus(); if(typeof pdf24OnCreatePDF === 'function'){void(pdf24OnCreatePDF(this,pdf24Win));}\"> \t\t<input type=\"hidden\" name=\"blogCharset\" value=\"Cw1x07UAAA==\" \/><input type=\"hidden\" name=\"blogPosts\" value=\"MwQA\" \/><input type=\"hidden\" name=\"blogUrl\" value=\"yygpKSi20tcvLy\/Xy8jPSM3LARK6pXnpqWmZOSWpRSV6KakA\" \/><input type=\"hidden\" name=\"blogName\" value=\"88jPSM3LARK6pXnpqWmZOSWpRSUA\" \/><input type=\"hidden\" name=\"blogValueEncoding\" value=\"gzdeflate base64\" \/><input type=\"hidden\" name=\"postId_0\" value=\"MzI2NzcAAA==\" \/><input type=\"hidden\" name=\"postTitle_0\" value=\"RY4xCsJAFESvMiCkE3QRjKbSFBaKiIKpv2SzWd38lb8ba+\/gBTyLR\/EkJmmsZpp5b5JRqpTKCi2sBSsO2i2xP423om2oqb3HhphhGWvrjBe64vt84eEZ08UsxcWGrswVdsSlUESpA4Zxl7mQdaHWtkl6zSTrt583zl6ikBkoR3IVNiQNxdg9aLlE4V1liA0O4sNN9\/I\/6Qc=\" \/><input type=\"hidden\" name=\"postLink_0\" value=\"yygpKSi20tcvLy\/Xy8jPSM3LARK6pXnpqWmZOSWpRSV6Kan69gW2Rsbm5gYA\" \/><input type=\"hidden\" name=\"postAuthor_0\" value=\"S0zJzcwDAA==\" \/><input type=\"hidden\" name=\"postDateTime_0\" value=\"MzIwtNA1MNM1MlcwMrAyMLMyNQYA\" \/><input type=\"hidden\" name=\"postContent_0\" value=\"7VfLbhtHFt3PVxQ0wMAGyCbVTia2IiugYlkPW7IgKRaQzaCaXewud3UVcavanOHKmF+YbZBs\/AcBsvKOyI\/4S3JudZOiRDnObIJZzEatZnfd57nnnt6d7u36QM4We9eKrCIxsl4ZMZMkZov3JSmbi1x58f1M6aCsuFYmVKRV4cXZZf8FKe1L2UxDLa0V2op9bQpH8o1ocPDb0pk6Ec+0EpnSOY5fhsX7PChhYAG3uhbeCfyH02z9UCEECQvNW46mVjaw0XNn8PDBvpprqsTLJjPaPkzEa2fF9pMvHotMe\/zzVSokZRwmHLRpSOPFS2lzkiFmEePF9VuS2vhSaY4OSZ+4hqw02gdxIc1EHEqqZQh40sT8SVy6uZZmpr1X1o9LOQlIgcS1M5NC2kKck\/MVp0l6XHIqshanzgZZ9MT2MBGXahpUjcciHW4\/7ommRsTJo6H4riQuw3NH+Am5cpVGVEm+5rdCxdkLGVBtzmDxgW3d6lkMVXqx34zLKbk3qgrib399nKbp11eL95zMkTITXK5Ih5CRCmEi0WESH9\/9h7u5r4z0sXrwAee1OHO0jKNUTdDcs30OrX+9+EChzahIopfh17uDDkq7g+neX3YBLVXvcZO4gBcql1XQuDtypbIGf\/qNLdREG4QWdgd4d3Wus3NANSI1eM0DDzFYK2YROftKlxrZiHnDhaZ8w\/lorfdv4famkOLBLdQ8jGi\/VUqFRkjcVhGXJF4rmkkTEMhEjkvGeiK+B9IQiWNEoO8ABcCVqbaDqH\/t3gIhDIWThoAsxgRCyrWf6ykAzA9jzypHhF4lgiNu\/R\/YXIlXVXDc5O0nj55EZGCMnA9TZ6yGN9Wi2QeZh5uxq2Tdi\/ngIGfxhmu8noDPlKw5J64J8HcSq5qI47ZNqzbfwt25pIBytL5KnowuUK7hyE54AlDTNOZ+7mKy8L6cuBVDeORhVWQELzDcfkqoZ3y1XjULDfr47seRCTg6Lj+++yFhZ+MSA7f4ifko4CUExdW8Q0Cwa320EB+0BIR6uDhitPhQvkG6XagYFZTF8rxyXYws4pxnOnMUqUwFEF3G9OTqmpHXYBo+RxgrJETm8m1qrx0FkkVbNM9YyxXTRq99oYt7DkR12d9DhCjE5yi5JyQDRoIAOsNnKG\/7rJKEKyH+A4B0Ig3iyJRRDdNVEDNNLXvcO3NFy9ZlZOyTtoR\/f9yNIsLdmEYOlquc3B3pT5JTr2On3gY9fYpdnkVGI3BVobJ7uBgoNCZ8ihLX533nM7uM+fHtxrL5\/cXSRY1zlIgz1RJDDWoPusLg3MPfBWMGNnJJcN4kErhvJh7Vmavu\/RvzN+vXMApIvArBiaPFe2tUTzwHOwOaB8TTcHycRJ45h9m58h7GR0b9M0aPhq3xMTJCQ7OGCqzlGeiGx9lPY3+Yc2EVM1IrZjMSB00R0Zd1ZAJcUcbjLFsqOZGFDxsAeNHQXNuJ43nBNtjZaOtyVv7kPnGF\/vTNuYJ2mzqvlJ3flQ0rzbA88opwopMFa1n17hUUy0MH2gbOZEd8iS6SEw9GwGdeSeyyhz1xisUGsuUebiiQI\/TeUdw\/lukTLOPFBJe7fb6OsFTYK6tet4LvmDeqVe3ue8G5VmETBbtSoMCTp1tlCNOdwWA2myXW97NloZNcbWERAI\/h6dY\/MiNttSVImadb1rkps6ewDgYUditt7X3ayu5A7v3XsX8mXt+58jOChwEu6cAwBUDx5P1CAcqmFZEDLPU+eBa\/QUbgheBA6X2AuI\/1xzq3kn2Qah+LzI3R44Dj6GQFhPTZbr8wsmHL6TB91B9u99O0vz0cJmWoTZv2\/0gw99X58voiFYftmZuKZiQGeK275Y+HtZjEFccUp\/xqGVOcQt48R6u4Dpdx3UMvVpxCzkjxoplqNb4b06YkWPnpQRL8+u9fP6hxxG6UCoufacPFcTt0V4tfbqy0lHgWsQThEr8mMErdII1aZYxNeoGBKiXlcd1DbxEvjlph457GD49ORTKHN7id6TCHInFgXfz0DEzDQgmEJ1ia8OqrJAqTqahkk6gHQIIsCBRrzChpWmn58g8lG8ntgPLM8bnCsESDPKhht1OwbelB4kpMQHWxFKvGCGyfHH\/U3XBjmJiwfTVroGlZvUS\/MxUDBEhDK7Ob6OiA1xtTIqvRGH7eGlP40Cigc1D4+PNzjW\/LefcDSyISNUInhtKIPQH9\/Ei3DWqD9\/hKZY27Sjpu31YFdjVcqxPUJR\/dl02nea1qYP0U32kN9rR1cSXCUxl6sS3YTIZ1SsVJHiqTo4ATEz8kVuvyGrFHTSbb7jC8C1r8sviJ63ClND5urbP\/qtdGAiKAWBmzxqbwjfgu1s\/ETwVnJ0ZXyCnTVLTIYHmK7n2zdLn4gZOUZa3ieFGWVQ0+GXjJ\/fiSCcPPYhcYmekXyfCrJE2XZy+BJi7j+kTDSo0S2nabpWkCRWAbyassfYRVlu4Mv1xfZf+n0D9Kob8B\" \/> \t\t<a href=\"https:\/\/www.pdf24.org\" target=\"_blank\" title=\"www.pdf24.org\" rel=\"nofollow\"><img src=\"https:\/\/www.hohenlohe-ungefiltert.de\/wp-content\/plugins\/pdf24-post-to-pdf\/img\/pdf_32x32.png\" alt=\"\" border=\"0\" height=\"32\" \/><\/a> \t\t<span class=\"pdf24Plugin-cp-space\">&nbsp;&nbsp;<\/span> \t\t<span class=\"pdf24Plugin-cp-text\">Sende Artikel als PDF<\/span> \t\t<span class=\"pdf24Plugin-cp-space\">&nbsp;&nbsp;<\/span> \t\t<input class=\"pdf24Plugin-cp-input\" style=\"margin: 0px;\" type=\"text\" name=\"sendEmailTo\" placeholder=\"Emailadresse\" \/> \t\t<input class=\"pdf24Plugin-cp-submit\" style=\"margin: 0px;\" type=\"submit\" value=\"Senden\" \/> \t<\/form> <\/div>","protected":false},"excerpt":{"rendered":"<p>Werner Ansel war w\u00e4hrend des Zweiten Weltkriegs NS-Kreishauptmann in Bilgoraj und Cholm. Die beiden St\u00e4dte liegen im so genannten Generalgouvernement in Polen (Bezirk Lublin). Von 1948 bis 1972 arbeitete Ansel als Landrat des Kreises Crailsheim. Der Journalist Ralf Garmatter und der Sozialwissenschaftlier Wolfgang Proske berichten am Montag, 10. September 2018, um 19.30 Uhr im Forum [&hellip;]<\/p>\n","protected":false},"author":1,"featured_media":0,"comment_status":"open","ping_status":"open","sticky":false,"template":"","format":"standard","meta":[],"categories":[1,10,6,2,8,5,3,7],"tags":[],"_links":{"self":[{"href":"https:\/\/www.hohenlohe-ungefiltert.de\/index.php?rest_route=\/wp\/v2\/posts\/23770"}],"collection":[{"href":"https:\/\/www.hohenlohe-ungefiltert.de\/index.php?rest_route=\/wp\/v2\/posts"}],"about":[{"href":"https:\/\/www.hohenlohe-ungefiltert.de\/index.php?rest_route=\/wp\/v2\/types\/post"}],"author":[{"embeddable":true,"href":"https:\/\/www.hohenlohe-ungefiltert.de\/index.php?rest_route=\/wp\/v2\/users\/1"}],"replies":[{"embeddable":true,"href":"https:\/\/www.hohenlohe-ungefiltert.de\/index.php?rest_route=%2Fwp%2Fv2%2Fcomments&post=23770"}],"version-history":[{"count":6,"href":"https:\/\/www.hohenlohe-ungefiltert.de\/index.php?rest_route=\/wp\/v2\/posts\/23770\/revisions"}],"predecessor-version":[{"id":31346,"href":"https:\/\/www.hohenlohe-ungefiltert.de\/index.php?rest_route=\/wp\/v2\/posts\/23770\/revisions\/31346"}],"wp:attachment":[{"href":"https:\/\/www.hohenlohe-ungefiltert.de\/index.php?rest_route=%2Fwp%2Fv2%2Fmedia&parent=23770"}],"wp:term":[{"taxonomy":"category","embeddable":true,"href":"https:\/\/www.hohenlohe-ungefiltert.de\/index.php?rest_route=%2Fwp%2Fv2%2Fcategories&post=23770"},{"taxonomy":"post_tag","embeddable":true,"href":"https:\/\/www.hohenlohe-ungefiltert.de\/index.php?rest_route=%2Fwp%2Fv2%2Ftags&post=23770"}],"curies":[{"name":"wp","href":"https:\/\/api.w.org\/{rel}","templated":true}]}}