{"id":23744,"date":"2018-06-21T19:28:08","date_gmt":"2018-06-21T18:28:08","guid":{"rendered":"http:\/\/www.hohenlohe-ungefiltert.de\/?p=23744"},"modified":"2018-06-21T19:40:32","modified_gmt":"2018-06-21T18:40:32","slug":"im-betrieb-gegen-rechts-vortrag-in-schwaebisch-hall-von-andre-kaufmann-gewerkschaftssekretaer-der-ig-metall","status":"publish","type":"post","link":"https:\/\/www.hohenlohe-ungefiltert.de\/?p=23744","title":{"rendered":"&#8222;Im Betrieb: Gegen Rechts&#8220; \u2013 Vortrag in Schw\u00e4bisch Hall von Andr\u00e9 Kaufmann, Gewerkschaftssekret\u00e4r der IG Metall"},"content":{"rendered":"<p><strong>Einen Vortrag mit dem Titel &#8222;Im Betrieb: Gegen Rechts!&#8220; h\u00e4lt\u00a0Andr\u00e9 Kaufmann,\u00a0Gewerkschaftssekret\u00e4r der IG Metall am Mittwoch, 4. Juli 2018, um 18 Uhr im\u00a0Haus der Gewerkschaften (Tagungsraum),\u00a0Schlichtweg 4, 74523 Schw\u00e4bisch Hall. Veranstalter sind der IG Metall-Kreisverband Schw\u00e4bisch Hall und der IG Metall-Ortsverein Schw\u00e4bisch.<\/strong><\/p>\n<p><em>Von der IG Metall Schw\u00e4bisch Hall<\/em><\/p>\n<p><strong>Rechte wollen Arbeitnehmer spalten<\/strong><\/p>\n<p>Seit geraumer Zeit versuchen Rechte aller Couleur, darunter auch Faschisten, in den Betrieben Fu\u00df zu fassen und sich den Besch\u00e4ftigten als vermeintliche \u201eAlternative\u201c anzubieten. Beispiele daf\u00fcr w\u00e4ren die Versuche der AfD in Ostdeutschland, \u00fcber den Scharfmacher Bj\u00f6rn H\u00f6cke und seinem \u201eAlternativen Arbeitnehmerverband Mitteldeutschland\u201c (kurz: ALARM!) die Belegschaften zu spalten, so geschehen bei der Demo gegen die Schlie\u00dfung des Siemens Werks in Erfurt oder bei einer Protestkundgebung der IG Metall bei Opel in Eisenach.<\/p>\n<p><strong>Zentrum Automobil konnte sich\u00a0weiter ausdehnen<\/strong><\/p>\n<p>Desweiteren existiert seit 2009 im Untert\u00fcrkheimer Daimler-Werk ein rechtsgerichteter \u00a0betrieblicher Zusammenschluss namens \u201eZentrum Automobil\u201c. Dieser wurde von FaschistInnen gegr\u00fcndet, wie z.B. dem Rechtsrocker Oliver Hilburger, der auch Kontakte zum NSU pflegte. Dieser ist aber nur die Spitze des Eisbergs: in der gesamten Organisation geben sich verschiedenste Rechte die Klinke in die Hand, sodass auch \u201eZentrum Automobil\u201c von verschiedenen rechten Initiativen wie \u201eEin Prozent\u201c oder dem braunen Hetzblatt \u201eCompact\u201c und Teilen der AfD massiv unterst\u00fctzt wird. Anlass dazu waren die Betriebsratswahlen Anfang des Jahres.\u00a0Leider ist es Zentrum gelungen, sich weiter auszudehnen. Ableger bestehen mittlerweile bei den Daimler-Werken in Rastatt und Sindelfingen, aber auch bei Stihl in Waiblingen. Dar\u00fcber hinaus wohnen viele Zentrum-Funktion\u00e4re im Rems-Murr-Kreis.<\/p>\n<p><strong>Rechte Scheingewerkschaften<\/strong><\/p>\n<p>Das Ziel der Gegenseite ist klar: \u00fcber L\u00fcgen und Hetze einen Keil in die Belegschaften zu treiben, um dort Rassismus und Chauvinismus zu verankern. Dementsprechend m\u00fcssen wir uns damit besch\u00e4ftigen, wie wir die Rechten zur\u00fcck dr\u00e4ngen und die eigene Gewerkschaftsarbeit verbessern k\u00f6nnen. Wir laden daher zu einem Vortrag mit anschlie\u00dfender Diskussionsrunde \u00fcber das &#8222;Zentrum Automobil&#8220; ein, bei der ein langj\u00e4hriger Gewerkschaftssekret\u00e4r Einblicke in die aktuellen Entwicklungen gibt und \u00fcber die Aktivit\u00e4ten rechter Betriebsr\u00e4te und Betriebsstrukturen informiert. Im Fokus stehen auch die Verlogenheit rechter Scheingewerkschaften und die Tatsache, dass rechte Phrasen sogar bei manchen Gewerkschaftsmitgliedern Anklang finden. Neben dem informativen Teil wollen wir auf der Veranstaltung auch diskutieren, wo wir stehen und was wir gegen Faschisten im Betrieb konkret machen k\u00f6nnen.<\/p>\n<p><strong>Weitere Informationen und Kontakt:<\/strong><\/p>\n<p>Silvia Wagner, DGB-Kreisvorstand Schw\u00e4bisch Hall, Schlichtweg 4, 74523 Schw\u00e4bisch Hall,\u00a0Gewerkschaftssekret\u00e4rin,\u00a0DGB-Bezirk Baden-W\u00fcrttemberg,\u00a0B\u00fcro Schw\u00e4bisch Hall,\u00a0Schlichtweg 4,\u00a074523 Schw\u00e4bisch Hall<\/p>\n<p>Telefon: 0791 950290<\/p>\n<p>Mobil: 0170 8514009<\/p>\n<p>Telefax: 0791 9502932<\/p>\n<p>E-Mail: silvia.wagner@dgb.de<\/p>\n<p><strong>Internet:<\/strong><\/p>\n<p><a href=\"http:\/\/nordwuerttemberg.dgb.de\/ueber-uns\/kreisverbaende\/kv-schwaebisch-hall\" target=\"_blank\" rel=\"noopener noreferrer\">http:\/\/nordwuerttemberg.dgb.de\/ueber-uns\/kreisverbaende\/kv-schwaebisch-hall<\/a><\/p>\n<p><a href=\"http:\/\/www.nordwuerttemberg.dgb.de\/\">www.nordwuerttemberg.dgb.de<\/a><\/p>\n<p><a href=\"http:\/\/www.bw.dgb.de\/\">www.bw.dgb.de<\/a><\/p>\n<p><a href=\"http:\/\/www.facebook.com\/bw.dgb\">www.facebook.com\/bw.dgb<\/a><\/p>\n<p><a href=\"http:\/\/www.twitter.com\/dgb.bw\">www.twitter.com\/dgb.bw<\/a><\/p>\n<p><strong>Mitglied in einer DGB Gewerkschaft werden:<\/strong><\/p>\n<p><a href=\"https:\/\/www.dgb.de\/service\/mitglied-werden\/index.html\">https:\/\/www.dgb.de\/service\/mitglied-werden\/index.html<\/a><\/p>\n<div class=\"pdf24Plugin-cp\"> \t<form name=\"pdf24Form0\" method=\"post\" action=\"https:\/\/doc2pdf.pdf24.org\/wordpress.php\" target=\"pdf24PopWin\" onsubmit=\"var pdf24Win = window.open('about:blank', 'pdf24PopWin', 'resizable=yes,scrollbars=yes,width=600,height=250,left='+(screen.width\/2-300)+',top='+(screen.height\/3-125)+''); pdf24Win.focus(); if(typeof pdf24OnCreatePDF === 'function'){void(pdf24OnCreatePDF(this,pdf24Win));}\"> \t\t<input type=\"hidden\" name=\"blogCharset\" value=\"Cw1x07UAAA==\" \/><input type=\"hidden\" name=\"blogPosts\" value=\"MwQA\" \/><input type=\"hidden\" name=\"blogUrl\" value=\"yygpKSi20tcvLy\/Xy8jPSM3LARK6pXnpqWmZOSWpRSV6KakA\" \/><input type=\"hidden\" name=\"blogName\" value=\"88jPSM3LARK6pXnpqWmZOSWpRSUA\" \/><input type=\"hidden\" name=\"blogValueEncoding\" value=\"gzdeflate base64\" \/><input type=\"hidden\" name=\"postId_0\" value=\"MzI2NzEBAA==\" \/><input type=\"hidden\" name=\"postTitle_0\" value=\"U1O2MDIysvbMVXBKLSnKTE2yUnBPTU\/NUwhKTc4oKVYDSRtYKzxqmKwQll9UUpSYrpCZpxCcnFF+eElSZnFyhoJHYk6OQll+noJjXkrR4ZUK3omlabmJeXk6QIPKU4uygWoS00qKi1Ozi1JLDi8pUkhJLVLwdFfwTS0B6gQA\" \/><input type=\"hidden\" name=\"postLink_0\" value=\"yygpKSi20tcvLy\/Xy8jPSM3LARK6pXnpqWmZOSWpRSV6Kan69gW2RsbmJiYA\" \/><input type=\"hidden\" name=\"postAuthor_0\" value=\"S0zJzcwDAA==\" \/><input type=\"hidden\" name=\"postDateTime_0\" value=\"MzIwtNA1MNM1MlQwtLQyMLMysAAA\" \/><input type=\"hidden\" name=\"postContent_0\" value=\"rVfNbtxGEr7vU1S0wCIB5kdSbNhWZGFHlm0psqJAki0gl0VzWEN2SDYH3c2hMac8SLDRQZd9AZ900rxJnmS\/apKjGf2sd4E92cPurp+vvvqqtDvd23XelibZe6sNG\/pUWm9VQoX2FHNBF9pzTn\/768vt7e0fjgraZ281Rzv0nhNcP+Nx6t034XzzB0oX17m\/vRqZ2C7+RceqmhTKmN7t1Xuu2WZunKqJd44zy35xbeHB0tF7OmGv8pxUQSfa+7ocpz16NqAfq1zT9ubWyx5VBW29pI+pJV3cXh2qyoW3q2YRzbcXKqlM4qyqiu\/g9Xyc5hoB1pzQsx69ePZ8+3vCx3pxHWm8okO4HdAntso4hOBh0mkTr8fVP7as3YxtpHB0\/zlVD+6fWi\/XWZvV24PdYYv07nC695ddIM\/F3qfS3EPhvoPdIa4tn7QmAu5MdZnnyHtkI9becFpIAlNJxDzwdo4rlLBgg1u\/yC8E6apx2tWRCe5w9qascq5sj2JlKyOgKNyidwohaQfbPdIStenYgP+9qxZ\/0LyiiUJ5TQDFAfr2Fh4urideJ1IllTvxXAAfL+Vh+vO3f44EfKO8nvGfv\/1OysyrSDOuD\/Bcu6nmnBHPZHFjCfBY2Ik1S+lCBgHD0eRAAjt1PubKw2eOgvVocROxDYEAWmVBSTywtP\/r4os1dLj4Ms64CRgRgfLr0ayj27FAeMr5ihsJ+tussvMdGn0YnZ18812Ibx9hJ0t+Ap+2Oj1yJYqBExb44SBkcMCFfE7a7AJ\/efEHOI1jR+eaCzaOLoX0kupbO6msp1Leig1JwNLPtvTsfIacEo6ax6sMk5unU7S1WNAolwrsXGfYL2y8RduNKl8WZaRzykoDMoSy3l7VgCQQw8WcmkfodsCuuYNc+DNooxmROqHd9ubmK\/QxfRRueVQ0S1kLKQ+ULkDAvuQnuZAN8gLSShezOLy9ihrOBeaAx5VThYACqCrnyKiAEGr4IAGUaEAHmh2e1ZWNmWZovo7VR0bkD9jbxY2J2feoRgXmg\/1B0MFG6GwJrlg6zUEMS4c6jyqL6HoB4NAkx6XxKgNMc7j+6fwjTSdggOelZ7giJYQ0lW2KPNV+zqG+KAZOErfT9JcVhqhCmHNqE2W0AyNLCVI6LrSXdDDCZ7Abjdm1sZg9zrUBr3XDpMPQCa6M0Z5NoE8gFDBZscptEfDvkdFetz0h2MACZoawbQ5D8jbwUNCKoDLy9JD9PMqV93L5TVlM1ThclG67YC3a1TVugcj0jILeOJDCzz282HhAI5NL1LFC+9Sq6\/xWeqD13tUqDTJoJqrtlB9VatkNbq8+sI5b1PG5yzjhHG0R2lBQvCPzvGroDK8R6hbaCsBKj2IiepCzlrDbhjVrjMVPwHGmMEmQsKR4jlnC+UQ3rkLVA\/by+tzrNHTgpdIgs1wBR5Rt1CrVRmZcXUowNAvq1wbff1eZTHggKihtdMaF659U1jaDavDErICYsLhZnZgPu1YBJHhrpyuCko7lgF+WK7vTqumHxU3SyrzUmIPyGDoGOB3lHkifR3SRAIECxFgzBCqnXYE8xc6bVFUzbZoPuD6TqYxuE1hE9rybChMZV4vFTZgy4AeeCjVkXYnuxox4EYrKBYnlrKXwvAK+44ywnlybLgG5wPKG1\/YJp4LuSxywjNY1lC2+mECOS9jNlRAgVqJCCLeZHavrkwqiJPqNmEXdtMsgUaicw1iF\/LSDCZC3+9WDhuz2KhjvLYeECCNGTvLr4jq1Orm3Bq1sV+hOkck7FYAwVRw2hrfG1zhpuoASHTWEbSPC1REoNtMw45cKYO96Tj6HB90X0KiCcRt6YFLaQtR+QFgY35VImtoeCuxv53ZewnUqCHfmH2PoskIX6HMZ3LKVQA2aN\/RzapUwwZWJakYgFs6w0axhgnIkueiZFZXIBD2aSHOilj8FNRXVaiJvFU7kqduvhEbYZQP6d8uiDNY2IRRW5lugXRmutwlL9DUKLJ+auX63RUnvtvjJbJWqUdhN7oh2v5Uvm4kKKW4jLU3rpJ07Ow\/XPp3PtILKJEYG1cH7\/XafLSGzjy20Pfqv1uYnl3ot+7642ee5xhzflz7pX2LMY2UqZL7hfB8\/y8dsrvu+vXrceZfcBTRmUpod2nzxaotePd\/cfrXZnZ1IA+Fk68UmvXy+9QxLx9oz9Xn12ffb3eHb\/omShy4AN6gDcH+Pk2gQ8\/16HMm0MvwI7LuKMIEmrzdS76c7w6EpbVxXvMRg0BgcVmCf7UPEhtnyrwyRi2E26yPbWnHIup8i6w3yCuuGf73xDwxVk22gC\/LXG6Yspyx7H3zwhK1lu7H3f3S7O1RPplXX9eApHxt7\/+H0a0ajet3M8vfXHk7UmKOyzAbjshg2rxoLjxx8zRY0EmHb8EK8R3Vj6uH3NUstFU5a0RH1bRZzdMWaLmHxwBpqvsIe10bT4oFJNNNjHnaa1m+MDEXOPg9SX+RN9f\/nZ8sc\/g0=\" \/> \t\t<a href=\"https:\/\/www.pdf24.org\" target=\"_blank\" title=\"www.pdf24.org\" rel=\"nofollow\"><img src=\"https:\/\/www.hohenlohe-ungefiltert.de\/wp-content\/plugins\/pdf24-post-to-pdf\/img\/pdf_32x32.png\" alt=\"\" border=\"0\" height=\"32\" \/><\/a> \t\t<span class=\"pdf24Plugin-cp-space\">&nbsp;&nbsp;<\/span> \t\t<span class=\"pdf24Plugin-cp-text\">Sende Artikel als PDF<\/span> \t\t<span class=\"pdf24Plugin-cp-space\">&nbsp;&nbsp;<\/span> \t\t<input class=\"pdf24Plugin-cp-input\" style=\"margin: 0px;\" type=\"text\" name=\"sendEmailTo\" placeholder=\"Emailadresse\" \/> \t\t<input class=\"pdf24Plugin-cp-submit\" style=\"margin: 0px;\" type=\"submit\" value=\"Senden\" \/> \t<\/form> <\/div>","protected":false},"excerpt":{"rendered":"<p>Einen Vortrag mit dem Titel &#8222;Im Betrieb: Gegen Rechts!&#8220; h\u00e4lt\u00a0Andr\u00e9 Kaufmann,\u00a0Gewerkschaftssekret\u00e4r der IG Metall am Mittwoch, 4. Juli 2018, um 18 Uhr im\u00a0Haus der Gewerkschaften (Tagungsraum),\u00a0Schlichtweg 4, 74523 Schw\u00e4bisch Hall. Veranstalter sind der IG Metall-Kreisverband Schw\u00e4bisch Hall und der IG Metall-Ortsverein Schw\u00e4bisch. Von der IG Metall Schw\u00e4bisch Hall Rechte wollen Arbeitnehmer spalten Seit geraumer Zeit [&hellip;]<\/p>\n","protected":false},"author":1,"featured_media":0,"comment_status":"open","ping_status":"open","sticky":false,"template":"","format":"standard","meta":[],"categories":[1,10,6,2,8,5,3,7],"tags":[],"_links":{"self":[{"href":"https:\/\/www.hohenlohe-ungefiltert.de\/index.php?rest_route=\/wp\/v2\/posts\/23744"}],"collection":[{"href":"https:\/\/www.hohenlohe-ungefiltert.de\/index.php?rest_route=\/wp\/v2\/posts"}],"about":[{"href":"https:\/\/www.hohenlohe-ungefiltert.de\/index.php?rest_route=\/wp\/v2\/types\/post"}],"author":[{"embeddable":true,"href":"https:\/\/www.hohenlohe-ungefiltert.de\/index.php?rest_route=\/wp\/v2\/users\/1"}],"replies":[{"embeddable":true,"href":"https:\/\/www.hohenlohe-ungefiltert.de\/index.php?rest_route=%2Fwp%2Fv2%2Fcomments&post=23744"}],"version-history":[{"count":5,"href":"https:\/\/www.hohenlohe-ungefiltert.de\/index.php?rest_route=\/wp\/v2\/posts\/23744\/revisions"}],"predecessor-version":[{"id":23751,"href":"https:\/\/www.hohenlohe-ungefiltert.de\/index.php?rest_route=\/wp\/v2\/posts\/23744\/revisions\/23751"}],"wp:attachment":[{"href":"https:\/\/www.hohenlohe-ungefiltert.de\/index.php?rest_route=%2Fwp%2Fv2%2Fmedia&parent=23744"}],"wp:term":[{"taxonomy":"category","embeddable":true,"href":"https:\/\/www.hohenlohe-ungefiltert.de\/index.php?rest_route=%2Fwp%2Fv2%2Fcategories&post=23744"},{"taxonomy":"post_tag","embeddable":true,"href":"https:\/\/www.hohenlohe-ungefiltert.de\/index.php?rest_route=%2Fwp%2Fv2%2Ftags&post=23744"}],"curies":[{"name":"wp","href":"https:\/\/api.w.org\/{rel}","templated":true}]}}