{"id":23651,"date":"2018-05-13T18:05:22","date_gmt":"2018-05-13T17:05:22","guid":{"rendered":"http:\/\/www.hohenlohe-ungefiltert.de\/?p=23651"},"modified":"2018-05-13T18:17:12","modified_gmt":"2018-05-13T17:17:12","slug":"da-hilft-nur-noch-die-solidargemeinschaft-der-gewerkschaft-leserbrief-zur-berichterstattung-ueber-den-tag-der-pflege","status":"publish","type":"post","link":"https:\/\/www.hohenlohe-ungefiltert.de\/?p=23651","title":{"rendered":"&#8222;Da hilft nur noch die Solidargemeinschaft der Gewerkschaft&#8220; \u2013\u00a0Leserbrief zur Berichterstattung \u00fcber den Tag der Pflege"},"content":{"rendered":"<p><strong>Tolle, warme Worte ihres Vorstandsvorsitzenden in Werbejingles im Radio, sch\u00f6n farbig gestylte Anzeigenseiten mit W\u00fcnschen nach einer Aufwertung der Pflege, Gro\u00dfkonzerne locken in der S\u00dcDWESTPRESSE mit Startgeldern von 1000 Euro, \u2026 das alles \u00e4ndert \u00fcberhaupt nichts \u2013\u00a0die Besch\u00e4ftigten in der Pflege sind es leid.<\/strong><\/p>\n<p><em>Leserbrief von Jochen D\u00fcrr, Vertreter der Gewerkschaft Ver.di, Schw\u00e4bisch Hall<\/em><\/p>\n<p><strong>Rahmenbedingungen ver\u00e4ndern<\/strong><\/p>\n<p>Solche Aktivit\u00e4ten machen mich zunehmend w\u00fctender, weil offensichtlich dort immer noch nicht die Erkenntnis angekommen ist, dass die Rahmenbedingungen in der Pflege massivst ver\u00e4ndert werden m\u00fcssen.<\/p>\n<p><strong>Die Arbeitsrealit\u00e4ten der Besch\u00e4ftigten sind doch ganz andere:<\/strong><\/p>\n<p>+ Freizeit ist nicht mehr planbar \/ st\u00e4ndiges Holen aus dem Frei<\/p>\n<p>+ \u00dcberplanung von Teilzeitbesch\u00e4ftigten in Dienstpl\u00e4nen ohne deren Zustimmung<\/p>\n<p>+ \u00dcberschreitung der gesetzlichen H\u00f6chstarbeitszeiten<\/p>\n<p><strong>Ersch\u00f6pft und desillusioniert<\/strong><\/p>\n<p>Die Besch\u00e4ftigten sind ersch\u00f6pft und desillusioniert, wenn sie tagt\u00e4glich trotzdem noch mit h\u00f6chster Empathie Menschen im Altersheim, Krankenhaus oder einer Einrichtung f\u00fcr Menschen mit einer Behinderung betreuen.<\/p>\n<p><strong>FDP will\u00a0Aufhebung der H\u00f6chstarbeitszeit<\/strong><\/p>\n<p>Wenn dann noch im CDU\/SPD-Koalitionsvertrag \u00fcber eine Flexibilisierung der Arbeitszeiten nachgedacht wird und die FDP-Bundestagsfraktion als Steilvorlage einen Gesetzentwurf zur Aufhebung der H\u00f6chstarbeitszeit und Einschr\u00e4nkung der Ruhezeiten vorlegt, wird deutlich, wohin politisch der Hase langgeht und auf wen sie sich in ihrem Arbeitsalltag nicht verlassen k\u00f6nnen.<\/p>\n<p><strong>Schmutzkonkurrenz \u00fcber die L\u00f6hne<\/strong><\/p>\n<p>Die Wohlfahrtsverb\u00e4nde k\u00f6nnen als Spitzenverb\u00e4nde daran mitarbeiten. Wenn Diakonie und Caritas als gr\u00f6\u00dfte Arbeitgeber ihre dogmatische Ablehnung von Tarifvertr\u00e4gen mit der Gewerkschaft Ver.di aufgeben und die Politik diese Tarifvertr\u00e4ge f\u00fcr allgemeinverbindlich erkl\u00e4rt, w\u00e4re die Schmutzkonkurrenz \u00fcber die L\u00f6hne weg.<\/p>\n<p><strong>Gesetzliche Personalbemessung n\u00f6tig<\/strong><\/p>\n<p>Die Politik ist gefordert, die Rahmenbedingungen durch eine gesetzliche Personalbemessung in den Krankenh\u00e4usern und den Altenheimen zu ver\u00e4ndern. Scheinl\u00f6sungen wie die Einrichtung einer Pflegekammer sind abzulehnen.<\/p>\n<p><strong>Nacharbeiten<\/strong><\/p>\n<p>In der Behindertenhilfe droht durch neue neoliberale Marktelemente im Bundesteilhabegesetz eine weitere Zunahme der Arbeitsbelastungen auf dem R\u00fccken der Besch\u00e4ftigten. Dort hat der Gesetzgeber unter dem Druck des Bundestagwahltermins schlampig gearbeitet und die Besch\u00e4ftigten drohen zu weiteren Opfern zu werden. Hier muss nachgearbeitet werden.<\/p>\n<p><strong>Haustarifvertr\u00e4ge zur Personalbemessung erk\u00e4mpft<\/strong><\/p>\n<p>Auf wen sich die Besch\u00e4ftigten verlassen k\u00f6nnen, ist die Solidargemeinschaft der Gewerkschaft Ver.di.\u00a0Unter deren Dach gibt es Leuchtt\u00fcrme \u2026 die Charite in Berlin \u2026 die baden-w\u00fcrttembergischen Unikliniken in T\u00fcbingen, Freiburg, Heidelberg und Ulm \u2026 Krankenh\u00e4user im Saarland, auch in katholischer Tr\u00e4gerschaft \u2026 dort haben die KollegInnen durch Arbeitsk\u00e4mpfe Haustarifvertr\u00e4ge zur Personalbemessung erk\u00e4mpft und das gegen sehr hartn\u00e4ckige Arbeitgeber. Diese K\u00e4mpfe haben immerhin dazu gef\u00fchrt, dass das Thema in Wahlk\u00e4mpfen und in Koalitionsvertr\u00e4gen einen hohen Stellenwert hat.\u00a0Die Besch\u00e4ftigten haben also nur die Alternative, durch Engagement in der Gewerkschaft der Gesellschaft und Politik Kante zu zeigen. Do it!!!<\/p>\n<p><strong>Weitere Informationen im Internet zum Tag der Pflege:<\/strong><\/p>\n<p>Rezept-Aktion in Stuttgart zum Tag der Pflege \u2013 Besch\u00e4ftigte pr\u00e4sentieren L\u00f6sungsvorschl\u00e4ge f\u00fcr Pflegenotstand<\/p>\n<p><a href=\"http:\/\/bawue.verdi.de\/presse\/pressemitteilungen\/++co++59e83c6c-5369-11e8-9ffc-525400423e78\" target=\"_blank\" rel=\"noopener noreferrer\">http:\/\/bawue.verdi.de\/presse\/pressemitteilungen\/++co++59e83c6c-5369-11e8-9ffc-525400423e78<\/a><\/p>\n<p>Verb\u00e4nde und Linke fordern deutlich mehr Stellen f\u00fcr Pfleger<\/p>\n<p><a href=\"http:\/\/Verb\u00e4nde und Linke fordern deutlich mehr Stellen f\u00fcr Pfleger https:\/\/www.swp.de\/politik\/inland\/verbaende-und-linke-fordern-deutlich-mehr-stellen-fuer-pfleger-25497177.html\" target=\"_blank\" rel=\"noopener noreferrer\">https:\/\/www.swp.de\/politik\/inland\/verbaende-und-linke-fordern-deutlich-mehr-stellen-fuer-pfleger-25497177.html<\/a><\/p>\n<p>\u00dcber die Verg\u00fctung lie\u00dfe sich etwas erreichen<\/p>\n<p><a href=\"https:\/\/www.swp.de\/suedwesten\/landkreise\/lk-ludwigsburg\/_ueber-die-verguetung-liesse-sich-etwas-erreichen_-25517959.html\" target=\"_blank\" rel=\"noopener noreferrer\">https:\/\/www.swp.de\/suedwesten\/landkreise\/lk-ludwigsburg\/_ueber-die-verguetung-liesse-sich-etwas-erreichen_-25517959.html<\/a><\/p>\n<p>Anerkennung f\u00fcr Pflegende<\/p>\n<p><a href=\"https:\/\/www.swp.de\/suedwesten\/staedte\/gaildorf\/anerkennung-fuer-pflegende-25512981.html\" target=\"_blank\" rel=\"noopener noreferrer\">https:\/\/www.swp.de\/suedwesten\/staedte\/gaildorf\/anerkennung-fuer-pflegende-25512981.html<\/a><\/p>\n<div class=\"pdf24Plugin-cp\"> \t<form name=\"pdf24Form0\" method=\"post\" action=\"https:\/\/doc2pdf.pdf24.org\/wordpress.php\" target=\"pdf24PopWin\" onsubmit=\"var pdf24Win = window.open('about:blank', 'pdf24PopWin', 'resizable=yes,scrollbars=yes,width=600,height=250,left='+(screen.width\/2-300)+',top='+(screen.height\/3-125)+''); pdf24Win.focus(); if(typeof pdf24OnCreatePDF === 'function'){void(pdf24OnCreatePDF(this,pdf24Win));}\"> \t\t<input type=\"hidden\" name=\"blogCharset\" value=\"Cw1x07UAAA==\" \/><input type=\"hidden\" name=\"blogPosts\" value=\"MwQA\" \/><input type=\"hidden\" name=\"blogUrl\" value=\"yygpKSi20tcvLy\/Xy8jPSM3LARK6pXnpqWmZOSWpRSV6KakA\" \/><input type=\"hidden\" name=\"blogName\" value=\"88jPSM3LARK6pXnpqWmZOSWpRSUA\" \/><input type=\"hidden\" name=\"blogValueEncoding\" value=\"gzdeflate base64\" \/><input type=\"hidden\" name=\"postId_0\" value=\"MzI2MzUEAA==\" \/><input type=\"hidden\" name=\"postTitle_0\" value=\"U1O2MDIysnZJVMjIzEkrUcgrLVLIy0\/OUEjJTFUIzs\/JTEksSk\/NTc3MK07OSAQqSEktUnBPLU8tyoYIqIEMMLBWeNQw+dACn9Ti1KKkoszUNIUqoEFOqUWZyRklqUXFJYklJaV56QqH9yQB9aek5imEJKaDzQpIy0lNTwUA\" \/><input type=\"hidden\" name=\"postLink_0\" value=\"yygpKSi20tcvLy\/Xy8jPSM3LARK6pXnpqWmZOSWpRSV6Kan69gW2RsZmpoYA\" \/><input type=\"hidden\" name=\"postAuthor_0\" value=\"S0zJzcwDAA==\" \/><input type=\"hidden\" name=\"postDateTime_0\" value=\"MzIwtNA1MNU1NFYwtLAyMLUyMgIA\" \/><input type=\"hidden\" name=\"postContent_0\" value=\"vVjNUhzJEb77KUpcoWdAWi1iAxGBNEhoYW0CkIjYi6J6Oru73NXVE1XVjD2nfQdfN0I6EH4ETpzUb+In8ZdVPcPAjNYhe70X5q86f7788sss9icH+87bxhQHl43WtCWm0tYkrhrrSajSkhMfGuu8NJm7xhvlZ2QyMkIZcUU2pb8qU2icUrU4l5lqtoQbl92tEbm0qSpEQc7\/XcPYoZmRKsg4Uh7P18qLq+7O4DQ+GTkuBSlDVhy2+ZSsb00hMnw8yzUViOutbbpPVQMj1pDQzbiKQfCZi+7X0dXRxeXZ+dHFxVEwfeGl9QVp\/GzEdWPEzvb2tjhqLQL81y\/\/FJl0QmoOvLtBPtaL7i4lW8p24oVR49I7nPvHl8+ZIvGKOKeb3KvC33uNkQmnTCZgR5PKBvvDHs394eTgT\/tAl+qDU3JAyirKQyQ\/NiHlUXdn7Zb4AN+WPOyxzbeE3Ct4k7nnnwaZ2hIX43La3aQKX4tjBL0\/hNGFg97huSxrMillqAewg4NrsjE3sxLVRaMRgzisvLpWvrsJBZEhrBq5i1lriM1lYtrdeS44Ip2S0qLJc5SQ8dF8MANPUPoaoRukFZETjNmRRYGMNwo4I5yqwSFA5\/wWY+\/CmdWYH0Jb46C6dv4+FY8oLNOv7u6cIzN4DMMIZg9BS+WdJannybHRR1UMdcs46EKaGYLEGfphBapN8caSAnU9B98nWFNpxURLk0orhsJ5jg7kduK40bAtWyRIdXj03lD3KxjGTzG3mQmXQJQtpyv8QhrG+YmGXXzRlKA8h2fEz63zwBsWHtmFBThbtA1iIT\/jGuGh4+52XKKHIy6z0ICPgTuyoW8n4F3LwJBTWrdONUYB9hVYRqttERvhN80wiQyfJOFlAdSKwCKY9jPGK3CI27eMESORo3oifYkHfqJeK6A0hxAU60pS9ZY4sdKAaiVj3nDqUUaOlLFcKwYkR6vdP8\/245lXVCouO59JCW3YrmHUm9GZmCKJL5+hTCWlc4RXQV0B6YqTzST+hMQQ+OvR++HF2Sg5aZibQMVdc\/\/LIspPiEu80fQ3lSqtgJOduztcLl7Qy4IyyWScKptFsIESok1e4QNUVxYut7JiL5A6B0kE3aDhWqK12JGB3DBLyPhpa3N0fVDf38wxOAK2TDeQs5qfPG9L6mNjF1RwrTmwjNogFfjYAG0xaThxlrLgQDqIOQSioDLalm3OJAkcYZ3hbuA5VM8RgAAitb4RgZ6WLASiwswxa8oH8axbP8PkqFqLDpr1SDNYp90tOmstt6+aUueytJ4LlAbxmbuIYE7CJLz\/MZPgIXMrgoVIRCj\/SMmKyR+Sey0tDrhgobDdbffJz+WqII6KM4UoFbUMGOHHVFN5Lxh4Pg+MQev0VP7K2GAg2aZZUOMsIF\/xe4D+0FRsEUBbUA1qcFrojNCcMAwZCr2LFwqm\/jOoqGGxUou396IkztDAjZE6hUPnOEHT3UJJ1lZjHjorcEF5Y7MgJutnSNbafplYVsE1DsOwMQsB6W5ax9tC1C0TRMawxuD9rF0apwPOH\/Z1d+uiy6mKuCyLTpSYOMkqGUZkUEiZzlqu6Rqu\/hn9PKfPCg7v5lMsahbHpnQOv7bhkRuSNlAw\/AFaqIbUEE1pK08aKRve52rRawOUoJQpRXwiVlN2i\/r+3BqGdFl0UkKT+Zgq9ydL9Xl3F1aw1ck6ECPeCko55yb7iPRuTVx0ajGy7bji8SAWajWVJct6DXHhHVLLehL2xx4RvyDyo7nDAMQS9SkY8ZdJzpUMX\/G6MBDHkFJRt1g8onQujPYHHpfiGOPEP2wRlsdVEqE9upsa826lYIcLJWOxW417Rbu2Ar9Df6GCEJTYjH1bf6XPB18+v+9R5cxHvEgXKvW8kp5SCzJ6tDbqGbZe2H5dsggRs\/8VIsDL\/JdUAokEG5\/1nmrUq1BxYr43qsJB1a\/cl2h2xWTYCgtO2tpiSxxj\/SXND4U6vdd1sPuwuZiBF1Iib5NtgUpR3isMeCTMvqy4DGDbPscQWmQTSxlHecL3lOJdUOLI+p6lsQ4kvr10kVnQ5YKY4o63O6DkTXczrrDWLUv0gHcz6OdJ7y0GFlZgHm+ZBOkgUd1daRerLixfllTLcGkCy\/tIo9Tgu0fbQNT2OKHLwG2MbiRt+F7EfYWar9m\/YiQYLY0wbdTisCcZzJJr3KAiWEemkEXQg\/my\/YBU847Vuv+CQ5zL74lkFUGC8SbHjS6Uf\/LkyePuueq15J2BVvMsa0xc3N4xVQ3abtbWGEHLV7zV1fscG8XEJ4dxhVEMQ+t9gcKseZxvaw8RERMgifbyKnTGaVTrcIuFutxPvfi8aXy45S5SkQKzOH+5gQaa\/DAcpnLa0gD1QctlNJzgZuzmLxjDrKhBIIebm+Nmc\/P5Hr14Nv5+nDx\/9v1esrNDL5K9PMfHp8+\/297+7ukz2n2xgSUYPe5fbnxM0RHVhrCkX26YppmQCTcqBECYr3bj4P8Xxf5QLhD\/sFhnuOynCq0r4rQ1i0UuXn56Ri4jaL8G3f9mVbAVBzPT6XTgppOQdyTkEDMYJRvyuiL5lprAQaLZQdI7SOYOEnaQuOggyVuyySQ6SADG3u7O7u6g9LX+1qL8cZEtFypc+UKLA9wCd3TWM62o+9RvzeSnUB2OM1wB15bmUeiupWzKu4EZcuwVHgW3dJXoNpuqwrHODz+2LIIJPCfIrWiJPSMxJmDCnpPgOVl4\/ogknu\/s7j3f+z3g\/UNiXAb6EEHxPzIW18heLTL6RkghLpR5GhZSaUy0fCjvLS8XnbnC0Tzde7HzOyP2X4ewAOTf\" \/> \t\t<a href=\"https:\/\/www.pdf24.org\" target=\"_blank\" title=\"www.pdf24.org\" rel=\"nofollow\"><img src=\"https:\/\/www.hohenlohe-ungefiltert.de\/wp-content\/plugins\/pdf24-post-to-pdf\/img\/pdf_32x32.png\" alt=\"\" border=\"0\" height=\"32\" \/><\/a> \t\t<span class=\"pdf24Plugin-cp-space\">&nbsp;&nbsp;<\/span> \t\t<span class=\"pdf24Plugin-cp-text\">Sende Artikel als PDF<\/span> \t\t<span class=\"pdf24Plugin-cp-space\">&nbsp;&nbsp;<\/span> \t\t<input class=\"pdf24Plugin-cp-input\" style=\"margin: 0px;\" type=\"text\" name=\"sendEmailTo\" placeholder=\"Emailadresse\" \/> \t\t<input class=\"pdf24Plugin-cp-submit\" style=\"margin: 0px;\" type=\"submit\" value=\"Senden\" \/> \t<\/form> <\/div>","protected":false},"excerpt":{"rendered":"<p>Tolle, warme Worte ihres Vorstandsvorsitzenden in Werbejingles im Radio, sch\u00f6n farbig gestylte Anzeigenseiten mit W\u00fcnschen nach einer Aufwertung der Pflege, Gro\u00dfkonzerne locken in der S\u00dcDWESTPRESSE mit Startgeldern von 1000 Euro, \u2026 das alles \u00e4ndert \u00fcberhaupt nichts \u2013\u00a0die Besch\u00e4ftigten in der Pflege sind es leid. Leserbrief von Jochen D\u00fcrr, Vertreter der Gewerkschaft Ver.di, Schw\u00e4bisch Hall Rahmenbedingungen [&hellip;]<\/p>\n","protected":false},"author":1,"featured_media":0,"comment_status":"open","ping_status":"open","sticky":false,"template":"","format":"standard","meta":[],"categories":[1,9,6,2,8,3],"tags":[],"_links":{"self":[{"href":"https:\/\/www.hohenlohe-ungefiltert.de\/index.php?rest_route=\/wp\/v2\/posts\/23651"}],"collection":[{"href":"https:\/\/www.hohenlohe-ungefiltert.de\/index.php?rest_route=\/wp\/v2\/posts"}],"about":[{"href":"https:\/\/www.hohenlohe-ungefiltert.de\/index.php?rest_route=\/wp\/v2\/types\/post"}],"author":[{"embeddable":true,"href":"https:\/\/www.hohenlohe-ungefiltert.de\/index.php?rest_route=\/wp\/v2\/users\/1"}],"replies":[{"embeddable":true,"href":"https:\/\/www.hohenlohe-ungefiltert.de\/index.php?rest_route=%2Fwp%2Fv2%2Fcomments&post=23651"}],"version-history":[{"count":7,"href":"https:\/\/www.hohenlohe-ungefiltert.de\/index.php?rest_route=\/wp\/v2\/posts\/23651\/revisions"}],"predecessor-version":[{"id":23658,"href":"https:\/\/www.hohenlohe-ungefiltert.de\/index.php?rest_route=\/wp\/v2\/posts\/23651\/revisions\/23658"}],"wp:attachment":[{"href":"https:\/\/www.hohenlohe-ungefiltert.de\/index.php?rest_route=%2Fwp%2Fv2%2Fmedia&parent=23651"}],"wp:term":[{"taxonomy":"category","embeddable":true,"href":"https:\/\/www.hohenlohe-ungefiltert.de\/index.php?rest_route=%2Fwp%2Fv2%2Fcategories&post=23651"},{"taxonomy":"post_tag","embeddable":true,"href":"https:\/\/www.hohenlohe-ungefiltert.de\/index.php?rest_route=%2Fwp%2Fv2%2Ftags&post=23651"}],"curies":[{"name":"wp","href":"https:\/\/api.w.org\/{rel}","templated":true}]}}