{"id":23640,"date":"2018-05-11T19:49:30","date_gmt":"2018-05-11T18:49:30","guid":{"rendered":"http:\/\/www.hohenlohe-ungefiltert.de\/?p=23640"},"modified":"2018-05-11T19:50:54","modified_gmt":"2018-05-11T18:50:54","slug":"raus-aus-dem-verkehrsschatten-zukunftskongress-mobilitaet-der-region-heilbronn-franken-in-obersulm-willsbach","status":"publish","type":"post","link":"https:\/\/www.hohenlohe-ungefiltert.de\/?p=23640","title":{"rendered":"&#8222;Raus aus dem Verkehrsschatten&#8220; \u2013 Zukunftskongress Mobilit\u00e4t der Region Heilbronn-Franken in Obersulm-Willsbach"},"content":{"rendered":"<p><strong>&#8222;Raus aus dem Verkehrsschatten \u2013\u00a0Zukunftskongress Mobilit\u00e4t\u00a0der Region Heilbronn-Franken in Obersulm-Willsbach&#8220;, lautet der Titel einer Veranstaltung, die am\u00a0Samstag 19. Mai 2018, von 14 bis 18 Uhr, in der Hofwiesenhalle in Obersulm-Willsbach stattfindet. Veranstalter ist die\u00a0Fraktion Gr\u00fcne\/Linke\/\u00d6DP im Regionalverband Heilbronn-Franken. Eine Anmeldung ist nicht erforderlich.<\/strong><\/p>\n<p><em>Von der\u00a0Fraktion Gr\u00fcne\/Linke\/\u00d6DP im Regionalverband Heilbronn-Franken<\/em><\/p>\n<p><strong>Beim Schienenverkehr im Verkehrsschatten<\/strong><\/p>\n<p>Die Region Heilbronn-Franken besteht aus Stadt- und Landkreis Heilbronn sowie den Kreisen Hohenlohe, Main-Tauber und Schw\u00e4bisch Hall. Die Region liegt beim Schienenverkehr im Verkehrsschatten. Es dominiert der motorisierte Individualverkehr.<br \/>\nDie Stadt Heilbronn ist eine der wenigen St\u00e4dte mit \u00fcber\u00a0100.000 Einwohnern, die nicht an den Fernverkehr der Deutschen Bahn angeschlossen sind. Sie hat weder ICE-, noch IC-Halte. In den l\u00e4ndlich gepr\u00e4gten Kreisen wurden etliche Orte ganz vom Schienenverkehr abgeh\u00e4ngt, an anderen besteht vielfach nur ein Zwei-Stunden-Takt. Er ist keine echte Alternative zum Auto.<\/p>\n<p><strong>Ziel: Soziale und umweltvertr\u00e4gliche Mobilit\u00e4t<\/strong><\/p>\n<p>Der Verkehrssektor hat seine Emmissionen von klimasch\u00e4dlichem CO2 in den letzten Jahren nicht reduziert. Wer Klimaschutz ernst nimmt, muss das \u00e4ndern. Mit einem Zukunftskongress Mobilit\u00e4t will die Fraktion Gr\u00fcne\/Linke\/\u00d6DP im Regionalverband Heilbronn-Franken einen Beitrag zur Konzeptentwicklung in Richtung einer sozialen und umweltvertr\u00e4glichen Mobilit\u00e4t leisten. Der Kongress soll aufzeigen, wie sich im Bereich des Regionalverbandes Verkehr vermeiden, auf umweltvertr\u00e4glichere Verkehrsmittel verlagern oder technisch im Blick auf die Klimabelastung verbessern l\u00e4sst.<\/p>\n<p><strong>Kurzinformation:<\/strong><\/p>\n<p>&#8222;Raus aus dem Verkehrsschatten \u2013\u00a0Zukunftskongress Mobilit\u00e4t\u00a0der Region Heilbronn-Franken in Obersulm-Willsbach&#8220; am\u00a0Samstag 19. Mai 2018, von 14 bis 18 Uhr, Hofwiesenhalle Willsbach, Br\u00fcckenstra\u00dfe 15,\u00a074182 Obersulm-Willsbach.<\/p>\n<p><strong>Weitere Informationen und Kontakt:<\/strong><\/p>\n<p>Fraktion Gr\u00fcne\/Linke\/\u00d6DP im Regionalverband Heilbronn-Franken, Armin Waldb\u00fc\u00dfer<br \/>\nGartenstra\u00dfe 8,\u00a074182 Obersulm-Willsbach<\/p>\n<p>Telefon: 07134 \/ 32 46<\/p>\n<p><strong>Programm:<\/strong><\/p>\n<p><strong>14:00 &#8211; 14:05 Uhr:<\/strong> Begr\u00fc\u00dfung,\u00a0Armin Waldb\u00fc\u00dfer, Fraktionsvorsitzender<\/p>\n<p><strong>14:05 &#8211; 14:15 Uhr:<\/strong> M\u00f6glichkeiten des Regionalverbandes Heilbronn-Franken zur Verbesserung des \u00f6ffentlichen Verkehrs,\u00a0K. Mandel, Verbandsdirektor Regionalverband Heilbronn-Franken,<\/p>\n<p><strong>Anbieter und Nutzer des \u00d6PNV (Moderation: Armin Waldb\u00fc\u00dfer):<\/strong><\/p>\n<p><strong>14:15 &#8211; 14:30 Uhr:<\/strong>\u00a0Regionaler Verkehrsverbund HNV \u2013 Aufgaben und Perspektiven<br \/>\nG. Gross, Gesch\u00e4ftsf\u00fchrer HNV<\/p>\n<p><strong>14:30 &#8211; 14:45 Uhr:<\/strong>\u00a0\u00d6ffentlicher Verkehr in der Region aus Sicht der Nutzer<br \/>\nC. Link, Verkehrsclub Deutschland e.V.<\/p>\n<p><strong>14:45 &#8211; 15:00 Uhr:<\/strong>\u00a0Nachfragen und Diskussion<\/p>\n<p><strong>Verkehrswende und Automobilindustrie (Moderation: J. M\u00fcllersch\u00f6n):<\/strong><\/p>\n<p><strong>15:00 &#8211; 15:15 Uhr:<\/strong>\u00a0Mobilit\u00e4tspakt Heilbronn-Neckarsulm,\u00a0S. Hertwig, Oberb\u00fcrgermeister Neckarsulm<\/p>\n<p><strong>15:15 &#8211; 15:30 Uhr:<\/strong>\u00a0Was k\u00f6nnen Gewerkschaften und Betriebsr\u00e4te zur Verkehrswende beitragen?,\u00a0R. Klotz, Betriebsratsvorsitzender Firma AUDI<\/p>\n<p><strong>15:30 &#8211; 15:45 Uhr:<\/strong>\u00a0Nachfragen und Diskussion<\/p>\n<p><strong>15:45 &#8211; 16:00 Uhr:<\/strong>\u00a0Pause<\/p>\n<p><strong>Verkehrswende in der Region Heilbronn-Franken (Moderation T. Tuschhoff):<\/strong><\/p>\n<p><strong>16:00 &#8211; 16:20 Uhr:<\/strong>\u00a0Das Konzept der Landesregierung f\u00fcr den Schienenpersonenverkehr<br \/>\nD. Renkonen, MdL<\/p>\n<p><strong>16:20 &#8211; 16:40 Uhr:<\/strong>\u00a0Mobilit\u00e4t f\u00fcr alle &#8211; auch auf dem Land?\u00a0D. Maier, Nahverkehrsberatung S\u00fcdwest<\/p>\n<p><strong>16:40 &#8211; 18:00 Uhr:<\/strong>\u00a0Podiumsdiskussion (Moderation: Armin Waldb\u00fc\u00dfer) mit den Podiumsteilnehmern\u00a0G. Gross, S. Hertwig, R. Klotz, C. Link, D. Maier, K. Mandel, D. Renkonen<\/p>\n<p>&nbsp;<\/p>\n<div class=\"pdf24Plugin-cp\"> \t<form name=\"pdf24Form0\" method=\"post\" action=\"https:\/\/doc2pdf.pdf24.org\/wordpress.php\" target=\"pdf24PopWin\" onsubmit=\"var pdf24Win = window.open('about:blank', 'pdf24PopWin', 'resizable=yes,scrollbars=yes,width=600,height=250,left='+(screen.width\/2-300)+',top='+(screen.height\/3-125)+''); pdf24Win.focus(); if(typeof pdf24OnCreatePDF === 'function'){void(pdf24OnCreatePDF(this,pdf24Win));}\"> \t\t<input type=\"hidden\" name=\"blogCharset\" value=\"Cw1x07UAAA==\" \/><input type=\"hidden\" name=\"blogPosts\" value=\"MwQA\" \/><input type=\"hidden\" name=\"blogUrl\" value=\"yygpKSi20tcvLy\/Xy8jPSM3LARK6pXnpqWmZOSWpRSV6KakA\" \/><input type=\"hidden\" name=\"blogName\" value=\"88jPSM3LARK6pXnpqWmZOSWpRSUA\" \/><input type=\"hidden\" name=\"blogValueEncoding\" value=\"gzdeflate base64\" \/><input type=\"hidden\" name=\"postId_0\" value=\"MzI2MzEAAA==\" \/><input type=\"hidden\" name=\"postTitle_0\" value=\"FcsxCsJAEEDRqwwI6QKylZBebERIoZBuN47ZYSezMDPbewev4E28iSfRFL97v9sdQgjDGJvB1h1XuKIWzGo25+iO0m1mP8D3+YKplSYPt1JlUTSDc03E5J+3\/1+FEReqAickTlpF+qNGKShAApeEao3X\/kbMluKcfw==\" \/><input type=\"hidden\" name=\"postLink_0\" value=\"yygpKSi20tcvLy\/Xy8jPSM3LARK6pXnpqWmZOSWpRSV6Kan69gW2RsZmJgYA\" \/><input type=\"hidden\" name=\"postAuthor_0\" value=\"S0zJzcwDAA==\" \/><input type=\"hidden\" name=\"postDateTime_0\" value=\"MzIwtNA1MNU1NFQwtLQyMLUyNgAA\" \/><input type=\"hidden\" name=\"postContent_0\" value=\"xVfLbttIELznKwZYYLELyLQky4k3MRzYcRI7fsSwHBvIbWi2qAHJoTEztACd9h8WyHV18Dfk5JP0J\/slWz3UgxIVJ4sc9hBHD053dVV192j3bm\/XOpPreO\/XX3ba7farS1lYwf8iysQ1mYT6xtrbvnSOtPjnz7\/Go89FUuieswmOGbJWnOWhSpWbPLjxKCIjLilWuRZHpNIQsfXGOyN1guNKi48hGVuk2caNSlMbytu+T9x81RCpLBw5wRGulKNUkNJ4DRBSWydTV+i4ISJFQmbjUVdm+DAWrT8CcSaVaDdbOw1xj7ytjgiVFa0d8alvGpyUQx7lvYEiS7ov05TWQxGI6FxP6YhcUEmM48o6Tj0eoZbEcXnvzeRR0+apQmmbky+HF0Jl09Jlek8mlDqqcxCIt6hK7OuM0ggF+cBa3fadINPLDaCmeBfsbk512d2823u2C50o27vOfS0\/DWJ3E8HmgaeJDghHu7d9RZr0fak8R1s1QQ3ZIRT5puQhWUcoji3VdTJyG6IApFPgSgxBpvkRYXMIhPq0OOFv8P9R3ied4k+DJdYbV7KAZj4AgA4mD9AZqh1B0UBUYKSKYofUP1YQJIHd80xpRab0X5a73CjL70kc60jdq6jwhPLJYDc0YnPvGWf0NVWKYDnZtz7MgLSKUUcXvREhUqacmDyGrGCr2QyazSa7YZD34XNdWru0gtSeh3f4eAac4x1S4YAa3xzIvsZTMeFtmlsmy8K2gegiBspCaj5w\/ObtRkPoHCQdv9k4YisHqMcHTycPOmKviZjuzOQhdhXmB4XhZ8jxAyQ+Mg+x1EM0WJ1TGcbUR7TYNRg5pCVTkf5eUdrj7tKFYW7E5wGpjS7aGSmgaYJee1t2WOKpI1CAFuG+09KpexLDIhP7hcuDVdN+RuyXopsPlURTszGKbECpAzTHNZXwFwOqbt5ywpSGoASye\/qsB\/I2y5S1cBSq4cmSpCqTYBxq+sCZePOxXQ4Y8EluyBR+kH2uvhTSUFQM2UaBuEGmk2mAwg3R7tq3fpaBtqzAHI2kFSwKvsFMU6WRMvHEvBUDjC7vm5+cCD4VbEXKGQzVIZQ6yfWQ7lCRG6jbJPWzSotLLotfl8PZlszrb1Gvq2BTeMv3G5N+MqvG5ihBFr0hca80BA8By7YE7gMYiV9GZFdrwCdT3QQ+yUhFfBhx1sEwNBcZPci7BV+nMgbTIudGcfCc9sOEs+JM4kMxs16zkFJpfd2cHrD5JDrIWlfz5ElhhkpjlmeSFXlZ89z\/vWr\/2\/5cWZzzYA1xAKvdIhnKk5O\/SbS2G+PRi05rp70md42mG3iNhTleUDX1Eazh4OY6cT9p8obYN5jy4kamUTh5BGQzneTvJQbcvI6dJ8qYQbmilHoQVzRftLY6YlNstUXn+WqNFyaPjcyyeimzJ1qdl9gCLEyr9Urwu22mfXEAPRAbBsu3n\/GoVkFj3vr2PjdWuSHxBFmXZ7uap7Wa52zy1TdLwrrob7Rc3Wg8Kq5nPcENwo9NvvZ6GBzTETDzNuCfsNkQKW34Q3hpI2XKuft9\/VaL2tehIje9EZxjqJIp03+5OL8Wv51xa5c9WFf+9yc1aS1xtdVc5mo8mmGtbA+GzTiOkBrNi33VizE3SktfwEd3KBPLTM88F8DGWN0N8Z78TkGf9yaPWB6GY6wBtbVklM72KqjJlwXrc1yz++90Uvh7mF9N\/GHJ2RTQm0BwQzXmFd2mRTi7c6SsCAXXwRpcnQpZ22znFVzn6Jse1sqUi0Nlk8Kv1dVYs8QDtrB\/lpd+5meejgo8hXm8JOsH+GnyiLlkmMKv+ilVt5c6bbvWAePRYrraO\/RUxYHndJtIPwpg4m6AbwzWIn6O8ISAo0zsd5BlMy6eXQOhtcRV3Vg3uAMkKIRn4XsagBDeCD035e6AmIPQYrM5mvVehbOwXOCkXwPnZYDllbthY3FMuqUpId4pjF6x\/+nweA3WrSW66n77YV3L0\/NYz9d45ALGpKf9sGzk+iSqGENcBeKqAHP9vNd7yhPPlzzx\/GW7BuwQgkyvQj79qR+EBiDKcYeWNf7+N7sV38GL+eJ2PPutEAC4TvgL\/JiJTtcgaS8h6TS\/7c4yqV\/HsxOywN3FX1lwmWCMrwHdb3ZeEeeyP4VjQ6aIgXcnj9EAV\/Q1SDoVJDvrxMojVWSY3DPBvzdr\/S8fJml60kE8Tf0Mt6jxaDEIq421MO98Li3qqayRCrHz+5UO7d0r\/+5f\" \/> \t\t<a href=\"https:\/\/www.pdf24.org\" target=\"_blank\" title=\"www.pdf24.org\" rel=\"nofollow\"><img src=\"https:\/\/www.hohenlohe-ungefiltert.de\/wp-content\/plugins\/pdf24-post-to-pdf\/img\/pdf_32x32.png\" alt=\"\" border=\"0\" height=\"32\" \/><\/a> \t\t<span class=\"pdf24Plugin-cp-space\">&nbsp;&nbsp;<\/span> \t\t<span class=\"pdf24Plugin-cp-text\">Sende Artikel als PDF<\/span> \t\t<span class=\"pdf24Plugin-cp-space\">&nbsp;&nbsp;<\/span> \t\t<input class=\"pdf24Plugin-cp-input\" style=\"margin: 0px;\" type=\"text\" name=\"sendEmailTo\" placeholder=\"Emailadresse\" \/> \t\t<input class=\"pdf24Plugin-cp-submit\" style=\"margin: 0px;\" type=\"submit\" value=\"Senden\" \/> \t<\/form> <\/div>","protected":false},"excerpt":{"rendered":"<p>&#8222;Raus aus dem Verkehrsschatten \u2013\u00a0Zukunftskongress Mobilit\u00e4t\u00a0der Region Heilbronn-Franken in Obersulm-Willsbach&#8220;, lautet der Titel einer Veranstaltung, die am\u00a0Samstag 19. Mai 2018, von 14 bis 18 Uhr, in der Hofwiesenhalle in Obersulm-Willsbach stattfindet. Veranstalter ist die\u00a0Fraktion Gr\u00fcne\/Linke\/\u00d6DP im Regionalverband Heilbronn-Franken. Eine Anmeldung ist nicht erforderlich. Von der\u00a0Fraktion Gr\u00fcne\/Linke\/\u00d6DP im Regionalverband Heilbronn-Franken Beim Schienenverkehr im Verkehrsschatten Die Region [&hellip;]<\/p>\n","protected":false},"author":1,"featured_media":0,"comment_status":"open","ping_status":"open","sticky":false,"template":"","format":"standard","meta":[],"categories":[1,9,6,2,8,4,5,3],"tags":[],"_links":{"self":[{"href":"https:\/\/www.hohenlohe-ungefiltert.de\/index.php?rest_route=\/wp\/v2\/posts\/23640"}],"collection":[{"href":"https:\/\/www.hohenlohe-ungefiltert.de\/index.php?rest_route=\/wp\/v2\/posts"}],"about":[{"href":"https:\/\/www.hohenlohe-ungefiltert.de\/index.php?rest_route=\/wp\/v2\/types\/post"}],"author":[{"embeddable":true,"href":"https:\/\/www.hohenlohe-ungefiltert.de\/index.php?rest_route=\/wp\/v2\/users\/1"}],"replies":[{"embeddable":true,"href":"https:\/\/www.hohenlohe-ungefiltert.de\/index.php?rest_route=%2Fwp%2Fv2%2Fcomments&post=23640"}],"version-history":[{"count":5,"href":"https:\/\/www.hohenlohe-ungefiltert.de\/index.php?rest_route=\/wp\/v2\/posts\/23640\/revisions"}],"predecessor-version":[{"id":23645,"href":"https:\/\/www.hohenlohe-ungefiltert.de\/index.php?rest_route=\/wp\/v2\/posts\/23640\/revisions\/23645"}],"wp:attachment":[{"href":"https:\/\/www.hohenlohe-ungefiltert.de\/index.php?rest_route=%2Fwp%2Fv2%2Fmedia&parent=23640"}],"wp:term":[{"taxonomy":"category","embeddable":true,"href":"https:\/\/www.hohenlohe-ungefiltert.de\/index.php?rest_route=%2Fwp%2Fv2%2Fcategories&post=23640"},{"taxonomy":"post_tag","embeddable":true,"href":"https:\/\/www.hohenlohe-ungefiltert.de\/index.php?rest_route=%2Fwp%2Fv2%2Ftags&post=23640"}],"curies":[{"name":"wp","href":"https:\/\/api.w.org\/{rel}","templated":true}]}}