{"id":23627,"date":"2018-05-08T21:03:55","date_gmt":"2018-05-08T20:03:55","guid":{"rendered":"http:\/\/www.hohenlohe-ungefiltert.de\/?p=23627"},"modified":"2018-05-08T21:16:33","modified_gmt":"2018-05-08T20:16:33","slug":"gefluechtete-aus-der-landeserstaufnahmestelle-lea-ellwangen-berichten-am-mittwoch-mahnwache-demonstration-und-pressekonferenz-von-gefluechteten-in-ellwangen","status":"publish","type":"post","link":"https:\/\/www.hohenlohe-ungefiltert.de\/?p=23627","title":{"rendered":"&#8222;Gefl\u00fcchtete aus der Landeserstaufnahmestelle (LEA) Ellwangen berichten \u00fcber die Razzia&#8220; \u2013\u00a0Mahnwache, Demonstration und Pressekonferenz von Gefl\u00fcchteten in Ellwangen"},"content":{"rendered":"<p><strong>Bewohnerinnen und Bewohner der Landeserstaufnahmeeinrichtung (LEA) Ellwangen laden f\u00fcr Mittwoch, 9. Mai 2018, um 17 Uhr zu einer Pressekonferenz vor dem LEA-Eingang ein und rufen ab 18 Uhr zu einer Demonstration auf. Zwischen 12 und 18 Uhr findet auf dem Marktplatz in Ellwangen eine Mahnwache statt.<\/strong><\/p>\n<p><em>Bericht von Gefl\u00fcchteten aus der LEA Ellwangen<\/em><\/p>\n<p><strong>Die Vorgeschichte<\/strong><\/p>\n<p>Die Situation in Ellwangen begann schon vor der Razzia vom vergangenen Donnerstag. N\u00e4mlich im April 2018.\u00a0\u201eWir haben uns mit dem Leiter der LEA in Ellwangen getroffen. Wir\u00a0haben ihm \u00fcber unser Leben in der Unterkunft und wie die Leute sich\u00a0hier f\u00fchlen erz\u00e4hlt, auch wegen der Duldung und den Dublin-Regeln.\u201c\u00a0Er versprach uns, dass wir mit der Presse und mit PolitikerInnen\u00a0\u00fcber unsere Situation reden k\u00f6nnen, da er und die Hausverwaltung\u00a0nicht f\u00fcr die Zust\u00e4nde verantwortlich seien. Er wollte sich um alles\u00a0k\u00fcmmern.<\/p>\n<p><strong>Leute beschwerten sich \u00fcber die Abschiebung\u00a0eines Mannes aus Togo<\/strong><\/p>\n<p>Am 27. April 2018 hatten wir dann ein gemeinsames Treffen mit dem Leiter\u00a0der LEA. Bei diesem Treffen sagte er, wir k\u00f6nnten die Presse am Donnerstag, dem 3. Mai 2018 treffen.\u00a0Um 3 Uhr morgens am Montag, dem 30. April, h\u00f6rten wir viel L\u00e4rm. Als\u00a0wir drau\u00dfen ankamen, beschwerten sich Leute \u00fcber die Abschiebung\u00a0eines Togoers. Wir sahen, dass die Polizei den Mann zwingen wollte, in ihr Auto einzusteigen \u2013 er war bereits in Handschellen. Und er\u00a0sagte zur Polizei, dass er nicht einverstanden sei. Also\u00a0\u00a0\u00a0 sagten auch wir, dass wir die Polizei den Mann nicht einfach aus der Unterkunft\u00a0mitnehmen lassen. Als sie sahen, dass immer mehr Leute von der Unterkunft nach drau\u00dfen kamen, zogen sie sich zur\u00fcck.\u201c Wir waren zu dem Zeitpunkt um die 30\/40 Leute.\u201c Das berichten die Gefl\u00fcchteten aus Ellwangen. Die Polizei war schon weg, als noch weitere Gefl\u00fcchtete zum Ort des Geschehens kamen. Sie trafen nur noch den Mann in Handschellen an, w\u00e4hrend wir ihnen von der Situation erz\u00e4hlten.<\/p>\n<p><strong>Security-Mitarbeiter \u00f6ffnete Handschellen<\/strong><\/p>\n<p>Die Berichterstattung schreibt nun von bis zu 200 Personen. Doch in der Unterkunft in Ellwangen sind aktuell weniger als 150 afrikanische Gefl\u00fcchtete untergebracht. Wenn der Vorwurf, dass wir die Polizei umringt h\u00e4tten, stimmen w\u00fcrde, wie w\u00e4re es ihnen dann \u00fcberhaupt m\u00f6glich gewesen, sich so unproblematisch zur\u00fcckzuziehen? Wenn die<br \/>\nPolizei sich so sicher ist, sollten sie doch in der Lage sein, Beweise daf\u00fcr anzubringen. Die deutsche Polizei ist \u2013 wie wir wissen \u2013 sehr professionell im Berichten \u00fcber ihre Kontrollmacht.\u00a0An dieser Stelle scheint der Rassismus der deutschen Polizeibeh\u00f6rden<br \/>\nihnen selbst auf die F\u00fc\u00dfe zu fallen. (\u201eOh, afrikanische Gefl\u00fcchtete, die sind aggressiv.\u201c) \u201eNach einer Stunde kam ein Security-Mitarbeiter mit dem Schl\u00fcssel der Handschellen, befreite den Mann und ging mit den Handschellen wieder. Wir waren \u00fcberrascht, als dann gegen 10 Uhr morgens, nochmal der Einrichtungsleiter zu uns kam und uns<br \/>\naufforderte, ihm die Handschellen zu geben. Wir fragten: \u201eWhy are you trying to fool us\u00a0\u00a0\u00a0 when the handcuff is with the security officer?\u201c Wir gingen danach zum Security-Mitarbeiter, der die Handschellen mitgenommen hatte. Wir fragten ihn, warum er den Einrichtungsleiter nicht \u00fcber den Verbleib der Handschellen informiert hatte, woraufhin<br \/>\ndieser erwiderte, dass der Einrichtungsleiter bereits informiert wurde.\u201c<\/p>\n<p><strong>F\u00fcr Fragen gab es Schl\u00e4ge<\/strong><\/p>\n<p>An dieser Stelle war uns klar, dass etwas falsch l\u00e4uft. Erpressung\u00a0und Intrigen, um uns ungerechtfertigter Weise zu kriminalisieren.\u00a0\u201eAm Donnerstag, dem 3. Mai, um 5 Uhr morgens \u2013 also an dem Tag, an dem wir die Presse h\u00e4tten treffen sollen (was vom\u00a0\u00a0\u00a0 Einrichtungsleiter organisiert wurde) \u2013 h\u00f6rten wir Schreie und Rufe: \u201ePolizei! Polizei!\u201c<br \/>\nDie Polizei brach s\u00e4mtliche Zimmert\u00fcren gewaltsam auf (obwohl man die T\u00fcren in der Einrichtung nicht abschlie\u00dfen kann), st\u00fcrmte die dunklen Zimmer mit hellen\u00a0\u00a0\u00a0 Taschenlampen und schrie, \u201ePolizei! Polizei! Hands up, don`t move! Give me your Ausweis and Camp chip card! Do you have a handy?\u201c Daraufhin wurden wir mit Kabelbindern gefesselt und sollten uns auf den Boden legen. Nach der Kontrolle der Ausweise und der\u00a0Camp-Chipkarten, um die Personen zu identifizieren, ging die Polizei<br \/>\nweiter und durchsuchte unsere Kleidung und die gesamten Zimmer. Davor\u00a0fragten sie uns noch, ob wir irgendwelche gef\u00e4hrlichen Waffen oder\u00a0Drogen in unserem Besitz h\u00e4tten. Einige von uns waren nackt und ihnen wurde verboten, sich etwas anzuziehen \u2013 auch trotz Erk\u00e4ltungen. Wir wurden gezwungen ruhig zu sein und wir wurden\u00a0\u00a0\u00a0 geschlagen, wenn wir es gewagt haben, Fragen zu stellen.<\/p>\n<p><strong>Geld wurde mitgenommen<\/strong><\/p>\n<p>Unsere Hosen und Geldbeutel wurden durchsucht. Von einigen von uns, die mehr als 200 Euro hatten,\u00a0nahmen sie Geld mit. Nach der Razzia wurden 27 Personen festgenommen und in ein anderes\u00a0\u00a0\u00a0 Geb\u00e4ude, gegen\u00fcber der Polizeistation auf dem Gel\u00e4nde der Unterkunft, gebracht. Eine der betroffenen Personen, die verhaftet wurde, weil sie unregistrierte Lyca-Simkarten hatte, erz\u00e4hlt, wie schlecht sie behandelt wurden, gefesselt und in der K\u00e4lte stehen gelassen.\u00a0Eine junge Frau, die ihrem Partner Kleidung brachte, durfte ihm nicht helfen, Klamotten zu tragen. Aber ein anderer festgenommener\u00a0\u00a0\u00a0 und gefesselter Freund half ihm, w\u00e4hrend die Polizei sie beobachtete. Einem anderen Freund von uns wurde vom Polizeichef untersagt, die Toilette zu benutzen. Der gleiche Polizeichef befragte einen anderen Polizeibeamten, warum ein Gefl\u00fcchteter ohne mit Kabelbindern\u00a0verbundenen H\u00e4nden in die Schlange der Festgenommenen gebracht wurde. Er ordnete an, auch diesen Gefl\u00fcchteten zu fesseln.\u00a0Einer nach dem anderen wurde verh\u00f6rt \u2013 im Dabeisein von fast 20\u00a0Polizeibeamten mit Hunden. Au\u00dferdem wurden wir fotografiert und\u00a0danach in die Polizeistation auf dem Unterkunftsgel\u00e4nde gebracht, wo\u00a0uns Fingerabdr\u00fccke abgenommen wurden. Selbst einer der Sozialarbeiter<br \/>\nwar schockiert, dass ein solcher Prozess losgetreten wird, beispielsweise aufgrund des Besitzes von SIM-Karten.<\/p>\n<p><strong>Medien verf\u00e4lschen unsere\u00a0Statements<\/strong><\/p>\n<p>Als die Polizei schlie\u00dflich weg war, gab es einige Verletzte, die ins Krankenhaus kamen. Zur gleichen Zeit begannen einige Medien, von\u00a0au\u00dferhalb der Unterkunft aus, zu berichten.\u00a0Wir sind ersch\u00fcttert, wie die Medien die erlogenen Polizeiberichte\u00a0einfach \u00fcbernommen haben, ohne die tats\u00e4chlichen Ereignisse zu\u00a0recherchieren oder uns zu fragen, was passiert ist.\u00a0Wir, die Gefl\u00fcchteten aus Ellwangen, sind nicht gewaltt\u00e4tig. Auch\u00a0wenn die Polizei sagt, wir h\u00e4tten sie angegriffen. Es gab w\u00e4hrend des Vorfalls eine Distanz zwischen uns und der Polizei. Unser Bruder in Handschellen stand zwischen uns und der Polizei. Wir haben Beweise f\u00fcr alles, was die Polizei mit uns gemacht hat.\u00a0Jetzt haben wir uns entschieden, eine Demonstration zu machen. F\u00fcr\u00a0uns ist das die einzige M\u00f6glichkeit, Leute dar\u00fcber zu informieren,\u00a0was tats\u00e4chlich passiert ist. Die Medien verf\u00e4lschen unsere\u00a0Statements und wenden sie gegen uns.\u00a0Wir treffen uns am Mittwoch, 9. Mai 2018, um 17 Uhr an der\u00a0Ellwangener LEA.<\/p>\n<p><strong>Gegen Rassismus \u2013\u00a0Gegen den Populismus der Medien \u2013 Gegen Polizeigewalt \u2013 Gegen die Kriminalisierung von Gefl\u00fcchteten<\/strong><\/p>\n<p><strong>Termin\u00fcbersicht am\u00a0Mittwoch, 9. Mai 2018:<\/strong><\/p>\n<p><strong>12 Uhr bis 18 Uhr:<\/strong> Mahnwache am Marktplatz Ellwangen \/ &#8222;Kommt vorbei, wenn ihr h\u00f6ren wollt, was tats\u00e4chlich passiert ist.&#8220;<\/p>\n<p><strong>17 Uhr: <\/strong>Pressekonferenz vor der LEA Ellwangen<\/p>\n<p><strong>18 Uhr:<\/strong> Kundgebung und Demonstration vor der LEA<\/p>\n<p><strong>Weitere Informationen und Kontakt:\u00a0<\/strong><\/p>\n<p>Fl\u00fcchtlinge f\u00fcr Fl\u00fcchtlinge (Refugees4Refugees), Selbstorganisierte\u00a0Beratungsstelle von und f\u00fcr Gefl\u00fcchtete, B\u00f6blingerstr. 105,\u00a070199 Stuttgart<\/p>\n<p>Telefon: 0151-72207248<\/p>\n<p><strong>Internet:<\/strong><\/p>\n<p><a href=\"https:\/\/refugees4refugees.wordpress.com\" target=\"_blank\" rel=\"noopener noreferrer\">https:\/\/refugees4refugees.wordpress.com<\/a><\/p>\n<p>Text unten anklicken, um den Link unten zu aktivieren:<\/p>\n<blockquote class=\"wp-embedded-content\" data-secret=\"m6acfqUggV\"><p><a href=\"https:\/\/www.aktionbleiberecht.de\/?p=14420\">Mahnwache, Pressekonferenz und Demonstration am 9. Mai 2018 in Ellwangen<\/a><\/p><\/blockquote>\n<p><iframe title=\"&#8222;Mahnwache, Pressekonferenz und Demonstration am 9. Mai 2018 in Ellwangen&#8220; &#8212; Aktion Bleiberecht\" class=\"wp-embedded-content\" sandbox=\"allow-scripts\" security=\"restricted\" style=\"position: absolute; clip: rect(1px, 1px, 1px, 1px);\" src=\"https:\/\/www.aktionbleiberecht.de\/?p=14420&#038;embed=true#?secret=m6acfqUggV\" data-secret=\"m6acfqUggV\" width=\"600\" height=\"338\" frameborder=\"0\" marginwidth=\"0\" marginheight=\"0\" scrolling=\"no\"><\/iframe><\/p>\n<div class=\"pdf24Plugin-cp\"> \t<form name=\"pdf24Form0\" method=\"post\" action=\"https:\/\/doc2pdf.pdf24.org\/wordpress.php\" target=\"pdf24PopWin\" onsubmit=\"var pdf24Win = window.open('about:blank', 'pdf24PopWin', 'resizable=yes,scrollbars=yes,width=600,height=250,left='+(screen.width\/2-300)+',top='+(screen.height\/3-125)+''); pdf24Win.focus(); if(typeof pdf24OnCreatePDF === 'function'){void(pdf24OnCreatePDF(this,pdf24Win));}\"> \t\t<input type=\"hidden\" name=\"blogCharset\" value=\"Cw1x07UAAA==\" \/><input type=\"hidden\" name=\"blogPosts\" value=\"MwQA\" \/><input type=\"hidden\" name=\"blogUrl\" value=\"yygpKSi20tcvLy\/Xy8jPSM3LARK6pXnpqWmZOSWpRSV6KakA\" \/><input type=\"hidden\" name=\"blogName\" value=\"88jPSM3LARK6pXnpqWmZOSWpRSUA\" \/><input type=\"hidden\" name=\"blogValueEncoding\" value=\"gzdeflate base64\" \/><input type=\"hidden\" name=\"postId_0\" value=\"MzI2MzIHAA==\" \/><input type=\"hidden\" name=\"postTitle_0\" value=\"TY4xCsJAFESv8kEIChaSSkglGGwiiDf4Zifu4uYH9m8MpPIOXsCDpDI38SQmlXbDwJs3yWKbpml2QOXHobQREcStkkGggsVAETRyWwnbGhrhPWhZ5LsV5d53LFcIXRDczAqNw5TJONCZ+95xMs9vMvo8nu\/Xka10XFqsaY+6EY2Bo2uEWjF0ClDFrZEKAdLTfer\/Xwk5+Sm\/\" \/><input type=\"hidden\" name=\"postLink_0\" value=\"yygpKSi20tcvLy\/Xy8jPSM3LARK6pXnpqWmZOSWpRSV6Kan69gW2RsZmRuYA\" \/><input type=\"hidden\" name=\"postAuthor_0\" value=\"S0zJzcwDAA==\" \/><input type=\"hidden\" name=\"postDateTime_0\" value=\"MzIwtNA1MNU1sFAwMrQyMLUyNQUA\" \/><input type=\"hidden\" name=\"postContent_0\" value=\"rVrbbhtHEn3PV3QYILABiqJkO3ZkSYYcyZeVnRiWbAN+2Z0hm8NezvQwPT1izKf8w74usnzwN\/jJT+Sf5Ev2nOoeXkQ5yQKLwLZETlfX5VTVqZocjo8PK+9Kmx0\/1pNyaLUz1mqrattXzSeqjz8vEtvXlXaVT+qBTYaF1sY60xv62mbq1ouzk9vqLM8nic1wPE\/6+Huw+OzUS+P9pOwN2+r7jnqZGLXf3XvQVnWh9u6rN0OnprWCKFzxyumq0qPSDrTTdqquSl5dKMjeOTM2g2g+Kbq5eoALklTtPdgUcqqL0sKkxJsSD9SDjno\/MVVviMf39uVsPDIwsMjzEbnlZeJGfpwnfqpwx8oUisWXQztJIETBfu87h7vRa4e74+OvDuFFXcCD4g\/obdVTPcgXn\/Gb9tSzroITz05Wkg93cWZ5Pso7NVq9LV2moTGF6a2b+MSF8XUwcEPVVMNHVuEovgnec+p1Mp2aBL8W6kq7TJ7Es6cl4sxoZh314+JjkeM2ZQp1MnYmlxh15rPff\/3tnXFqmKQCiUoVxoeQaOMbYMCmDS0yDYUHCE9H4fB8Fk6bYaEWn1McgBwe0\/KpFRlvLKSNajvwEqAJTOzjzwtde3gcmkGKwXMA1DBnTNx08XGY+zY8C7UnmvdS0Gmd94lHSiECT+s0N3bnNR7Ibef3X\/89n505+qEaO4STurRVP6kq3OmidQ0QRQg\/elXmxpuRds+ZGvPZmhnroXCaN44Wn\/gUpSp5qi+mPAMEcO0kyZkv85kVpEiC8Ov3deUXH4FH6pZYJIzzEpFKGzoSSk\/KPI\/eYPIkea6r+Wy0+FwU2tnOdSAF36XE0UQ7glBOBt155UlKiOlU1CHIK6Dc8h+i9bLMyi3onRRq\/35nDSJAhqdoOq9P6DE9M13gnyopIOrSaSLhGm7mswicDmqMoTYVvmuerZIMmmvXFrHiT95BnWNgkmINvm0RfGdVW5QPgoDfN\/hCcr1gSgG\/OPmytKtT3WhNWw0Xn1xjypXRuXqx+OgKfJ3Dy2KfS+rFf5jMdgTbEOEt5waf\/6GL6VfoLakBS4cBKcCfmAegTekQCGQs1HRiJKVC7NtMFwNrTmpf0tVToEYbPvD7r\/8i2iaJg1YOTq747DPUbFY+QAUYegMo0vfBv9PaNfdFDXA+oBKSr8S3looAgeKFcj7jfyE8NiaecWvpc6MJS5ED5ltTCFcJP58BG1ajn7BrILpWboND9YZ\/DGGuCj100c2sstdqh+UVyzjFKE3LTOITUwd2oy6PWAskBnAZvkb7IB7ew3Pj2o48M4zm3Onu3u2GC+XEaVLRwVKZAyS3C\/2yEnbU6ZpHGJtQmVGuULhgoy2leDElNgVBn0L95JgzFb5gDIeEr5jUQc3RAHnCZLEIo4hZOvxa3AFXJBKqJczsS5jMkPW\/cd+qfjVFVW8Xkwvdq53xH3bQzBOXhuK\/+DQYWCq7ft2N7So2RsGUF76Ax4HSFCGrgyqpqRiE\/W5XvcJzpRX30bDtFrHRbSp0cZWMfI3r4UuLdHDi3L17XZUMnBklVtr\/poNrist0yi7gkY3ahmvQeye1G3wB1XUBepR5FIuPrHttsAHiEiFFIe\/rtnQuOBvhROCCo6UuSk0YJvXYq2LxKZPSnukJ6h6FSKEvodPYlWmuC8SjWkF1Wk8Nw\/8oamn0YerU7vFXjVbNef4LE0yFvlhJxQi476+58UWSaaY0rgW90wbVtJ9IG0pQTlJnVsDtA\/XiuOYeCJZCI0YydQzTVT6qmJfQfoD6DCwxFuASj5eZEmoiapdW56i\/DtoV4vn57MSGBgAoekKI2IB+PpIXyKuKWDUajWyjUqpZtgH96JHg8UrnaRWJHVR9sviMekB0DZJQCW+B1\/wEQvpFeLTlYIBWlrHpmCvm\/20Y+9uPrDKBbF4AzOjZSEvpfDemSdP6LnpDyIfHcrFlPWnYSgas2nqVxiQOGaIRz19LaoQAQjprFUw87BI84UNxEdxlwoz2uutNsC0Fo0iCHmcrFl\/lQWN4qg7FRrTAz9G98OighLud9KJhEZnNml44mpHYBc0GTnrFAb32bvhBQVH1oaxRuz7QMjSxQVnmqq5ia5kwtB6xGEJmD5cBcjDVD+XDKnpXgVyannaPmhKehSYJgxPJmuLGQLQDhK5rDPficClZLGxmQ3XmcJsehlABoL3JYaHHxb6PR95qhzQ26VagkYVwYAEq68NlkF2iXw2GpoFwzAVQRRMdHejBzaFaNfulXJSvvjSr60X8CbP8CewiR8fkhAolmPyYbQ8ZW0nJ7iWgyJOm5Ws\/QTdETrFWQUw98CSqY6aLMB6C5zmSnQxFBj4KwDfQGVZgyPMmoxHvpAwBOiNnCmOT3KBqOSFwAM7Jl8ieiLy3Qe9YiqBPiWImD17yRPx5WcsDh4wlvCGLUjDxzy3ahFkpIvIGl5ecoUTD6Ovbcu06f7yQ7hYGiNcYVCUBYsn6uqldXzNEIebrNEE6kqowkckAgNFAmI9H8GS24gQBbi3V7VaZYkLPVZEELnIZHoqlfk33iNCEfDQ3OtIja2+zg+FQ4cPAhdlpRC+8j2wLpScAN7rjMpHymyfFOO4I2MgNQHqTgQH6qh4jaqX9B1pfeaW\/Vk\/NlQaRYyUgla3YhRCkvvoBYhUIM\/5KXP9rhF2qxTDB84nUhA+PAgmLKRP8b5ez2zkmzTzlWO\/oKjYjnYeRsumHhGCY+K16XPLvXEvHk6pOtzX9SctvUT8dJ0rQZ2q58wO0HCXOR2ALriJtIZCRutabgZkKjtuhkK8RiRj3QP2C6Nr1hlXN9tNMlucA3GqYxeFMI\/B+GR506QRD\/nzW1KpKIBdoZVuVaWB7zIz+ROfEEnxCJijAsupdIsgvxaxTJzxZ1iu8nt27Mn7aJEqHeEImC1vjLaHtoOSOgodD75WIcIhNS7\/kNqFSkGAEJhPylAMEPI0rztxo8VEG46ZzxMBmejqRT5Wrhyaja6tmAzRZPhbBKTuTPJFiMyFT4hMocswZcjauIdpNAaQkHwaj63Xyqc770Y615rBVIt+EKD0rq5gKPJdyUsgb9VdB7YBYynQs01p0YWAZMtKwYZP7ntWujEN1ez6TNVuIqygFddaAGhc78a79+ysEAvirpiaxCZM5Bzqnm277VKco2mStwhKa9rUcC0nW4w5NCihUCCuKTTrO4w2NPuOurC99Ke6AyNWiWsHcK\/LgAUhWUJyhMnmErtMZbnUsrVq9+NBLdi5MEdKsaZerzQ9ZKAPOXiLnQQZpYB4lM+02SkAsi+eEGvd4gsRMx6FzPhPl\/0m4ESR1UJeUtVCvoAP53jIlg8FszhgWvBYyFGos6uWAd5+jSJbSYaYkPIlA+4QuXkXCbUSKWSiBEerXqK7ZszU\/Gib5gBetjXPrs0lwQZkmgcKGYBTxJtsIWWZvyNOyaM6jIgzCVMQBPxh\/WZpcexlHIdrWfiqzAVTKcjmxcZgcNqxujNV2efGSqkvtWpIps7kjRV9F\/diq4vMZSwlJNkU+E\/yFBsctKNOd4WJYn6x70i4xGekQF2hgrjKuciCW4iMM5\/qqlmOCeL6BhItrhTVfLoucNH2pZph2TqG3kfJEJw8SjCD73fls036x8JkYBDhwUeGEnKwa2aD0ZYbhXggGHpzPIrGNVn8hO1cJWWVNojZOIMskHavUE1Jll6R9mSzhi3RZJ4IKHXBnmZ7CgCMbghJlJm9odNO64jajN6KeDSM0wqNkCn3lyin8qPKy4kJYR27U56xjqrHReWysMCBzobtWsefoSlx48fzlzrlk\/1aNfqnhCssQoKHlYSYMfWs+u4BnNCzy1TatzTcXbQ0dknl8ojOCs92Q41CtSeaRBNNmKDTw4rlL7EjbIbc9cSXzvl4mhZU1UlzG66bqq6Bym5bNZ7KiQiHM0+vLDchsh3yLszNgKLtCI+s7aLz4jJR0sQJSpegM\/ghdy7DfX8IuiJH9o6zgpM4vBx7piZJ6PA7PgXnSKWLHGVhsZjnlQ6P5jLRdO240XaQNUkqYMS62XbT5MUd2YhcQDbq3\/2xR1g7WhQIaKK4H6zAZU4TL\/0lcfKwCJzWK6dLweJY\/CsucCe8ezioJ5KpWIqRvS8cdQBVe6pwyieyUW9Ylghqe19zEtSnHoMeu5qfXl2uyJP0TAas3KM3GJexbuMAPLlu3jPWBYjItCxL2PXjxb0RglEKr+QQRzmBIqwsGbbz7Qlwogr7g6BcKAHc4\/XglN8iCzLiRGgG27bhd7ScuEAKy2Wa4FFJChddxshlw2Rz9tewMLE6HJbPQ2yw8FxHfTGZ13Nv\/2XtEmfNg5hJW8R3DNr\/jPavNEsr3fPY0vkJi4ozrfLVzirawxodnYqACTNc+p0fP1wdY8oStV4HbLw7j75caLg4krArDGmbQG20++KKMvX1xBHep4R3n6tG1N5jJxrvO1SZ1V337zYP9\/f2H5ygOfIvJih+pNN86sNk17yICbr8MA5HUfbiloETqQC3VuvmV79aL0mtSrtt2DiRl8ppFMLWZBmsirwt6F1fvzwXg8ngkzBwCk5E\/mM+2nP0kBDNnJw2ZvPHJrdd6UGdaV3ebHzBkh566tjlAIjxGH5a9QphDIjPrB5Gby8jHi0+pSHfQpaP2uveQh\/e7e99\/zw2k9xmaZKPepc71oLQHqrt3b2\/nPqJwf\/\/ug+uWP2fDARu6AUuYtJF4R62h9+PqYHfXNfY0P3QmYFKy5en0yqIFFGDE9Eetv6dgY6OWcjo\/atmyHEsG2hLntAPZbR3\/RZGHu8nxypxfvNBSee8GoI2akRufvDB2FL9EmUK8zJVUqYNwOs1BT36uMYiqHln+UWsy3tFFqvt93d\/plTzoWyh1PtmpdM\/RiOK7pDf4+U2WvW0d3+SNyWTS4UWllQ1fWGV1+nr30fho7+7d\/W7reJlp7a3\/o2EbnUjGtdTeeLXRuOFwd2VICJFBvy3QrY3P9VErZu3\/69qYulIM9vYfqhOxVj1emdv6Q3dW6Ihp+ctRCw2unOxUPWfGvmot17dHLWiHIa\/ndR+f+g+0YVyC9xnCNknBINGBHuISMz4Amnr+1t74l7ba+Ov2Q5x1vf8hMN9+073z4KHoe+Rdrb95FGO+FvIvYgFNt++HR63vut0WRjyTDfH9nTsPWkpCkcpW\/KiFLwtkg7Hx8eXvzRF8AIeggiKbmSQA2W6IZkD8fwE=\" \/> \t\t<a href=\"https:\/\/www.pdf24.org\" target=\"_blank\" title=\"www.pdf24.org\" rel=\"nofollow\"><img src=\"https:\/\/www.hohenlohe-ungefiltert.de\/wp-content\/plugins\/pdf24-post-to-pdf\/img\/pdf_32x32.png\" alt=\"\" border=\"0\" height=\"32\" \/><\/a> \t\t<span class=\"pdf24Plugin-cp-space\">&nbsp;&nbsp;<\/span> \t\t<span class=\"pdf24Plugin-cp-text\">Sende Artikel als PDF<\/span> \t\t<span class=\"pdf24Plugin-cp-space\">&nbsp;&nbsp;<\/span> \t\t<input class=\"pdf24Plugin-cp-input\" style=\"margin: 0px;\" type=\"text\" name=\"sendEmailTo\" placeholder=\"Emailadresse\" \/> \t\t<input class=\"pdf24Plugin-cp-submit\" style=\"margin: 0px;\" type=\"submit\" value=\"Senden\" \/> \t<\/form> <\/div>","protected":false},"excerpt":{"rendered":"<p>Bewohnerinnen und Bewohner der Landeserstaufnahmeeinrichtung (LEA) Ellwangen laden f\u00fcr Mittwoch, 9. Mai 2018, um 17 Uhr zu einer Pressekonferenz vor dem LEA-Eingang ein und rufen ab 18 Uhr zu einer Demonstration auf. Zwischen 12 und 18 Uhr findet auf dem Marktplatz in Ellwangen eine Mahnwache statt. Bericht von Gefl\u00fcchteten aus der LEA Ellwangen Die Vorgeschichte [&hellip;]<\/p>\n","protected":false},"author":1,"featured_media":0,"comment_status":"open","ping_status":"open","sticky":false,"template":"","format":"standard","meta":[],"categories":[1,9,10,6,2,8,5,3,7],"tags":[],"_links":{"self":[{"href":"https:\/\/www.hohenlohe-ungefiltert.de\/index.php?rest_route=\/wp\/v2\/posts\/23627"}],"collection":[{"href":"https:\/\/www.hohenlohe-ungefiltert.de\/index.php?rest_route=\/wp\/v2\/posts"}],"about":[{"href":"https:\/\/www.hohenlohe-ungefiltert.de\/index.php?rest_route=\/wp\/v2\/types\/post"}],"author":[{"embeddable":true,"href":"https:\/\/www.hohenlohe-ungefiltert.de\/index.php?rest_route=\/wp\/v2\/users\/1"}],"replies":[{"embeddable":true,"href":"https:\/\/www.hohenlohe-ungefiltert.de\/index.php?rest_route=%2Fwp%2Fv2%2Fcomments&post=23627"}],"version-history":[{"count":12,"href":"https:\/\/www.hohenlohe-ungefiltert.de\/index.php?rest_route=\/wp\/v2\/posts\/23627\/revisions"}],"predecessor-version":[{"id":23639,"href":"https:\/\/www.hohenlohe-ungefiltert.de\/index.php?rest_route=\/wp\/v2\/posts\/23627\/revisions\/23639"}],"wp:attachment":[{"href":"https:\/\/www.hohenlohe-ungefiltert.de\/index.php?rest_route=%2Fwp%2Fv2%2Fmedia&parent=23627"}],"wp:term":[{"taxonomy":"category","embeddable":true,"href":"https:\/\/www.hohenlohe-ungefiltert.de\/index.php?rest_route=%2Fwp%2Fv2%2Fcategories&post=23627"},{"taxonomy":"post_tag","embeddable":true,"href":"https:\/\/www.hohenlohe-ungefiltert.de\/index.php?rest_route=%2Fwp%2Fv2%2Ftags&post=23627"}],"curies":[{"name":"wp","href":"https:\/\/api.w.org\/{rel}","templated":true}]}}