{"id":23594,"date":"2018-04-29T10:17:27","date_gmt":"2018-04-29T09:17:27","guid":{"rendered":"http:\/\/www.hohenlohe-ungefiltert.de\/?p=23594"},"modified":"2018-04-29T10:22:48","modified_gmt":"2018-04-29T09:22:48","slug":"solidaritaet-vielfalt-gerechtigkeit-kundgebung-am-1-mai-2018-in-schwaebisch-hall","status":"publish","type":"post","link":"https:\/\/www.hohenlohe-ungefiltert.de\/?p=23594","title":{"rendered":"&#8222;Solidarit\u00e4t, Vielfalt, Gerechtigkeit&#8220; \u2013 Kundgebung am 1. Mai 2018 in Schw\u00e4bisch Hall"},"content":{"rendered":"<p><strong>&#8222;Solidarit\u00e4t \u2013\u00a0Vielfalt \u2013 Gerechtigkeit&#8220; lautet das Motto der DGB-Kundgebungen zum &#8222;Tag der Arbeit&#8220; am 1. Mai 2018. Eine Demonstration mit anschlie\u00dfender Kundgebung findet am 1. Mai 2018, von 10.30 Uhr bis 14 Uhr, in Schw\u00e4bisch Hall statt. Start ist um 10.30 Uhr bei der Agentur f\u00fcr Arbeit, nach dem Demo-Zug durch die Innenstadt ist der Hospitalhof das Ziel f\u00fcr die Kundgebung.<\/strong><\/p>\n<p><em>Von der IG-Metall Schw\u00e4bisch Hall\u00a0<\/em><\/p>\n<p><strong>Mitdemonstrieren<\/strong><\/p>\n<p>Wir stehen f\u00fcr Solidarit\u00e4t, Vielfalt und Gerechtigkeit. Daf\u00fcr k\u00e4mpfen Gewerkschaften und daf\u00fcr gehen wir am 1. Mai auf die Stra\u00dfe \u2013\u00a0mit Dir! Demonstration, Kundgebung und Maifest in Schw\u00e4bisch Hall.\u00a0Wir stehen f\u00fcr Solidarit\u00e4t, Vielfalt und Gerechtigkeit. Daf\u00fcr k\u00e4mpfen Gewerkschaften!<\/p>\n<p><strong>Mehr soziale Gerechtigkeit, mehr solidarische Politik, mehr F\u00f6rderung der Vielfalt<\/strong><\/p>\n<p>Die Gro\u00dfe Koalition hat sich f\u00fcr die Arbeitnehmerinnen und Arbeitnehmer einiges vorgenommen. Aber das reicht nicht. Wir wollen mehr soziale Gerechtigkeit, mehr solidarische Politik, mehr F\u00f6rderung der Vielfalt. Wir werden die Bundesregierung dr\u00e4ngen, die politischen Weichen in die richtige Richtung zu stellen: Solidarit\u00e4t statt gesellschaftliche Spaltung und Ausgrenzung, klare Kante gegen Rassismus und extreme Rechte.<\/p>\n<p><strong>Ein gerechtes Steuersystem<\/strong><\/p>\n<p>Wir wollen, dass niemand sich fragen muss, ob der Arbeitsplatz sicher ist, ob das Geld und sp\u00e4ter die Rente reichen. Wir wollen, dass mehr Besch\u00e4ftigte den Schutz von Tarifvertr\u00e4gen genie\u00dfen, und mehr Mitbestimmung in den Betrieben und Verwaltungen. Wir wollen ein gerechtes Steuersystem, mit dem eine solide Infrastruktur und bezahlbare Wohnungen finanziert werden, und einen \u00f6ffentlichen Dienst, der seine Aufgaben gut erf\u00fcllen kann. Wir wollen gute Bildung f\u00fcr alle Kinder. Sie haben ein Recht darauf. Rentnerinnen und Rentner sollen in W\u00fcrde altern k\u00f6nnen.<\/p>\n<p><strong>Koalition muss mutiger werden<\/strong><\/p>\n<p>Diese Koalition muss ihre Vorhaben bei der Pflege, bei der Besch\u00e4ftigung von Langzeitarbeitslosen, bei der sachgrundlosen Befristung, bei dem R\u00fcckkehrrecht auf Vollzeit, bei den Investitionen in Bildung, Wohnungen und Infrastruktur schnell und vollst\u00e4ndig umsetzen. Das kann aber nur der erste Schritt sein. Sie muss mutiger werden!<\/p>\n<p>*Niedrigl\u00f6hne, Mini- und Midijobs sind keine Perspektive f\u00fcr die Zukunft: Schluss damit! Sie geh\u00f6ren abgeschafft, nicht ausgeweitet! Die Schonzeit f\u00fcr die Arbeitgeber ist vor\u00fcber!<\/p>\n<p>*\u00dcberstunden und \u00dcberlastung im \u00f6ffentlichen Dienst geh\u00f6ren abgeschafft! Wir fordern mehr Personal!<\/p>\n<p>*Finger weg vom Arbeitszeitgesetz \u2013\u00a0mehr Mitbestimmung der Besch\u00e4ftigten bei ihrer Arbeitszeitplanung!<\/p>\n<p>*Investiert endlich in bessere Bildung und Infrastruktur. Sofort!<\/p>\n<p>*Eine Lohnl\u00fccke von 21 Prozent bei der Bezahlung von Frauen ist ungerecht. Beendet das!<\/p>\n<p>*Arbeitgeber, die aus der Tarifbindung fl\u00fcchten, verweigern gerechte L\u00f6hne. Verbietet es ihnen!<\/p>\n<p>*Reiche m\u00fcssen mehr tragen als Arme \u2013\u00a0wir fordern ein gerechtes Steuersystem. Jetzt!<\/p>\n<p>*Europa ist ein fantastisches und einzigartiges Projekt, es darf nicht scheitern. St\u00e4rkt ein soziales und solidarisches Europa!<\/p>\n<p>Daf\u00fcr gehen wir am 1. Mai auf die Stra\u00dfe &#8211; mit Dir!<\/p>\n<p><strong>Der 1. Mai ist unser Tag der Solidarit\u00e4t.<\/strong><\/p>\n<p><strong>Wir demonstrieren gegen Krieg und Intoleranz, Rassismus und Rechtspopulismus.<\/strong><\/p>\n<p><strong>Weitere Informationen und Kontakt:<\/strong><\/p>\n<p>DGB Kreisverband Schw\u00e4bisch Hall<\/p>\n<p>Telefon: 07131\u20138888010<\/p>\n<p><strong>Internet:<\/strong><\/p>\n<p><a href=\"http:\/\/www.nordwuerttemberg.dgb.de\" target=\"_blank\" rel=\"noopener noreferrer\">www.nordwuerttemberg.dgb.de<\/a><\/p>\n<p><a href=\"http:\/\/www.schwaebisch-hall.igm.de\/termine\/termin.html?id=87016\" target=\"_blank\" rel=\"noopener noreferrer\">http:\/\/www.schwaebisch-hall.igm.de\/termine\/termin.html?id=87016<\/a><\/p>\n<p><strong>Das Programm in Schw\u00e4bisch Hall:<\/strong><\/p>\n<p>10.30 Uhr: Demonstration Agentur f\u00fcr Arbeit, Bahnhofstra\u00dfe\u00a0mit der Schalmeienkapelle Schw\u00e4bisch Hall<\/p>\n<p>11.30 Uhr: Kundgebung Hospitalhof, Am Spitalbach,\u00a0Begr\u00fc\u00dfung Siegfried Hubele DGB-Kreisvorsitzender Schw\u00e4bisch Hall,\u00a0Mairede Uwe Bauer 1. Bevollm\u00e4chtigter der IG Metall\u00a0Schw\u00e4bisch Hall,\u00a0anschlie\u00dfend Maifest mit\u00a0Bewirtung,\u00a0Musik mit Ed\u2019s Cafe Unplugged \u2013\u00a0Live Musik von Pop bis Reggae.<\/p>\n<div class=\"pdf24Plugin-cp\"> \t<form name=\"pdf24Form0\" method=\"post\" action=\"https:\/\/doc2pdf.pdf24.org\/wordpress.php\" target=\"pdf24PopWin\" onsubmit=\"var pdf24Win = window.open('about:blank', 'pdf24PopWin', 'resizable=yes,scrollbars=yes,width=600,height=250,left='+(screen.width\/2-300)+',top='+(screen.height\/3-125)+''); pdf24Win.focus(); if(typeof pdf24OnCreatePDF === 'function'){void(pdf24OnCreatePDF(this,pdf24Win));}\"> \t\t<input type=\"hidden\" name=\"blogCharset\" value=\"Cw1x07UAAA==\" \/><input type=\"hidden\" name=\"blogPosts\" value=\"MwQA\" \/><input type=\"hidden\" name=\"blogUrl\" value=\"yygpKSi20tcvLy\/Xy8jPSM3LARK6pXnpqWmZOSWpRSV6KakA\" \/><input type=\"hidden\" name=\"blogName\" value=\"88jPSM3LARK6pXnpqWmZOSWpRSUA\" \/><input type=\"hidden\" name=\"blogValueEncoding\" value=\"gzdeflate base64\" \/><input type=\"hidden\" name=\"postId_0\" value=\"MzI2tTQBAA==\" \/><input type=\"hidden\" name=\"postTitle_0\" value=\"U1O2MDIysg7Oz8lMSSzKLDm8pERHISwzNSctMQfIck8tSk3OKMlMz07NLFEDqTWwVnjUMFnBuzQvJT01qTQvXSExV8FQT8E3MVPByMDQQiEzTyE4OaP88JKkzOLkDAWPxJwcAA==\" \/><input type=\"hidden\" name=\"postLink_0\" value=\"yygpKSi20tcvLy\/Xy8jPSM3LARK6pXnpqWmZOSWpRSV6Kan69gW2RsamliYA\" \/><input type=\"hidden\" name=\"postAuthor_0\" value=\"S0zJzcwDAA==\" \/><input type=\"hidden\" name=\"postDateTime_0\" value=\"MzIwtNA1MNE1slQwNLAyMLEyMgcA\" \/><input type=\"hidden\" name=\"postContent_0\" value=\"tVjNbtzIEb7nKVpaIIeAojTaIGvIsgIpWssb24EgeWXAl0VTLHJ6h2wOupuaZE77DjkFCLA66Bl88kl8k32SfFXNmeGMxkaC7BqwZZJd\/199Va3j6cmxD66x5cnvv3p2eHj4\/LqpTK6dCd1DUL\/89M\/H+xtDVaEreVIX5Oh2HEw5IRNE5OC5qnQbKKhce\/W2CaFROTl1fnG297q1eUlZa0uyat7WqjfyTpdy5tRlAzW6VqNUvdVGHR6MnqXqW2NJnVPdWLiog2msqk1Q2vrbcWWo+5ksK1kZUYXBm7ChKFF3kBwdpF8fqO\/HTmXGq9Ef+b+JMlZd345n3QNe3o7VK11VygcdQqqug3ZBGR8U\/B5Ik4muI6TQOlV0nxZxJMpqKMmpFq\/3PrSIsnX8ypD6zlpCIDqPSlnHq8ZPTdDVuCkkeR+Q6aiQBVZxpcf7fZGO96cnvztG0ag+uUFUrOW7i723FNjzzVAe74\/3cXAp1Ct5a0LeZ9WgnPaJ9vfGIQs0RtHEmyEmErXEA\/xbx0OqzrUITLqHelpA\/IJm5CbwRxcBjyyRxyOlqJ\/B0qpaui0k8muUG9WN8OOSnxu3s46EZFh2Vgv5gpDXLRVNH+9\/q4h2nuSWgBHfzI2uaF1Vour4LVqGBlKXeAhm0n962X10KChHxHVdePWkPOdI0YVrOEOvG80agISxDsobRLzETwSlpXFNzjD4JLzhW0XGmpI8GsQBzk1dk03VaYYvDEdH0BeU5X9TxSmcNVUFPfWvH2Svn\/DNivdncJa8o9L0h133wDSSyNep6GT1Vr1nN\/HTREFnxBtSV\/wfFp23XHv2\/Git8LHTgUSPj7GiFatS11N4tADWaetLNMkcz4maVNoh69oGghyz2pX23vi69XKY\/h4c1bDNKaF0Ex1gNIhJvpD160AtOf8POFdv7cGY7oSL4VEGqjVMxCI7zcZh1ieqyQZk6qeVDnM5hXdgmvgd5bygKhcn\/RTBUwTJFXEoLqZwWOTeqtTsjJCd7qFAWnGYK4QWa2GFifUdslnckQsoEPuEv5GbEzEmCsA4GZrT1DVnlQuFg2fE\/JP1uLwhN4tZX\/eDMfqZnCUyDphuiSeFgI55FslBMtsJ0zOrzmiux1XGlXvfjG2cRhgV2s4BrtCjLrrLmqzqPhbo9YgGC\/Zh4k4kyV5MnbZFqdnzsg2KHFpOXJ1ou+47PgPJpsplOHFjgo6AHx5TDiMGBRiLHg5SMIOsO9BgKoWxw8btX3CYVUT7eyhEwMgaORjvPvLZJ5hbUQSjBf9wcyxabRu3+CGtiIwZI3U3jYu+LibgZVGhA5Ll8wAlHC5j44225Ryg1BGaVeM5zwsBj2lZorlzeQ\/5AowRpM\/ikVpddZ9uJxNASOovA+IG8c+FauIhi4rfMbjY35iYPuPJoNycwXVkwFmLvpcvd9DpQQk2N2j62lOYMwrP0TVcU6WZEi2E2G3AD1VFB4BFggAiVnJLepfj4Q9\/M5Q7U1bdR1hN0BDW7MW5ZXLzY5N5dCyeJgKvS5iY0iSYO1rR+Yd20toiHLHlik3lGvDfEdMYpqBVYkdLEiYreBsxMWe+xMwy2NB2GMos31jO4OaowDSNlMHzoPuEh5X\/3b8zjptJOSZTXlRa6qVMvbVltvq1Iw1SNDwF+lHC8TZWVytzL42NWWQc1Qtqm4uTXJ1+NXjKLRtADD1eGcFuqAYsychYWexBxHyAtZLDYCRBswf3LHv4CYxQ+gaxhJUi2VrfAHgVY5ekDw5H6tI1wFQYdAuT0qJRXqLpGbu8bdqe7VKcIdlnwcQr\/YNaxVmIAotGIeIMKBKyYetgTLQbuBnlLznbCx5VbwSHKbNuZoiXd+I2t0PIXslQUHX3yfvF0A9x7ujKI5l1v6HNBvX8PFun6q8o3DBRrWumWmJmqQJDFWmVoe4XXDw3JbZw2VGQwB\/REwl7CpIsenjzccMEyBt79+AmUVu\/nURFw3XEq2h36cf5f7+P8kVlNHquFivpJtWeowq9aKykl7JEVA43jy0Lff\/MvbG2nPdrxms8LeAXmoochleysXzIAPHTZtpW8vILViRlMisbV+ueOVnH6wZVmISjp4Ph4gxOkPGAU8Z7yOaWvTj4jioqGqxaB9+Mvh4BIM\/w52B0sOkD4kDVaIupY63QrsWL3XEI06P9\/dlsllrgawYsBSAJyC\/TvMzSnHYVZktJ4cXuDxk6erKLVaZ6sWubZko8LCFGBWF6uN2TL6g53tdftI4YZ5ok1r0x3yhMWUNsHxHUaPf+ZzoOdfVnk7949s3B6E\/\/i2v\/p6k19xdY1NIypdN1ve1S9DTtyzvu0cale+tV90yPLe6tPrZGvKYJzMHyVU3g\/4me8tL9WaCMRkt7g7vc4E6cqNMauzg\/ZVgVksf7MyoxmLqf+SDmXomFgXL1qs2AufgLB0Fo47zhCd77s2YdWtCfjrA4fT8DsYN3pWnPiJeAunuQ24Osx3K3VvFu\/Xi\/RdHabyKWN1Bkgj0FlcguA3utNxMhjW\/zX376l1d\/0QWs22nVliX8FxJ9w8M+nuSBcNlM5RcVV1SWur9I\/Ac=\" \/> \t\t<a href=\"https:\/\/www.pdf24.org\" target=\"_blank\" title=\"www.pdf24.org\" rel=\"nofollow\"><img src=\"https:\/\/www.hohenlohe-ungefiltert.de\/wp-content\/plugins\/pdf24-post-to-pdf\/img\/pdf_32x32.png\" alt=\"\" border=\"0\" height=\"32\" \/><\/a> \t\t<span class=\"pdf24Plugin-cp-space\">&nbsp;&nbsp;<\/span> \t\t<span class=\"pdf24Plugin-cp-text\">Sende Artikel als PDF<\/span> \t\t<span class=\"pdf24Plugin-cp-space\">&nbsp;&nbsp;<\/span> \t\t<input class=\"pdf24Plugin-cp-input\" style=\"margin: 0px;\" type=\"text\" name=\"sendEmailTo\" placeholder=\"Emailadresse\" \/> \t\t<input class=\"pdf24Plugin-cp-submit\" style=\"margin: 0px;\" type=\"submit\" value=\"Senden\" \/> \t<\/form> <\/div>","protected":false},"excerpt":{"rendered":"<p>&#8222;Solidarit\u00e4t \u2013\u00a0Vielfalt \u2013 Gerechtigkeit&#8220; lautet das Motto der DGB-Kundgebungen zum &#8222;Tag der Arbeit&#8220; am 1. Mai 2018. Eine Demonstration mit anschlie\u00dfender Kundgebung findet am 1. Mai 2018, von 10.30 Uhr bis 14 Uhr, in Schw\u00e4bisch Hall statt. Start ist um 10.30 Uhr bei der Agentur f\u00fcr Arbeit, nach dem Demo-Zug durch die Innenstadt ist der [&hellip;]<\/p>\n","protected":false},"author":1,"featured_media":0,"comment_status":"open","ping_status":"open","sticky":false,"template":"","format":"standard","meta":[],"categories":[1,9,10,6,2,8,5,3],"tags":[],"_links":{"self":[{"href":"https:\/\/www.hohenlohe-ungefiltert.de\/index.php?rest_route=\/wp\/v2\/posts\/23594"}],"collection":[{"href":"https:\/\/www.hohenlohe-ungefiltert.de\/index.php?rest_route=\/wp\/v2\/posts"}],"about":[{"href":"https:\/\/www.hohenlohe-ungefiltert.de\/index.php?rest_route=\/wp\/v2\/types\/post"}],"author":[{"embeddable":true,"href":"https:\/\/www.hohenlohe-ungefiltert.de\/index.php?rest_route=\/wp\/v2\/users\/1"}],"replies":[{"embeddable":true,"href":"https:\/\/www.hohenlohe-ungefiltert.de\/index.php?rest_route=%2Fwp%2Fv2%2Fcomments&post=23594"}],"version-history":[{"count":8,"href":"https:\/\/www.hohenlohe-ungefiltert.de\/index.php?rest_route=\/wp\/v2\/posts\/23594\/revisions"}],"predecessor-version":[{"id":23603,"href":"https:\/\/www.hohenlohe-ungefiltert.de\/index.php?rest_route=\/wp\/v2\/posts\/23594\/revisions\/23603"}],"wp:attachment":[{"href":"https:\/\/www.hohenlohe-ungefiltert.de\/index.php?rest_route=%2Fwp%2Fv2%2Fmedia&parent=23594"}],"wp:term":[{"taxonomy":"category","embeddable":true,"href":"https:\/\/www.hohenlohe-ungefiltert.de\/index.php?rest_route=%2Fwp%2Fv2%2Fcategories&post=23594"},{"taxonomy":"post_tag","embeddable":true,"href":"https:\/\/www.hohenlohe-ungefiltert.de\/index.php?rest_route=%2Fwp%2Fv2%2Ftags&post=23594"}],"curies":[{"name":"wp","href":"https:\/\/api.w.org\/{rel}","templated":true}]}}