{"id":23378,"date":"2018-02-21T20:55:01","date_gmt":"2018-02-21T19:55:01","guid":{"rendered":"http:\/\/www.hohenlohe-ungefiltert.de\/?p=23378"},"modified":"2018-02-21T20:57:10","modified_gmt":"2018-02-21T19:57:10","slug":"heimerziehung-in-baden-wuerttemberg-1949-1975-ausstellung-in-crailsheim-endet-am-sonntag","status":"publish","type":"post","link":"https:\/\/www.hohenlohe-ungefiltert.de\/?p=23378","title":{"rendered":"&#8222;Heimerziehung in Baden-W\u00fcrttemberg 1949-1975&#8220; \u2013\u00a0Ausstellung in Crailsheim endet am Sonntag"},"content":{"rendered":"<p><strong>Die Ausstellung \u201eHeimerziehung in Baden-W\u00fcrttemberg 1949-1975\u201c endet am Wochenende. Letzter \u00d6ffnungstag ist Sonntag, der 25. Februar 2018. An diesem Tag ist die Ausstellung noch einmal von 11 bis 17 Uhr zug\u00e4nglich. Um 11 Uhr gibt es eine letzte \u00f6ffentliche F\u00fchrung durch die Ausstellung.<\/strong><\/p>\n<p><em>Von der Stadtverwaltung Crailsheim<\/em><\/p>\n<p><strong>Zus\u00e4tzliche Information von Hohenlohe-ungefiltert:<\/strong> Erg\u00e4nzt wird die Ausstellung in Crailsheim durch Informationen \u00fcber die Heime Tempelhof bei Marktlustenau und Mistlau bei Kirchberg an der Jagst, wo jeweils \u00fcber 100 Kinder untergebracht waren.<\/p>\n<div class=\"pdf24Plugin-cp\"> \t<form name=\"pdf24Form0\" method=\"post\" action=\"https:\/\/doc2pdf.pdf24.org\/wordpress.php\" target=\"pdf24PopWin\" onsubmit=\"var pdf24Win = window.open('about:blank', 'pdf24PopWin', 'resizable=yes,scrollbars=yes,width=600,height=250,left='+(screen.width\/2-300)+',top='+(screen.height\/3-125)+''); pdf24Win.focus(); if(typeof pdf24OnCreatePDF === 'function'){void(pdf24OnCreatePDF(this,pdf24Win));}\"> \t\t<input type=\"hidden\" name=\"blogCharset\" value=\"Cw1x07UAAA==\" \/><input type=\"hidden\" name=\"blogPosts\" value=\"MwQA\" \/><input type=\"hidden\" name=\"blogUrl\" value=\"yygpKSi20tcvLy\/Xy8jPSM3LARK6pXnpqWmZOSWpRSV6KakA\" \/><input type=\"hidden\" name=\"blogName\" value=\"88jPSM3LARK6pXnpqWmZOSWpRSUA\" \/><input type=\"hidden\" name=\"blogValueEncoding\" value=\"gzdeflate base64\" \/><input type=\"hidden\" name=\"postId_0\" value=\"MzI2NrcAAA==\" \/><input type=\"hidden\" name=\"postTitle_0\" value=\"U1O2MDIysvZIzcxNLarKTM0ozUtXyMxTcEpMSc3TDT+8p6ikJDU3KbUoXcHQ0sRS19DS3FQNpMfAWuFRw+RDCxxLi4tLUnNyoPqcixIzc4ozgMYppOalpJYoJOYqBOfn5ZUkpgMA\" \/><input type=\"hidden\" name=\"postLink_0\" value=\"yygpKSi20tcvLy\/Xy8jPSM3LARK6pXnpqWmZOSWpRSV6Kan69gW2RsbG5hYA\" \/><input type=\"hidden\" name=\"postAuthor_0\" value=\"S0zJzcwDAA==\" \/><input type=\"hidden\" name=\"postDateTime_0\" value=\"MzIwtNA1MNI1MlQwMrAyMLIyMAQA\" \/><input type=\"hidden\" name=\"postContent_0\" value=\"ZVHLTtxAELznK+oDWO86CiIbWSuRByIPTkCQuM2u2\/Yk4\/ZqpoeVfOIrcopy4hs47c1\/wpekx1gQkYvVnu6u6qoqtqsiiO+4Xn20hOMYgpBzkWs83P45JduS7y016cEy3puSeHY17L0ItWvyNfLlm+UsXx4dPtz+BnFJAtPiqts0xOk3wzeSXshj+FVVrEBBjIIFwXnHrPUBSu2+PsxwQmsfjdaL\/G2GY0ZpKVCLi2mhfHEiKwvIcmscbjpGnmNtA\/IjXDYefayHO66d3TQZLtvUTc+1XQsopD2CG2\/DcF9VxJJGCSfDvvEJvoxe8V+QZsV8MqyYb1evCjWQ2tV3ZU8qzsWUckN+Z5wkiA\/eWBca9bGY69jTygRxHcNwJ\/0j72euOt8asYqV1Jx2aqHTz0yRqLJOTZR3T\/T45JO+XrCzvvzPG03rmXyS8g8DMYa9BjjujTnjgtotuaarsCaLM+N\/iouKxyYicokzjcBpnbpfreKN+ZtH4V+M5nqAXYcftCOlneDzxUKHOY1EVgG1Rmw2jR5tPHE2GvIX\" \/> \t\t<a href=\"https:\/\/www.pdf24.org\" target=\"_blank\" title=\"www.pdf24.org\" rel=\"nofollow\"><img src=\"https:\/\/www.hohenlohe-ungefiltert.de\/wp-content\/plugins\/pdf24-post-to-pdf\/img\/pdf_32x32.png\" alt=\"\" border=\"0\" height=\"32\" \/><\/a> \t\t<span class=\"pdf24Plugin-cp-space\">&nbsp;&nbsp;<\/span> \t\t<span class=\"pdf24Plugin-cp-text\">Sende Artikel als PDF<\/span> \t\t<span class=\"pdf24Plugin-cp-space\">&nbsp;&nbsp;<\/span> \t\t<input class=\"pdf24Plugin-cp-input\" style=\"margin: 0px;\" type=\"text\" name=\"sendEmailTo\" placeholder=\"Emailadresse\" \/> \t\t<input class=\"pdf24Plugin-cp-submit\" style=\"margin: 0px;\" type=\"submit\" value=\"Senden\" \/> \t<\/form> <\/div>","protected":false},"excerpt":{"rendered":"<p>Die Ausstellung \u201eHeimerziehung in Baden-W\u00fcrttemberg 1949-1975\u201c endet am Wochenende. Letzter \u00d6ffnungstag ist Sonntag, der 25. Februar 2018. An diesem Tag ist die Ausstellung noch einmal von 11 bis 17 Uhr zug\u00e4nglich. Um 11 Uhr gibt es eine letzte \u00f6ffentliche F\u00fchrung durch die Ausstellung. Von der Stadtverwaltung Crailsheim Zus\u00e4tzliche Information von Hohenlohe-ungefiltert: Erg\u00e4nzt wird die Ausstellung [&hellip;]<\/p>\n","protected":false},"author":1,"featured_media":0,"comment_status":"open","ping_status":"open","sticky":false,"template":"","format":"standard","meta":[],"categories":[1,9,10,6,2,8,5,3,7],"tags":[],"_links":{"self":[{"href":"https:\/\/www.hohenlohe-ungefiltert.de\/index.php?rest_route=\/wp\/v2\/posts\/23378"}],"collection":[{"href":"https:\/\/www.hohenlohe-ungefiltert.de\/index.php?rest_route=\/wp\/v2\/posts"}],"about":[{"href":"https:\/\/www.hohenlohe-ungefiltert.de\/index.php?rest_route=\/wp\/v2\/types\/post"}],"author":[{"embeddable":true,"href":"https:\/\/www.hohenlohe-ungefiltert.de\/index.php?rest_route=\/wp\/v2\/users\/1"}],"replies":[{"embeddable":true,"href":"https:\/\/www.hohenlohe-ungefiltert.de\/index.php?rest_route=%2Fwp%2Fv2%2Fcomments&post=23378"}],"version-history":[{"count":4,"href":"https:\/\/www.hohenlohe-ungefiltert.de\/index.php?rest_route=\/wp\/v2\/posts\/23378\/revisions"}],"predecessor-version":[{"id":23382,"href":"https:\/\/www.hohenlohe-ungefiltert.de\/index.php?rest_route=\/wp\/v2\/posts\/23378\/revisions\/23382"}],"wp:attachment":[{"href":"https:\/\/www.hohenlohe-ungefiltert.de\/index.php?rest_route=%2Fwp%2Fv2%2Fmedia&parent=23378"}],"wp:term":[{"taxonomy":"category","embeddable":true,"href":"https:\/\/www.hohenlohe-ungefiltert.de\/index.php?rest_route=%2Fwp%2Fv2%2Fcategories&post=23378"},{"taxonomy":"post_tag","embeddable":true,"href":"https:\/\/www.hohenlohe-ungefiltert.de\/index.php?rest_route=%2Fwp%2Fv2%2Ftags&post=23378"}],"curies":[{"name":"wp","href":"https:\/\/api.w.org\/{rel}","templated":true}]}}