{"id":23372,"date":"2018-02-21T20:41:17","date_gmt":"2018-02-21T19:41:17","guid":{"rendered":"http:\/\/www.hohenlohe-ungefiltert.de\/?p=23372"},"modified":"2018-02-21T20:41:41","modified_gmt":"2018-02-21T19:41:41","slug":"solidaritaet-und-verstaendigung-statt-rassismus-und-suendenbockpolitik-online-aufruf-unterzeichnen","status":"publish","type":"post","link":"https:\/\/www.hohenlohe-ungefiltert.de\/?p=23372","title":{"rendered":"&#8222;Solidarit\u00e4t und Verst\u00e4ndigung statt Rassismus und S\u00fcndenbock-Politik&#8220; \u2013 Online-Aufruf unterzeichnen"},"content":{"rendered":"<p><strong>In den kommenden gesellschaftlichen Auseinandersetzungen ist es von entscheidender Bedeutung, wie sich GewerkschafterInnen gegen\u00fcber der Politik positionieren. Die aktuelle Debatte um \u201epro oder contra zur GroKo\u201c ist Anlass genug f\u00fcr mich, dies zu tun.<\/strong><\/p>\n<p><em>Informationen zugesandt von Jochen D\u00fcrr aus Schw\u00e4bisch Hall,\u00a0Vorsitzender des Fachbereich 3 des Ver.di-Bezirks Heilbronn-Neckar-Franken<\/em><\/p>\n<p><strong>Politik an gewerkschaftlichen Zielen messen<\/strong><\/p>\n<p>Dabei geht es mir als aktiver Gewerkschafter nicht um die Einwirkung auf die zur Zeit abstimmenden SPD-Mitglieder, sondern darum, die Politik an gewerkschaftlichen Zielen zu messen und die Politik mit gewerkschaftlichen Politikinhalten zu konfrontieren.\u00a0Aus diesem Grunde habe ich in meiner ehrenamtlichen Funktion als Vorsitzender des Fachbereich 3 des Ver.di-Bezirks Heilbronn-Neckar-Franken den unten stehenden \u00a0Aufruf mitunterschrieben.<\/p>\n<p><strong>Aufruf unterzeichnen:<\/strong><\/p>\n<p><a href=\"https:\/\/www.sozial-statt-grokopolitik.de\/\" target=\"_blank\" rel=\"noopener noreferrer\">https:\/\/www.sozial-statt-grokopolitik.de<\/a><\/p>\n<p><strong>Der Aufruf im Wortlaut:<\/strong><\/p>\n<p><strong>*F\u00fcr eine soziale Alternative zur Politik der Gro\u00dfen Koalition!*<\/strong><\/p>\n<p>Der Koalitionsvertrag zwischen Union und SPD wird trotz einiger positiver Elemente, wie beispielsweise die parit\u00e4tischen Beitr\u00e4ge in der gesetzlichen Krankenversicherung, \u00a0den Anforderungen aus gewerkschaftlicher Sicht nicht gerecht.<\/p>\n<p><strong>*Keine Umverteilung*<\/strong><\/p>\n<p>Obwohl die Ungleichheit in Deutschland wieder das Ausma\u00df von vor hundert Jahren angenommen hat, verzichtet die GroKo auf Umverteilung von oben nach unten: keine Verm\u00f6genssteuer, keine \u00c4nderung der Erbschaftssteuer, keine Erh\u00f6hung des Spitzensteuersatzes. Die geplante Abschmelzung des Soli-Zuschlages f\u00fchrt zu erheblichen Einnahmeausf\u00e4llen der \u00f6ffentlichen Hand und entlastet vor allem Haushalte mit relativ hohen Einkommen.<\/p>\n<p><strong>*Investitionsstau*<\/strong><\/p>\n<p>Der Investitionsstau in Deutschland bel\u00e4uft sich auf hohe dreistellige Milliardenbetr\u00e4ge. Es gibt riesige Bedarfe f\u00fcr Verbesserungen in der Infrastruktur und mehr Personal in Bildung, Gesundheitswesen und Pflege. Statt diese Herausforderungen ernsthaft anzugehen, setzt die gro\u00dfe Koalition auf ein \u201eweiter so\u201c mit nur kleinen und v\u00f6llig unzureichenden Korrekturen.<\/p>\n<p><strong>*Altersarmut*<\/strong><\/p>\n<p>Die Stabilisierung des Rentenniveaus bis 2025 ist ein Scheinerfolg. Laut Rentenversicherungsbericht liegt das Netto-Rentenniveau vor Steuern bis einschlie\u00dflich 2024 sowieso mindestens bei 48 Prozent und knickt erst danach nach unten ab. Die geplante Grundrente ist unzureichend. Wenn die falschen Weichenstellungen in der Rentenpolitik nicht korrigiert werden, droht Millionen Besch\u00e4ftigten Altersarmut.<\/p>\n<p><strong>*Zwei-Klassen-Medizin und Pflegenotstand*<\/strong><\/p>\n<p>Trotz der geplanten Wiedereinf\u00fchrung der parit\u00e4tischen Beitragss\u00e4tze sind wir meilenweit von einem solidarischen Gesundheitssystem entfernt: Tats\u00e4chliche h\u00e4lftige Finanzierung der Gesundheitsversorgung, Schritte hin zu einer B\u00fcrgerversicherung, Einschr\u00e4nkung der Anbieterdominanz? Alles Fehlanzeige. Die Unterfinanzierung der Pflege bleibt bestehen, die\u00a08.000 neu geplanten Stellen greifen viel zu kurz.<\/p>\n<p><strong>*Arbeitsmarkt*<\/strong><\/p>\n<p>Nichts findet sich zu dringend notwendigen Ma\u00dfnahmen gegen prek\u00e4re Besch\u00e4ftigung und den Missbrauch von Werkvertr\u00e4gen, zur St\u00e4rkung des Mindestlohns und der Tarifvertr\u00e4ge, zur sozialen Regulierung digitaler Arbeit. Die Einschr\u00e4nkung grundloser Befristungen ist nur ein schwacher Kompromiss, Midi-Jobs sollen sogar ausgeweitet werden. Auch in der Arbeitsmarktpolitik gibt es keinen Kurswechsel: keine Verbesserung der durch die \u201eHartz-Gesetze\u201c eingeschr\u00e4nkten Leistungen (Bezugsdauer Arbeitslosengeld I, Leistungsh\u00f6he Arbeitslosengeld II, Zumutbarkeitsregelungen und Sanktionen). Unter dem Strich werden so in Deutschland prek\u00e4re Besch\u00e4ftigung und Niedrigl\u00f6hne zementiert statt einged\u00e4mmt.<\/p>\n<p>Der Gesamtbeitragssatz zu den Sozialversicherungen soll unter 40 Prozent gehalten werden. Damit werden Leistungsk\u00fcrzungen im Verlauf der 2020er Jahre vorprogrammiert.<\/p>\n<p><strong>*S\u00fcndenbock: Gefl\u00fcchtete*<\/strong><\/p>\n<p>Das Ganze wird dann noch garniert mit Formulierungen, die stark an die von der CSU geforderte Obergrenze von Fl\u00fcchtlingen erinnern. Suggeriert wird, dass Deutschland keine Verantwortung f\u00fcr die Fluchtursachen tr\u00e4gt. Zudem soll verst\u00e4rkt aufger\u00fcstet werden und Deutschland sich weiter an Milit\u00e4reins\u00e4tzen des Westens beteiligen. Suggeriert wird ferner, dass etwaige Belastungen durch die Gesellschaft nicht aushaltbar w\u00e4ren. Beides ist falsch.<\/p>\n<p><strong>*Gewerkschaften m\u00fcssen ihr politisches Mandat offensiv wahrnehmen!*<\/strong><\/p>\n<p>Die Umsetzung des GroKo-Vertrages w\u00e4re ungeeignet, die realen gesellschaftlichen Probleme, insbesondere die Armuts- und Reichtumsentwicklung, zu l\u00f6sen. Statt den Koalitionsvertrag zu bejubeln, m\u00fcssen die Gewerkschaften ihre inhaltlichen Anforderungen an die Koalition und die Regierung bekr\u00e4ftigen und diese durch \u00f6ffentlichkeitswirksame Kampagnen untermauern. Die Gewerkschaften m\u00fcssen konsequent ihre Aufgabe als parteipolitisch unabh\u00e4ngige Interessenvertretung der von Lohnarbeit abh\u00e4ngigen Menschen wahrnehmen. Eine soziale Alternative, ein Politikwechsel f\u00fcr gute Arbeit und soziale Gerechtigkeit und f\u00fcr Frieden ist und bleibt notwendig.<\/p>\n<p><strong>Wir engagieren uns im DGB und seinen Gewerkschaften insbesondere f\u00fcr<\/strong><\/p>\n<p>\u2013\u00a0eine Politik, die gute Arbeit f\u00fcr alle schaffen will, mit voller sozialer und tariflicher Absicherung und mehr Besch\u00e4ftigung in gesellschaftlichen Bedarfsbereichen.<\/p>\n<p>\u2013 eine Steuerpolitik, die auf Mehreinnahmen zielt und von oben nach unten umverteilt (z.B. Verm\u00f6genssteuer, Erbschaftssteuer, Unternehmenssteuer und Spitzensteuersatz)<\/p>\n<p>\u2013 eine Sozialpolitik, die ein ausk\u00f6mmliches Leben f\u00fcr alle erm\u00f6glicht (z.B. Nein zur Rente mit 67, Anhebung des Rentenniveaus auf vor Agenda-Niveau, Erwerbst\u00e4tigen- und B\u00fcrgerversicherung, Anhebung der Bezugsdauer des Arbeitslosengeld I, deutliche Anhebung des Arbeitslosengeld II, Sanktionsfreiheit des Existenzminimums)<\/p>\n<p>\u2013 eine Politik gegen\u00fcber Migrantinnen und Migranten, die verdeutlicht: Der Gegensatz verl\u00e4uft nicht zwischen drinnen und drau\u00dfen, sondern zwischen oben und unten!<\/p>\n<p><strong>Solidarit\u00e4t und Verst\u00e4ndigung statt Rassismus und S\u00fcndenbockpolitik!<\/strong><\/p>\n<p><strong>Aufruf unterzeichnen:<\/strong><\/p>\n<p><a href=\"https:\/\/www.sozial-statt-grokopolitik.de\/\" target=\"_blank\" rel=\"noopener noreferrer\">https:\/\/www.sozial-statt-grokopolitik.de<\/a><\/p>\n<p><strong>ErstunterzeichnerInnen:<\/strong><\/p>\n<p>*Jan Arff, *Mitglied Landesfachbereichsvorstand Bildung, Wissenschaft, Forschung Berlin-Brandenburg l*Heinz Bayer, *GEW, Hanau l *Privatdozent Dr. Johannes M. Becker*, ver.di\/ GEW, Friedens- und Konfliktforscher, Marburg l*Rolf Becker*, ver.di, Schauspieler, Hamburg l *Britta Brandau, *ver.di, Frankfurt l *Achim Brandt*, Betriebsratsvorsitzender Bosch l *Carsten Bremer*, Gewerkschaftssekret\u00e4r l *Lothar Brendel*, ver.di, Personalratsvorsitzender der Zentral- und Landesbibliothek Berlin l *Lukas B\u00fcrger*, Gewerkschaftssekret\u00e4r l *Monika Christann, *ver.di, Gewerkschaftssekret\u00e4rin, Frankfurt l *Achim Craney,* ver.di Betriebsgruppe Krankenhaus Augsburg l *J\u00f6rg Conrad*, Schwerbehindertenvertrauensperson Siemens AG l *Prof. Dr. Frank Deppe*, Marburg l*DGB *Kreisverband Oberhavel l *Klaus Ditzel*, DGB Kreisvorsitzender, Hanau l *Jochen D\u00fcrr*, Vorsitzender FB 3, ver.di Bezirk Heilbronn-Neckar-Franken l *Ralf Doppel*, IG BAU Berlin l *Matthias Ebenau*, IG Metall, Gewerkschaftssekret\u00e4r l *Kevin Eckert*, IG Metall, VK-Leiter Vacuumschmelze, Hanau l *Kai Eicker-Wolf*, Gewerkschaftssekret\u00e4r, GEW Hessen l *Ulrike Eifler*, Gewerkschaftssekret\u00e4rin, Hanau l*Arno Enzmann,* ver.di, Gewerkschaftssekret\u00e4r i.R., Wiesbaden l *Michael Erhardt*, IG Metall, 1. Bevollm\u00e4chtigter l *Barbara Fanderl*, NGG, Betriebsratsvorsitzende Nestl\u00e9, Biessenhofen l *Katharina Fassnacht*, NGG, Betriebsratsvorsitzende Karwendel-Werke Buchloe l *Frank Firsching*, Gewerkschaftssekret\u00e4r, Schweinfurt l *Ernst Frick*, Betriebsrat ABB, Hanau l *Benjamin Gampel*, ver.di Betriebsgruppe Krankenhaus Augsburg l *Sebastian Gasior*, Gewerkschaftssekret\u00e4r l *Bernd Gehrke*, ver.di, Teamer, Arbeitskreis Geschichte sozialer Bewegungen Ost-West l *G\u00fcnther Gehrmann*, Stellvertretender Betriebsratsvorsitzender Bosch l *Andrea Germanus*, ver.di, Gewerkschaftssekret\u00e4rin, Potsdam l *Axel Gerntke*, IG Metall, 1. Bevollm\u00e4chtigter l *Olaf Giese*, NGG Bremen l *Norbert G\u00f6belsmann*, Gewerkschaftssekret\u00e4r l *Heiko Glawe*, Gewerkschaftssekret\u00e4r, Berlin l *Horst Gobrecht*, Gewerkschaftssekret\u00e4r l *Conny Gramm*, IG Metall, Hanau l *Roland Hamm*, IG Metall, 1. Bevollm\u00e4chtigter l *Christian Ha\u00df*, ver.di, Vorsitzender FB 13 Berlin l *Raymond Ha\u00dfe*, IG Metall l *Harry Hauke*, NGG, Bremen l *Gordon Herlett*, NGG, Bremen l *Gertrud Herrmann*, NGG, Betriebsratsvorsitzende Hochland, Heimenkirch l *G\u00fcnter Hoetzl*, IG Metall, 1. Bevollm\u00e4chtigter l *Karlheinz Hofmann*, IG BCE, Betriebsratsvorsitzender Dentsply Sirona, Hanau l *Renate H\u00fcrtgen*, GEW, Arbeitskreis Geschichte sozialer Bewegungen Ost-West l *Tobias Huth*, Gewerkschaftssekret\u00e4r, Hanau l *Jorge Jacinto*, NGG, Bremen l*Stefanie Jahn, *IG Metall, 1. Bevollm\u00e4chtigte l *Barbara Jantowski* l *Olaf K\u00e4mpfer, * IG Metall*, *Betriebsratsvorsitzender Schmitz Cargobull Gotha l *Andr\u00e9 Kaufmann*, IG Metall, Gewerkschaftssekret\u00e4r l *Cordula Kiank*, ver.di, Gewerkschaftssekret\u00e4rin l*Berthold Kipka*, Betriebsratsvorsitzender ABB, Hanau l *Olaf Klenke*, NGG, Gewerkschaftssekret\u00e4r l *Stephan Klimzcyk*, IG BCE, Hanau l *Birgit Koch*, Landesvorsitzende GEW Hessen l *Catrin K\u00f6hler-Gerken*, NGG, Bremen l *Markus Kornemann*, NGG, Bremen l*Sascha Kraft*, ver.di, Mitglied der Tarifkommission Chari\u00e9 Facility Management, Berlin l *Kalle Kunkel*, Gewerkschaftssekret\u00e4r, Berlin l *Mario Kunze*, ver.di, Vertrauensmann l *Winfried L\u00e4tsch*, Seniorenarbeitskreis, NGG Region Berlin-Brandenburg l*B\u00e4rbel Lange*, Landesvorstandsmitglied GEW-Berlin und Sprecherinnenteam Landesfrauenausschuss**l *Hans-Joachim Langhans*, Mitglied ver.di-Bezirks- und Landesvorstand FB 05, Berlin l *Sven Leuschner*, Mitglied Landesvorstand GEW Berlin l *Carsten Liedlich*, IG Metall, Betriebsratsvorsitzender Paul Beier GmbH l *Tim Lubecki*, NGG Gesch\u00e4ftsf\u00fchrer Region Schwaben l *Dr. Isolde Ludwig*, Bildungsreferentin, Frankfurt l *Dana L\u00fctzkendorf*, ver.di, Betriebsgruppensprecherin Chari\u00e9 l *Peer Luttmann*, NGG, Bremen l*Thomas Maier, *IG Metall, Gewerkschaftssekret\u00e4r l *David Matrai, *ver.di, Gewerkschaftssekret\u00e4r, Hannover l *Torsten Meier*, Betriebsratsvorsitzender Automotive Lighting Botterode l *Bernd Messerschmidt*, IG Metall, Gewerkschaftssekret\u00e4r l *Pit Metz, *DGB Kreisvorsitzender, Marburg l *Sven Meyer*, ver.di, Pr\u00e4sidium FB 13, Berlin-Brandenburg l *Stefan Mi\u00dfbach*, NGG, Bremen l *Marina M\u00f6ller*, GEW, Hanau l *Andreas M\u00fcller*, EVG, Gewerkschaftssekret\u00e4r l *Heiko M\u00fcller*, IG Metall, Betriebsratsvorsitzender Bachmann Elektronik Gumpenstadt l * Claudius Naumann*, ver.di, stellv. Vorsitzender FB Bildung Wissenschaft Forschung Bezirk Berlin l *NGG* Regionsvorstand Allg\u00e4u l *Gisela Neunh\u00f6ffer*, Gewerkschaftssekret\u00e4rin l *Dieter Nickel*, NGG Gesch\u00e4ftsf\u00fchrer Region Bremen-Weser-Elbe l *Andreas Nolte*, Gewerkschaftssekret\u00e4r l *Dennis Olsen*, IG Metall, Gewerkschaftssekret\u00e4r l *Taskin \u00d6zcelik*, NGG, stellv. Betriebsratsvorsitzender Hochland, Heimenkirch l*Annette Pum, *Betriebsratsvorsitzende Cohlein l *Frank Raabe-Lindemann*, Gewerkschaftssekret\u00e4r l *Wolfgang R\u00e4schke*, IG Metall, 1. Bevollm\u00e4chtigter l *Michael Rau*, GEW Berlin l *Jan Richter*, ver.di, Berlin l *Benjamin Roscher*, Landesfachbereichsvorsitzender, ver.di Landesbezirk Berlin-Brandenburg, FB 13 l *Josephine Roscher*, ver.di, Gewerkschaftssekret\u00e4rin, Berlin l *Stefan Sachs*, IG Metall, 1. Bevollm\u00e4chtigter l*Robert Sadowsky*, IG Metall, ehem. 1. Bevollm\u00e4chtigter l *Anton Salzbrunn*, Vorsitzender GEW Bayern l *Hilke Sauthof-Sch\u00e4fer*, ver.di, Gewerkschaftssekret\u00e4rin, Hanau l *Jens Sch\u00e4fer*, IG Metall, Betriebsratsvorsitzender l*Heidi Scharf*, IG Metall, ehem. 1. Bevollm\u00e4chtigte l *G\u00fcnter Schneider*, NGG, Bremen l *Peter Schmidt*, NGG, Referatsleiter Internationales l *Sascha Schmidt*, Vorsitzender DGB Wiesbaden-Rheingar-Taunus l *Lukas Schmolzi*, ehem. Betriebsrat Botanischer Garten Berlin l *Klaus Sch\u00fcller*, EVG, Vorsitzender DGB Senioren Hessen-Th\u00fcringen und Mitglied im AfA-Bundesvorstandl*Eberhard Sch\u00fcttpelz, *Sprecher der DGB Senioren Hanau l *Bernd Schumann*, ver.di-Bezirksvorsitzender Saar\/ Trier l *Tony Schwarz*, stellv. Landesvorsitzender GEW Hessen l *Martin Simon Schw\u00e4rzel*, KBR-Vorsitzender Asklepios Kliniken, Langen l *Jana Seppelt*, Gewerkschaftssekret\u00e4rin, Berlin l *Maik Sosnowsky*, BetriebsratsvorsitzenderCharit\u00e9 CFM Facility Management l*Yvonne Sotorrios*, Gewerkschaftssekret\u00e4rin l *Andreas Stangert*, IG Metall, Betriebsratsvorsitzender l *Matthias Stein*, NGG, Bremen l*Thomas Steinh\u00e4user, *Gewerkschaftssekret\u00e4r l *Angela Stephan*, ver.di, Pr\u00e4sidium FB 13 Berlin-Brandenburg l *Karola St\u00f6tzel*, stellv. Landesvorsitzende GEW Hessen l *J\u00f6rg Tetzner*, Landesvorstandsmitglied GEW Berlin l *Auke Tiekstra*, Vertrauensk\u00f6rperleitung VW l *Frank Traemann*, NGG, Bremen l *Roland Tramm*, Vorstand Betriebsgruppe Freie Universit\u00e4t l *Alexander Ulrich*, IG Metall, 2. Bevollm\u00e4chtigter l *Mario Vagnoni*, NGG, Bremen l *Christoph W\u00e4lz*, Mitglied im Landesvorstand GEW Berlin l *Manfred Wagner*, GEW, Hanau l *Sabine Wagner*, NGG, stellv. Betriebsratsvorsitzende Hochland Schongau und Hauptvorstandsmitglied l *Sebastian Walter*, Gewerkschaftssekret\u00e4r, Ostbrandenburg l *Stefan Weigand*, Betriebsrat ABB, Hanau l*Sybille Weiner*, NGG, Betriebsratsmitglied Edelweiss, Kempten**l *Robert Weissenbrunner*, IG Metall, 1. Bevollm\u00e4chtigter l *Claudia Weixler*, NGG Gesch\u00e4ftsf\u00fchrerin Allg\u00e4u l *Gerhard Wick*, IG Metall, 1. Bevollm\u00e4chtigter l *Maike Wiedwald*, Landesvorsitzende GEW Hessen l *Matthias Wilhelm*, Gewerkschaftssekret\u00e4r l *Sabrina Wirth*, IG Metall, 1. Bevollm\u00e4chtigte l *Rainer Witzel*, Landesvorstandsmitglied GEW Berlin l *Norbert Zirnsak*, IG Metall, Gewerkschaftssekret\u00e4r, W\u00fcrzburg l *Steffen Zucker*, Betriebsratsvorsitzender GFT GmbH Gotha<\/p>\n<p><strong>Aufruf unterzeichnen:<\/strong><\/p>\n<p><a href=\"https:\/\/www.sozial-statt-grokopolitik.de\" target=\"_blank\" rel=\"noopener noreferrer\">https:\/\/www.sozial-statt-grokopolitik.de<\/a><\/p>\n<div class=\"pdf24Plugin-cp\"> \t<form name=\"pdf24Form0\" method=\"post\" action=\"https:\/\/doc2pdf.pdf24.org\/wordpress.php\" target=\"pdf24PopWin\" onsubmit=\"var pdf24Win = window.open('about:blank', 'pdf24PopWin', 'resizable=yes,scrollbars=yes,width=600,height=250,left='+(screen.width\/2-300)+',top='+(screen.height\/3-125)+''); pdf24Win.focus(); if(typeof pdf24OnCreatePDF === 'function'){void(pdf24OnCreatePDF(this,pdf24Win));}\"> \t\t<input type=\"hidden\" name=\"blogCharset\" value=\"Cw1x07UAAA==\" \/><input type=\"hidden\" name=\"blogPosts\" value=\"MwQA\" \/><input type=\"hidden\" name=\"blogUrl\" value=\"yygpKSi20tcvLy\/Xy8jPSM3LARK6pXnpqWmZOSWpRSV6KakA\" \/><input type=\"hidden\" name=\"blogName\" value=\"88jPSM3LARK6pXnpqWmZOSWpRSUA\" \/><input type=\"hidden\" name=\"blogValueEncoding\" value=\"gzdeflate base64\" \/><input type=\"hidden\" name=\"postId_0\" value=\"MzI2NjcCAA==\" \/><input type=\"hidden\" name=\"postTitle_0\" value=\"U1O2MDIysg7Oz8lMSSzKLDm8pEShNC9FISy1qBjIyUvJTC\/NS1coLkksKVEISiwuzizOLS0GKwk+vCcvJTUvKT85WzcAqL8kM1sNZJqBtcKjhskK\/nk5mXmpuo6laUWlaUANJalFVamZyRl5qXkA\" \/><input type=\"hidden\" name=\"postLink_0\" value=\"yygpKSi20tcvLy\/Xy8jPSM3LARK6pXnpqWmZOSWpRSV6Kan69gW2RsbG5kYA\" \/><input type=\"hidden\" name=\"postAuthor_0\" value=\"S0zJzcwDAA==\" \/><input type=\"hidden\" name=\"postDateTime_0\" value=\"MzIwtNA1MNI1MlQwMrAyMLIyNAcA\" \/><input type=\"hidden\" name=\"postContent_0\" value=\"1VvNbhvJdt7nKWq8upcgZd+ZucnFwDMBqR\/KpiULoiwh3gTV6iK7bld3MVXV0oirWeQNAmQVxLPQ5r6AV14N32SeJN851U02\/2QhSAJkYUgi6+f8fuc7p9uvZz+99sHZcvrTm1KkqhS5LQpV0m9T5ZUx\/jaTk2D0bYaP+pVXupT42nkV5lU5xYfaB6G8uLOlUGXAeqVTOsGJgUpVFbCqK+61Eh6HiKG6Vy6Ppyr3piz5Jpyz+JJgC227sEYHnYuZ9fhpS62cKg\/EEY6QeagglBJHKpEhKFEV4vdf\/nPmrLC09daWwUkxr5wYOjuyv\/\/yHyxfvzTSe1xUVlMxWXxxooAwXZFqSD6vBIQ8eP2ytsTrl7Of\/u41LKMKWGViXSFJDAg6r2AUqB9Y27eWjXKE45yQlRfj2+x+8ZhoaCdOpTHd3369tg5KzKM9Ulx2Im8zKKrIFt\/xJ9fKHaS6N1BzDcOIU6VNAjnK3rm6zaXrnThZ5qp8\/RLiLEWrRW1MJcmIK8PW7vqolcGPQnlP+zfUO5KJ0tiWsfsKDR2MJwvrO8i67idR4sRA1obFxLEu7yErHAu1J\/wRWfyj0kHIxAfdhND44qh3psPUaESC6wpvyQ4INOmqgq0vnqUBPBSVEFWZrm0rcOWOffXXusykCfGA3JYT6B9iNP32K2KZ3a8KhAqOVSKDQQT5RZPNdAm1VYbFsmiOPanKnEKBLfU\/51pOvKokQX1QWbQdSThxMC9UpO8cFHRaJYoidT0K6oW8ak7XI1Z\/2A5nKaDN5McXWQgz\/8PLl\/f39wfezrU0PR+QTb2ps7mdRdMdpOrlCxGkm6rw44t\/TgwkfSGcMj++KK2dKbJOaXGeck65Fz8999DXL+VWFB\/hrFoHXYgb64KRVdihQf1354QymDwk4lVK9OFmV0qKXY7FJj7IN0CCxSdYdGSlYUD5prOdDFi3\/N4jAQAjUzG\/p1zG1g8leZ2CDyENMHOpwP4wJyH0FHsjVlHiHBuF6A8qYh5SzM8QxP4evygO3Zl0OiweQ330AFnjFo9TRWFH4hLuhnkdcaMYITiY0FM5BtPffqUA6RM0pfwR\/iL82UoEJ8actzF7IafCz63w6YzYlB8KUhshigO3DfQ+ubeZYQU+lFNDUZZRvkPoI4A8LkWEpKQzp4P0VCwKufjEUHlnncgoyVwQbyUlFRIeYnOxQeKFrsDlcxJTBb6E4ZvhpS0XH2aRA6JEssWc+UHkLD+SrVh8xqEeSVQR3MTPF\/9aRiuxdY9dEg20serYZYvPWVwFJJ9xZsclXuJ3HwvQVM2gJwpPn44plJkvtyDieh8rNgRcSFUmg7ZAHuUyldT+BHSWEvvgrsni0RgVfb74PJkgaOpFp2RJCjb6SHoyCRkQFQVgdYqtjGqMfUhICnqR2fr0WL+3ffwGMQRk5vBGYla7U2Bz1aZ7E2UWj9UkxFpO3qGLRQrQg5jGIBfEmcZPicgsExUj+0AcIzh1AnEBuLQGzEC6iYqlGI5LCN3rSK7TAJXXQXdXoeQ7tkYBNBYX8IctpaFlA21SToih8lhA8Yg8a8rExcQountMMBShHgjsyPKtvAFq+EDxgICk8g4zok4hAWMYThk7VtDAOiNgiHUgpak0emYZ5IwSguaGwilKcLf4TCbB74Akxb5NGYcAmaTVLj8xkHnpiirscBEkgjqJNtrrJqa9uCS8KUvAD6EA+If49tW3f47EDKKOiZIBryfWTA\/EO0BrvaONKh6Vi1ECtXoaOIHPVQi21z6cw3DMSVHyPTiXQkOrxSeKXbr3exgEKOAtTAJ1ERalJxgU3\/9FXDiLrApsnByglENA5+k2TudVToNGbOQb12hHsrBebZMeiBsIyO6aSBNR9SZ+x0G5FlZRnboe1cCYwyF6qgmcAKApRUDqLL7gUGbmN1A4d\/E4CXpK4rW8tO3CjwiM3ogIpyp7ZyrVc92OyNIGpFaZbrv3iktKrAFRbSjCgAo7M540KLarhsip9\/hoTkSbkdgRiwHCUJxGeo4oKOAeo5F99dZW6vgHmKsg0EFRL8MP4koGnEj+xVIB9Q3pr8QJ9QBzvQLV1iEUU9ZNOS3HxFiIpWeaKVjkVAPkPErRekk75kACWpR5c2i\/TLSCmVNb8H3\/CKsbolmKsAg8h5L7iOsRVk02ZYrGFgnyEcCTqMismHT+9utfDl69eiVKVbUsPaZYoW4E1gYYizuUbSaOlZvvyFNgFtQtpMt3JOo5xRVqAGVADZY4KXWaQjEFcQr3+KkpLs9QI7kk1H2QmAEcFo9OtWOOlGLqSxu09wlgDGeSU29Q8pmvENJCP2I\/Y8SGyxt4OIt5aGyGTIynOPjW6clyX9xWk6kSSTKtTGNLZEbAp3AIqxxtvuGvKWWnsZ6bvgliK6x6Q0JFgiGsv5dMSka2QMdWQI8uhANBfmsTT3FJd3s7ldxOEZvRVPtiTh6AUERuni5lieZvkpkrDPTNIwKPKodqcJuhi21RhGWl4WPSyuFMQg7g+al0Yd4bMv1ShOmK3NWoSSHyTi01+wNIfTX1qaxW0pAB8KVJxZvucq0nXqF2LMGajxUAJIEO9JWD92usYqIpY6+hyj8exBCHxAVcSzBd2wTG2qzQT0XPObAEQGcgEIwxZ57KqMdMPaqbLh6LYgVqRzG70QIlDcaADXEwU8pwwLQzmWUyJvYi4vtXS8hHZY2tWOPNI0kls9Zjaawc4NDMFQryl+EOE2ehtLzCD2aPVIcQQVMni4IU2E7P8eIL1drE3uY\/QIGJWXxhbql2FFWUuiEBSuT1qEVgl2jtBeKwZPOQoCcWYF\/nRA0jZDbHnSv9QblIch6OP0DZSDEAfe9RV4EodDytOImCGF2TD9BBYC1ISjUFJsYSBCm6VID9mmOXEQy0ukeLRE5l+kSXnxjkBhiFlwzqnNTI1I9VGgHfEL32jAqBKAzuWnzxq+Ti8Gjf5mOQMcGRhDmG6g3VoVhjSkaWm2V5J35OcLaliaBaQjSbFVLhXkb+R7w2+nmVg8PWxKkuzTXZRY6Ie7ofFwxovuQZWmK53\/b+2vACzTx0JVaoM2rUCCyo9gEYoakMwhL39iDR94itUhEUf7Obe30o6rEXa88tSu869or4mwUUpBRqU6lCDBKnGFJ3TNOQGgk1i13kMOhXHI7EHrFPzML32C2XRGVChavheHAmwwUTGYg89mzxSHDbHe6qg63gnL9W4O2I2cYO0dZrJtKUVXFc0sz61tvLuGvFg5tBDEpFXSgSlbuIN6s5DbW87N5Wg8NgR\/MjoApOlMVMTst6AOIKwtN62LfHiznUU\/9SEaiw1H2EM01uaCYDXoRIXPoYZ8oEIFhOKeje0AU8RmLrqNBUAUrMd6iOkjFarLYg8FUZedIqNg6o+O2cPHS5ztWjh7r0xBydVqEpAWyaZvMwtuR6mjff8PITR6yvrJlu2pCYJW3YivgbkD3UFTnl6Rb2eILPo+Eg3hYL4qbL20FH126F\/O+\/\/NtvvzLs1DrFiG4rw+JSYyr4XOJN9yDNXcbMO6roS1oRm7hAvKMeTqCHburGqsHbqFt6Z+rE\/tHX07ZWHwWR42AodimzttxUSc5oolf34OCkoHjRwjvmCqJqBg9B\/GF+MDjYMWHYniZwpY6BUn8Wq\/nmQOGP2xKzmdYkpnACAuaLz0XBmntUSpJyZfYokmGwjFKeK2bbdavDjvj7f+ginzOV7O4YyTDU2fWJnMreOX9MyiFeEs99Br6JaLSTvbfOJgeuiBHdtYsc0XOB2FWsibWTJDVEyE\/gOZ450dLjn2niUM7RG+gC4Lhtz2YE2Hq6cKanVD512XTo9QdNQb+jYhglQ\/sTuQ+5mygPvqtnH7EyLWeDqVudl4KX06xxNepeLuPoqniwg\/u+2czgcd2VkbV52XUs2JTuZJ5I0S5RRLUvqsjjWySnDptv9s5M\/7\/PiI+dD23h46OjbQ06b1Gq+m4y6YpO8+hBvKNHVn6yms97hDs34asZ0o2myhCzuUt0D7+S4Qfwuy57AyfZ1pWbCtM5RYTNxUA+UMp3hsc3XRraSdRk0blw+k6GNNLeI3cg3toMnJL4BpGX21y5Do87D1L9UvDeGu\/rgj+yJRAyDxOWgW44Q2WKF19aM9k8hBtt5DHNmWn1qSziatEZUP8tBQtPKd1pdvCTh0kFkoZV\/dsM1YIXBZw6UIEeNHiH9v+u\/ZBjYKmmYsOhdJR82AL6QoK0SwvMmKO4ggzR0nc2ZCBvWIkjTEvmZpC3dQv9+6joOZ6J9ojeS3RiNA5Tee0SPr3Kwd5rTHpSjjNb6lyKw4yaU7ijZYvdm3S500qH+Eg9dDu1HktjoQOezVQzryd3gJhMfeOIt4vP+OXQlk6mHXYYYavKNM\/Ea0YCyCz9jO0ixpraMxwyjDFlJwccTCwSoAmXddqBQbW+M6I5LI5KKLKp88jkHSgIDhgZkuiIjExOoNVxccvyrRhuP9rE8rVHXScD8V13pT492tr\/ZAtnXUqE7JGFwHTzm6EY9D+0XHgGAMg0vHgMgJRVXHKmAj0\/fcKfI3WH\/ceUCGF9z\/Wo9y42LtfytkJpiHN61VJvJDVIHO3t3SCh9gZOl9ITyjHvxL4Pxumchh8T80S4UeTUV3X6rrTiGGWKQq4jng45oQ8uDwiJEO0yjVeeAa0kfHgMX7p0Q9U\/EaAQyypoTMezSTbOAGEhnRQn\/KiezH4+HO5NbDAGH8zib1igWdXMTuLlI0nJq0s6yXuiRuFrZ42ku+dU79FgCp0eGlNjFZ0WQ\/dEE6qh\/33C6pweumwy75hm9ASSt\/k6PIn+YNBy60CVf5UgBGjni1kLbJ6bpGOVoCvVkg7w2j4NKIhgJNkQfDJXLVi7UuhqoEJNZXJKMmpsoTINIFZkeICTp7G5eu9Dj1ppOnaImh4yZh6Zo6ghtKDJZN2zNG9WfA2i+zQtl9Rg4JDKtyTcH7QXNoC3Fbz9Z8TckMbArN0zYu69kRMxpJYvhkgsDhxG5xbGgCuHi89oRH2t1X7TAk1yK4ZG3qsngmQFIadUzMXQJtxMPXk0ELh8QOcui2JdrWUQocISep5urdineCwpFDWncvGpZehN1PzTdy2ZL+VDYfke8MX2RayQdO6BnvTlaplvS2sO0ZajQJziKBXCju8pUKqUFjQB9GTGnto48+kSiuOMXLsYQhyKEP3U0vPo5xkD6W8yJkendlLfTpB\/ePwErzii94Zm5gFFDzVEtp2BkoCkOUUdCsiUTjfypf9ucl3ZhCrNaRWyJwKrVQVBK8RbeavLYDcN3UFWTmSpaUFGdOJp67RhGRQ12Huf684ycUaLx2I2YTa5MjOu7Ow1GjASrd1cgItNbVIhcIZEtZrcX\/wNUFy1XPD1knqIwKqMFCPEcv4MwIANEM8hs2jURnqWy6e44zpSR50Ngm0Z4PvlgqFnYNBYr4v57UPeCqkV9Gs3RWc4Qizj68gY20G+XscPZSD5R4vPGaKlN6RKVW5nEthVjhIxsmjo1zJpGQKS5KV6Mgktgy37juWDFnoqj\/6CBmeHVFHhnROEFRqeB5pCyinP4tuYNuLuflTBQuZZIAhhtaUN83Y5ul7ySlKA1t2grjpuitBpejbXWJWodqqef8W0ihhO0z1b7u6BBhAAcE7Gnqo1o1Nj5YvGCDB9rxYzTkIIpePkG\/CCclN3ZywmSjL1Xd53OoyD6IneWsnMm+5BGFApWxr4bu0Fq3a7sGzwALyv\/tw21PiOHzjQmxols7iNNnG5k2Jmta3ped5hJQ0I1rNqb9xfyMrQyJoqepGcMgqRMlUCoqzrUjlsZl6en\/LyY2o2PBEhmcRoJPb\/xiPZFHan95oIVN29eu6x6WnOZtNyhOCCp7+EOSI8tW7Sio11VoTOo3HMMkap81CQ5l0Vws4EuMpsIWmQrhm6ngUzR\/JOp9iCuNRf7cI4xUt7F6vLlY0+OCN7Pok2VbCF5bfB3ukpEJgaeRtQpGyqVuztjB8GUoOgN6n1fvkvgDNYNYfse9qoZVdWB9uZelhr1y\/c4tHrVFdFpAXdnQkm6gqD+Fx8SiRH3DZAETk\/o\/dMYkOyNomIHBDuWXypvz++Hn6deK2WPyfAB5CMseXYqJxmMToXw6qggAoy5SAUh+g+oa4X57Kq46ixBb+hcXewRZbqyF4by6xNZbjvXKUnLNOps2aVwX1jpotHtsVQe4Xadq6qMuOHEU\/1bxym\/PKBOKc20XwtT6NLiGegnBybRLXNf25NUE+y0iOaxXrx3nj17Gp9JUEgSrH49\/mtMjpvgqOx515\/7aF7kLZU9K7GBb2Zu492iEOb0QtOq3buUgKfeu9ojvFVXk+99hQoLi4R\/\/Qg6HmcsmmBL3k6sI7KNO27ZPLn1pCt+X7ZEl5anqUt69TmMHCVvXXPWE+d2nHWzs9uzeiZJnoQFBo5ry75erPVKkgxzceQyD\/HImhRuJ0ay5RY5MP6HpWp4mCvLftgnnSVmSeuYnetJR4bl6aasa\/SBh38WIIu20lvzKH\/TO1WHJqGWK2tz4EUnq\/CBTTW5Ir1HPXaHcuYSrtO+cINyLxQoSHP6bJ5uqTyCSlMnBvxg8KSX\/qX9MYR+SgyvdW+NbNRHVhObXqX1ABNpetdyQqt92pOSbutmVPVj2q0RxkoT+gmOH7EkB5jlm02aOr\/X7CO5FtCNEyu5rq9K2yILx3VjztqpgMG0p\/0e4OqTXhM55hHhi6NN4UwU4bKXEPZxPY1q9EL1VNsW8f3hpmtdy5Supfiit4RiEUdHTkTHTfvrABsi8O7DRKP4hfo7UZd1EQJoRenm6PBZW\/NNH2fGzXT1lMPgQJFD2iYtjYYAs\/SRNWEzvNSFoQnF2PryyYB98UyM6kAKnV4craL8iPW\/+nOlvz4L9BriNZ\/pS41VWUcSIHN4ef+nGpNWgE4ei+X4y+RrpWPzzb2onmfHtFJUXdnT9CbPexmJJ3l\/YvP9VR6r+s3PB+H6VfgYGUL0Xd2Hi2f9SuA2ZVWuQfz7LRboxznzWicovmVgOubVXm7cnJn67ecE13Vo6Tr5QOl9VnjCUoMvaKo+YkpP90jWYz6mWezgkbKm83Et\/sKIbd413JagmVtSxQHUXaWiZvFo5m3OxtdPN3cICAnDutu6FWMbSI5lgmVt+W3z2EaS6JBuWmBhxVD0KmsZmHbVWvT1xt6U8w90fW+9yHZSZVvlJ7Sq7X7p8Sd8UOiqbW+4bdRdw3HlkIdp8rQ\/9tAMzxSxQyQzF1pXX5vFFNTrqObpW3vrJCJsKS9P5vm9m1aqcs16lqD8k2cfz+HMUl6TEGvDt9Lkz5jILKEhhttMmWKJ2kcooHbjhvtQvZVgeKwk9\/8vWkePz0vYZux8UftSi\/z5xDjLkL\/i5u3o4IeZXys6geme+FxeHIV+3Meov0fPTz\/X312\/l8=\" \/> \t\t<a href=\"https:\/\/www.pdf24.org\" target=\"_blank\" title=\"www.pdf24.org\" rel=\"nofollow\"><img src=\"https:\/\/www.hohenlohe-ungefiltert.de\/wp-content\/plugins\/pdf24-post-to-pdf\/img\/pdf_32x32.png\" alt=\"\" border=\"0\" height=\"32\" \/><\/a> \t\t<span class=\"pdf24Plugin-cp-space\">&nbsp;&nbsp;<\/span> \t\t<span class=\"pdf24Plugin-cp-text\">Sende Artikel als PDF<\/span> \t\t<span class=\"pdf24Plugin-cp-space\">&nbsp;&nbsp;<\/span> \t\t<input class=\"pdf24Plugin-cp-input\" style=\"margin: 0px;\" type=\"text\" name=\"sendEmailTo\" placeholder=\"Emailadresse\" \/> \t\t<input class=\"pdf24Plugin-cp-submit\" style=\"margin: 0px;\" type=\"submit\" value=\"Senden\" \/> \t<\/form> <\/div>","protected":false},"excerpt":{"rendered":"<p>In den kommenden gesellschaftlichen Auseinandersetzungen ist es von entscheidender Bedeutung, wie sich GewerkschafterInnen gegen\u00fcber der Politik positionieren. Die aktuelle Debatte um \u201epro oder contra zur GroKo\u201c ist Anlass genug f\u00fcr mich, dies zu tun. Informationen zugesandt von Jochen D\u00fcrr aus Schw\u00e4bisch Hall,\u00a0Vorsitzender des Fachbereich 3 des Ver.di-Bezirks Heilbronn-Neckar-Franken Politik an gewerkschaftlichen Zielen messen Dabei geht [&hellip;]<\/p>\n","protected":false},"author":1,"featured_media":0,"comment_status":"open","ping_status":"open","sticky":false,"template":"","format":"standard","meta":[],"categories":[1,9,2,8,3,7],"tags":[],"_links":{"self":[{"href":"https:\/\/www.hohenlohe-ungefiltert.de\/index.php?rest_route=\/wp\/v2\/posts\/23372"}],"collection":[{"href":"https:\/\/www.hohenlohe-ungefiltert.de\/index.php?rest_route=\/wp\/v2\/posts"}],"about":[{"href":"https:\/\/www.hohenlohe-ungefiltert.de\/index.php?rest_route=\/wp\/v2\/types\/post"}],"author":[{"embeddable":true,"href":"https:\/\/www.hohenlohe-ungefiltert.de\/index.php?rest_route=\/wp\/v2\/users\/1"}],"replies":[{"embeddable":true,"href":"https:\/\/www.hohenlohe-ungefiltert.de\/index.php?rest_route=%2Fwp%2Fv2%2Fcomments&post=23372"}],"version-history":[{"count":3,"href":"https:\/\/www.hohenlohe-ungefiltert.de\/index.php?rest_route=\/wp\/v2\/posts\/23372\/revisions"}],"predecessor-version":[{"id":23375,"href":"https:\/\/www.hohenlohe-ungefiltert.de\/index.php?rest_route=\/wp\/v2\/posts\/23372\/revisions\/23375"}],"wp:attachment":[{"href":"https:\/\/www.hohenlohe-ungefiltert.de\/index.php?rest_route=%2Fwp%2Fv2%2Fmedia&parent=23372"}],"wp:term":[{"taxonomy":"category","embeddable":true,"href":"https:\/\/www.hohenlohe-ungefiltert.de\/index.php?rest_route=%2Fwp%2Fv2%2Fcategories&post=23372"},{"taxonomy":"post_tag","embeddable":true,"href":"https:\/\/www.hohenlohe-ungefiltert.de\/index.php?rest_route=%2Fwp%2Fv2%2Ftags&post=23372"}],"curies":[{"name":"wp","href":"https:\/\/api.w.org\/{rel}","templated":true}]}}