{"id":23365,"date":"2018-02-19T23:00:41","date_gmt":"2018-02-19T22:00:41","guid":{"rendered":"http:\/\/www.hohenlohe-ungefiltert.de\/?p=23365"},"modified":"2018-02-19T23:08:03","modified_gmt":"2018-02-19T22:08:03","slug":"tag-des-gedenkens-an-die-opfer-des-nationalsozialismus","status":"publish","type":"post","link":"https:\/\/www.hohenlohe-ungefiltert.de\/?p=23365","title":{"rendered":"&#8222;Kolonnen von Menschen, die Richtung Gaskammer gingen und in Rauch verwandelt wurden&#8220; \u2013 Tag des Gedenkens an die Opfer des Nationalsozialismus"},"content":{"rendered":"<p><strong>Rede von Dr. h.c. Anita Lasker-Wallfisch MBE zum Tag des Gedenkens an die Opfer des Nationalsozialismus \u2013 gehalten am 31. Januar 2018\u00a0im Deutschen Bundestag.<\/strong><\/p>\n<p><em>Informationen zusammengestellt von Hohenlohe-ungefiltert<\/em><\/p>\n<p><strong>Link zum Video-Mitschnitt:<\/strong><\/p>\n<p><a href=\"http:\/\/www.bundestag.de\/mediathek?videoid=7197508#url=L21lZGlhdGhla292ZXJsYXk\/dmlkZW9pZD03MTk3NTA4&amp;mod=mediathek\" target=\"_blank\" rel=\"noopener noreferrer\">http:\/\/www.bundestag.de\/mediathek?videoid=7197508#url=L21lZGlhdGhla292ZXJsYXk\/dmlkZW9pZD03MTk3NTA4&amp;mod=mediathek<\/a><\/p>\n<p><strong>Link zum Redemanuskript von\u00a0Anita Lasker-Wallfisch:<\/strong><\/p>\n<p><a href=\"https:\/\/www.bundestag.de\/dokumente\/textarchiv\/2018\/kw05-nachbericht-gedenkstunde-rede-wallfisch\/541710\" target=\"_blank\" rel=\"noopener noreferrer\">https:\/\/www.bundestag.de\/dokumente\/textarchiv\/2018\/kw05-nachbericht-gedenkstunde-rede-wallfisch\/541710<\/a><\/p>\n<p><strong>SWR2-Archivradio: Auschwitz und die Deutschen 16. April 1945 \u2013\u00a0Bergen-Belsen: Radioansprache der \u00dcberlebenden Anita Lasker<\/strong><\/p>\n<p>Anita Lasker geh\u00f6rte zu den ersten Menschen, die als Zeitzeugen unmittelbar nach der Befreiung von den Verbrechen in den Konzentrationslagern im Rundfunk berichteten. Bevor sie nach Bergen-Belsen gebracht wurde, geh\u00f6rte sie dem M\u00e4dchenorchester von Auschwitz an. Am 15. April 1945 wurde sie aus dem Konzentrationslager Bergen-Belsen befreit, einen Tag sp\u00e4ter schilderte sie im deutschen Dienst der BBC, was sie erlebt hatte. Nach dem Krieg wanderte sie nach Gro\u00dfbritannien aus, wo sie das English Chamber Orchestra gr\u00fcndete. Anita Lasker-Wallfisch lebt noch heute in London.<\/p>\n<p><a href=\"https:\/\/www.swr.de\/swr2\/wissen\/archivradio\/juedisches-leben-02-anita-lasker\/-\/id=2847740\/did=14723804\/nid=2847740\/mtykve\/index.html\" target=\"_blank\" rel=\"noopener noreferrer\">https:\/\/www.swr.de\/swr2\/wissen\/archivradio\/juedisches-leben-02-anita-lasker\/-\/id=2847740\/did=14723804\/nid=2847740\/mtykve\/index.html<\/a><\/p>\n<p><strong>Holocaust-Gedenktag | SWR-Portr\u00e4t von Rednerin Anita Lasker-Wallfisch Die Cellistin von Auschwitz \u2013\u00a0Kulturthema am 31. Januar 2018 von Thomas Spickhofen<\/strong><\/p>\n<p>Die Auschwitz-\u00dcberlebende Anita Lasker-Wallfisch hat in diesem Jahr die Rede beim Gedenktag f\u00fcr die Opfer des Nationalsozialismus im Deutschen Bundestag gehalten. Die 92-J\u00e4hrige war Mitglied des sogenannten M\u00e4dchenorchesters des Vernichtungslagers. Die Musiker mussten beim Ein- und Ausmarsch der Arbeitstrupps spielen. Ein Portr\u00e4t von Thomas Spickhofen.<\/p>\n<p><a href=\"https:\/\/www.swr.de\/swr2\/kultur-info\/anita-lasker-wallfisch-cellistin-auschwitz\/-\/id=9597116\/did=21075486\/nid=9597116\/1tvm7r0\/index.html\" target=\"_blank\" rel=\"noopener noreferrer\">https:\/\/www.swr.de\/swr2\/kultur-info\/anita-lasker-wallfisch-cellistin-auschwitz\/-\/id=9597116\/did=21075486\/nid=9597116\/1tvm7r0\/index.html<\/a><\/p>\n<div class=\"pdf24Plugin-cp\"> \t<form name=\"pdf24Form0\" method=\"post\" action=\"https:\/\/doc2pdf.pdf24.org\/wordpress.php\" target=\"pdf24PopWin\" onsubmit=\"var pdf24Win = window.open('about:blank', 'pdf24PopWin', 'resizable=yes,scrollbars=yes,width=600,height=250,left='+(screen.width\/2-300)+',top='+(screen.height\/3-125)+''); pdf24Win.focus(); if(typeof pdf24OnCreatePDF === 'function'){void(pdf24OnCreatePDF(this,pdf24Win));}\"> \t\t<input type=\"hidden\" name=\"blogCharset\" value=\"Cw1x07UAAA==\" \/><input type=\"hidden\" name=\"blogPosts\" value=\"MwQA\" \/><input type=\"hidden\" name=\"blogUrl\" value=\"yygpKSi20tcvLy\/Xy8jPSM3LARK6pXnpqWmZOSWpRSV6KakA\" \/><input type=\"hidden\" name=\"blogName\" value=\"88jPSM3LARK6pXnpqWmZOSWpRSUA\" \/><input type=\"hidden\" name=\"blogValueEncoding\" value=\"gzdeflate base64\" \/><input type=\"hidden\" name=\"postId_0\" value=\"MzI2NjMFAA==\" \/><input type=\"hidden\" name=\"postTitle_0\" value=\"HcxBCsIwFEXRrTwQHDmQjoQuoANRobiBT\/NNP01fpGlacOQe3KErMXV8L2e\/O1VVVZ9jiKQSSyQuytT1ygOcKVrr+jnTo5E0yDjqBG\/05c10MKKV3PVYdFqFTsOMNU9Oud\/kY43v+4O7eDhNaLSEofAQ\/vHb81G8LV1ltkgJKb5MgqUxpx8=\" \/><input type=\"hidden\" name=\"postLink_0\" value=\"yygpKSi20tcvLy\/Xy8jPSM3LARK6pXnpqWmZOSWpRSV6Kan69gW2RsbGZqYA\" \/><input type=\"hidden\" name=\"postAuthor_0\" value=\"S0zJzcwDAA==\" \/><input type=\"hidden\" name=\"postDateTime_0\" value=\"MzIwtNA1MNI1tFQwMrYyMLIyMQQA\" \/><input type=\"hidden\" name=\"postContent_0\" value=\"xVbBUiM3EL3nK1SkKifG4zE2xsQmZcMWGxZ2Uyy1bLikZE\/bo4xGmpI09obKIf+Qa6rCgW\/IaU\/4T\/IleZLBhsUkm1SSvYBtSd2vX79+Urfc61pntJrsnVJKbKoVOzA1ltVGNdZXwnF2zG1OJjrnUo6FHWXsZPCMXVYFO+MTlpJlhzioclKWccVSQexVOSYTll5yJ7Ti0upLwaWwRWXZ7z\/9zCaUcelIMV6wraTGjriquGGNerJzcyUKdkCVQypsGFQKgRyf1LrxLdBuXO591gVwKva+VmNtipAFmy8ry4uC1AQnSEoXynmuEUfiT1RhYSyQ17hujMPLQLeBj4XKQ2VvREo6OhEeAzhwu49zc5YZGvc2MufK3TiezWa14RJqSnFBqeAuo\/yrqQ8m0l476bRb9Z3PKyN7x41EXhzKLD3MJG90Ghdvj+y3b\/M4LWR+cd4pLw7qWydn+dbLs37zC16UXxY67S1DbjDHzYRcb+O7oeQK3w3J3obSuiQF5pUGNDKGzMbep8DXjfnT3HqZFWi3zY0oQ4durtYL7S9Yt+vKSnVeQQCOYkfvwNIoE9PYyyrOZ\/VWpPgoG5IRo8xFkyBb6\/zxyOBLNLvLHLeaSTup\/12e\/3tE65h9fX7aiPohruGp0LusX+HETLhLhkhhIlfzlGxjrksjJEs6zZYfxpurAaFKFQ1IWlK77NRH4cqWBtgIc2zY\/BdglDQkIFMPfOFRj+4v+jmf\/2YcofPMnyRj\/dSfwCw8ms0ADvbALghwqQIMYC4wciSHMATPTgAwoLEhgQEOI+1DvSEzNBRqEotfXmh1CaJNcAMr+YQM1qA4sDCuIL9bngkQaog41YZZ5A9JHnAA3ENfvGOzyqS0uarD74d+2cn8OvW5NXj3ZmMCrhXxHBn6BUtaD9gO0UIMDiP0cdZg\/gDKMFTuNhkJb3HedG05v\/YpkUxIsHOLC6Wmyz4fCHDsFtwN9jfZjNuwKbTRsYyD4hr8OfALHEbQBJvUKlyg5dDo+a9Dg5YqJbxfVxax9IIHhHymJrD1jO1nvAC97NWCD8PZxMzfI5rP8sQ9EoAojU8ZYJNv47FWqVa1P513OzN+rvCvEc+EBUcxX6k\/\/r6CDXkObBQEG9UbEfcAIhkAxFEMs2vsNNvtZj1O8TlpthtbO\/VmrO4tFO6HfEqxQAnvapkr5D81g08Ed51TPNdSj9BBFy2ubDgU+5HBP6JvtHEGogoqhkOjIKGe6hukxfZxvQrrsOmh7oOfvKikqwxugoKvueDDibNMF5DP61KM8kyPST3yEZ9lGTe6b0BP4YKmgxUIslD0Ec9MsJfwrhkSpmNV9Xj+3nzEU2X9S2T5eqkFKjqN6Gh+nRkxIQyQYXg2YCYoDVGtxihjdoLrfegZNmyBkSlvSzC3hQHYRdyTygrvoQASTDOU8EyoKLg6qCm4sbf22DdYdWCwKkskLQVJDw+72YPWPqL940ctD02NBB5c8X2Bru6oaHQniojfNW4h306r006S7SDfRlJvt5o720G+dwuJmxZtU\/+Xx+1\/hrwcuT8A\" \/> \t\t<a href=\"https:\/\/www.pdf24.org\" target=\"_blank\" title=\"www.pdf24.org\" rel=\"nofollow\"><img src=\"https:\/\/www.hohenlohe-ungefiltert.de\/wp-content\/plugins\/pdf24-post-to-pdf\/img\/pdf_32x32.png\" alt=\"\" border=\"0\" height=\"32\" \/><\/a> \t\t<span class=\"pdf24Plugin-cp-space\">&nbsp;&nbsp;<\/span> \t\t<span class=\"pdf24Plugin-cp-text\">Sende Artikel als PDF<\/span> \t\t<span class=\"pdf24Plugin-cp-space\">&nbsp;&nbsp;<\/span> \t\t<input class=\"pdf24Plugin-cp-input\" style=\"margin: 0px;\" type=\"text\" name=\"sendEmailTo\" placeholder=\"Emailadresse\" \/> \t\t<input class=\"pdf24Plugin-cp-submit\" style=\"margin: 0px;\" type=\"submit\" value=\"Senden\" \/> \t<\/form> <\/div>","protected":false},"excerpt":{"rendered":"<p>Rede von Dr. h.c. Anita Lasker-Wallfisch MBE zum Tag des Gedenkens an die Opfer des Nationalsozialismus \u2013 gehalten am 31. Januar 2018\u00a0im Deutschen Bundestag. Informationen zusammengestellt von Hohenlohe-ungefiltert Link zum Video-Mitschnitt: http:\/\/www.bundestag.de\/mediathek?videoid=7197508#url=L21lZGlhdGhla292ZXJsYXk\/dmlkZW9pZD03MTk3NTA4&amp;mod=mediathek Link zum Redemanuskript von\u00a0Anita Lasker-Wallfisch: https:\/\/www.bundestag.de\/dokumente\/textarchiv\/2018\/kw05-nachbericht-gedenkstunde-rede-wallfisch\/541710 SWR2-Archivradio: Auschwitz und die Deutschen 16. April 1945 \u2013\u00a0Bergen-Belsen: Radioansprache der \u00dcberlebenden Anita Lasker Anita Lasker geh\u00f6rte [&hellip;]<\/p>\n","protected":false},"author":1,"featured_media":0,"comment_status":"open","ping_status":"open","sticky":false,"template":"","format":"standard","meta":[],"categories":[1,9,10,6,2,8,5,3,7],"tags":[],"_links":{"self":[{"href":"https:\/\/www.hohenlohe-ungefiltert.de\/index.php?rest_route=\/wp\/v2\/posts\/23365"}],"collection":[{"href":"https:\/\/www.hohenlohe-ungefiltert.de\/index.php?rest_route=\/wp\/v2\/posts"}],"about":[{"href":"https:\/\/www.hohenlohe-ungefiltert.de\/index.php?rest_route=\/wp\/v2\/types\/post"}],"author":[{"embeddable":true,"href":"https:\/\/www.hohenlohe-ungefiltert.de\/index.php?rest_route=\/wp\/v2\/users\/1"}],"replies":[{"embeddable":true,"href":"https:\/\/www.hohenlohe-ungefiltert.de\/index.php?rest_route=%2Fwp%2Fv2%2Fcomments&post=23365"}],"version-history":[{"count":6,"href":"https:\/\/www.hohenlohe-ungefiltert.de\/index.php?rest_route=\/wp\/v2\/posts\/23365\/revisions"}],"predecessor-version":[{"id":23371,"href":"https:\/\/www.hohenlohe-ungefiltert.de\/index.php?rest_route=\/wp\/v2\/posts\/23365\/revisions\/23371"}],"wp:attachment":[{"href":"https:\/\/www.hohenlohe-ungefiltert.de\/index.php?rest_route=%2Fwp%2Fv2%2Fmedia&parent=23365"}],"wp:term":[{"taxonomy":"category","embeddable":true,"href":"https:\/\/www.hohenlohe-ungefiltert.de\/index.php?rest_route=%2Fwp%2Fv2%2Fcategories&post=23365"},{"taxonomy":"post_tag","embeddable":true,"href":"https:\/\/www.hohenlohe-ungefiltert.de\/index.php?rest_route=%2Fwp%2Fv2%2Ftags&post=23365"}],"curies":[{"name":"wp","href":"https:\/\/api.w.org\/{rel}","templated":true}]}}