{"id":23166,"date":"2018-01-20T19:01:38","date_gmt":"2018-01-20T18:01:38","guid":{"rendered":"http:\/\/www.hohenlohe-ungefiltert.de\/?p=23166"},"modified":"2018-01-20T19:03:07","modified_gmt":"2018-01-20T18:03:07","slug":"crailsheim-erinnert-an-den-widerstandskaempfer-hans-scholl-mehrere-veranstaltungen-zum-100-geburtstags-erinnern-an-den-mann-aus-dem-teilort-ingersheim","status":"publish","type":"post","link":"https:\/\/www.hohenlohe-ungefiltert.de\/?p=23166","title":{"rendered":"&#8222;Crailsheim und der Widerstandsk\u00e4mpfer Hans Scholl&#8220; \u2013 Mehrere Veranstaltungen zu dessen 100. Geburtstag erinnern an den Mann, der im Stadtteil Ingersheim geboren ist"},"content":{"rendered":"<p><strong>F\u00fchrungen, Vortr\u00e4ge, Pr\u00e4sentationen und Lesungen, eine Ausstellung, ein Symposium, eine Geburtstagsfeier und vieles mehr \u2013 anl\u00e4sslich seines 100. Geburtstags soll Hans Scholl und das Thema Widerstand gegen das nationalsozialistische Unrechtsregime in Crailsheim verst\u00e4rkt in den Mittelpunkt ger\u00fcckt werden.<\/strong><\/p>\n<p><em>Von der Stadtverwaltung Crailsheim<\/em><\/p>\n<p><strong>Zum Tod durch das Fallbeil verurteilt<\/strong><\/p>\n<p>Hans Scholl wurde am 22. September 1918 im heutigen Crailsheimer Stadtteil Ingersheim geboren, wo sein Vater von 1917 bis 1919 B\u00fcrgermeister war.\u00a0Mit Flugblattaktionen und Wandparolen leistete in den Jahren 1942 und 1943 die Widerstandsgruppe \u201eWei\u00dfe Rose\u201c in M\u00fcnchen Widerstand gegen das nationalsozialistische Unrechtsregime. Dieser Gruppe geh\u00f6rte Hans Scholl an. Am 18. Februar 1943 wurden er und seine Schwester Sophie in der M\u00fcnchner Universit\u00e4t beim Verteilen von Flugbl\u00e4ttern entdeckt und an die Geheime Staatspolizei (Gestapo) ausgeliefert. Vier Tage sp\u00e4ter, am 22. Februar 1943, wurden beide zum Tod durch das Fallbeil verurteilt. Das Urteil wurde noch am gleichen Tag vollstreckt.<\/p>\n<p><strong>Flyer gibt es im B\u00fcrgerb\u00fcro und Stadtarchiv<\/strong><\/p>\n<p>Die ersten Veranstaltungen in Crailsheim anl\u00e4sslich des 100. Geburtstags von Hans Scholl finden am Donnerstag, 22. Februar 2018, statt. In einem Flyer, der im B\u00fcrgerb\u00fcro und im Stadtarchiv Crailsheim kostenlos erh\u00e4ltlich ist, sind diese Veranstaltungen sowie die weiteren Programmplanungen zusammengefasst.<\/p>\n<div class=\"pdf24Plugin-cp\"> \t<form name=\"pdf24Form0\" method=\"post\" action=\"https:\/\/doc2pdf.pdf24.org\/wordpress.php\" target=\"pdf24PopWin\" onsubmit=\"var pdf24Win = window.open('about:blank', 'pdf24PopWin', 'resizable=yes,scrollbars=yes,width=600,height=250,left='+(screen.width\/2-300)+',top='+(screen.height\/3-125)+''); pdf24Win.focus(); if(typeof pdf24OnCreatePDF === 'function'){void(pdf24OnCreatePDF(this,pdf24Win));}\"> \t\t<input type=\"hidden\" name=\"blogCharset\" value=\"Cw1x07UAAA==\" \/><input type=\"hidden\" name=\"blogPosts\" value=\"MwQA\" \/><input type=\"hidden\" name=\"blogUrl\" value=\"yygpKSi20tcvLy\/Xy8jPSM3LARK6pXnpqWmZOSWpRSV6KakA\" \/><input type=\"hidden\" name=\"blogName\" value=\"88jPSM3LARK6pXnpqWmZOSWpRSUA\" \/><input type=\"hidden\" name=\"blogValueEncoding\" value=\"gzdeflate base64\" \/><input type=\"hidden\" name=\"postId_0\" value=\"MzI2NDMDAA==\" \/><input type=\"hidden\" name=\"postTitle_0\" value=\"JY49CsJQDMevEhA6idROQkcHdehU0Dn1xfbha1qSvMXJO3gFb+JNPIlRlxCS3\/+jWGyqqqq3gjHpQHGEzAECCZyiTzXkoNfXc5wvftsjK7TnYUqp+ArLGt73BzQ0CAnBkcQBw2SZe2K4ZXdS9W1dlivYUZfF\/N8DSWQmYUB2hKFB5uUv1hu0hsGMYoKD28i\/Vk\/dJE5GtQ8=\" \/><input type=\"hidden\" name=\"postLink_0\" value=\"yygpKSi20tcvLy\/Xy8jPSM3LARK6pXnpqWmZOSWpRSV6Kan69gW2RsaGZmYA\" \/><input type=\"hidden\" name=\"postAuthor_0\" value=\"S0zJzcwDAA==\" \/><input type=\"hidden\" name=\"postDateTime_0\" value=\"MzIwtNA1MNQ1MlAwtLQyMLQytgAA\" \/><input type=\"hidden\" name=\"postContent_0\" value=\"pVTNbhMxEL7zFHMEKdo2AYlWiiIVqoQiKlWkTSVu3uxk16rXXtnerJpT34ErAg59Bk49sW\/SJ+Gzs4Et7QGJ03rt8cx8P55xNRk7b43OJ9P2rrC1zlkPaGGst+1tzgM6w9ex9sJLo1lTrTP6wK4LZKmZjmrnPCuFvbhD8+uyMk7WZRcw47S23nmRuxVLtjHJWrJiRyUXlu5vPpPQCpWcksuCXLjmaLi\/n\/QvkzNK0TuhHc2XRViHRJlwdF5wKehSZmwRic2c0V880rFzoZzZSKGk89ItC6YLbXlZeGc5lyUTun5rhVSuYFnSOqRpb+2VDwcZMp1KD4hVrbGVs23vllg0bHGWjPc6Csd71eTZGJRyOVmYcNHS3IvMI18jlAdBvSrjPYT9vtKl+FSXdG4AqrbgIfQ\/FUqlLFVoCkRg5R8V7FPS1GiKREmjUUJzrjyXKfoYHg4PCNAKrr0M3PxpZNdlyE0nENZuWcg5NTao3JioCC2ER+wayJDtNaXShcUhvWnvLG6VDHYR0Aib\/PwOxmiq6jxVwntx1bPPJQSqhDUK\/yre8bzj+b0oUBJpX41iLBYvKZPc09bltq4qhmm+XrJsvzF9NI7vb76EHKftnYa8+j+8kNCxZAccs22dnIv2B4h\/YDyhEzoqaXiQ0JRTWwu7bTWyr6nzePRxuNJwZGZuqkJ2WG3Xq8bqQstgOQnPeUoD9wuOUiNVoHvLIw6RBMm1zzj4L5QQOtIz46hkEFJ4VxklNyzp+Qx1RWVekKhdzkryCnkTWoRHeC5yJlchK9vBzjB9MIMdGnQES23+xZogDwcX8aezojYIR\/ocWkdpUBiolIKJA4zk7zcwVddoL5epJwwBkNH5K8XHRNDRrgJtyPWjtwDxKCiPQiARkvnty8P\/w0feHzjZU9MmMN\/XfCV1YANQjo3W0V0YeH3WRvvDgwFh34OIEx2nX0kRzyBK\/hQY7PXw9Du8MgGGMg6AivZW+dgrbIsaMky+4NNHKJ1pQEEwRcMS2mLrzJrcirKslNDboE3t8M9YrwSm91aDXw==\" \/> \t\t<a href=\"https:\/\/www.pdf24.org\" target=\"_blank\" title=\"www.pdf24.org\" rel=\"nofollow\"><img src=\"https:\/\/www.hohenlohe-ungefiltert.de\/wp-content\/plugins\/pdf24-post-to-pdf\/img\/pdf_32x32.png\" alt=\"\" border=\"0\" height=\"32\" \/><\/a> \t\t<span class=\"pdf24Plugin-cp-space\">&nbsp;&nbsp;<\/span> \t\t<span class=\"pdf24Plugin-cp-text\">Sende Artikel als PDF<\/span> \t\t<span class=\"pdf24Plugin-cp-space\">&nbsp;&nbsp;<\/span> \t\t<input class=\"pdf24Plugin-cp-input\" style=\"margin: 0px;\" type=\"text\" name=\"sendEmailTo\" placeholder=\"Emailadresse\" \/> \t\t<input class=\"pdf24Plugin-cp-submit\" style=\"margin: 0px;\" type=\"submit\" value=\"Senden\" \/> \t<\/form> <\/div>","protected":false},"excerpt":{"rendered":"<p>F\u00fchrungen, Vortr\u00e4ge, Pr\u00e4sentationen und Lesungen, eine Ausstellung, ein Symposium, eine Geburtstagsfeier und vieles mehr \u2013 anl\u00e4sslich seines 100. Geburtstags soll Hans Scholl und das Thema Widerstand gegen das nationalsozialistische Unrechtsregime in Crailsheim verst\u00e4rkt in den Mittelpunkt ger\u00fcckt werden. Von der Stadtverwaltung Crailsheim Zum Tod durch das Fallbeil verurteilt Hans Scholl wurde am 22. September 1918 [&hellip;]<\/p>\n","protected":false},"author":1,"featured_media":0,"comment_status":"open","ping_status":"open","sticky":false,"template":"","format":"standard","meta":[],"categories":[1,10,6,2,8,5,3,7],"tags":[],"_links":{"self":[{"href":"https:\/\/www.hohenlohe-ungefiltert.de\/index.php?rest_route=\/wp\/v2\/posts\/23166"}],"collection":[{"href":"https:\/\/www.hohenlohe-ungefiltert.de\/index.php?rest_route=\/wp\/v2\/posts"}],"about":[{"href":"https:\/\/www.hohenlohe-ungefiltert.de\/index.php?rest_route=\/wp\/v2\/types\/post"}],"author":[{"embeddable":true,"href":"https:\/\/www.hohenlohe-ungefiltert.de\/index.php?rest_route=\/wp\/v2\/users\/1"}],"replies":[{"embeddable":true,"href":"https:\/\/www.hohenlohe-ungefiltert.de\/index.php?rest_route=%2Fwp%2Fv2%2Fcomments&post=23166"}],"version-history":[{"count":4,"href":"https:\/\/www.hohenlohe-ungefiltert.de\/index.php?rest_route=\/wp\/v2\/posts\/23166\/revisions"}],"predecessor-version":[{"id":23170,"href":"https:\/\/www.hohenlohe-ungefiltert.de\/index.php?rest_route=\/wp\/v2\/posts\/23166\/revisions\/23170"}],"wp:attachment":[{"href":"https:\/\/www.hohenlohe-ungefiltert.de\/index.php?rest_route=%2Fwp%2Fv2%2Fmedia&parent=23166"}],"wp:term":[{"taxonomy":"category","embeddable":true,"href":"https:\/\/www.hohenlohe-ungefiltert.de\/index.php?rest_route=%2Fwp%2Fv2%2Fcategories&post=23166"},{"taxonomy":"post_tag","embeddable":true,"href":"https:\/\/www.hohenlohe-ungefiltert.de\/index.php?rest_route=%2Fwp%2Fv2%2Ftags&post=23166"}],"curies":[{"name":"wp","href":"https:\/\/api.w.org\/{rel}","templated":true}]}}