{"id":23149,"date":"2018-01-10T21:16:37","date_gmt":"2018-01-10T20:16:37","guid":{"rendered":"http:\/\/www.hohenlohe-ungefiltert.de\/?p=23149"},"modified":"2018-01-10T21:16:37","modified_gmt":"2018-01-10T20:16:37","slug":"das-leben-der-heimkinder-ausstellung-im-forum-in-den-arkaden-im-crailsheimer-rathaus","status":"publish","type":"post","link":"https:\/\/www.hohenlohe-ungefiltert.de\/?p=23149","title":{"rendered":"&#8222;Das Leben der Heimkinder&#8220; \u2013 Ausstellung im &#8222;Forum in den Arkaden&#8220; im Crailsheimer Rathaus"},"content":{"rendered":"<p><strong>Die Wanderausstellung \u201eVerwahrlost und gef\u00e4hrdet? Heimerziehung in Baden-W\u00fcrttemberg 1949-1975\u201c zeigt das Stadtarchiv Crailsheim vom 24. Januar 2018 bis 25. Februar 2018 im Forum in den Arkaden im Crailsheimer Rathaus.\u00a0Die Ausstellung ist montags bis freitags von 8 bis 16.30 Uhr und zus\u00e4tzlich an drei Sonntagen (28.1., 11.2. und 25.2.2018) von 11 bis 17 Uhr ge\u00f6ffnet. Der Eintritt ist frei.<\/strong><\/p>\n<p><em>Von der Stadtverwaltung Crailsheim<\/em><\/p>\n<p><strong>Ausstellungser\u00f6ffnung am 23. Januar 2018<\/strong><\/p>\n<p>Die Ausstellung wurde in den vergangenen Jahren vom Landesarchiv Baden-W\u00fcrttemberg\u00a0konzipiert. Er\u00f6ffnet wird die Ausstellung am Dienstag, 23. Januar 2018, um 19 Uhr mit einer \u00f6ffentlichen Veranstaltung im Ratssaal.<\/p>\n<p><strong>Zahlreiche private Klein- und Kleinstheime<\/strong><\/p>\n<p>Einmal Heimkind \u2013 immer Heimkind? Diese Frage stellten sich Sch\u00e4tzungen zufolge bundesweit etwa 800.000 Menschen, die in den 1950er, 60er und 70er Jahren in Heimen aufgewachsen sind. Allein in Baden-W\u00fcrttemberg existierten zwischen 1949 und 1975 \u00fcber 600 S\u00e4uglings-, Kinder- und Jugendheime, darunter z.B. auch im Crailsheimer Umland die Kinderheime Tempelhof und Mistlau. Neben Institutionen in staatlicher, kommunaler und kirchlicher Tr\u00e4gerschaft z\u00e4hlen hierzu auch zahlreiche private Klein- und Kleinstheime.<\/p>\n<p><strong>Kinderheime in Tempelhof und Mistlau<\/strong><\/p>\n<p>Die Ausstellung bietet anhand vielseitigen Bildmaterials und von Dokumenten wie Speisepl\u00e4nen, Aktenausz\u00fcgen und Briefen einen Einblick, wie der Alltag in vielen Kinderheimen aussah. Zeitzeugenberichte bereichern die Darstellung um die Perspektive der Betroffenen und vermitteln eine Vorstellung von den Gef\u00fchlswelten der ehemaligen Heimkinder. Die psychische und k\u00f6rperliche Gewalt, die vielfach das Heimleben pr\u00e4gte, wird ebenso thematisiert wie die Momente des Gl\u00fccks.\u00a0Die Wanderausstellung wird durch kurze Informationen zu den Kinderheimen Tempelhof und Mistlau erg\u00e4nzt.<\/p>\n<p>Info: Die Ausstellung ist montags bis freitags von 8 bis 16.30 Uhr und zus\u00e4tzlich an drei Sonntagen (28.1., 11.2. und 25.2.2018) von 11 bis 17 Uhr ge\u00f6ffnet. Der Eintritt ist frei.<\/p>\n<div class=\"pdf24Plugin-cp\"> \t<form name=\"pdf24Form0\" method=\"post\" action=\"https:\/\/doc2pdf.pdf24.org\/wordpress.php\" target=\"pdf24PopWin\" onsubmit=\"var pdf24Win = window.open('about:blank', 'pdf24PopWin', 'resizable=yes,scrollbars=yes,width=600,height=250,left='+(screen.width\/2-300)+',top='+(screen.height\/3-125)+''); pdf24Win.focus(); if(typeof pdf24OnCreatePDF === 'function'){void(pdf24OnCreatePDF(this,pdf24Win));}\"> \t\t<input type=\"hidden\" name=\"blogCharset\" value=\"Cw1x07UAAA==\" \/><input type=\"hidden\" name=\"blogPosts\" value=\"MwQA\" \/><input type=\"hidden\" name=\"blogUrl\" value=\"yygpKSi20tcvLy\/Xy8jPSM3LARK6pXnpqWmZOSWpRSV6KakA\" \/><input type=\"hidden\" name=\"blogName\" value=\"88jPSM3LARK6pXnpqWmZOSWpRSUA\" \/><input type=\"hidden\" name=\"blogValueEncoding\" value=\"gzdeflate base64\" \/><input type=\"hidden\" name=\"postId_0\" value=\"MzI2NLEEAA==\" \/><input type=\"hidden\" name=\"postTitle_0\" value=\"U1O2MDIysnZJLFbwSU1KzVNISS1S8EjNzM3OzAMy1UDSBtYKjxomKziWFheXpObklOalK2TmKqhBdLrlF5XmKmSCNOYpOBZlJwJpmC6gKueixMyc4gyggUBzgxJLMhJLiwE=\" \/><input type=\"hidden\" name=\"postLink_0\" value=\"yygpKSi20tcvLy\/Xy8jPSM3LARK6pXnpqWmZOSWpRSV6Kan69gW2RsaGJpYA\" \/><input type=\"hidden\" name=\"postAuthor_0\" value=\"S0zJzcwDAA==\" \/><input type=\"hidden\" name=\"postDateTime_0\" value=\"MzIwtNA1MNQ1NFAwMrQyMLQyNgcA\" \/><input type=\"hidden\" name=\"postContent_0\" value=\"1VXLbttGFN33K+6yBWRaVOLYLgQHdh2ndeqiqBIHyG5kXpEDDofEzFBqufI\/dFsUWegbsvIq\/BN\/Sc8dyo\/KKdptFxKo0cy955x7znDaHE19cLXNj04103tlM3aq9T6wMa3N6fb6z0t2K1U4U\/tArc0o50W\/LlzG4SV9z7pi12kuZLO2dKIytjvv+xsXAldzdjmlh88Pd9LD\/b3b6z+oY50HypSnWVBZUO6q0Ev6ziltfIFitKwrmjxP6FzZVjmajNMDmmtPk72Eznju7hex96x2bSVd0ZOOXSm9Zf2hHDv6RYUCjJLPH4Xh8SNuGoSq2gaV+9hi4VjHH8va0tA1fZE8G9O7wkXmXev7deiMvipIoSv206y2UgGNv54cJGkyojRNJkncD8yTRMB+E0um6VBzPxbMuf+0WFgOCZ0C5ittg9MhRFSCJJnubiYz3W2OvppiUlwdXdbC1g3qLWUyJgiXB8rTXWy7P7Ip8Yi2ZxcbyykFrZ\/9TesnTbdFW7WY\/J3mAJArC\/J4PodHZAnz+1Fs5DezfeqIzx\/L2na60exA\/pXb6EAr7TLKtvoBIiBYD41H22BHhPGnh1HOSgdibSGNlGMbZErAA\/cqOT3IBHPAD94rZZJtjT6owkB3nKLG6aUKTG8MSu7EWcZHH6KpnoiE4VXKxDSUGptvr39HK3Hf3dJLYeGZzhy8QpFdADovVppdFWKrVoSExxa1wZZ5KxquWGiFlaKD8TgZj8d0AS2E2CgqtZlDerg3ZjeiF\/iOaPflYTMR7IkxtaTaRc4rdVX42NpmCR0b4fUPyeVfYUaZkuBa6dg3xjn2kEhTf4Od6DumWb9uc6NhsJ0RvdFykQzKnbfglUXhAFq51gYc6ZKTBIBAfzuw7yoD\/0R6Q5m4Tm+5atgU9SIWvQAyo9qEfuI5QP2A0ejQBl3bgTEmrgYLQJayrqrWKrMRp9Rw5vAfvXX9OmcHamoRqMPFZlCgAOmuHeB1\/9kWTxz1GD4wfZHBvwZurjkgHMoWospSs\/EwhRavnGiTVQDktDI+FpVr5rQuW0xbhrZCrVnD2nNj+rUV1xyX+AP3YdffSAk5dOI0IzExPlYuojnEKUfxtNw18AjSJwykO7Y84iWmQpyKhD4AVccyazgCckEnPEThnI3TPFXunhWCK0s\/Q\/qGy6CXQ6sThhgS3w00XDAINg4N6OiyfiixrAfzv8b76KYwyEqMlJThgpHHqNFdANklEkFq\/G+4lsTKgxf6T65hF92ASnKdDskSqgtEJb6rpIiJRmvEL4FHw2UlS76mIO2C9hKVQTV8Luo4BODx9Nr0N1fl3Tvo6Vt2uPla2JLK1nUMPy9qJzWjn2HFbFv2L5qJkFrMuQv3VpRC39L\/7s0H8H8B\" \/> \t\t<a href=\"https:\/\/www.pdf24.org\" target=\"_blank\" title=\"www.pdf24.org\" rel=\"nofollow\"><img src=\"https:\/\/www.hohenlohe-ungefiltert.de\/wp-content\/plugins\/pdf24-post-to-pdf\/img\/pdf_32x32.png\" alt=\"\" border=\"0\" height=\"32\" \/><\/a> \t\t<span class=\"pdf24Plugin-cp-space\">&nbsp;&nbsp;<\/span> \t\t<span class=\"pdf24Plugin-cp-text\">Sende Artikel als PDF<\/span> \t\t<span class=\"pdf24Plugin-cp-space\">&nbsp;&nbsp;<\/span> \t\t<input class=\"pdf24Plugin-cp-input\" style=\"margin: 0px;\" type=\"text\" name=\"sendEmailTo\" placeholder=\"Emailadresse\" \/> \t\t<input class=\"pdf24Plugin-cp-submit\" style=\"margin: 0px;\" type=\"submit\" value=\"Senden\" \/> \t<\/form> <\/div>","protected":false},"excerpt":{"rendered":"<p>Die Wanderausstellung \u201eVerwahrlost und gef\u00e4hrdet? Heimerziehung in Baden-W\u00fcrttemberg 1949-1975\u201c zeigt das Stadtarchiv Crailsheim vom 24. Januar 2018 bis 25. Februar 2018 im Forum in den Arkaden im Crailsheimer Rathaus.\u00a0Die Ausstellung ist montags bis freitags von 8 bis 16.30 Uhr und zus\u00e4tzlich an drei Sonntagen (28.1., 11.2. und 25.2.2018) von 11 bis 17 Uhr ge\u00f6ffnet. Der [&hellip;]<\/p>\n","protected":false},"author":1,"featured_media":0,"comment_status":"open","ping_status":"open","sticky":false,"template":"","format":"standard","meta":[],"categories":[1,9,10,6,2,8,5,3,7],"tags":[],"_links":{"self":[{"href":"https:\/\/www.hohenlohe-ungefiltert.de\/index.php?rest_route=\/wp\/v2\/posts\/23149"}],"collection":[{"href":"https:\/\/www.hohenlohe-ungefiltert.de\/index.php?rest_route=\/wp\/v2\/posts"}],"about":[{"href":"https:\/\/www.hohenlohe-ungefiltert.de\/index.php?rest_route=\/wp\/v2\/types\/post"}],"author":[{"embeddable":true,"href":"https:\/\/www.hohenlohe-ungefiltert.de\/index.php?rest_route=\/wp\/v2\/users\/1"}],"replies":[{"embeddable":true,"href":"https:\/\/www.hohenlohe-ungefiltert.de\/index.php?rest_route=%2Fwp%2Fv2%2Fcomments&post=23149"}],"version-history":[{"count":1,"href":"https:\/\/www.hohenlohe-ungefiltert.de\/index.php?rest_route=\/wp\/v2\/posts\/23149\/revisions"}],"predecessor-version":[{"id":23150,"href":"https:\/\/www.hohenlohe-ungefiltert.de\/index.php?rest_route=\/wp\/v2\/posts\/23149\/revisions\/23150"}],"wp:attachment":[{"href":"https:\/\/www.hohenlohe-ungefiltert.de\/index.php?rest_route=%2Fwp%2Fv2%2Fmedia&parent=23149"}],"wp:term":[{"taxonomy":"category","embeddable":true,"href":"https:\/\/www.hohenlohe-ungefiltert.de\/index.php?rest_route=%2Fwp%2Fv2%2Fcategories&post=23149"},{"taxonomy":"post_tag","embeddable":true,"href":"https:\/\/www.hohenlohe-ungefiltert.de\/index.php?rest_route=%2Fwp%2Fv2%2Ftags&post=23149"}],"curies":[{"name":"wp","href":"https:\/\/api.w.org\/{rel}","templated":true}]}}