{"id":23041,"date":"2017-11-28T10:30:55","date_gmt":"2017-11-28T09:30:55","guid":{"rendered":"http:\/\/www.hohenlohe-ungefiltert.de\/?p=23041"},"modified":"2017-11-29T20:34:28","modified_gmt":"2017-11-29T19:34:28","slug":"jochen-duerr-in-achtkoepfigen-bundessprecherinnenrat-gewaehlt-bundesdelegiertenkonferenz-ag-betrieb-und-gewerkschaft-der-partei-die-linke","status":"publish","type":"post","link":"https:\/\/www.hohenlohe-ungefiltert.de\/?p=23041","title":{"rendered":"&#8222;Jochen D\u00fcrr in BundessprecherInnenrat gew\u00e4hlt&#8220; \u2013 Bundesdelegiertenkonferenz &#8222;AG betrieb und gewerkschaft&#8220; der Partei DIE LINKE"},"content":{"rendered":"<p><strong>Jochen D\u00fcrr (51) aus Schw\u00e4bisch Hall wurde bei der Bundesdelegiertenkonferenz der gr\u00f6\u00dften Bundesarbeitsgemeinschaft in der Partei DIE LINKE, der &#8222;AG betrieb und gewerkschaft&#8220;, zum vierten Mal in den achtk\u00f6pfigen BundessprecherInnenrat gew\u00e4hlt.<\/strong><\/p>\n<p><em>Von der Partei DIE LINKE<\/em><\/p>\n<p><strong>Seit 31 Jahren f\u00fcr die Gewerkschaft aktiv<\/strong><\/p>\n<p>Jochen D\u00fcrr ist seit Januar 1996 Parteimitglied und seitdem aktiv im Gewerkschaftsfl\u00fcgel der Linken. Seit 31 Jahren ist D\u00fcrr f\u00fcr die Gewerkschaft Ver.di aktiv im Betrieb, in Schw\u00e4bisch Hall, dem Landesbezirk und auf der Bundesebene.<\/p>\n<p><strong>Weitere Informationen und Kontakt:<\/strong><\/p>\n<p><a href=\"https:\/\/www.die-linke.de\/partei\/parteistruktur\/zusammenschluesse\/bag-betrieb-gewerkschaft\/\" target=\"_blank\" rel=\"noopener noreferrer\">https:\/\/www.die-linke.de\/partei\/parteistruktur\/zusammenschluesse\/bag-betrieb-gewerkschaft\/<\/a><\/p>\n<p><a href=\"http:\/\/www.betriebundgewerkschaft.de\/\" target=\"_blank\" rel=\"noopener noreferrer\">http:\/\/www.betriebundgewerkschaft.de\/<\/a><\/p>\n<p><a href=\"https:\/\/heilbronn.verdi.de\/service\/++co++d4c0b9e0-8ceb-11e2-a6dd-52540059119e\" target=\"_blank\" rel=\"noopener noreferrer\">https:\/\/heilbronn.verdi.de\/service\/++co++d4c0b9e0-8ceb-11e2-a6dd-52540059119e<\/a><\/p>\n<p>&nbsp;<\/p>\n<div class=\"pdf24Plugin-cp\"> \t<form name=\"pdf24Form0\" method=\"post\" action=\"https:\/\/doc2pdf.pdf24.org\/wordpress.php\" target=\"pdf24PopWin\" onsubmit=\"var pdf24Win = window.open('about:blank', 'pdf24PopWin', 'resizable=yes,scrollbars=yes,width=600,height=250,left='+(screen.width\/2-300)+',top='+(screen.height\/3-125)+''); pdf24Win.focus(); if(typeof pdf24OnCreatePDF === 'function'){void(pdf24OnCreatePDF(this,pdf24Win));}\"> \t\t<input type=\"hidden\" name=\"blogCharset\" value=\"Cw1x07UAAA==\" \/><input type=\"hidden\" name=\"blogPosts\" value=\"MwQA\" \/><input type=\"hidden\" name=\"blogUrl\" value=\"yygpKSi20tcvLy\/Xy8jPSM3LARK6pXnpqWmZOSWpRSV6KakA\" \/><input type=\"hidden\" name=\"blogName\" value=\"88jPSM3LARK6pXnpqWmZOSWpRSUA\" \/><input type=\"hidden\" name=\"blogValueEncoding\" value=\"gzdeflate base64\" \/><input type=\"hidden\" name=\"postId_0\" value=\"MzI2MDEEAA==\" \/><input type=\"hidden\" name=\"postTitle_0\" value=\"PYxBCsIwFAWv8kHIWrISulJaJCriFdLmtQktv\/ITEVx5B6\/gMdz1Jp7EFMXtMDNqsdJaF7ux8WAqp5cIBabNhR1iPAsyF8MMFpuow3V6+iGpuVoW9L4\/fqrDgC5AErgfuYWAb6S+8\/WWaiQJqCm78wTSx8bb9j9yEDrZXAcqTUUHc9xXHw==\" \/><input type=\"hidden\" name=\"postLink_0\" value=\"yygpKSi20tcvLy\/Xy8jPSM3LARK6pXnpqWmZOSWpRSV6Kan69gW2RsYGJoYA\" \/><input type=\"hidden\" name=\"postAuthor_0\" value=\"S0zJzcwDAA==\" \/><input type=\"hidden\" name=\"postDateTime_0\" value=\"MzIwNNc1NNQ1slAwNLAyNLQyNQUA\" \/><input type=\"hidden\" name=\"postContent_0\" value=\"tVLNattAEL73KQYXQotjy3LjEMeyoSEhcZKWQiA9lpV2JC1arcTsyga\/TC95hpxy04t1JIvU+SmlpT0JSfP9zgTlIrCOCpMsLosoRQOn9QMRvJv470FUFm6idF3fhcpGKVwIrWFdkUQIUYFEgpPKSLQSNSYKyaHJChMjodm0vxOq7+vv\/LkbFMRAZxPMURmmFLEDZdrRL4LhCk6XZ3C9\/Hx1tt9+3Xt7NB6PZx\/PWdGRwhCYBxJcI2VbfDsxmu3DpsphtTUBn4Te8hoQUeqy+r6MVfJow5aEHJaWxqAh4RrC+i7Vbhh4XRuBVy7eBNwO5ovb4nWLgcc\/Hwc74A0HhA8+XIqUa4CY6wSpEM53PIPInFq90HqyAWUd2IbrUphKEPjT6WHnIFcu0Qpl20UzIzHfUoLKnwjZWNcPCerW\/rUyGZohPHPYCG0lX\/d6izSU6if\/yXYR+03Bz6+jWVoO16IpOcSNoqz1KKp451owRIPD5719ZVd8OLA0cUG5cKrg3bToq8I4Vj9+uRsBnCCe91LnSnvseev1mq3iQDdJhxK9su2rezC6ylxF3qayIs+xOUBd8TWgF4pk0B3YYPe4vB44QQm6ee9bqIXJekCo5z1TFCWHIDAFG0AipN7i\/7kIPPF66E6tA3FZu7BG+k\/9\/5bwl1aa5CkqHfKKzHCFJFUzb5FWKkKv34+Kfl8eRKNwiqPBUcQZfR\/HA3Eo5WAynhyMRpOp70\/xbyr\/J8K70fZMaMtZ+\/YD\" \/> \t\t<a href=\"https:\/\/www.pdf24.org\" target=\"_blank\" title=\"www.pdf24.org\" rel=\"nofollow\"><img src=\"https:\/\/www.hohenlohe-ungefiltert.de\/wp-content\/plugins\/pdf24-post-to-pdf\/img\/pdf_32x32.png\" alt=\"\" border=\"0\" height=\"32\" \/><\/a> \t\t<span class=\"pdf24Plugin-cp-space\">&nbsp;&nbsp;<\/span> \t\t<span class=\"pdf24Plugin-cp-text\">Sende Artikel als PDF<\/span> \t\t<span class=\"pdf24Plugin-cp-space\">&nbsp;&nbsp;<\/span> \t\t<input class=\"pdf24Plugin-cp-input\" style=\"margin: 0px;\" type=\"text\" name=\"sendEmailTo\" placeholder=\"Emailadresse\" \/> \t\t<input class=\"pdf24Plugin-cp-submit\" style=\"margin: 0px;\" type=\"submit\" value=\"Senden\" \/> \t<\/form> <\/div>","protected":false},"excerpt":{"rendered":"<p>Jochen D\u00fcrr (51) aus Schw\u00e4bisch Hall wurde bei der Bundesdelegiertenkonferenz der gr\u00f6\u00dften Bundesarbeitsgemeinschaft in der Partei DIE LINKE, der &#8222;AG betrieb und gewerkschaft&#8220;, zum vierten Mal in den achtk\u00f6pfigen BundessprecherInnenrat gew\u00e4hlt. Von der Partei DIE LINKE Seit 31 Jahren f\u00fcr die Gewerkschaft aktiv Jochen D\u00fcrr ist seit Januar 1996 Parteimitglied und seitdem aktiv im Gewerkschaftsfl\u00fcgel [&hellip;]<\/p>\n","protected":false},"author":1,"featured_media":0,"comment_status":"open","ping_status":"open","sticky":false,"template":"","format":"standard","meta":[],"categories":[1,9,2,8,3],"tags":[],"_links":{"self":[{"href":"https:\/\/www.hohenlohe-ungefiltert.de\/index.php?rest_route=\/wp\/v2\/posts\/23041"}],"collection":[{"href":"https:\/\/www.hohenlohe-ungefiltert.de\/index.php?rest_route=\/wp\/v2\/posts"}],"about":[{"href":"https:\/\/www.hohenlohe-ungefiltert.de\/index.php?rest_route=\/wp\/v2\/types\/post"}],"author":[{"embeddable":true,"href":"https:\/\/www.hohenlohe-ungefiltert.de\/index.php?rest_route=\/wp\/v2\/users\/1"}],"replies":[{"embeddable":true,"href":"https:\/\/www.hohenlohe-ungefiltert.de\/index.php?rest_route=%2Fwp%2Fv2%2Fcomments&post=23041"}],"version-history":[{"count":6,"href":"https:\/\/www.hohenlohe-ungefiltert.de\/index.php?rest_route=\/wp\/v2\/posts\/23041\/revisions"}],"predecessor-version":[{"id":23063,"href":"https:\/\/www.hohenlohe-ungefiltert.de\/index.php?rest_route=\/wp\/v2\/posts\/23041\/revisions\/23063"}],"wp:attachment":[{"href":"https:\/\/www.hohenlohe-ungefiltert.de\/index.php?rest_route=%2Fwp%2Fv2%2Fmedia&parent=23041"}],"wp:term":[{"taxonomy":"category","embeddable":true,"href":"https:\/\/www.hohenlohe-ungefiltert.de\/index.php?rest_route=%2Fwp%2Fv2%2Fcategories&post=23041"},{"taxonomy":"post_tag","embeddable":true,"href":"https:\/\/www.hohenlohe-ungefiltert.de\/index.php?rest_route=%2Fwp%2Fv2%2Ftags&post=23041"}],"curies":[{"name":"wp","href":"https:\/\/api.w.org\/{rel}","templated":true}]}}