{"id":23026,"date":"2017-11-23T21:48:39","date_gmt":"2017-11-23T20:48:39","guid":{"rendered":"http:\/\/www.hohenlohe-ungefiltert.de\/?p=23026"},"modified":"2017-11-23T21:48:39","modified_gmt":"2017-11-23T20:48:39","slug":"neue-kreissprecherin-kamilla-schubart-kai-bock-als-kreissprecher-bestaetigt-wahlen-beim-kreisverband-schwaebisch-hallhohenlohe-der-partei-die-linke","status":"publish","type":"post","link":"https:\/\/www.hohenlohe-ungefiltert.de\/?p=23026","title":{"rendered":"&#8222;Neue Kreissprecherin Kamilla Schubart \u2013 Kai Bock als Kreissprecher best\u00e4tigt&#8220; \u2013 Wahlen beim Kreisverband Schw\u00e4bisch Hall\/Hohenlohe der Partei DIE LINKE"},"content":{"rendered":"<p><strong>DIE LINKE, Kreisverband Schw\u00e4bisch Hall-Hohenlohe, w\u00e4hlte vor Kurzem ihre Kreissprecher und die \u00c4mter im Kreisvorstand neu. Kreissprecher Kai Bock wurde im Amt best\u00e4tigt. Kamilla Schubart ist neue Kreissprecherin.<\/strong><\/p>\n<p><em>Vom Kreisverband Schw\u00e4bisch Hall\/Hohenlohe der Partei DIE LINKE<\/em><\/p>\n<p><strong>Silvia Ofori trat nicht mehr zur Wahl als Kreissprecherin an<\/strong><\/p>\n<p>Der neu gew\u00e4hlte Kreisvorstand der Linken Schw\u00e4bisch Hall\/Hohenlohe traf sich am 22. November 2017, im neuen Parteib\u00fcro in Schw\u00e4bisch Hall zur konstituierenden Sitzung. Nach dem Res\u00fcmee der Mitgliederversammlung kam es gleich zu Beginn zu einer kleinen \u00dcberraschung. Nachdem Silvia Ofori im Vorfeld schon angek\u00fcndigt hatte, nicht mehr als Kreissprecherin zu kandidieren, fasste sich Kamilla Schubart ein Herz und kandidierte f\u00fcr das Amt. Sie wurde einstimmig gew\u00e4hlt. Kamilla Schubart ist 34 Jahre alt, wohnt in Wallhausen, hat Politikwissenschaften studiert und ist seit zwei Jahren Mitglied der Linken. Die Wahl von Kai Bock zum Kreissprecher, die ebenfalls einstimmig erfolgte, \u00fcberraschte dagegen kaum.<\/p>\n<p><strong>Jugendarbeit \u00fcbernimmt Es-Juso Cedric Schiele<\/strong><\/p>\n<p>Auch die anderen wichtigen Funktionen im Kreisvorstand wurden neu gew\u00e4hlt. Als Verantwortliche f\u00fcr Finanzen wurde Kornelia Gernhardt im Amt best\u00e4tigt. Die Verantwortung f\u00fcr \u00d6ffentlichkeitsarbeit teilen sich nun Jana Gaitzsch und Silvia Ofori. F\u00fcr die Mitgliederverwaltung und Betreuung ist zuk\u00fcnftig J\u00fcrgen\u00a0 Czerlinsky verantwortlich. Die Jugendarbeit \u00fcbernimmt Cedric Schiele, der dieses Amt auch schon bei der SPD Schw\u00e4bisch Hall inne hatte.<\/p>\n<p><strong>David J\u00e4ger ist f\u00fcr regionale Vernetzung zust\u00e4ndig<\/strong><\/p>\n<p>Ebenso wurden auch die Verantwortlichen f\u00fcr Bildungsarbeit, Wahlkampf, Logistik\/Lager und Verantwortliche f\u00fcr das Parteib\u00fcro festgelegt. Zudem wurden auch regionale Verantwortliche, also Ansprechpartner f\u00fcr Mitglieder und Interessierte f\u00fcr die Regionen Schw\u00e4bisch Hall, Crailsheim und Hohenlohe gew\u00e4hlt, die zuk\u00fcnftig weitere offene Treffen organisieren werden. Neu ist auch das Amt eines Verantwortlichen f\u00fcr regionale Vernetzung, um sich besser mit den umliegenden Kreisverb\u00e4nden abstimmen zu k\u00f6nnen. David J\u00e4ger wird k\u00fcnftig der Verantwortliche hierf\u00fcr sein.<\/p>\n<p>Einige Funktionen im Kreisvorstand werden zur n\u00e4chsten Sitzung festgelegt und k\u00f6nnen in K\u00fcrze auf der Homepage des Kreisverbands <a href=\"http:\/\/www.die-linke-sha.de\" target=\"_blank\" rel=\"noopener noreferrer\">www.die-linke-sha.de<\/a> nachgelesen werden.<\/p>\n<p><strong>Der neue Kreisvorstand DIE LINKE Schw\u00e4bisch Hall Hohenlohe:<\/strong><\/p>\n<p>Kamilla Schubart, Kai Bock, Kornelia Gernhardt, Alfons Kuhnh\u00e4user, Janja Kuhnh\u00e4user, Jana Gaitzsch, David J\u00e4ger, Silvia Ofori, J\u00fcrgen Czerlinsky, Simon Brecht, Hansj\u00f6rg Hafner, Cedric Schiele<\/p>\n<p><strong>Link zur Internetseite des LINKEN-Kreisverbands Schw\u00e4bisch Hall-Hohenlohe:<\/strong><\/p>\n<p><a href=\"http:\/\/www.die-linke-sha.de\/\" target=\"_blank\" rel=\"noopener noreferrer\">www.die-linke-sha.de<\/a><\/p>\n<p><strong>Weitere Informationen und Kontakt:<\/strong><\/p>\n<p>Kai Bock,\u00a0Kreissprecher DIE LINKE Schw\u00e4bisch Hall\/Hohenlohe,\u00a0Stein\u00e4cker 12, 74639 Zweiflingen<\/p>\n<p>Telefon: 07947\/9434088<\/p>\n<p>Handy: 0172\/6910468<\/p>\n<p>E-Mail: kai.bock@die-linke-sha.de<\/p>\n<p><strong>Internet:<\/strong> <a href=\"http:\/\/www.die-linke-sha.de\/\" target=\"_blank\" rel=\"noopener noreferrer\">www.die-linke-sha.de<\/a><\/p>\n<p>Facebook: <a href=\"http:\/\/www.facebook.com\/kai.bock.dielinke\/\" target=\"_blank\" rel=\"noopener noreferrer\">www.facebook.com\/kai.bock.dielinke\/<\/a><\/p>\n<p>Twitter: @KaiBockDieLinke<\/p>\n<div class=\"pdf24Plugin-cp\"> \t<form name=\"pdf24Form0\" method=\"post\" action=\"https:\/\/doc2pdf.pdf24.org\/wordpress.php\" target=\"pdf24PopWin\" onsubmit=\"var pdf24Win = window.open('about:blank', 'pdf24PopWin', 'resizable=yes,scrollbars=yes,width=600,height=250,left='+(screen.width\/2-300)+',top='+(screen.height\/3-125)+''); pdf24Win.focus(); if(typeof pdf24OnCreatePDF === 'function'){void(pdf24OnCreatePDF(this,pdf24Win));}\"> \t\t<input type=\"hidden\" name=\"blogCharset\" value=\"Cw1x07UAAA==\" \/><input type=\"hidden\" name=\"blogPosts\" value=\"MwQA\" \/><input type=\"hidden\" name=\"blogUrl\" value=\"yygpKSi20tcvLy\/Xy8jPSM3LARK6pXnpqWmZOSWpRSV6KakA\" \/><input type=\"hidden\" name=\"blogName\" value=\"88jPSM3LARK6pXnpqWmZOSWpRSUA\" \/><input type=\"hidden\" name=\"blogValueEncoding\" value=\"gzdeflate base64\" \/><input type=\"hidden\" name=\"postId_0\" value=\"MzI2MDIDAA==\" \/><input type=\"hidden\" name=\"postTitle_0\" value=\"U1O2MDIysvZLLU1V8C5KzSwuLihKTc5ILcrMU\/BOzM3MyUlUCE7OKE1KLCpReNQwGSiYqeCUn5ytkJhTjKpDISm1uOTwkpLM9BI1kKkG1mAN4YkZOal5QMnMXIj6stSipMS8FJCx5YeXJGUWJ2coeCTm5Oh75Gek5uUACYUUoGkBQBtTMxVcPF0VfDz9vF0B\" \/><input type=\"hidden\" name=\"postLink_0\" value=\"yygpKSi20tcvLy\/Xy8jPSM3LARK6pXnpqWmZOSWpRSV6Kan69gW2RsYGRmYA\" \/><input type=\"hidden\" name=\"postAuthor_0\" value=\"S0zJzcwDAA==\" \/><input type=\"hidden\" name=\"postDateTime_0\" value=\"MzIwNNc1NNQ1MlYwMrQyNLQytgQA\" \/><input type=\"hidden\" name=\"postContent_0\" value=\"vVZNb9tGEL33Vwx8piXbMeLaUIzYsV1\/JQ3iIAFyKVbikNyQ3DV2lxaic39DTz3k4N+Qk0\/RH+ubpSTry2kLFL0klMmdefPmzZvt3R72fHDW5IcnF6d0ffHm6jShK8fa37HrK5PSzaAYju\/72g8KOldVtXluCzYV\/kkIL4oqMN1ZR1eNG3FNunDcBvC3jgcFO2oQJdVM49\/rgJ+6niSwzgfJYLjpLB25UpqO7aCkYeNSliNHdaA++zC+DzoP+F7VuqqUwGv6ygXSPkikpeTadHrdSYW97u3hTz1UzPXhB1v\/uMzurExKAegtUrCmGUm9LoLMAk4S3OjqTiv6NbNOU3AKgPSgCFRz4WjUOPqoiopU5ZcxkjIrKE+QFfVQzlOWF1kTVNfalGx+hB0oMvJAQaqmnZ0OvbF3XPdxdmdrey8RZoU0MymwP35wlvRqyAi\/tMYHHRrNjk0qiXUYNSZHVIXvUrT\/HfvxQ80taa91yCvNeATLXtV1hY+pBBL2lFcssEYNHXOujZEn1gbHykr+NzT+EzidAoRZDkmxwDLwf7Au4yolfGeFyZzL8YNJoRIqVAiQ6VwX1pGPxCUY1WmsK6FMeQ+6I2srMgM0Omc3iqqeHcPnGaijVHlRagcgeaJdHABpda3zWSufUO+zXbpUMj6qCpgtW5ggrfgI+gvVeIGGguitrXTQ5RA1sEHRKgsgy4cmAom4JJpnHWg0hGhjUDPrxpxyOnQCnFGVd+BuNnWjpl5kKYkDzH02GdD4+aLYZbbKhebxw7RfoCNVOefIWqqm7iwPymWDV6lyfcEYjxkEC3TqNy8bb+kVp04PhB3NFa+MxlEjagMg0C8to6E0WEu6s8aUQVuRz4rPxH6YhaHq0BGq+cBOmTC0LlQINGnlmTbKjCR4bOOVdYYr6O4XgC2US8M6VxI6H6OJ2mOs8R9ZxiZGL1Gyn1SOgaukdSI00xg0yiC+wlDJ2Ekj57XeobMoMaRYGKwh5CKZ5PtjDo4b+SUSGDUyCRmg0SWOgp\/vX+nViF2F9pVf6G6h7hb9U61ZbEkSRQQonqPgSUlL2gnEyfj25u3Jqo1g0LkdyxVRnKg7nQLofS5LAvAjdQ7mYI2qIq+Go9+gMKFcZnxFG6fQKBQ06bWaKmWpxaYNfqyrFPEm\/UjiJMCebrOErm0ODLrsXqt8ssPWykQmft47M6ghB0Oihk+N+NU8lIVq5oMl4kyWjkw7cbeIKFYYUzx2O8K4MNii7P287aDCdzH0mm2Q0CundOULhmAlwON2mI5BO95zcoFtSBKyolum947lgazLldFet0PHUhd8GfMk7Wq5bg0wOrl\/gvV1LU0IlhMHAePkUWkN+QltTY3S83bdzBa29F4o7UcT4tbCx9+gLbG0eR0NtYNNT8sSCpe7CD27CAuGaWaiPNUGfvJjO4n1x8VoxveDwofHjTgng3ZRtODEzq+QawTrarII59zWfAuJ4YdfuJF46imCcWcvNooQbg+63eFw2EGfNivx7k1fqE7KGxQUBju82PitXylTboDd6sWGsfaWRUDGIgJcmd3G4brzva46JIPNKmD9Y1dXhrO9jSxfQmb3odVJn6nsYGVGl7dfMts8yRqfTeDRGW4euGEWphjfYxNiH8ErP6uVPz3aZ7Kgg2TBSZOpHc6ZoXxRw72OZfyQ81wZ\/3n8zeV4yoxEWF5KiwTJQo1aiOMJVcv+bbsaCXqzudjcp6\/Vq3z9EyF0\/wslLBf1cWIDFwa01WoyCSLoK2uCKsO63k46+f3r4pX+aak8Xldx6AZOKuNU4sj2TkJ7u8+f7dMnGFIGtOjZNNF7NAGyOKCtvf3dve7+7rPdrZ9\/nr5F+9IveLe9t9N9vr+9tft89up08zXs8AA3E93pA+nLVSYWWZh29LFY+t87cqYG3Le2PFibOpu87Qxs3Z3WJfFiuH8N5G\/CzeN6P9TY5e6AXqLx0nfcIeLdMn7wFw==\" \/> \t\t<a href=\"https:\/\/www.pdf24.org\" target=\"_blank\" title=\"www.pdf24.org\" rel=\"nofollow\"><img src=\"https:\/\/www.hohenlohe-ungefiltert.de\/wp-content\/plugins\/pdf24-post-to-pdf\/img\/pdf_32x32.png\" alt=\"\" border=\"0\" height=\"32\" \/><\/a> \t\t<span class=\"pdf24Plugin-cp-space\">&nbsp;&nbsp;<\/span> \t\t<span class=\"pdf24Plugin-cp-text\">Sende Artikel als PDF<\/span> \t\t<span class=\"pdf24Plugin-cp-space\">&nbsp;&nbsp;<\/span> \t\t<input class=\"pdf24Plugin-cp-input\" style=\"margin: 0px;\" type=\"text\" name=\"sendEmailTo\" placeholder=\"Emailadresse\" \/> \t\t<input class=\"pdf24Plugin-cp-submit\" style=\"margin: 0px;\" type=\"submit\" value=\"Senden\" \/> \t<\/form> <\/div>","protected":false},"excerpt":{"rendered":"<p>DIE LINKE, Kreisverband Schw\u00e4bisch Hall-Hohenlohe, w\u00e4hlte vor Kurzem ihre Kreissprecher und die \u00c4mter im Kreisvorstand neu. Kreissprecher Kai Bock wurde im Amt best\u00e4tigt. Kamilla Schubart ist neue Kreissprecherin. Vom Kreisverband Schw\u00e4bisch Hall\/Hohenlohe der Partei DIE LINKE Silvia Ofori trat nicht mehr zur Wahl als Kreissprecherin an Der neu gew\u00e4hlte Kreisvorstand der Linken Schw\u00e4bisch Hall\/Hohenlohe traf [&hellip;]<\/p>\n","protected":false},"author":1,"featured_media":0,"comment_status":"open","ping_status":"open","sticky":false,"template":"","format":"standard","meta":[],"categories":[1,10,6,2,8,3,7],"tags":[],"_links":{"self":[{"href":"https:\/\/www.hohenlohe-ungefiltert.de\/index.php?rest_route=\/wp\/v2\/posts\/23026"}],"collection":[{"href":"https:\/\/www.hohenlohe-ungefiltert.de\/index.php?rest_route=\/wp\/v2\/posts"}],"about":[{"href":"https:\/\/www.hohenlohe-ungefiltert.de\/index.php?rest_route=\/wp\/v2\/types\/post"}],"author":[{"embeddable":true,"href":"https:\/\/www.hohenlohe-ungefiltert.de\/index.php?rest_route=\/wp\/v2\/users\/1"}],"replies":[{"embeddable":true,"href":"https:\/\/www.hohenlohe-ungefiltert.de\/index.php?rest_route=%2Fwp%2Fv2%2Fcomments&post=23026"}],"version-history":[{"count":2,"href":"https:\/\/www.hohenlohe-ungefiltert.de\/index.php?rest_route=\/wp\/v2\/posts\/23026\/revisions"}],"predecessor-version":[{"id":23028,"href":"https:\/\/www.hohenlohe-ungefiltert.de\/index.php?rest_route=\/wp\/v2\/posts\/23026\/revisions\/23028"}],"wp:attachment":[{"href":"https:\/\/www.hohenlohe-ungefiltert.de\/index.php?rest_route=%2Fwp%2Fv2%2Fmedia&parent=23026"}],"wp:term":[{"taxonomy":"category","embeddable":true,"href":"https:\/\/www.hohenlohe-ungefiltert.de\/index.php?rest_route=%2Fwp%2Fv2%2Fcategories&post=23026"},{"taxonomy":"post_tag","embeddable":true,"href":"https:\/\/www.hohenlohe-ungefiltert.de\/index.php?rest_route=%2Fwp%2Fv2%2Ftags&post=23026"}],"curies":[{"name":"wp","href":"https:\/\/api.w.org\/{rel}","templated":true}]}}