{"id":23012,"date":"2017-11-20T12:12:03","date_gmt":"2017-11-20T11:12:03","guid":{"rendered":"http:\/\/www.hohenlohe-ungefiltert.de\/?p=23012"},"modified":"2017-11-20T12:13:37","modified_gmt":"2017-11-20T11:13:37","slug":"nur-die-halbe-geschichte-raul-zelik-widerspricht-in-der-kontextwochenzeitung-der-katalonien-berichterstattung-vieler-deutscher-medien","status":"publish","type":"post","link":"https:\/\/www.hohenlohe-ungefiltert.de\/?p=23012","title":{"rendered":"&#8222;Nur die halbe Geschichte&#8220; \u2013 Raul Zelik widerspricht in der Kontext:Wochenzeitung der Katalonien-Berichterstattung vieler deutscher Medien"},"content":{"rendered":"<p><strong> F\u00fcr viele deutsche Medien ist Carles Puigdemont ein politischer Hasardeur, Mariano Rajoy ein gesetzestreuer Ministerpr\u00e4sident, der bisweilen ein wenig \u00fcber die Str\u00e4nge schl\u00e4gt. Und am Ende wollen die Katalanen blo\u00df nicht teilen. Unser Autor widerspricht.<\/strong><\/p>\n<p><em>Von Raul Zelik in der Kontext:Wochenzeitung vom 15. November 2017<\/em><\/p>\n<p><strong>Autonomieregierung abgesetzt<\/strong><\/p>\n<p>Wenn man in diesen Tagen die Katalonien-Berichterstattung deutscher Medien verfolgt, k\u00f6nnte man meinen, in Spanien sei die Normalit\u00e4t wiederhergestellt. Zwar merken Korrespondenten an, der Zentralstaat habe zuletzt ein wenig \u00fcber die Str\u00e4nge geschlagen, doch meist wird das damit entschuldigt, dass der Rechtsstaat gegen Gesetzesbrecher verteidigt werden musste. Und in dieser Hinsicht sei Madrid ja durchaus erfolgreich gewesen. Die Autonomieregierung, die die illegale Abspaltung Kataloniens von Spanien betrieb, ist abgesetzt, Regierungschef Puigdemont wird nach seiner Flucht nach Belgien f\u00fcr politisch isoliert erkl\u00e4rt, und am 21. Dezember (2017) wird ein neues Parlament gew\u00e4hlt, bei dem \u2013 so der spanische Ministerpr\u00e4sident Mariano Rajoy \u2013 die &#8222;schweigende Mehrheit&#8220; den Unabh\u00e4ngigkeitsbef\u00fcrwortern eine Absage erteilen wird. Hinterher geschoben wird dann meistens noch die Erkl\u00e4rung, der ganze Konflikt komme daher, dass reiche Katalanen nicht bereit seien, ihren Wohlstand mit \u00e4rmeren Regionen zu teilen. (&#8230;)<\/p>\n<p><strong>Der ganze Artikel in der Kontext:Wochenzeitung vom 15. November 2017:<\/strong><\/p>\n<p><a href=\"https:\/\/www.kontextwochenzeitung.de\/ueberm-kesselrand\/346\/nur-die-halbe-geschichte-4717.html\" target=\"_blank\" rel=\"noopener noreferrer\">https:\/\/www.kontextwochenzeitung.de\/ueberm-kesselrand\/346\/nur-die-halbe-geschichte-4717.html<\/a><\/p>\n<p><strong>Schriftsteller und Journalist<\/strong><\/p>\n<p>Raul Zelik ist Vertretungsprofessor f\u00fcr Internationale Politik an der Universit\u00e4t Kassel. Als Schriftsteller und Journalist hat er insbesondere zur lateinamerikanischen, baskischen und spanischen Politik ver\u00f6ffentlicht. Zu Katalonien findet man auf seinem Blog grundlegende Informationen.<\/p>\n<p><strong>13 FAQs zu Katalonien, Republik und Unabh\u00e4ngigkeit (Blog 9.10.2017):<\/strong><\/p>\n<p><a href=\"https:\/\/www.raulzelik.net\/baskenland-texte\/502-12-faqs-zu-katalonien-republik-und-unabhaengigkeit-blog-9-10-2017\" target=\"_blank\" rel=\"noopener noreferrer\">https:\/\/www.raulzelik.net\/baskenland-texte\/502-12-faqs-zu-katalonien-republik-und-unabhaengigkeit-blog-9-10-2017<\/a><\/p>\n<p><strong>Weitere Informationen im Internet \u00fcber Raul Zelik:<\/strong><\/p>\n<p><a href=\"http:\/\/www.taz.de\/!5452176\/\" target=\"_blank\" rel=\"noopener noreferrer\">http:\/\/www.taz.de\/!5452176\/<\/a><\/p>\n<p><a href=\"https:\/\/de.wikipedia.org\/wiki\/Raul_Zelik\" target=\"_blank\" rel=\"noopener noreferrer\">https:\/\/de.wikipedia.org\/wiki\/Raul_Zelik<\/a><\/p>\n<div class=\"pdf24Plugin-cp\"> \t<form name=\"pdf24Form0\" method=\"post\" action=\"https:\/\/doc2pdf.pdf24.org\/wordpress.php\" target=\"pdf24PopWin\" onsubmit=\"var pdf24Win = window.open('about:blank', 'pdf24PopWin', 'resizable=yes,scrollbars=yes,width=600,height=250,left='+(screen.width\/2-300)+',top='+(screen.height\/3-125)+''); pdf24Win.focus(); if(typeof pdf24OnCreatePDF === 'function'){void(pdf24OnCreatePDF(this,pdf24Win));}\"> \t\t<input type=\"hidden\" name=\"blogCharset\" value=\"Cw1x07UAAA==\" \/><input type=\"hidden\" name=\"blogPosts\" value=\"MwQA\" \/><input type=\"hidden\" name=\"blogUrl\" value=\"yygpKSi20tcvLy\/Xy8jPSM3LARK6pXnpqWmZOSWpRSV6KakA\" \/><input type=\"hidden\" name=\"blogName\" value=\"88jPSM3LARK6pXnpqWmZOSWpRSUA\" \/><input type=\"hidden\" name=\"blogValueEncoding\" value=\"gzdeflate base64\" \/><input type=\"hidden\" name=\"postId_0\" value=\"MzI2MDQCAA==\" \/><input type=\"hidden\" name=\"postTitle_0\" value=\"JY6xCgIxEER\/ZUG4TpBU4nU2FqKFjWAXk8Esho3kNipW\/oN\/6Je4d3YzzBtmutnSOdfvW6XIoOTzGbTBEBKHpOjGeNHT9\/2hg2+ZTsh8pQdH1OFWR4ZYyBxtiyieujqWkCAvsDa5\/BOvPhdhyHyNqWNl9ToBd0Y2JqKpjZrawY7IDw==\" \/><input type=\"hidden\" name=\"postLink_0\" value=\"yygpKSi20tcvLy\/Xy8jPSM3LARK6pXnpqWmZOSWpRSV6Kan69gW2RsYGhkYA\" \/><input type=\"hidden\" name=\"postAuthor_0\" value=\"S0zJzcwDAA==\" \/><input type=\"hidden\" name=\"postDateTime_0\" value=\"MzIwNNc1NNQ1MlAwNLIyNLQyMAYA\" \/><input type=\"hidden\" name=\"postContent_0\" value=\"vVZBbhRHFN3nFD+OFIHk7vYMGAcYLJmAE2IZEQhY8gZVu\/90F11dNVRVe5JZ5Q45QDY+Ayt2c5OcJO9Xj8fGTiBBShZjuaerfr3\/3vuvZjLbnYTona13aX\/53tOpZsNUcR\/DScN0yJVmSzpE+lZ5w4Ge9bquuHM2EmtLM2d01LLW0\/cqKI+tfpMOldfKOnqu3rhf0sKaA8cF4zDusfZQWxRlP\/PLs6ArtnETp3oqdZizNjhTNs3Z6pqW70u8ARB6EbHc1kw40CzP6pjTS1uR6uixrZjmzshOWXmgojLK4qk0bvk7WX3SRIqptGwKqLjXR+dpjtN9mHlZkE+KFRuTYrb7xQTscLf7ylk00hs6ZqNbAi5BegAK+Od478ihebtgHXtb06nraLSd01N3yp3AHm+NdiYFqqwrrk6Q063rNHuu8Uc2q3JgKV6DccTWUqdsOlxjkaWfVH25V2chVPaQUx9oKKqYAJ1L6c+1PGU\/daYG3+3ynUUPqW4HutluSv0XMyW1KLBO5Z863ymovDyLIIvRO6oBaGRjIMDxXHls9y22HDjvOcycFUHxrOyg6jEevTIApSI1qmRa9EYa\/bjKOAQ6S58oA5oFZRAQvqJKBXw6jRJWGuxNpaUpfB\/Smc8ZRIThyJqFq+9WFiw9J0LABAwh2wABxgULPTbwYKpzpuFrbUOyjzByqCqvK3qjqOr9SaP6QAOhnrEGJ81FnZweoZHrEm+mBuWjYdVaYdb2yjBTJml1IWSAkS6UKDl6zeVmmsO1STbR4qqsCDy9PJqJIqsAKIiwnvZNLx2krx6yqaXsVAZ+PcAojn9BCfppMVweB\/TDcI1H6IcXg6FviKNvDieIehbzjFhAOqgOUggDy7PGYHcpBuKO\/vj1NwouiRKkoyFZrgXAldCQXULU1199Mx6P72MTggEyVpJKDTyoY3q1dZ9EupdWlY3YRtctXoWSpb25g8Q+hUliGl6ipLrkhLSQi7oxWXqwmytXb+AkawfHiR5W\/Cd4Hg\/sDGLKLoXhlzSYIhwita7roLBCwZUZkzEuJ9KQReASOEWfNHeNx5sj18iQgHUxNk7BXOFr0dnJzkW\/jrAb0vytrfs3r+bKozWmPR91y+YzAuve9RxUBITTBxtNjLNwryjm83neDhXnlwvmFRc9o1CXtRwCG492ilu37xS29xkIzBplSs4S2Smrsts7o528iZ3ZoKiQLPHBxusSVLUb4M482LDOzVhMbB0gMCLGb+z+lzgmhboW1y9OGq+nMaUeoMhk\/OB6b5GM4XpeX74uMLOv4DnPAgsXjZsCDy6eNH5PxHxWRegrYfAsTWOL4EySvbQaIRWG7D1Q0kZOeybQR9EgYWWIoTumIEgYewlcT0bBPRZj6nW7mkNYr1ShHf5PddYjatdogGH5bjrFjJp0S9JxfymraKpxREzXiOqnQ+J09NC4mmrMSWV4GNsndipXSUxezq8SPLpF+3s\/BvH4RW3JuFlfCo+C7cqQ0410yN18tJWnVPqHvvVQZyHi5JZjIf2zhd+qTFzExfbWOBuNs6l6G7JFn7UX16tfgckABh+AUXwOJsMPjTq7m422MsHyuV7+P7D9lb+PsEx88oFIpLuVQ6HvcEFfOPsTZK\/6iWoho\/jl9u3t8WjnTvFvefmbMh+0cFXjivO5bvUMP3hU7nxdyFMhyF8n5J+jzadqrgH9CQ==\" \/> \t\t<a href=\"https:\/\/www.pdf24.org\" target=\"_blank\" title=\"www.pdf24.org\" rel=\"nofollow\"><img src=\"https:\/\/www.hohenlohe-ungefiltert.de\/wp-content\/plugins\/pdf24-post-to-pdf\/img\/pdf_32x32.png\" alt=\"\" border=\"0\" height=\"32\" \/><\/a> \t\t<span class=\"pdf24Plugin-cp-space\">&nbsp;&nbsp;<\/span> \t\t<span class=\"pdf24Plugin-cp-text\">Sende Artikel als PDF<\/span> \t\t<span class=\"pdf24Plugin-cp-space\">&nbsp;&nbsp;<\/span> \t\t<input class=\"pdf24Plugin-cp-input\" style=\"margin: 0px;\" type=\"text\" name=\"sendEmailTo\" placeholder=\"Emailadresse\" \/> \t\t<input class=\"pdf24Plugin-cp-submit\" style=\"margin: 0px;\" type=\"submit\" value=\"Senden\" \/> \t<\/form> <\/div>","protected":false},"excerpt":{"rendered":"<p>F\u00fcr viele deutsche Medien ist Carles Puigdemont ein politischer Hasardeur, Mariano Rajoy ein gesetzestreuer Ministerpr\u00e4sident, der bisweilen ein wenig \u00fcber die Str\u00e4nge schl\u00e4gt. Und am Ende wollen die Katalanen blo\u00df nicht teilen. Unser Autor widerspricht. Von Raul Zelik in der Kontext:Wochenzeitung vom 15. November 2017 Autonomieregierung abgesetzt Wenn man in diesen Tagen die Katalonien-Berichterstattung deutscher [&hellip;]<\/p>\n","protected":false},"author":1,"featured_media":0,"comment_status":"open","ping_status":"open","sticky":false,"template":"","format":"standard","meta":[],"categories":[1,10,6,2,8,3,7],"tags":[],"_links":{"self":[{"href":"https:\/\/www.hohenlohe-ungefiltert.de\/index.php?rest_route=\/wp\/v2\/posts\/23012"}],"collection":[{"href":"https:\/\/www.hohenlohe-ungefiltert.de\/index.php?rest_route=\/wp\/v2\/posts"}],"about":[{"href":"https:\/\/www.hohenlohe-ungefiltert.de\/index.php?rest_route=\/wp\/v2\/types\/post"}],"author":[{"embeddable":true,"href":"https:\/\/www.hohenlohe-ungefiltert.de\/index.php?rest_route=\/wp\/v2\/users\/1"}],"replies":[{"embeddable":true,"href":"https:\/\/www.hohenlohe-ungefiltert.de\/index.php?rest_route=%2Fwp%2Fv2%2Fcomments&post=23012"}],"version-history":[{"count":4,"href":"https:\/\/www.hohenlohe-ungefiltert.de\/index.php?rest_route=\/wp\/v2\/posts\/23012\/revisions"}],"predecessor-version":[{"id":23016,"href":"https:\/\/www.hohenlohe-ungefiltert.de\/index.php?rest_route=\/wp\/v2\/posts\/23012\/revisions\/23016"}],"wp:attachment":[{"href":"https:\/\/www.hohenlohe-ungefiltert.de\/index.php?rest_route=%2Fwp%2Fv2%2Fmedia&parent=23012"}],"wp:term":[{"taxonomy":"category","embeddable":true,"href":"https:\/\/www.hohenlohe-ungefiltert.de\/index.php?rest_route=%2Fwp%2Fv2%2Fcategories&post=23012"},{"taxonomy":"post_tag","embeddable":true,"href":"https:\/\/www.hohenlohe-ungefiltert.de\/index.php?rest_route=%2Fwp%2Fv2%2Ftags&post=23012"}],"curies":[{"name":"wp","href":"https:\/\/api.w.org\/{rel}","templated":true}]}}