{"id":22998,"date":"2017-11-18T18:40:10","date_gmt":"2017-11-18T17:40:10","guid":{"rendered":"http:\/\/www.hohenlohe-ungefiltert.de\/?p=22998"},"modified":"2017-11-18T18:40:10","modified_gmt":"2017-11-18T17:40:10","slug":"ex-juso-cedric-schiele-ist-jetzt-mitglied-des-kreisvorstands-der-linken-delegierte-und-vorstandsmitglieder-in-schwaebisch-hall-neu-gewaehlt","status":"publish","type":"post","link":"https:\/\/www.hohenlohe-ungefiltert.de\/?p=22998","title":{"rendered":"&#8222;Ex-Juso Cedric Schiele ist jetzt Mitglied des Kreisvorstands der Linken&#8220; \u2013 Delegierte und Vorstandsmitglieder in Schw\u00e4bisch Hall neu gew\u00e4hlt"},"content":{"rendered":"<p><strong>DIE LINKE Schw\u00e4bisch Hall\/Hohenlohe w\u00e4hlte vor Kurzem ihren Kreisvorstand und ihre Delegierte zum Landesparteitag am 25.\/26. November 2017 in Stuttgart neu. Der\u00a0Kreisvorstand wurde verj\u00fcngt. Der Kreistagsabgeordnete Ernst Kern ist nicht mehr dabei.<\/strong><\/p>\n<p><em>Vom Kreisverband Schw\u00e4bisch Hall\/Hohenlohe der Partei DIE LINKE<\/em><\/p>\n<p><strong>Nur noch vier Delegierte<\/strong><\/p>\n<p>Landessprecherin Heidi Scharf, leitete die Versammlung, die im Restaurant \u201eRose\u201c in Schw\u00e4bisch Hall stattfand und gab einen \u00dcberblick \u00fcber den Ausgang und die Folgen der Bundestagswahl, \u00fcber aktuelle Themen innerhalb der Linken und der Bundespolitik.\u00a0Nach anschlie\u00dfender reger Diskussionsrunde, wurden zun\u00e4chst die Delegierten und Ersatzdelegierten f\u00fcr den Landesparteitag gew\u00e4hlt. Dies wurde notwendig, da der Kreisverband nunmehr \u00fcber nur noch vier statt bisher sechs Delegiertensitze, aufgrund des durch viele Eintritte ver\u00e4nderten Delegiertenschl\u00fcssels, beim Landesparteitag verf\u00fcgt. Zu Delegierten wurden gew\u00e4hlt: Heidi Scharf, Kornelia Gernhardt, Kai Bock und J\u00fcrgen Czerlinsky.<\/p>\n<p><strong>Platz f\u00fcr J\u00fcngere machen<\/strong><\/p>\n<p>Im Anschluss wurden die Mitglieder des Kreisvorstands neu gew\u00e4hlt. Der Kreisvorstand hatte sich im Vorfeld darauf geeinigt, den Kreisvorstand auf zw\u00f6lf Mitglieder zu begrenzen, sechs M\u00e4nner und sechs Frauen. Schon vor der Wahlrunde gab Kreistagsabgeordneter Ernst Kern bekannt, nicht mehr f\u00fcr den Kreisvorstand zu kandidieren, um \u201ePlatz f\u00fcr J\u00fcngere zu machen\u201c, so Kern. Da nur f\u00fcnf Frauen kandidierten, geh\u00f6ren dem neuen Kreisvorstand nun elf Mitglieder an. Da neun M\u00e4nner zur Wahl standen, wurde es zum Schluss richtig spannend und auch einige junge Kandidaten setzen sich durch, darunter Cedric Schiele, der seit Kurzem Mitglied der Linken ist und bisher Kreissprecher der SPD-Jugendorganisation in Schw\u00e4bisch Hall war. Die neuen Kreisvorstandsmitglieder sind Silvia Ofori, Kornelia Gernhardt, Janja Kuhnh\u00e4user, Jana Gaitzsch, Kamilla Schubart, Kai Bock, David J\u00e4ger, Alfons Kuhnh\u00e4user, Cedric Schiele, J\u00fcrgen Czerlinsky und Hansj\u00f6rg Hafner.<\/p>\n<p><strong>Kreisvorstandstreffen offen f\u00fcr alle Mitglieder und Interessierte<\/strong><\/p>\n<p>Dies ist eine Verj\u00fcngung des Kreisvorstands, der als n\u00e4chstes die Gr\u00fcndung einer SOLID-Jugendgruppe unterst\u00fctzen m\u00f6chte. Au\u00dferdem wird am 2. Dezember 2017, um 12 Uhr das neue Parteib\u00fcro in Schw\u00e4bisch Hall, gemeinsam mit der Bundestagsabgeordneten Jessica Tatti aus Reutlingen, er\u00f6ffnet. Kreissprecher Kai Bock bedankte sich bei den nicht mehr im Kreisvorstand vertretenen Mitgliedern f\u00fcr ihre geleistete Arbeit und Heidi Scharf betonte, dass alle Kreisvorstandstreffen offen f\u00fcr alle Mitglieder und Interessierte sind.\u00a0Zum Abschluss wurde der Termin f\u00fcr das erste Treffen des neuen Kreisvorstands festgelegt, an dem auch \u00fcber die einzelnen Funktionen innerhalb des Kreisvorstands beraten wird und die Kreissprecher gew\u00e4hlt werden. Dieses Treffen findet am Mittwoch, 22. November 2017, ab 19.30 Uhr, im neuen Parteib\u00fcro in der Langen Stra\u00dfe 36, in Schw\u00e4bisch Hall statt.<\/p>\n<p><strong>Weitere Informationen und Kontakt:<\/strong><\/p>\n<p>Kai Bock,\u00a0Sprecher Kreisvorstand DIE LINKE Schw\u00e4bisch Hall\/Hohenlohe,\u00a0Stein\u00e4cker 12, 74639 Zweiflingen,<\/p>\n<p>Telefon: 07947\/9434088<\/p>\n<p>Mobil: 0172\/6910468<\/p>\n<p>E-Mail: kai.bock@die-linke-sha.de<\/p>\n<p><strong>Internet:<\/strong>\u00a0<a href=\"http:\/\/www.die-linke-sha.de\" target=\"_blank\" rel=\"noopener noreferrer\">www.die-linke-sha.de<\/a><\/p>\n<p>Facebook: www.facebook.com\/kai.bock.dielinke\/<\/p>\n<p>Twitter: @KaiBockDieLinke<\/p>\n<div class=\"pdf24Plugin-cp\"> \t<form name=\"pdf24Form0\" method=\"post\" action=\"https:\/\/doc2pdf.pdf24.org\/wordpress.php\" target=\"pdf24PopWin\" onsubmit=\"var pdf24Win = window.open('about:blank', 'pdf24PopWin', 'resizable=yes,scrollbars=yes,width=600,height=250,left='+(screen.width\/2-300)+',top='+(screen.height\/3-125)+''); pdf24Win.focus(); if(typeof pdf24OnCreatePDF === 'function'){void(pdf24OnCreatePDF(this,pdf24Win));}\"> \t\t<input type=\"hidden\" name=\"blogCharset\" value=\"Cw1x07UAAA==\" \/><input type=\"hidden\" name=\"blogPosts\" value=\"MwQA\" \/><input type=\"hidden\" name=\"blogUrl\" value=\"yygpKSi20tcvLy\/Xy8jPSM3LARK6pXnpqWmZOSWpRSV6KakA\" \/><input type=\"hidden\" name=\"blogName\" value=\"88jPSM3LARK6pXnpqWmZOSWpRSUA\" \/><input type=\"hidden\" name=\"blogValueEncoding\" value=\"gzdeflate base64\" \/><input type=\"hidden\" name=\"postId_0\" value=\"MzKytLQAAA==\" \/><input type=\"hidden\" name=\"postTitle_0\" value=\"NY1LCgIxEAWv8kCYnSBZCbNUQfysBPdj0iStMQPpjoor7+AVvIk38SRmQLdFvXrNaGqMaRe38apIjxm5zBY7G5gigUVxJL0rtqw+Mjk4EqwzsVz6LNolJxVlbDidKDVDbdLi83hiXgOeKSuhJIf9Xz\/\/SnXEaXi6vl8HFhuw7GJEogJPlYWoXw==\" \/><input type=\"hidden\" name=\"postLink_0\" value=\"yygpKSi20tcvLy\/Xy8jPSM3LARK6pXnpqWmZOSWpRSV6Kan69gW2RkaWlhYA\" \/><input type=\"hidden\" name=\"postAuthor_0\" value=\"S0zJzcwDAA==\" \/><input type=\"hidden\" name=\"postDateTime_0\" value=\"MzIwNNc1NNQ1tFAwtLAyNLQyNAAA\" \/><input type=\"hidden\" name=\"postContent_0\" value=\"pVfLThw5FN3PV1ism25oGAiog0ISCO9EgUmkbEaurltVpl2ulu2iNb3Kh0QzLPgGVqzoP8mXzLmuqqZfMxppFkHBZV\/fe86555re8KDnvC1MevD+9EhcnF6dH4nrfjaaPETK9TNxIrXunBQZGY0fAuuZ9iTuCivOSzumXKjMkhHnlpTDqvPSxKLEP14X70lTqsjiyLjMxQU+khtK\/K68TIXMRffXdqe70xZXxR3lEVnR3djcFcqIa196n2KrMFS2Eck+38\/fMiptjFTI3k6eTOrDnioRxHYySqmwsSHcfWSN8+KcrBH4KIzqZ17klFkRy4hUu9epQeh1hge\/9AAK5Qdfirwui2zE9\/0LLjFu\/hTKElMcex0EmQasL7gqrTAFAtwBlRl4ljKooHJDS\/2MLPA4IRUrzkHapCU0AOTKYkXiC1kn81yXJm2FBZWLzwQQSiuNFz+\/\/\/m5cPTz+48A60IRAvu8TxrWUhkJUgaMTn6AjUir\/kBMnpiYGIuHpUulScNWvum40CmWufy3JSfMyI9kplv1ITnwJWlN4iajHDuVMWQzqaNw5kKZARZDtGmIYaGVV4P28\/2VRJLSIFWtaPIXGd5kKWXklBuUzqnCOMunWpUaDGRmJg\/9DCxzfi8AV7ccASk\/jmdWk8lTVdqiNlOqxA5ZKXK12EzhR0hDMdAy5DynEFOaoKqqdjPHdcBZAPiMfwGrbjY7p\/wYRcgySW0FhxNxaavDgO9IGW+V90HvkwdGgrOfjQCUJk\/OkXYtAVEvdxtOolpulG\/lHDI1dE3F+wtaOy+sIa2k+IAGwlLssSaVeFtAG5zsGTBkGbwbk9XKuMEf7UXdf9LAvQL7jLuVYA456CWzpPzTXByGasBvkxpzeal8Ch3EQYpu3nEcm8QsZVNmGrPIJIPn0PncHl8Km5AGzNICchyE5lWKuuIlL+Pv49HkUSezGYxLYJzC+cZkWjWdl+AF6g6QVCvHiE6mzUgWJpgmn\/2K\/giiDd22yrDsrGNFNJDGILcZ25qqdj5XZIW9McgDvsgLlovuX4U9dlbwwxaQfxGuAm4yqBZ7TVJn\/xLRc8iUssmjDT2fM+hLOaAHBM2DJevIhE8NSOOyAkKEUxy56jAwy5Piuubfcs0qFZAxjtUmJUuwGBgjcQvXI8iRc5QsZkfoJFMxHTqIWxVwM6rvKEZADs5N1QpsODRHM8uanGfNiQcGX1p3bii2seWw7\/rT+\/WzEvqPCwtzVHAY2NJKrx1JG+xkFXAufwHMKR43St+h6T4mhVWrm\/BMmluJ3DOTTR5KRzYsYYuEmziu\/FzmSmvJmZQRjOClcVtg5E5x7z6kfPBQJ\/DS+WCLcC33eUDmBBZ9C1Gk+F8Cbpeaf75ObylJEKUIP4MsJU+IGcFw1FNmDBNw9XgMnszU8LDiCRjeANDCCm+oeJYaJlGNBvZWkPDB4kzMZzgIiPx4cdpQCRceDkkE2Tg\/eQqayiePUCO1MQYxjSx3wEjZODxj2HPGLy+Y0HubXfFbeGMEe6L6hRCh4mKVPLi5cqSCYS4ghoWpOmMPRpwxMH0pbuBqCv3gMPBLD05S7iRMiMcETMAI5+U6de2IYmkGjSFiWgQzmTEYlS+0NYYHiMPd2PfCVM1feOul0AgY4VfJoY24q4I4ZkYJLvIFEOWORG8H1v+\/NkK34LXwDYgfRnODI0B4QzZXzaAHFUwo3iP1TSyXVd0oEsDOJfFUkJXdBd+pH0PQD6gak2ZAjkuAiaZfeOAsDSmcDB4VVNO8oeYpamaYGLHATPX6QKQm3wTFkmfJARM\/KrjLu92F9zMyjsTmXntrgwXYYjarGhcUGGxOsmjw3LYSohZbO61\/fiYudfZXfoaC+1MDl8pljQFXdg6i8fjbX+rcqQE9319PdTkntf\/ylwifRiXc0AME2Oy2xO72ztae+DYildSN0Fx5AxrhbvtiY3dve7ezt721vfHqVfP1soiUxrfN3W5nZ29zY3tn+ulo\/VLyt4FU7Qg5vwFf65rnwrrLZDumRTyCMNF4L2U\/3\/ekQHskr9cy74f7nc5oNGovxlkTXsJa\/eu13yONzlzDM1e\/XjNFMSS2JlMgAllLdu1g1fleR04BPpZ9iopisC94Z1L\/1u4Xeaepg8+H450pRCN+XNp98Qb8MD2QXRiAYcPf\" \/> \t\t<a href=\"https:\/\/www.pdf24.org\" target=\"_blank\" title=\"www.pdf24.org\" rel=\"nofollow\"><img src=\"https:\/\/www.hohenlohe-ungefiltert.de\/wp-content\/plugins\/pdf24-post-to-pdf\/img\/pdf_32x32.png\" alt=\"\" border=\"0\" height=\"32\" \/><\/a> \t\t<span class=\"pdf24Plugin-cp-space\">&nbsp;&nbsp;<\/span> \t\t<span class=\"pdf24Plugin-cp-text\">Sende Artikel als PDF<\/span> \t\t<span class=\"pdf24Plugin-cp-space\">&nbsp;&nbsp;<\/span> \t\t<input class=\"pdf24Plugin-cp-input\" style=\"margin: 0px;\" type=\"text\" name=\"sendEmailTo\" placeholder=\"Emailadresse\" \/> \t\t<input class=\"pdf24Plugin-cp-submit\" style=\"margin: 0px;\" type=\"submit\" value=\"Senden\" \/> \t<\/form> <\/div>","protected":false},"excerpt":{"rendered":"<p>DIE LINKE Schw\u00e4bisch Hall\/Hohenlohe w\u00e4hlte vor Kurzem ihren Kreisvorstand und ihre Delegierte zum Landesparteitag am 25.\/26. November 2017 in Stuttgart neu. Der\u00a0Kreisvorstand wurde verj\u00fcngt. Der Kreistagsabgeordnete Ernst Kern ist nicht mehr dabei. Vom Kreisverband Schw\u00e4bisch Hall\/Hohenlohe der Partei DIE LINKE Nur noch vier Delegierte Landessprecherin Heidi Scharf, leitete die Versammlung, die im Restaurant \u201eRose\u201c in [&hellip;]<\/p>\n","protected":false},"author":1,"featured_media":0,"comment_status":"open","ping_status":"open","sticky":false,"template":"","format":"standard","meta":[],"categories":[1,10,6,2,8,5,3,7],"tags":[],"_links":{"self":[{"href":"https:\/\/www.hohenlohe-ungefiltert.de\/index.php?rest_route=\/wp\/v2\/posts\/22998"}],"collection":[{"href":"https:\/\/www.hohenlohe-ungefiltert.de\/index.php?rest_route=\/wp\/v2\/posts"}],"about":[{"href":"https:\/\/www.hohenlohe-ungefiltert.de\/index.php?rest_route=\/wp\/v2\/types\/post"}],"author":[{"embeddable":true,"href":"https:\/\/www.hohenlohe-ungefiltert.de\/index.php?rest_route=\/wp\/v2\/users\/1"}],"replies":[{"embeddable":true,"href":"https:\/\/www.hohenlohe-ungefiltert.de\/index.php?rest_route=%2Fwp%2Fv2%2Fcomments&post=22998"}],"version-history":[{"count":3,"href":"https:\/\/www.hohenlohe-ungefiltert.de\/index.php?rest_route=\/wp\/v2\/posts\/22998\/revisions"}],"predecessor-version":[{"id":23001,"href":"https:\/\/www.hohenlohe-ungefiltert.de\/index.php?rest_route=\/wp\/v2\/posts\/22998\/revisions\/23001"}],"wp:attachment":[{"href":"https:\/\/www.hohenlohe-ungefiltert.de\/index.php?rest_route=%2Fwp%2Fv2%2Fmedia&parent=22998"}],"wp:term":[{"taxonomy":"category","embeddable":true,"href":"https:\/\/www.hohenlohe-ungefiltert.de\/index.php?rest_route=%2Fwp%2Fv2%2Fcategories&post=22998"},{"taxonomy":"post_tag","embeddable":true,"href":"https:\/\/www.hohenlohe-ungefiltert.de\/index.php?rest_route=%2Fwp%2Fv2%2Ftags&post=22998"}],"curies":[{"name":"wp","href":"https:\/\/api.w.org\/{rel}","templated":true}]}}