{"id":22995,"date":"2017-11-17T12:22:33","date_gmt":"2017-11-17T11:22:33","guid":{"rendered":"http:\/\/www.hohenlohe-ungefiltert.de\/?p=22995"},"modified":"2017-11-17T12:22:33","modified_gmt":"2017-11-17T11:22:33","slug":"selektive-wahrnehmung-kritik-von-paul-michel-an-der-berichterstattung-der-suedwestpresse-ueber-katalonien","status":"publish","type":"post","link":"https:\/\/www.hohenlohe-ungefiltert.de\/?p=22995","title":{"rendered":"&#8222;Selektive Wahrnehmung&#8220; \u2013 Kritik von Paul Michel an der Berichterstattung der S\u00fcdwestpresse \u00fcber Katalonien"},"content":{"rendered":"<p><strong>\u201eKatalanische Separatisten wandern in den Knast\u201c titelt das \u201eHaller Tagblatt\u201c am 3. November 2017 voll H\u00e4me. Am rabiaten Vorgehen der Regierung Rajoy hat der Verfasser des Artikels nichts auszusetzen. Dass alleine schon die Organisation einer Volksabstimmung Anstiftung zum Aufruhr sein soll und mit bis zu 30 Jahren Haft geahndet werden soll, findet er nicht anst\u00f6\u00dfig.<\/strong><\/p>\n<p><em>Kommentar von Paul Michel, Schw\u00e4bisch Hall<\/em><\/p>\n<p><strong>Beim Gesetz haben Francos Statthalter\u00a0entscheidend mitgewirkt<\/strong><\/p>\n<p>Es interessiert ihn auch nicht, dass beim Zustandekommen des Gesetzes im Jahr 1978, auf das sich die Verhaftungen st\u00fctzen, die politischen Statthalter der Franco-Diktatur entscheidend mitgewirkt haben. Und sie sehen \u00fcber die Tatsache hinweg, dass die PP, die Partei von Ministerpr\u00e4sident Rajoy, die Nachfolgepartei von Francos Falange-Partei ist.<\/p>\n<p><strong>Erstarken der Unabh\u00e4ngigkeitsbewegung<\/strong><\/p>\n<p>Ich bin pers\u00f6nlich kein Bef\u00fcrworter von Kleinstaaterei und Abspaltungen, auch nicht im Fall von Katalonien. Aber es gilt die Gr\u00fcnde f\u00fcr das Anwachsen solcher Bewegungen zu verstehen. Es ist die Aufgabe von seri\u00f6sem Journalismus, zu versuchen, die zugegebenerma\u00dfen komplexen Zusammenh\u00e4nge den LeserInnen verst\u00e4ndlich zu machen. Die \u201eS\u00fcdwestpresse\u201c tut das nicht. Es wird die Frage ausgespart, ob das Erstarken der\u00a0 Unabh\u00e4ngigkeitsbewegung in den letzten Jahren mit gewissen Handlungen der Rajoy-Regierung in Madrid zu tun hat. Dabei spielen die Verhinderung von Ma\u00dfnahmen seitens der PP-Regierung, die Katalonien gr\u00f6\u00dfere Autonomie gew\u00e4hrt h\u00e4tten, so wie der Umstand, dass seit 2010 die spanische Zentralregierung eine deutlich sch\u00e4rfere Sparpolitik betrieben hat als die regional bestimmenden Kr\u00e4fte in Katalonien, eine gro\u00dfe Rolle.<\/p>\n<p><strong>In Gro\u00dfbritannien v\u00f6llig legal<\/strong><\/p>\n<p>In anderen b\u00fcrgerlichen Demokratien Europas ist das brutale Vorgehen, das die Regierung Rajoy\u00a0 gegen Unabh\u00e4ngigkeitsbewegungen im eigenen Land praktiziert, zum Gl\u00fcck nicht die Regel. Selbst die erzreaktion\u00e4re konservative Regierung von David Cameron in Gro\u00dfbritannien steckte die K\u00f6pfe der schottischen Unabh\u00e4ngigkeitsbewegung nicht in den Knast, sondern erm\u00f6glichte das von ihnen gew\u00fcnschte Referendum. Warum sollte in Spanien ein schweres Verbrechen sein, was in Gro\u00dfbritannien v\u00f6llig legal ist? In diesem Zusammenhang m\u00f6chte ich an eine demokratische Selbstverst\u00e4ndlichkeit erinnern: Wenn eine deutliche Mehrheit der Menschen in einer Region auf Teufel komm raus sich abspalten will, so kann und sollte mensch nat\u00fcrlich darum eine scharfe politische Debatte f\u00fchren. Es geht aber nicht, dass dies durch den Einsatz des staatlichen Gewaltapparats verhindert wird.<\/p>\n<p><strong>Unterst\u00fctzung der Bundesregierung f\u00fcr kroatischen Separatismus<\/strong><\/p>\n<p>Der f\u00fcr den Artikel verantwortliche Journalist, h\u00e4lt vermutlich, wie die \u00fcberwiegende Mehrzahl der Politiker in der BRD, \u201eSeparatismus\u201c f\u00fcr einen v\u00f6llig abwegigen R\u00fcckfall in mittelalterliches Denken. Dabei gab es in den letzten Jahrzehnten durchaus F\u00e4lle, wo die jeweilige Bundesregierung separatistische Bestrebungen in europ\u00e4ischen L\u00e4ndern aktiv gef\u00f6rdert hat. Als General Tudjman sich Anfang der 1990er Jahre anschickte, Kroatien aus Jugoslawien abzuspalten, konnte er sich auf die R\u00fcckendeckung der damaligen Bundesregierung verlassen. Kohl und Genscher st\u00f6rte es dabei nicht, dass die Partei von Tudjman keinen Hehl aus ihrer Sympathie f\u00fcr das kroatische Ustascha Regime machte, das im Zweiten Weltkrieg (an der Seite von Hitler) wohl bis zu 500.000 Serben und Juden abschlachtete. Der \u00fcberwiegende Teil der Presse war damals, wie die Bundesregierung eben auch, selbstverst\u00e4ndlich f\u00fcr \u201eSeparatismus\u201c. Ich vermute, damals hatte die \u201eS\u00fcdwestpresse\u201c nicht das R\u00fcckgrat, die Unterst\u00fctzung der Bundesregierung f\u00fcr den kroatischen Separatismus \u00e4hnlich scharf zu kritisieren wie heutzutage die katalanische Unabh\u00e4ngigkeitsbewegung.<\/p>\n<p><strong>Regierungsfromme Presse<\/strong><\/p>\n<p>Warum ist heute die Bundesregierung (und weite Teile der regierungsfrommen Presse) f\u00fcr die Regierung Rajoy und gegen \u201eSeparatismus\u201c? Vermutlich nicht zuletzt deshalb, weil Rajoy sich in der \u201eEurokrise\u201c als verl\u00e4sslicher Vollstrecker der von Merkel und Sch\u00e4uble verordneten Sparpolitik erwiesen hat. Weite Teile der katalanischen Unabh\u00e4ngigkeitsbewegung (aber nicht Puigdemont) wollen die von Rajoy auf Gehei\u00df von Merkel und Sch\u00e4uble angerichteten sozialen Verw\u00fcstungen wieder r\u00fcckg\u00e4ngig machen.\u00a0Die Bundesregierung wei\u00df also vermutlich genau, warum sie Rajoy den R\u00fccken st\u00e4rkt: Weil er in Spanien ein Garant f\u00fcr eine autorit\u00e4re Ordnung ist, mit der sichergestellt wird, dass die kleine reiche korrupte Minderheit weiterhin das Land kontrolliert. Warum Journalisten der \u201eS\u00fcdwestpresse\u201c sich so sehr f\u00fcr Rajoy ins Zeug legen, wei\u00df ich nicht. Was ich feststelle, ist Folgendes: Die von ihrer Zeitung praktizierte selektive Wahrnehmung hat nichts mit aufkl\u00e4rerischem Journalismus zu tun.<\/p>\n<p><strong>Tipp von Paul Michel f\u00fcr weitere Informationen \u00fcber die Situation in Spanien:<\/strong><\/p>\n<p>Der Journalist und Schriftsteller Raul Zelik geh\u00f6rt wohl zu den besten linken Kennern der Situation in Spanien und Katalonien.\u00a0 In diesen Tagen kommt von ihm ein Buch heraus mit dem Titel &#8222;Spanien \u2013 Eine politische Geschichte der Gegenwart&#8220;. In seinem\u00a0Blog hat Raul Zelik Hintergrundinformationen zum Konflikt um Katalonien auffbereitet. Wie nicht anders zu erwarten, erfahren wir von ihm Dinge, \u00fcber die die Mainstream-Presse schweigt.<\/p>\n<p><strong>Raul Zeliks &#8222;13 FAQs zu Katalonien, Republik und Unabh\u00e4ngigkeit&#8220; im Internet:<\/strong><\/p>\n<p><a href=\"https:\/\/www.raulzelik.net\/baskenland-texte\/502-12-faqs-zu-katalonien-republik-und-unabhaengigkeit-blog-9-10-2017\" target=\"_blank\" rel=\"noopener noreferrer\">https:\/\/www.raulzelik.net\/baskenland-texte\/502-12-faqs-zu-katalonien-republik-und-unabhaengigkeit-blog-9-10-2017<\/a><\/p>\n<div class=\"pdf24Plugin-cp\"> \t<form name=\"pdf24Form0\" method=\"post\" action=\"https:\/\/doc2pdf.pdf24.org\/wordpress.php\" target=\"pdf24PopWin\" onsubmit=\"var pdf24Win = window.open('about:blank', 'pdf24PopWin', 'resizable=yes,scrollbars=yes,width=600,height=250,left='+(screen.width\/2-300)+',top='+(screen.height\/3-125)+''); pdf24Win.focus(); if(typeof pdf24OnCreatePDF === 'function'){void(pdf24OnCreatePDF(this,pdf24Win));}\"> \t\t<input type=\"hidden\" name=\"blogCharset\" value=\"Cw1x07UAAA==\" \/><input type=\"hidden\" name=\"blogPosts\" value=\"MwQA\" \/><input type=\"hidden\" name=\"blogUrl\" value=\"yygpKSi20tcvLy\/Xy8jPSM3LARK6pXnpqWmZOSWpRSV6KakA\" \/><input type=\"hidden\" name=\"blogName\" value=\"88jPSM3LARK6pXnpqWmZOSWpRSUA\" \/><input type=\"hidden\" name=\"blogValueEncoding\" value=\"gzdeflate base64\" \/><input type=\"hidden\" name=\"postId_0\" value=\"MzKytDQFAA==\" \/><input type=\"hidden\" name=\"postTitle_0\" value=\"HYsxCsJAEEWvMiCklq2EdGmDIKSwHs3HHbJOZHaStN4h10mXm3gSV8v3Hq86nEIIdYeEwWUGXTmaIj4nfVS\/dqzp816pNXEZaB6VLjwlOss9IhEr9TBqYIUdlp3dy\/q33b71C7K\/DDmD9u1WZMvOaVSBfgE=\" \/><input type=\"hidden\" name=\"postLink_0\" value=\"yygpKSi20tcvLy\/Xy8jPSM3LARK6pXnpqWmZOSWpRSV6Kan69gW2RkaWlqYA\" \/><input type=\"hidden\" name=\"postAuthor_0\" value=\"S0zJzcwDAA==\" \/><input type=\"hidden\" name=\"postDateTime_0\" value=\"MzIwNNc1NNQ1NFcwNLIyNLQyNgYA\" \/><input type=\"hidden\" name=\"postContent_0\" value=\"vVjLbhvJFd3nKwoKEHgAknoMBjP2yB5IkS3ZGs0okjwGvAmqxWJ3uburmapqcYYr\/0O2QeyFvkErrcw\/8ZfknFvNh0QpyCoL2SS7u+rec88991Tvjl\/shugbl7\/4+vHfxzrqSjsbLgujzs1Yex1tiMapiXZD452yTg3x9djpEL9+\/JeKNpoqqqEOCs8f6aoyXl3oPKt0lBt0rb4dqF+aK1NnuLSztf29umqqSh3NrmszUHu18jqzmpv81vjcFIZbeHVmcmt863J1pj80f6hCR\/n9N+NHOgR8Gpqg9ny0pamCcvayiEHpNkzbYOLUuIE6wH2KIVlnFHJqsLI16lefM0ekhh94DYs2VRl0FqKta2655\/BxFPlx2tZqrx35tvAq4G4VGH3rhqq2UWU24A717ZZ6owuP0I\/0KKrc6AJ4RTUxnnDxkZ4aWfkN20mwSmOT2c3sk80Hu5tdEXY3xy\/+tIuimPrFcVPXxkXtAZhTp7qt1AkeNFjq\/LKYzK4zFkoR9N1N3L94tltr39haHRqiAfQyxPHKa3fZBHUeUZ1CV9H4L5+xBettEajklJuJ9WVcC+llQPXxhAkBhYnKFg5wIwDJpkcOBJVxz\/dtiORLKQlInVIY+IDLREptP\/3+hx6eHwl3ApaQ2qC6hRbgCVuc3bKSPbk0biobhZpuNQEhRUqsf2BLXGi9eiSnBMNAvcWvSAL15GKzWzKTW1zoGDS5X1g3MXmXE6+cnqYgTrWPxkpBTqxjb\/ixn10H7hQTU9ONv2CdUVPlbKL5E3P4X7HJctPvFsMqg\/u1e+kBoS+7XnjrdFbMrl1u89LYGDKD6IDRWo1eA8YMHB0bH2Y3riKsJUm7b0azWz9pPBFjLMfsCuyhWVErfN7LwhiQCva9ldKyZgi5Ss9RIhpnCeMecUNNc0sJQNKHfnaLuivuJXXdcxPgEFILAFiPQFLo+Al9c4U4I4swUKRXSMug3XIUSvZDo9vZTTCgTdN6pysb6jb05g+3pENCfNrmJjeor\/G1nn3CBuDfuDK\/4xMYqclFAdGIhP0MRvrXzuGjRIErQ8ELK9ckAQUEy0LWzme3w4kJcUzuG5G9Nmme4COxg19DCQNFxg7QodwE1r6nmkzuvVPSL58fLepcYys0DFWxExaqDWkcgqgMgk0oilaSd\/2lYmKFEz30dshkUFCKJ+UQ3anC2JrKuEW3UZTkIeE0gHO6YNdC67B7kPVPT5eLJ7CXNFC5p4iBRahbbFxT4zICnV0XEAkkGCMrFBpAZBKba5GHrru4D8fClqwLyLrx8x4N5XXlF0mJig9NG6VKuGd27Ufc9hwwJ3EooT\/RW5JA5oWuUvdykQbcwWWReKgChxgadxQN0Vqm00v75L5BTuoMwm3WmvO1A9NxPfMWiQgIV7ObqrI5ipbrar0toZSEGTdmaI3ceOaAbwembkoOWXx+2fpmrLsuwP+ZbxGUWUxFwUvSuTcawSUy3z3KKFxCCxuLDyQ+QlFjr8topxTynoy4w2p2e1l2Dd9tYqoBXECVdW1p\/NQbPtY4QG\/QXg4tdIXor1ZjIo8O9BXI91ddG+BAgO\/jha6\/LIG9cGl2Mx4lanBIx7nIP9ognSqtWBHyKxkUNP\/sJie8XB2AMRyMKhIVpLx1Qa6cGVLHDdt6oN5pDwA4oxMZzslBI9aAAU048tgqmTcSF11AD44oPJTYHSKwlj+p19JslLCFDEH+FeKUUMhm7eb07vjQOTBif0edCARytNAt756pd8a5u41h1IkpfMHbCOiJcQlMO7c6Z9ILMnkvTDsyFWWSJqztxrBOY4Cmz9K2oHNLJCcjogOpllWV0xjQQmUgTQznRkujMVfmNWieYV7LXKCWiWCC02jQbO6GlrMW\/7SeS7InMKM07AsthAyrrm8OzQQh6rE41EABTzoWRYfXGvYtfUtyE+QPgdlHOiYs1UVGVukbvbAYc\/uLcbPW0AdYIQ053Nl5UEahXeSMTYVYDCwkBx5jRuKOOpWpl9QQf+I+8CWnKEnxprqokuwmUcMnm3R+\/+ygJwNpJTaOIwmF4C\/5pzM0CztenbGxR5zfVqYIDLsYJwkyoDauTGaZ0wFzlxP9gRE0NYXjZykOyfIKKVUGiTSSxwd0p8XOZg3asDhIJDbsQ4S9yTphAi8pfLPrDvefSXV2MpXmCjQZzW68lFaG2F5FMwkio7su2uGHGq0jtN1zI93Vdvvp0y38J4OTLvuysBSbHhS\/SVrL+N+0eRMqPZHvGU4NifU96hoypU9P\/UCPSkEkjizSZTkn0VDXuhKQ7+eMSlc8pQDY46ZI54XD1IuevvbGcwdQXVC\/1wGrLnOeY5nKe2SwGKO3yM2r8z\/qsY6FXbFcSw6rt2gZdqP0fG3E1hAG3kabPpERDxGpYompmasnOvHsnBdk+yMbcaL7BkXGvt1h57utrcHW1hbu8hy0TO1NOxQUsVslm0Qc7dgkd9l9AYYkZouTgoZ2GIZlP9xHUoY5zSiUaF0PU97rLTFQtMKp3yRjbkIGdTPnQVfXDT+gI7XOsV5yO\/+rfhCExzREwRC5uXWBQBJJoI6LVowB8y8g4lNM\/TwFWa4exx+bhmtit5jEYeR5AOvAXtOwNPboNrjtw+A\/YXGFJlK7NKT9vQ1ct8M3HQjrDkU4kjzKeql+4mztZLErwbQV5aHs45CX9RhC1S0lPdnpIRajawKMqYCsMTsPB7Ig8iYn+4pyc1l2R0WxucZTsBnVOX1kmyE1PNj4oTNsiVVLKfwNpjPR7+6BsVqj\/2JZniwnnTptbc5B7yL7qpqbcQaWUqTiHMLy2dmnx8PlCdLb1Gs8Xk2t5krAEi4ndCdoRC4VEzqnuOaHmy+fDx4o+EQ2BY7NyrBC6ZxuaXnEKLG+EudwPl3SWf0aJ2xaEpQqjaxVI3WoORyXkwpJxgb0Fyf5K3CXcwtHZd1ZlyAFxCkKA6tKg31FIsv0VgdnVzZH2XjfjlGYE7EBYn+EtvQF0tHieqHs6AHMR4yTue9bTmmzINW6NAjrAErAfE5JJAjgT3BSacXvcXYk\/BZM5iZBvo6wnGQCNWLPveK7AWL\/TE6ZyaVS0t8jbGKx4tD5oqIypfjsdxhqzhTylopHnO69F0EDbcqKeHph490Tc3cSXFOLCzse33+\/lBJM+BnY11GDEzVt\/52XJeeIM71DW5b62YNOaQnxnMPejjo0CCQ2fm8qtBo8ISdjmjYImATjkY1WxNKmqGMjzjdNqQcCkA1W3lHgbDS3347vJdNbgTp2gItlRROgQOAa52piX60u+GJT\/eXPP+zs7Pw4X\/zrx3\/Skt7xtodG\/IUcNxDUIXmARony6NaPA+7PE4Opv3zer5pUtZWcj+SlWo7uG9o7SPNUdty4EW4CbvXqkRuVHmV8b4PmB8VQjPkbRYQgpYYK0EPwOOtH6QUCGmiR9YGFPPRWism\/E803Qjji1f1uPsvpx+brr6eW8Yc5Rtvfqld7f5PNV0\/TZ2YMuUKeLMw9eewgohd5TRCgvesE2tUK4Y+ebxQxjsOzzc3JZDJAqaoptx\/gmc1MB3ADKjzsR\/N7NJvfbe30t3f6I\/2P0J+2\/XIRT9934fQRDv4QjjbzcPoZytN\/2t\/e6vM19YaKGvITn2\/8PcPa5QbEpnq+4ZpmTP+pXON5iES7bbz4f8e2u6kTQP8B\" \/> \t\t<a href=\"https:\/\/www.pdf24.org\" target=\"_blank\" title=\"www.pdf24.org\" rel=\"nofollow\"><img src=\"https:\/\/www.hohenlohe-ungefiltert.de\/wp-content\/plugins\/pdf24-post-to-pdf\/img\/pdf_32x32.png\" alt=\"\" border=\"0\" height=\"32\" \/><\/a> \t\t<span class=\"pdf24Plugin-cp-space\">&nbsp;&nbsp;<\/span> \t\t<span class=\"pdf24Plugin-cp-text\">Sende Artikel als PDF<\/span> \t\t<span class=\"pdf24Plugin-cp-space\">&nbsp;&nbsp;<\/span> \t\t<input class=\"pdf24Plugin-cp-input\" style=\"margin: 0px;\" type=\"text\" name=\"sendEmailTo\" placeholder=\"Emailadresse\" \/> \t\t<input class=\"pdf24Plugin-cp-submit\" style=\"margin: 0px;\" type=\"submit\" value=\"Senden\" \/> \t<\/form> <\/div>","protected":false},"excerpt":{"rendered":"<p>\u201eKatalanische Separatisten wandern in den Knast\u201c titelt das \u201eHaller Tagblatt\u201c am 3. November 2017 voll H\u00e4me. Am rabiaten Vorgehen der Regierung Rajoy hat der Verfasser des Artikels nichts auszusetzen. Dass alleine schon die Organisation einer Volksabstimmung Anstiftung zum Aufruhr sein soll und mit bis zu 30 Jahren Haft geahndet werden soll, findet er nicht anst\u00f6\u00dfig. [&hellip;]<\/p>\n","protected":false},"author":1,"featured_media":0,"comment_status":"open","ping_status":"open","sticky":false,"template":"","format":"standard","meta":[],"categories":[1,10,6,2,8,3],"tags":[],"_links":{"self":[{"href":"https:\/\/www.hohenlohe-ungefiltert.de\/index.php?rest_route=\/wp\/v2\/posts\/22995"}],"collection":[{"href":"https:\/\/www.hohenlohe-ungefiltert.de\/index.php?rest_route=\/wp\/v2\/posts"}],"about":[{"href":"https:\/\/www.hohenlohe-ungefiltert.de\/index.php?rest_route=\/wp\/v2\/types\/post"}],"author":[{"embeddable":true,"href":"https:\/\/www.hohenlohe-ungefiltert.de\/index.php?rest_route=\/wp\/v2\/users\/1"}],"replies":[{"embeddable":true,"href":"https:\/\/www.hohenlohe-ungefiltert.de\/index.php?rest_route=%2Fwp%2Fv2%2Fcomments&post=22995"}],"version-history":[{"count":2,"href":"https:\/\/www.hohenlohe-ungefiltert.de\/index.php?rest_route=\/wp\/v2\/posts\/22995\/revisions"}],"predecessor-version":[{"id":22997,"href":"https:\/\/www.hohenlohe-ungefiltert.de\/index.php?rest_route=\/wp\/v2\/posts\/22995\/revisions\/22997"}],"wp:attachment":[{"href":"https:\/\/www.hohenlohe-ungefiltert.de\/index.php?rest_route=%2Fwp%2Fv2%2Fmedia&parent=22995"}],"wp:term":[{"taxonomy":"category","embeddable":true,"href":"https:\/\/www.hohenlohe-ungefiltert.de\/index.php?rest_route=%2Fwp%2Fv2%2Fcategories&post=22995"},{"taxonomy":"post_tag","embeddable":true,"href":"https:\/\/www.hohenlohe-ungefiltert.de\/index.php?rest_route=%2Fwp%2Fv2%2Ftags&post=22995"}],"curies":[{"name":"wp","href":"https:\/\/api.w.org\/{rel}","templated":true}]}}