{"id":22944,"date":"2017-11-09T12:22:23","date_gmt":"2017-11-09T11:22:23","guid":{"rendered":"http:\/\/www.hohenlohe-ungefiltert.de\/?p=22944"},"modified":"2017-11-09T12:22:32","modified_gmt":"2017-11-09T11:22:32","slug":"reichsweit-organisierte-aktion-der-nazis-gegen-juedische-menschen-gedenkfeier-zur-erinnerung-an-die-reichspogromnacht-in-crailsheim","status":"publish","type":"post","link":"https:\/\/www.hohenlohe-ungefiltert.de\/?p=22944","title":{"rendered":"&#8222;Reichsweit organisierte Aktion der Nazis gegen j\u00fcdische Menschen&#8220; \u2013 Gedenkfeier zur Erinnerung an die Reichspogromnacht in Crailsheim"},"content":{"rendered":"<p><strong>79 Jahre ist es her, dass in der Nacht vom 9. auf den 10. November 1938 in einer reichsweit organisierten Aktion der nationalsozialistischen Regierung j\u00fcdische Menschen und Einrichtungen angegriffen wurden. Eine\u00a0Gedenkfeier zur Erinnerung an die Reichspogromnacht findet in Crailsheim am\u00a0Donnerstag, 9. November 2017, um 18.30 Uhr in der\u00a0Adam-Wei\u00df-Stra\u00dfe, fr\u00fcherer Synagogenplatz (hinter dem Hotel Post-Faber) statt.<\/strong><\/p>\n<p><em>Von der Stadtverwaltung Crailsheim<\/em><\/p>\n<p><strong>Antij\u00fcdische Verordnungen<\/strong><\/p>\n<p>Vor allem die SA ver\u00fcbte Brandanschl\u00e4ge auf j\u00fcdische Synagogen, das Eigentum j\u00fcdischer Menschen wurde zerst\u00f6rt, Tausende j\u00fcdische M\u00e4nner verhaftet und in die Konzentrationslager verschleppt. Die antij\u00fcdischen Verordnungen wurden nochmals versch\u00e4rft und strangulierten endg\u00fcltig das wirtschaftliche und soziale Leben der j\u00fcdischen Gemeinden \u2013 auch in Crailsheim.<\/p>\n<p><strong>&#8222;Initiative Erinnerung und Verantwortung&#8220;<\/strong><\/p>\n<p>Zum Gedenken an dieses Ereignis und die vom Terror auch in Crailsheim betroffenen Menschen veranstaltet die \u201eInitiative Erinnerung und Verantwortung\u201c auch in diesem Jahr wieder am 9. November eine \u00f6ffentliche Gedenkfeier am Platz der fr\u00fcheren Crailsheimer Synagoge in der Adam-Wei\u00df-Stra\u00dfe.\u00a0Gestaltet wird die Veranstaltung in diesem Jahr von Sch\u00fclerinnen und Sch\u00fclern des Lise-Meitner-Gymnasiums (LMG\/Lehrer Joachim W\u00f6llner und Tobias Wiegand). Musikalisch umrahmt wird die Gedenkfeier von der Klarinettengruppe des LMG.<\/p>\n<p><strong>F\u00fchrung zur Geschichte j\u00fcdischen Lebens 1933-1945<\/strong><\/p>\n<p>Erg\u00e4nzend zur Gedenkfeier am 9. November laden Stadtarchiv Crailsheim und Crailsheimer Historischer Verein am Sonntag, 12. November 2017, um 14 Uhr zu einem Stadtrundgang zum Schicksal der Crailsheimer j\u00fcdischen Gemeinde in den Jahren 1933 bis 1945 ein. Treffpunkt ist auf dem Marktplatz.\u00a0Unter dem Titel \u201eAusgrenzung \u2013 Verwertung \u2013 Vernichtung\u201c werden am Beispiel Crailsheims die Phasen der nationalsozialistischen Judenverfolgung \u2013 von der sozialen Ausgrenzung, \u00fcber die wirtschaftliche Verdr\u00e4ngung und Auspl\u00fcnderung bis zur Deportation und Ermordung der j\u00fcdischen Menschen in den Vernichtungslagern des Ostens erl\u00e4utert.<\/p>\n<p><strong>Kurzinformation:<\/strong><\/p>\n<p>Stadtf\u00fchrung \u201eAusgrenzung \u2013 Verwertung \u2013 Vernichtung\u201c am Sonntag, 12. November 2017, 14 Uhr.\u00a0Treffpunkt: Marktplatz. Kosten pro erwachsenem Teilnehmer 5 Euro,\u00a0Mitglieder des Crailsheimer Historischen Vereins frei.<\/p>\n<div class=\"pdf24Plugin-cp\"> \t<form name=\"pdf24Form0\" method=\"post\" action=\"https:\/\/doc2pdf.pdf24.org\/wordpress.php\" target=\"pdf24PopWin\" onsubmit=\"var pdf24Win = window.open('about:blank', 'pdf24PopWin', 'resizable=yes,scrollbars=yes,width=600,height=250,left='+(screen.width\/2-300)+',top='+(screen.height\/3-125)+''); pdf24Win.focus(); if(typeof pdf24OnCreatePDF === 'function'){void(pdf24OnCreatePDF(this,pdf24Win));}\"> \t\t<input type=\"hidden\" name=\"blogCharset\" value=\"Cw1x07UAAA==\" \/><input type=\"hidden\" name=\"blogPosts\" value=\"MwQA\" \/><input type=\"hidden\" name=\"blogUrl\" value=\"yygpKSi20tcvLy\/Xy8jPSM3LARK6pXnpqWmZOSWpRSV6KakA\" \/><input type=\"hidden\" name=\"blogName\" value=\"88jPSM3LARK6pXnpqWmZOSWpRSUA\" \/><input type=\"hidden\" name=\"blogValueEncoding\" value=\"gzdeflate base64\" \/><input type=\"hidden\" name=\"postId_0\" value=\"MzKyNDEBAA==\" \/><input type=\"hidden\" name=\"postTitle_0\" value=\"Jc0xCsJAFEXRrTwQUstUQioRsdLCHQyZ58w35o\/8mSCkcg9ux86duBITrG53brPaOOfaM6VL5UGpyBa9ShFaJbZ9lawINJz8JAWRkYrr5x2kdIk4UpdqszjrFt\/nCwcGan\/hTGAaDXsTVdqoEX62hPjv7jlaHtR3qUIUO\/NyK4ky\/AA=\" \/><input type=\"hidden\" name=\"postLink_0\" value=\"yygpKSi20tcvLy\/Xy8jPSM3LARK6pXnpqWmZOSWpRSV6Kan69gW2RkaWJiYA\" \/><input type=\"hidden\" name=\"postAuthor_0\" value=\"S0zJzcwDAA==\" \/><input type=\"hidden\" name=\"postDateTime_0\" value=\"MzIwNNc1NNQ1sFQwNLIyNLQyMgYA\" \/><input type=\"hidden\" name=\"postContent_0\" value=\"lVbLTuRGFN3nK64UKZqRupu3BmYQEhMYJkBPUJoBKbsCX9sV7LJVVW40veIfso0yLPgGVr3Cf8KX5NyyuzH05LVBtvvWfZx7zim2y51t521hkp03W3SoUsuknSd2lLLtUaScI20oYkuf1GXqaVzktDUgVcX4aGhleUCfijHnF4hY2VrblGjWBm+W9WXqrll7KmyijHaarceZ3SuviyanUfKoMldMtMpQWbvLFCG\/cILgyiT0Wz2Nwkcasml+rExE+9pYpPcIwReFv4nVcYzn68qisYFE8MPtAePlKmZko0llad9qY5rMCi1oRilpsywSW+QmjBhrE7GXQX60SmcuZZ2Tyh9u9wo567xKeoLBfO7V5ZU3PapyWtkcrC3T59S2mD3c7kYq75+zrr\/2R96q+iv3KLb1FOji4OiLUUmBCcpM+Qm9SrXx+BxxTh8LzxmdFM73PygUeU2o6\/1ge6nd1\/ZSufPdNvbH+c5ZC+fIq8iP2V6rTJDp9L+9hLD5kTbFrvH6Cd8ztoWNTEB0ocpZYUllGRoTzEa7hCr19MIzvbfKREpWk9V3CQdmPCWdTxi4hKXg0QOpeYR92mvYHE0E4fre+h6dqsoxdtElQX0nO5DyqYo91iRs0M0qjwozQXobSOUylTSB0hqXpR\/QHoJUd2jzbOqWO2SKyzQHKdvD9Z2NmzoABVSrspbI6C2pp5nXSRjuWluPcLSVaek1nAjEZjrmC2521Kl9wDkL1ww93vwO4C7T56QbvFzYD99vrq6uvvvJaK8x5Ji7fJZymAbzXRdW1h+il98t7PJX4N\/oIkhHoHMQ\/D4Em0ClIZHAKVI\/ZWtl9Qu90QUjqygOSeYrHEt9EDWTzUiOx5s\/\/2O3jzd\/zMuEjvLgR0CVBTaVP5OcWAzV91K\/RburdASfBEXJyZncut13tDezt0WlDsQ+ZsNguQ0qZ\/MRZYwXzY4hxBEYM804jNqY1eyLFHJ0rB33h7BFINE\/+ALTcbrKHb06Hh4sHXMqxnBYwIkA8nl9n2XCd0lzWlxo0OxcM9w0ej2gYeX0ldgmUKtyq9K802cXj3HrD0eZQlvsQd7EVmXJTUPDgwWmfQBmYU9imkAB3cAaucveQGknpr\/WX9la31jg2b5NoFYoMmqzPFtQd5uZEhEE91IWpcZdosnozzb3EfdEYVv3wDrABUk4gjsHa15Z\/aY3rwdjnlSBO3lTDSNGAFPGzGVN+vLKqSxg9azkN0Tb8MY0l6YJMNCFFjzWN6TEgE4tx3FZmSsf7tTmysxpqOyVD4YPgn2eG\/6pFsOHXnYrlyDjRNAXX8CE1xwkMns17c0nksFP0gXmf8\/alRo5njp3gQknqXL8z\/ftYYUkEG9cZMms0Iw0rYXh3n5qrEcwf2kc6V\/aHhqMLBafzGSOc2VWT4FZYJSAJHzY4xLKDw01V7rN4cQS8cIm5+7SIt5BoDH5Rlc\/Oy98ZIt7qAKqfoHUR5WdaBMXNg9V3y4wNnAinlH\/f+\/iX0jYMBBLfyLG2y4bcH\/JCFTaguQOx78lLEw9ZQ0PSIWHG7Rf2aL3cDvUPskaZ5TZ\/04fptWHgwuybgD5Cw==\" \/> \t\t<a href=\"https:\/\/www.pdf24.org\" target=\"_blank\" title=\"www.pdf24.org\" rel=\"nofollow\"><img src=\"https:\/\/www.hohenlohe-ungefiltert.de\/wp-content\/plugins\/pdf24-post-to-pdf\/img\/pdf_32x32.png\" alt=\"\" border=\"0\" height=\"32\" \/><\/a> \t\t<span class=\"pdf24Plugin-cp-space\">&nbsp;&nbsp;<\/span> \t\t<span class=\"pdf24Plugin-cp-text\">Sende Artikel als PDF<\/span> \t\t<span class=\"pdf24Plugin-cp-space\">&nbsp;&nbsp;<\/span> \t\t<input class=\"pdf24Plugin-cp-input\" style=\"margin: 0px;\" type=\"text\" name=\"sendEmailTo\" placeholder=\"Emailadresse\" \/> \t\t<input class=\"pdf24Plugin-cp-submit\" style=\"margin: 0px;\" type=\"submit\" value=\"Senden\" \/> \t<\/form> <\/div>","protected":false},"excerpt":{"rendered":"<p>79 Jahre ist es her, dass in der Nacht vom 9. auf den 10. November 1938 in einer reichsweit organisierten Aktion der nationalsozialistischen Regierung j\u00fcdische Menschen und Einrichtungen angegriffen wurden. Eine\u00a0Gedenkfeier zur Erinnerung an die Reichspogromnacht findet in Crailsheim am\u00a0Donnerstag, 9. November 2017, um 18.30 Uhr in der\u00a0Adam-Wei\u00df-Stra\u00dfe, fr\u00fcherer Synagogenplatz (hinter dem Hotel Post-Faber) statt. [&hellip;]<\/p>\n","protected":false},"author":1,"featured_media":0,"comment_status":"open","ping_status":"open","sticky":false,"template":"","format":"standard","meta":[],"categories":[1,9,10,6,2,8,5,3,7],"tags":[],"_links":{"self":[{"href":"https:\/\/www.hohenlohe-ungefiltert.de\/index.php?rest_route=\/wp\/v2\/posts\/22944"}],"collection":[{"href":"https:\/\/www.hohenlohe-ungefiltert.de\/index.php?rest_route=\/wp\/v2\/posts"}],"about":[{"href":"https:\/\/www.hohenlohe-ungefiltert.de\/index.php?rest_route=\/wp\/v2\/types\/post"}],"author":[{"embeddable":true,"href":"https:\/\/www.hohenlohe-ungefiltert.de\/index.php?rest_route=\/wp\/v2\/users\/1"}],"replies":[{"embeddable":true,"href":"https:\/\/www.hohenlohe-ungefiltert.de\/index.php?rest_route=%2Fwp%2Fv2%2Fcomments&post=22944"}],"version-history":[{"count":4,"href":"https:\/\/www.hohenlohe-ungefiltert.de\/index.php?rest_route=\/wp\/v2\/posts\/22944\/revisions"}],"predecessor-version":[{"id":22962,"href":"https:\/\/www.hohenlohe-ungefiltert.de\/index.php?rest_route=\/wp\/v2\/posts\/22944\/revisions\/22962"}],"wp:attachment":[{"href":"https:\/\/www.hohenlohe-ungefiltert.de\/index.php?rest_route=%2Fwp%2Fv2%2Fmedia&parent=22944"}],"wp:term":[{"taxonomy":"category","embeddable":true,"href":"https:\/\/www.hohenlohe-ungefiltert.de\/index.php?rest_route=%2Fwp%2Fv2%2Fcategories&post=22944"},{"taxonomy":"post_tag","embeddable":true,"href":"https:\/\/www.hohenlohe-ungefiltert.de\/index.php?rest_route=%2Fwp%2Fv2%2Ftags&post=22944"}],"curies":[{"name":"wp","href":"https:\/\/api.w.org\/{rel}","templated":true}]}}