{"id":22754,"date":"2017-09-25T20:17:47","date_gmt":"2017-09-25T19:17:47","guid":{"rendered":"http:\/\/www.hohenlohe-ungefiltert.de\/?p=22754"},"modified":"2017-09-25T20:23:20","modified_gmt":"2017-09-25T19:23:20","slug":"harald-ebner-gruene-und-christian-von-stetten-cdu-vertreten-kuenftig-den-wahlkreis-schwaebisch-hall-hohenlohe-im-deutschen-bundestag-annette-sawade-spd-verpasste-den-wiedereinzug-ins","status":"publish","type":"post","link":"https:\/\/www.hohenlohe-ungefiltert.de\/?p=22754","title":{"rendered":"&#8222;Harald Ebner (Gr\u00fcne) und Christian von Stetten (CDU) vertreten k\u00fcnftig den Wahlkreis Schw\u00e4bisch Hall-Hohenlohe im Deutschen Bundestag&#8220; \u2013 Annette Sawade (SPD) verpasste den Wiedereinzug ins Parlament"},"content":{"rendered":"<p><strong>Zwei Abgeordnete vertreten k\u00fcnftig den Wahlkreis Schw\u00e4bisch Hall-Hohenlohe im Deutschen Bundestag. Direkt gew\u00e4hlt wurde Christian von Stetten (CDU). Er erhielt 40,5 Prozent der Erststimmen. \u00dcber die Landesliste der Gr\u00fcnen kam Harald Ebner wieder in das Berliner Gremium. Annette Sawade (SPD) verpasste den Wiedereinzug in den Deutschen Bundestag.<\/strong><\/p>\n<p><em>Von Ralf Garmatter, Hohenlohe-ungefiltert<\/em><\/p>\n<p><strong>Annette Sawade hatte einen zu schlechten Landeslistenplatz<\/strong><\/p>\n<p>Harald Ebner kandidierte auf Platz 8 der Gr\u00fcnen-Landesliste in Baden-W\u00fcrttemberg. 13 Kandidaten der baden-w\u00fcrttembergischen Landesliste der Gr\u00fcnen schafften den Einzug in den Bundestag. Einen zu schlechten Landeslistenplatz (Platz 19) hatte Annette Sawade bei der SPD. 16 Kandidaten der SPD-Landesliste ziehen ins Bundesparlament ein. Als 16. schaffte es Josip Juratovic, SPD-Kandidat aus dem Wahlkreis Heilbronn, gerade noch als letzter Baden-W\u00fcrttemberg-SPDler in den Bundestag. Christian von Stetten hatte sich nicht auf der CDU-Landesliste abgesichert. H\u00e4tte er nicht das Direktmandat errungen, w\u00e4re er nach seiner vierten Amtszeit aus dem Bundestag ausgeschieden.<\/p>\n<p><strong>Direkt gew\u00e4hlte Bundestagsabgeordnete aus Baden-W\u00fcrttemberg:<\/strong><\/p>\n<p><a href=\"http:\/\/www.statistik-bw.de\/Wahlen\/Bundestag\/Gew.jsp\" target=\"_blank\" rel=\"noopener noreferrer\">http:\/\/www.statistik-bw.de\/Wahlen\/Bundestag\/Gew.jsp<\/a><\/p>\n<p><strong>Gew\u00e4hlte LandeslistenbewerberInnen aus Baden-W\u00fcrttemberg:<\/strong><\/p>\n<p><a href=\"http:\/\/www.statistik-bw.de\/Wahlen\/Bundestag\/Gew.jsp\" target=\"_blank\" rel=\"noopener noreferrer\">http:\/\/www.statistik-bw.de\/Wahlen\/Bundestag\/Gew.jsp<\/a><\/p>\n<p><strong>Sitzverteilung nach Bundesl\u00e4ndern:<\/strong><\/p>\n<p><a href=\"http:\/\/www.statistik-bw.de\/Wahlen\/Bundestag\/SitzVt.jsp\" target=\"_blank\" rel=\"noopener noreferrer\">http:\/\/www.statistik-bw.de\/Wahlen\/Bundestag\/SitzVt.jsp<\/a><\/p>\n<p><strong>Weitere Informationen des Statistischen Landesamts Baden-W\u00fcrttemberg im Internet zur Bundestagswahl 2017:<\/strong><\/p>\n<p><a href=\"http:\/\/www.statistik-bw.de\/Wahlen\/Bundestag\/\" target=\"_blank\" rel=\"noopener noreferrer\">http:\/\/www.statistik-bw.de\/Wahlen\/Bundestag\/<\/a><\/p>\n<p>&nbsp;<\/p>\n<p>&nbsp;<\/p>\n<p>&nbsp;<\/p>\n<div class=\"pdf24Plugin-cp\"> \t<form name=\"pdf24Form0\" method=\"post\" action=\"https:\/\/doc2pdf.pdf24.org\/wordpress.php\" target=\"pdf24PopWin\" onsubmit=\"var pdf24Win = window.open('about:blank', 'pdf24PopWin', 'resizable=yes,scrollbars=yes,width=600,height=250,left='+(screen.width\/2-300)+',top='+(screen.height\/3-125)+''); pdf24Win.focus(); if(typeof pdf24OnCreatePDF === 'function'){void(pdf24OnCreatePDF(this,pdf24Win));}\"> \t\t<input type=\"hidden\" name=\"blogCharset\" value=\"Cw1x07UAAA==\" \/><input type=\"hidden\" name=\"blogPosts\" value=\"MwQA\" \/><input type=\"hidden\" name=\"blogUrl\" value=\"yygpKSi20tcvLy\/Xy8jPSM3LARK6pXnpqWmZOSWpRSV6KakA\" \/><input type=\"hidden\" name=\"blogName\" value=\"88jPSM3LARK6pXnpqWmZOSWpRSUA\" \/><input type=\"hidden\" name=\"blogValueEncoding\" value=\"gzdeflate base64\" \/><input type=\"hidden\" name=\"postId_0\" value=\"MzIyNzUBAA==\" \/><input type=\"hidden\" name=\"postTitle_0\" value=\"Hc5BCsJADAXQq3wQpC4E6UpwpVbsUijiOjqxMziNMpO24Mo7eAWP4c6beBKnbgI\/4fMyHs3zPF+UFMgbbI7CAdk2fN7CE7RisLbBRXUk6K6CSlmVBdm62E\/QcdDAQ76kwlldDZPCgay\/BHYR1cn2n9fRxZNFSd5Py6tl8WnANSi41XRJjVWSOCrV4+Gd2QLfxxNLkQFDRT0ZRlbtij95oxjT+i85Npwkubc1nETsKHhqWPQH\" \/><input type=\"hidden\" name=\"postLink_0\" value=\"yygpKSi20tcvLy\/Xy8jPSM3LARK6pXnpqWmZOSWpRSV6Kan69gW2RkbmpiYA\" \/><input type=\"hidden\" name=\"postAuthor_0\" value=\"S0zJzcwDAA==\" \/><input type=\"hidden\" name=\"postDateTime_0\" value=\"MzIwNNc1sNQ1MlUwMrAysLQyMQcA\" \/><input type=\"hidden\" name=\"postContent_0\" value=\"3VVNb9tGEL33Vwx0KGzAIuN+J5UF2LFhO83BqNAY6KVYSiNxq+WQmF2agH5Lj\/4ZuemP5S2pypSsoEGQXHrRx+7Om\/fezOyOqvHIBy1lMf6zYUvn2YJLnQkHpgfWoPghtFy\/l3mwC5rhz73J3VLZeppM82b9mFk\/zenGODe8KXMWhw+yBV1yHbCDiItaZuyDWSR0aZWXgRaMwNwFamqdMb3O1fpgjdBDKTQJHGLWo9eXfxwndKXEmlvG6R9enPxId1quWAK4KPZ8QGBRsCS0\/ifD0swyvTUxoQMmt8euFQKiDlOAqBo3o6tMsNFYjvtWaGY8XbA6K+15LmxdJHQuErnQxDQGPI8md5fH0ZfK+A4bdrQQbGVVL1ogrB2SPko3Po\/SavzNCL5zMX4Hub8bN6dro4VBJj2hrYnDWhY8tw6rYZTi9DZyg7THLo8ABCbIu6oJBBxP8+hkzw+pnAmrZ2R2XFniuIWPCjhTz+kuhtAvfSuHfYuh+gIEZHi\/fq\/gUKAOqPXp9\/Rbi2Qihxictaea3inb2fSxgmHXzOdduNDVjsm9rrr6FM101Ok4fXm8sWrPvwz9H5OjyCD\/0z55LO+oXlmO1K34DZXKqDNFbE3UAL3jPFCSrQZiT29Kbyt6U6sJ5YOdnrSg\/+aB1x6Zit6E3bB1GQolJxgZjSSlxLAZQDsOK3TGAeeHAHWbrt716fCcdWZ4C2DBR2hrHhVj\/nYUG1wO8RgaI6Gb9WPbbroJigPUTXeBEKhh1djAoI5Z1+6kQQ7P7Yw9tP0ldF4Ev2L7pH7LN64g4TSPEybJfvfvXSX8FOhN7xaLsM89evV8HA3lyvOzQR5C9SpNm6ZJABaiYcth1iQzTmNhWNJtovSam+RvXw0oGF1wOBv8lTkjywEpu7OBlGXFUauUQIYfrIPxZ8CPUvNs9q+3svuNnnHDCn23Egfifyp9YsMqvk2YDTRY11RdoFs\/4kvlC0mMid6Fr6nyKcMhofcYCzwtdCvzMj4PtpT2LsLLuwHu354Gg3Sg3PEpvhXgYBpwRWpvTBrQoe9enP78hfz6Wi71vflWMl\/9+p\/\/PgA=\" \/> \t\t<a href=\"https:\/\/www.pdf24.org\" target=\"_blank\" title=\"www.pdf24.org\" rel=\"nofollow\"><img src=\"https:\/\/www.hohenlohe-ungefiltert.de\/wp-content\/plugins\/pdf24-post-to-pdf\/img\/pdf_32x32.png\" alt=\"\" border=\"0\" height=\"32\" \/><\/a> \t\t<span class=\"pdf24Plugin-cp-space\">&nbsp;&nbsp;<\/span> \t\t<span class=\"pdf24Plugin-cp-text\">Sende Artikel als PDF<\/span> \t\t<span class=\"pdf24Plugin-cp-space\">&nbsp;&nbsp;<\/span> \t\t<input class=\"pdf24Plugin-cp-input\" style=\"margin: 0px;\" type=\"text\" name=\"sendEmailTo\" placeholder=\"Emailadresse\" \/> \t\t<input class=\"pdf24Plugin-cp-submit\" style=\"margin: 0px;\" type=\"submit\" value=\"Senden\" \/> \t<\/form> <\/div>","protected":false},"excerpt":{"rendered":"<p>Zwei Abgeordnete vertreten k\u00fcnftig den Wahlkreis Schw\u00e4bisch Hall-Hohenlohe im Deutschen Bundestag. Direkt gew\u00e4hlt wurde Christian von Stetten (CDU). Er erhielt 40,5 Prozent der Erststimmen. \u00dcber die Landesliste der Gr\u00fcnen kam Harald Ebner wieder in das Berliner Gremium. Annette Sawade (SPD) verpasste den Wiedereinzug in den Deutschen Bundestag. Von Ralf Garmatter, Hohenlohe-ungefiltert Annette Sawade hatte einen [&hellip;]<\/p>\n","protected":false},"author":1,"featured_media":0,"comment_status":"open","ping_status":"open","sticky":false,"template":"","format":"standard","meta":[],"categories":[1,6,2,8,3],"tags":[],"_links":{"self":[{"href":"https:\/\/www.hohenlohe-ungefiltert.de\/index.php?rest_route=\/wp\/v2\/posts\/22754"}],"collection":[{"href":"https:\/\/www.hohenlohe-ungefiltert.de\/index.php?rest_route=\/wp\/v2\/posts"}],"about":[{"href":"https:\/\/www.hohenlohe-ungefiltert.de\/index.php?rest_route=\/wp\/v2\/types\/post"}],"author":[{"embeddable":true,"href":"https:\/\/www.hohenlohe-ungefiltert.de\/index.php?rest_route=\/wp\/v2\/users\/1"}],"replies":[{"embeddable":true,"href":"https:\/\/www.hohenlohe-ungefiltert.de\/index.php?rest_route=%2Fwp%2Fv2%2Fcomments&post=22754"}],"version-history":[{"count":10,"href":"https:\/\/www.hohenlohe-ungefiltert.de\/index.php?rest_route=\/wp\/v2\/posts\/22754\/revisions"}],"predecessor-version":[{"id":22764,"href":"https:\/\/www.hohenlohe-ungefiltert.de\/index.php?rest_route=\/wp\/v2\/posts\/22754\/revisions\/22764"}],"wp:attachment":[{"href":"https:\/\/www.hohenlohe-ungefiltert.de\/index.php?rest_route=%2Fwp%2Fv2%2Fmedia&parent=22754"}],"wp:term":[{"taxonomy":"category","embeddable":true,"href":"https:\/\/www.hohenlohe-ungefiltert.de\/index.php?rest_route=%2Fwp%2Fv2%2Fcategories&post=22754"},{"taxonomy":"post_tag","embeddable":true,"href":"https:\/\/www.hohenlohe-ungefiltert.de\/index.php?rest_route=%2Fwp%2Fv2%2Ftags&post=22754"}],"curies":[{"name":"wp","href":"https:\/\/api.w.org\/{rel}","templated":true}]}}