{"id":22662,"date":"2017-09-21T20:12:58","date_gmt":"2017-09-21T19:12:58","guid":{"rendered":"http:\/\/www.hohenlohe-ungefiltert.de\/?p=22662"},"modified":"2017-09-21T20:29:48","modified_gmt":"2017-09-21T19:29:48","slug":"abgeordnetenwatch-befragt-die-neun-bundestagskandidaten-aus-hohenlohe-nur-christian-von-stetten-cdu-karl-wilhelm-maier-mlpd-und-juergen-zahn-oedp-antworten-nicht","status":"publish","type":"post","link":"https:\/\/www.hohenlohe-ungefiltert.de\/?p=22662","title":{"rendered":"&#8222;W\u00e4hlerInnen k\u00f6nnen auf abgeordnetenwatch.de auch die Bundestagskandidaten aus Hohenlohe befragen&#8220; \u2013\u00a0Christian von Stetten (CDU) und Friedrich Zahn (\u00d6DP) antworteten nicht"},"content":{"rendered":"<p><strong>Eine Frau und acht M\u00e4nner kandidieren im Wahlkreis 268 Schw\u00e4bisch Hall-Hohenlohe f\u00fcr den Deutschen Bundestag. Der Verein abgeordnetenswatch.de hat alle neun KandidatInnen zu wichtigen bundespolitischen Themen befragt. Nicht geantwortet haben\u00a0Christian von Stetten (CDU) und Friedrich Zahn (\u00d6DP). Auch die W\u00e4hlerinnen und W\u00e4hler k\u00f6nnen den Kandidaten auf abgeordnetenwatch.de Fragen stellen und auf Antworten hoffen.<\/strong><\/p>\n<p><em>Informationen zusammengestellt von Hohenlohe-ungefiltert<\/em><\/p>\n<p><strong>Die Antworten der\u00a0Kandidierenden, nachzulesen auf abgeordnetenwatch.de:<\/strong><\/p>\n<p><a href=\"https:\/\/kandidatencheck.abgeordnetenwatch.de\/bundestag\" target=\"_blank\" rel=\"noopener noreferrer\">https:\/\/kandidatencheck.abgeordnetenwatch.de\/bundestag<\/a><\/p>\n<p><strong>Folgende KandidatInnen aus dem Wahlkreis 268 Schw\u00e4bisch Hall-Hohenlohe haben sich beteiligt:<\/strong><\/p>\n<p>Karl Wilhelm Maier (MLPD)<\/p>\n<p>Valentin Christian Abel (FDP)<\/p>\n<p>Kai Bock (DIE LINKE)<\/p>\n<p>Alexander Brandt (PIRATEN)<\/p>\n<p>Harald Ebner (DIE GR\u00dcNEN)<\/p>\n<p>Annette Sawade (SPD)<\/p>\n<p>Stefan Thien (AfD)<\/p>\n<p><strong>Folgende KandidatInnen aus dem Wahlkreis 268 Schw\u00e4bisch Hall-Hohenlohe haben sich NICHT beteiligt:<\/strong><\/p>\n<p>Christian von Stetten (CDU) &#8211; nicht beteiligt<\/p>\n<p>Friedrich Zahn (\u00d6DP) &#8211; nicht beteiligt<\/p>\n<p><strong>Weitere Informationen und Kontakt:<\/strong><\/p>\n<p><a href=\"https:\/\/www.abgeordnetenwatch.de\/\" target=\"_blank\" rel=\"noopener noreferrer\">https:\/\/www.abgeordnetenwatch.de\/<\/a><\/p>\n<p><strong>Wegen &#8222;nicht beteiligten&#8220; Kandidaten nachgefragt<\/strong><\/p>\n<p>Wegen der &#8222;nicht beteiligten&#8220; Kandidaten hat Hohenlohe-ungefiltert am 12. September 2017 bei abgeordnetenwatch.de nachgefragt. Folgende Antwort hat abgeordnetenwatch.de noch am selben Tag an Hohenlohe-ungefiltert geschickt.<\/p>\n<p>Hohenlohe-ungefiltert ver\u00f6ffentlicht die Antwort in voller L\u00e4nge:<\/p>\n<p><strong>Guten Tag Herr Garmatter,<\/strong><\/p>\n<p>vielen Dank f\u00fcr Ihre Nachfrage. Tats\u00e4chlich hat Karl-Wilhelm Maier keine E-Mail von uns erhalten \u2013\u00a0weil wir keine E-Mail-Adresse von ihm recherchieren konnten. Trotz zweier Telefonate am 12. Juni und am 28. August mit der Landesgesch\u00e4ftsstelle Baden-W\u00fcrttemberg und dem nachfolgenden Wiederholen der Bitte per E-Mail haben wir von mehreren MLPD-Kandidaten aus BaW\u00fc keine E-Mail-Adressen erhalten. Dies ist manchmal der Fall, nicht nur bei der MLPD, aber ich wollte es in diesem Fall gern konkret erkl\u00e4ren.<\/p>\n<p>Dadurch ist es uns nicht m\u00f6glich, Herrn Maier zu kontaktieren. Wenn er dies \u00e4ndern m\u00f6chte, kann er jederzeit mit uns Kontakt aufnehmen und uns seine Daten durchgeben. Wir w\u00fcrden uns sehr freuen!<\/p>\n<p>Bei J\u00fcrgen Zahn liegt der Fall gleich, auch bei ihm hatten wir bei der Recherche keinen Erfolg bei der \u00d6DP BaW\u00fc.<\/p>\n<p>Herr von Stetten erh\u00e4lt unsere Mails und auch die Fragen der B\u00fcrgerinnen und B\u00fcrger per Mail, hat bisher aber weder diese Fragen beantwortet noch am Kandidaten-Check teilgenommen. Dies ist seine eigene Entscheidung, die wir nat\u00fcrlich bedauern, da wir gern alle Kandidaten dabei h\u00e4tten.<\/p>\n<p>Ich hoffe, ich konnte Ihnen weiterhelfen!<\/p>\n<p>Herzliche Gr\u00fc\u00dfe<br \/>\nChristina L\u00fcdtke<\/p>\n<p><strong>Am 12.09.2017 um 12:33 hatte die Redaktion Hohenlohe-ungefiltert an abgeordnetenwatch.de folgende E-Mail geschrieben:<\/strong><\/p>\n<p><strong>Sehr geehrte Damen und Herren von abgeordnetenwatch.de,<\/strong><\/p>\n<p>in meiner Internetzeitung www.hohenlohe-ungefiltert.de habe ich gestern einen Artikel mit der \u00dcberschrift \u201eW\u00e4hlerInnen k\u00f6nnen auf abgeordnetenwatch.de auch die Bundestagskandidaten aus Hohenlohe befragen \u2013 Nur Christian von Stetten (CDU), Karl-Wilhelm Maier (MLPD) und Friedrich Zahn (\u00d6DP) machen nicht mit&#8220; ver\u00f6ffentlicht. Gestern Abend schrieb der Bundestagskandidat Wilhelm Maier (MLPD) einen Kommentar, dass er &#8222;von abgeordnenwatch.de weder per E-Mail noch per Post angeschrieben und insofern auch nicht zu wichtigen Themen befragt&#8220; worden sei.<\/p>\n<p>Meine Fragen:<\/p>\n<p>1.) Ist die Aussage von Wilhelm Maier (MLPD) richtig?<br \/>\n2.) Wurden auch die beiden anderen, Christian von Stetten (CDU) und Friedrich Zahn (\u00f6dp) von abgeordnetenwatch nicht befragt?<br \/>\n3.) Wie ging abgeordnetenwatch.de bei den anderen sechs Hohenloher Kandidaten vor, dass diese mit Antworten bei abgeordnetenwatch.de erscheinen?<br \/>\n4.) Wurden alle Kandidaten gleich behandelt?<br \/>\n5.) Wie kam es, dass die genannten drei Kandidaten als &#8222;nicht beteiligt&#8220; genannt werden?<\/p>\n<p>Bitte um schnelle Antwort und eine Klarstellung des Sachverhalts.<\/p>\n<p>Mit freundlichen Gr\u00fc\u00dfen<\/p>\n<p>Ralf Garmatter<br \/>\nInternetzeitung Hohenlohe-ungefiltert<\/p>\n<p><strong>Kommentar von Wilhelm Maier (MLPD) vom 11. September 2017:<\/strong><\/p>\n<p>Ich wurde von abgeordnenwatch.de weder per e-mail noch per Post angeschrieben und insofern auch nicht zu wichtigen Themen befragt. So konnte ich nat\u00fcrlich auch nicht antworten. Die Fragen h\u00e4tte ich nat\u00fcrlich beantwortet.<\/p>\n<p>Ich bitte, diese Stellungnahme zu ver\u00f6ffentlichen.<\/p>\n<p>Wilhelm Maier, Direktkandidat der Internationalistischen Liste\/MLPD im Wahlkreis Schw\u00e4bisch Hall-Hohenlohe<\/p>\n<p><strong>Inzwischen hat Karl-Wilhelm Maier (MLPD) die Fragen von abgeordnetenwatch.de beantwortet:<\/strong><\/p>\n<p><a href=\"https:\/\/kandidatencheck.abgeordnetenwatch.de\/bundestag\" target=\"_blank\" rel=\"noopener noreferrer\">https:\/\/kandidatencheck.abgeordnetenwatch.de\/bundestag<\/a><\/p>\n<p>&nbsp;<\/p>\n<div class=\"pdf24Plugin-cp\"> \t<form name=\"pdf24Form0\" method=\"post\" action=\"https:\/\/doc2pdf.pdf24.org\/wordpress.php\" target=\"pdf24PopWin\" onsubmit=\"var pdf24Win = window.open('about:blank', 'pdf24PopWin', 'resizable=yes,scrollbars=yes,width=600,height=250,left='+(screen.width\/2-300)+',top='+(screen.height\/3-125)+''); pdf24Win.focus(); if(typeof pdf24OnCreatePDF === 'function'){void(pdf24OnCreatePDF(this,pdf24Win));}\"> \t\t<input type=\"hidden\" name=\"blogCharset\" value=\"Cw1x07UAAA==\" \/><input type=\"hidden\" name=\"blogPosts\" value=\"MwQA\" \/><input type=\"hidden\" name=\"blogUrl\" value=\"yygpKSi20tcvLy\/Xy8jPSM3LARK6pXnpqWmZOSWpRSV6KakA\" \/><input type=\"hidden\" name=\"blogName\" value=\"88jPSM3LARK6pXnpqWmZOSWpRSUA\" \/><input type=\"hidden\" name=\"blogValueEncoding\" value=\"gzdeflate base64\" \/><input type=\"hidden\" name=\"postId_0\" value=\"MzIyMzMCAA==\" \/><input type=\"hidden\" name=\"postTitle_0\" value=\"HY49CsJAEIWvMiAE04ikEtKZINoJIoLdJDvJLgmzsDsxrXcQrC08gwdwb+JJ3KR5r\/h4P8lik2VZfglv3ZM7MBNDFz6z49AAVi1Zp5iEeESp9UpRBLUGZQi2Ayvygq3vkJVRKHPMw95q4j4KVNQ4bImTaWidw+\/++L4K7YwXgww3y3ASkim4LMpzCrESds6QciauXFFHEJ7lMQVkGa2T6QpwhPIH\" \/><input type=\"hidden\" name=\"postLink_0\" value=\"yygpKSi20tcvLy\/Xy8jPSM3LARK6pXnpqWmZOSWpRSV6Kan69gW2RkZmZkYA\" \/><input type=\"hidden\" name=\"postAuthor_0\" value=\"S0zJzcwDAA==\" \/><input type=\"hidden\" name=\"postDateTime_0\" value=\"MzIwNNc1sNQ1MlQwMrAysLQytQAA\" \/><input type=\"hidden\" name=\"postContent_0\" value=\"1VjNbhvJEb7vU3QUYCEBFGXJu4ljy1pQpn64kgVDUlZALkGTU5zpzLBH6OkRFzrlHQLktNj1Qc\/gk0\/mm+RJ8lX1zHAoDb3xAnvIRSKnp6urvvrqq2ru3x7sF97lNj44MpbUsdOlKm2k9CTx6u3iwVpyKtU2MpEhR1aZmbrRSZY6MoXa+9MLdTVJ5ouHsSkmiTrVWbZ9midkM\/xR08VHpyJsGlLpsY5PhzBOhddxHw+d+gE2jVV6HFPuIkuebDHXfpL0I1KJ9goGSVkqrToTJ7QfwSWr7ks1N\/DRxPgyFqO3eWa8CcdcJzTjBZo6Hfu+uuB3VUza+nnuPHkYH5P99P5N4kzhjbbqLrfqCitwQW2+Gf51S3A4doYih93qbzrBwuLfw3dbfTUo8QSIqJvFQ5KRM+IUb6geqHTxQZ5x+LXr+KjL6Uq0TbBAnkMpPCHiYIrfHVQOW5Xk0ynZ\/v5Ola\/9nduDr\/aRP5odjOw0dzPtTR6wKfQM4cck1ryE1mRlu8TC1GSenN\/fwebGUGV4iLCWx0bkPr0\/WxIA8fSUBT3uy4yKz0T08qmnWiWOpq83Eu9vi5c7O2mDC5I2SftdZnbGNWM2lNcuJv964+\/jTNt0QznKXm\/YPL8lZqnNYZycI7dx8NtO2N\/RT9A4zrOYo37EP10WgOYLakH4pgpm0hinm8zE\/ilEZ9pl6sZkCWUz9VYDcbX59vzdcKt+4QcNdniUzJK4gzFlavMYvFxaMeown6Rqczg6Uueji7OjZm2Q0Y+IBIYPHf57tfludDm4Prpo3jjVTmeROhozqGLh5HLx00XrjQEgQJ2oKz3XQGbzquUgSmiquQAN19Fgulz5HRG9GL05vf4crp8r86\/\/+GJvd\/eVsqIRjZF6a6cC\/NqmOtYbMqgzUqsFysV9lluvU\/8\/VMl8Pu\/m7W8piLXGurh\/QyxJHOre3qtHkZKV589etdWNdSEOmvskrmCMifcFBrkFdCqX0jO1u9dXV3TraTaG1b1nu3+GNdMtry3P+qphYCVzodN0bsuRdxxVUMZku9ax0mu0FN0FJDWT1PebSup8747c4gNruc8EgWipt8owQTPuH+fovTGL6GpKTkpf+XGKzKoTzayC2d4TvO8McSMZghihEY9AK3UBHBgF6sOILxYPk4S9EARYfLZXxSclngqOtvEtk9IpbaHIJTpjN\/7zz399ej9H+tCLV9\/dHkSOioJkj0lmYCYE2AEfGSLS3FoYgA8u9\/fqHjZw2DUcnuYWia+z+31pTWiFM7X3gttuXBZezYwXIp2zkBWC++Jh6ovQPNUhRMlu3yBmH7gRiw0WF6bBtMq+hdASzCR5VhHz0LCq3eJTFXGQGA6O45gREGT3WZG3V5p6gUNxYCcGtgEMM4+hQhkOQaMjzXQm5x5D2HqVlNjSCYv5OZ\/TAzHxkXM0BzPgH1uwzJoCAfFWMM8JppBNj8PSbPHgZFQITBjqqAT0ci42cwrDWbPFh5iz3xMy2SrnGK3SIE6SrL66IcsxyJEKtIz4OOyFCerxcCir\/2As76F3kh4+pJI4nhAsJbNK+HilEJiGAp74FtNYTgLSc+QtIlu9lzg1dVSS\/UMdzSHA+R7vsJqIImeGYt\/gqOKMJCRdSqs1Qr9Ei+BzJmtwLytGUkiaVUeOmdGss86HrC7rmUuu3UCQ2MVDJtGyynPWi2p0q+bDaqwTdonTrVGxeiCE4609qUL0OvgVsj5nTEOqa0vj1gxbq9OSittveMxRLKl4OecpsEW6ADvxzAySWhnJTQRt6omvjA6qD15lYUyJdIlUY1HLmtBMBvIW9yPNgAEGBqRBasSSwgNrT5gb6h0KxKHPpSdCZKatrALaez6V1IlbfFz8Qvtjp3YOvqoat9UQxI+RT+mxIA5EKZ79pS\/6X\/K3l8+fh4RLVJcII+XGu66R2G7pr2Wi1gKRGcwCIGpH066+XzFhY8Jfz\/yuOc\/EoTB7dJ31VLwNq43hJj4CcA5vc2XBbcUNPOkKJNyYxiSAy+iPbAVmD5w3KYbEWjcXP4FcEs3UQ8R\/ru4sYQ6rLy5rbyoNt5u7XJGuauFyRgsXsNAq1AWk7TODWK+rAYXpd\/1VDEIqF75K0Iyvh4hHXbavTipIMC7DWJXLUJhP4ugcwSswz6SqMHlxXRTcDeuBZiW9S7xCEbe6ipQtf3+XF8y\/FrMkUGOLfCq1xkiHyFbuu6u32zpiiALrJoq8KcO3VF3qYyFteLjb31Kjopo7yqLAoiSjM2YXDv2uKsc97L0p5ZyGBqh\/+c59gS+HX3yl\/hDdbnXXRjNeS6C1E8\/ZCRwcG9RDJ0WDhjc+AZNJ0qKlawvYXV5nMugsF8ny+rt2oJQCEkbUbn3TwuaRSIaeBGMJe5Q1kXxbRZJCxKlYuoH6tVpGJIUZwqz8gIAO0z1A1zyo9oJ37Mt3Td+U4QYCCb+tzEn10MlJEaKcZdrJDMVCg5LABW+S3IXppViSCgBxT7aRCLatFdvWL1zqbLqcTKtQH+vYmt8jVuW0qbX1BL3LIfm7jy8CTxWaO9Kcs6N+tUxpe\/Y7lClczOtGyGRoddqWgbq5h7ZdN\/3QXh9va40CK413zJnuVXS+qvJpNSYw9m9VGFs9ewXeHo53lPpGEaOmF8ktVmdc4+HHtnN8pB1Ox+qvg+vv7o\/zPLL388rYmotIle3WSLWumbZh+T\/\/DeprOy5uX8m3\/wI=\" \/> \t\t<a href=\"https:\/\/www.pdf24.org\" target=\"_blank\" title=\"www.pdf24.org\" rel=\"nofollow\"><img src=\"https:\/\/www.hohenlohe-ungefiltert.de\/wp-content\/plugins\/pdf24-post-to-pdf\/img\/pdf_32x32.png\" alt=\"\" border=\"0\" height=\"32\" \/><\/a> \t\t<span class=\"pdf24Plugin-cp-space\">&nbsp;&nbsp;<\/span> \t\t<span class=\"pdf24Plugin-cp-text\">Sende Artikel als PDF<\/span> \t\t<span class=\"pdf24Plugin-cp-space\">&nbsp;&nbsp;<\/span> \t\t<input class=\"pdf24Plugin-cp-input\" style=\"margin: 0px;\" type=\"text\" name=\"sendEmailTo\" placeholder=\"Emailadresse\" \/> \t\t<input class=\"pdf24Plugin-cp-submit\" style=\"margin: 0px;\" type=\"submit\" value=\"Senden\" \/> \t<\/form> <\/div>","protected":false},"excerpt":{"rendered":"<p>Eine Frau und acht M\u00e4nner kandidieren im Wahlkreis 268 Schw\u00e4bisch Hall-Hohenlohe f\u00fcr den Deutschen Bundestag. Der Verein abgeordnetenswatch.de hat alle neun KandidatInnen zu wichtigen bundespolitischen Themen befragt. Nicht geantwortet haben\u00a0Christian von Stetten (CDU) und Friedrich Zahn (\u00d6DP). Auch die W\u00e4hlerinnen und W\u00e4hler k\u00f6nnen den Kandidaten auf abgeordnetenwatch.de Fragen stellen und auf Antworten hoffen. Informationen zusammengestellt [&hellip;]<\/p>\n","protected":false},"author":1,"featured_media":0,"comment_status":"open","ping_status":"open","sticky":false,"template":"","format":"standard","meta":[],"categories":[1,9,10,6,2,8,4,5,3,7],"tags":[],"_links":{"self":[{"href":"https:\/\/www.hohenlohe-ungefiltert.de\/index.php?rest_route=\/wp\/v2\/posts\/22662"}],"collection":[{"href":"https:\/\/www.hohenlohe-ungefiltert.de\/index.php?rest_route=\/wp\/v2\/posts"}],"about":[{"href":"https:\/\/www.hohenlohe-ungefiltert.de\/index.php?rest_route=\/wp\/v2\/types\/post"}],"author":[{"embeddable":true,"href":"https:\/\/www.hohenlohe-ungefiltert.de\/index.php?rest_route=\/wp\/v2\/users\/1"}],"replies":[{"embeddable":true,"href":"https:\/\/www.hohenlohe-ungefiltert.de\/index.php?rest_route=%2Fwp%2Fv2%2Fcomments&post=22662"}],"version-history":[{"count":13,"href":"https:\/\/www.hohenlohe-ungefiltert.de\/index.php?rest_route=\/wp\/v2\/posts\/22662\/revisions"}],"predecessor-version":[{"id":22731,"href":"https:\/\/www.hohenlohe-ungefiltert.de\/index.php?rest_route=\/wp\/v2\/posts\/22662\/revisions\/22731"}],"wp:attachment":[{"href":"https:\/\/www.hohenlohe-ungefiltert.de\/index.php?rest_route=%2Fwp%2Fv2%2Fmedia&parent=22662"}],"wp:term":[{"taxonomy":"category","embeddable":true,"href":"https:\/\/www.hohenlohe-ungefiltert.de\/index.php?rest_route=%2Fwp%2Fv2%2Fcategories&post=22662"},{"taxonomy":"post_tag","embeddable":true,"href":"https:\/\/www.hohenlohe-ungefiltert.de\/index.php?rest_route=%2Fwp%2Fv2%2Ftags&post=22662"}],"curies":[{"name":"wp","href":"https:\/\/api.w.org\/{rel}","templated":true}]}}