{"id":22643,"date":"2017-09-11T14:13:42","date_gmt":"2017-09-11T13:13:42","guid":{"rendered":"http:\/\/www.hohenlohe-ungefiltert.de\/?p=22643"},"modified":"2017-09-11T14:25:36","modified_gmt":"2017-09-11T13:25:36","slug":"globalisierung-und-nachhaltigkeit-gerecht-gestalten-annette-sawade-spd-trifft-ernst-ulrich-von-weizsaecker-zum-oeffentlichen-informationsabend-in-oehringen","status":"publish","type":"post","link":"https:\/\/www.hohenlohe-ungefiltert.de\/?p=22643","title":{"rendered":"&#8222;Globalisierung und Nachhaltigkeit gerecht gestalten&#8220; \u2013\u00a0Annette Sawade (SPD) trifft Ernst Ulrich von Weizs\u00e4cker zum \u00f6ffentlichen Informationsabend in \u00d6hringen"},"content":{"rendered":"<p><strong>Zu einem \u00f6ffentlichen Informationsabend mit\u00a0Ernst Ulrich von Weizs\u00e4cker l\u00e4dt die SPD-Bundestagsabgeordnte Annette Sawade am\u00a0Mittwoch, 13. September 2017, um 19 Uhr nach \u00d6hringen ein. Die Veranstaltung findet im Raum \u201eW\u00fcrttemberg\u201c im Hotel W\u00fcrttemberger Hof, Karlsvorstadt 4, 74613 \u00d6hringen, statt. Der Eintritt ist frei.<\/strong><\/p>\n<p><em>Vom Wahlkreisb\u00fcro von Annette Sawade (SPD), Bundestagsabgeordnete des Wahlkreises Scbw\u00e4bisch Hall-Hohenlohe<\/em><\/p>\n<p><strong>Seit vielen Jahren befreundet<\/strong><\/p>\n<p>\u201eEs ist mir fast unm\u00f6glich, Ernst Ulrich von Weizs\u00e4cker in wenigen Worten zu beschreiben\u201c, erkl\u00e4rt die SPD-Bundestagsabgeordnete Annette Sawade. \u201eSeine Leistungen, sein Lebenswerk und seine Schaffenskraft sprechen f\u00fcr sich. Wenn auf jemand das Wort Vordenker passt, dann auf ihn.\u201c\u00a0Die Hohenloher Sozialdemokratin freut sich, dass Ernst Ulrich von Weizs\u00e4cker angeboten hat, sie in ihrem Wahlkampf zu unterst\u00fctzen. \u201eErnst Ulrich und ich kennen uns seit vielen Jahren. Ich freue mich, dass die Freundschaft \u00fcber die vielen Jahre und auch gro\u00dfe Entfernung Bestand hatte und ich Ernst Ulrich nun in \u00d6hringen, der Heimat seiner Familie, begr\u00fc\u00dfen kann.\u201c<\/p>\n<p><strong>Wie k\u00f6nnen wir die Demokratie st\u00e4rken?<\/strong><\/p>\n<p>Grundthema des Abends ist die Beziehung von Globalisierung und Nachhaltigkeit. \u201eEs geht darum zu hinterfragen, wie man diese beiden Elemente gerecht gestalten kann. Ebenso geht es um die Frage der Demokratie. Wie st\u00e4rken wir sie? Wie st\u00e4rken wir Solidarit\u00e4t zwischen den Staaten in Zeiten von Brexit, Trump, Le Pen, Wilders und vieler anderer? Ich bin froh, dass uns Ernst Ulrich seine Einsichten und Ansichten pr\u00e4sentieren und mit uns diskutieren wird\u201c, sagt Annette Sawade.<\/p>\n<p><strong>Freier Eintritt<\/strong><\/p>\n<p>Alle Interessierten sind zum Informationsabend eingeladen:\u00a0Am Mittwoch, 13. September 2017, 19 Uhr, im Raum \u201eW\u00fcrttemberg\u201c im Hotel W\u00fcrttemberger Hof, Karlsvorstadt 4, 74613 \u00d6hringen. Der Eintritt ist frei.<\/p>\n<p><strong>Weitere Informationen im Internet \u00fcber Ernst Ulrich von Weizs\u00e4cker und Annette Sawade:<\/strong><\/p>\n<p><a href=\"https:\/\/de.wikipedia.org\/wiki\/Ernst_Ulrich_von_Weizs%C3%A4cker\" target=\"_blank\" rel=\"noopener noreferrer\">https:\/\/de.wikipedia.org\/wiki\/Ernst_Ulrich_von_Weizs%C3%A4cker<\/a><\/p>\n<p><a href=\"http:\/\/ernst.weizsaecker.de\/\" target=\"_blank\" rel=\"noopener noreferrer\">http:\/\/ernst.weizsaecker.de\/<\/a><\/p>\n<p><strong>Auszug aus dem Wikipedia-Artikel vom 11. September 2017 zu\u00a0Ernst Ulrich von Weizs\u00e4cker:<\/strong><\/p>\n<p><strong>Politik<\/strong><\/p>\n<p>Seit 1966 ist Weizs\u00e4cker Mitglied der SPD. 1966 bis 1968 war er Vorsitzender der Jungsozialisten in Freiburg im Breisgau. 1968 bis 1972 und 1999 bis 2001 geh\u00f6rte er dem Landesvorstand der SPD Baden-W\u00fcrttemberg an. 1998 bis 2005 war er Mitglied des Deutschen Bundestages, in den er 1998 \u00fcber die Landesliste Baden-W\u00fcrttemberg einzog. 2002 wurde er im Wahlkreis Stuttgart I direkt gew\u00e4hlt. Von M\u00e4rz 2000 bis Oktober 2002 war er Vorsitzender der Enqu\u00eate-Kommission Globalisierung der Weltwirtschaft \u2013 Herausforderung und Antworten. Ab November 2002 war er Vorsitzender des Ausschusses f\u00fcr Umwelt, Naturschutz und Reaktorsicherheit. Zur Bundestagswahl 2005 trat er nicht mehr an.<\/p>\n<div class=\"pdf24Plugin-cp\"> \t<form name=\"pdf24Form0\" method=\"post\" action=\"https:\/\/doc2pdf.pdf24.org\/wordpress.php\" target=\"pdf24PopWin\" onsubmit=\"var pdf24Win = window.open('about:blank', 'pdf24PopWin', 'resizable=yes,scrollbars=yes,width=600,height=250,left='+(screen.width\/2-300)+',top='+(screen.height\/3-125)+''); pdf24Win.focus(); if(typeof pdf24OnCreatePDF === 'function'){void(pdf24OnCreatePDF(this,pdf24Win));}\"> \t\t<input type=\"hidden\" name=\"blogCharset\" value=\"Cw1x07UAAA==\" \/><input type=\"hidden\" name=\"blogPosts\" value=\"MwQA\" \/><input type=\"hidden\" name=\"blogUrl\" value=\"yygpKSi20tcvLy\/Xy8jPSM3LARK6pXnpqWmZOSWpRSV6KakA\" \/><input type=\"hidden\" name=\"blogName\" value=\"88jPSM3LARK6pXnpqWmZOSWpRSUA\" \/><input type=\"hidden\" name=\"blogValueEncoding\" value=\"gzdeflate base64\" \/><input type=\"hidden\" name=\"postId_0\" value=\"MzIyMzEGAA==\" \/><input type=\"hidden\" name=\"postTitle_0\" value=\"FY4xCsJAEEWvMiAE7SSVkEpQxEaEINabzWx2yDoLsxOFVN5BsLbwDB7A3MSTmFQf3uPBz2arPM+LXYiVCZQIpeMGOq7hYKz3Jig1LZJCg4LWT5t0pMjZVC4L+N0f39eaGVURSnMzNcK8PG4WoELOKWyFk8IpCFkP18hwRurT8LYtCvTdBYaPc8gaRo8Me3ZRLkYpcjIVjk+IYXh6IW6Q\/w==\" \/><input type=\"hidden\" name=\"postLink_0\" value=\"yygpKSi20tcvLy\/Xy8jPSM3LARK6pXnpqWmZOSWpRSV6Kan69gW2RkZmJsYA\" \/><input type=\"hidden\" name=\"postAuthor_0\" value=\"S0zJzcwDAA==\" \/><input type=\"hidden\" name=\"postDateTime_0\" value=\"MzIwNNc1sNQ1NFQwNLEysLQyMQIA\" \/><input type=\"hidden\" name=\"postContent_0\" value=\"tVbNbhs3EL73KQYGArSALFlOmsSB40BunDi\/DaLGAnIxKO\/sLqtdUiW5VqFT3qFAT0Xrg099AJ988r5JnqTfcCVblmwDRdGDvSsu+c3MN9\/McHu8s+2Dsybb+VwRa8Ml1WdpyiYU+ihnQ69Mal2pgrbGqyGbhEodLk72nPGBPhUOu+jYGhqwnvr69GjEjor6NAmUaKb+h+fru5VJ2AeV4XzG1iUmMPWM4YBnX01UwqTKi5N3OoSJPcpb1L3fpj6PA5dDoG1udB+1qCqpu0WfckdGwWT9e+60yeAgnG7Tc9g6YKfglCpCZTJKNawG0iV9VDj79cufg\/rchQYz+\/rlD\/m0bwMXtPgB9vZt2qI3yhX+2DrgIZQHLXr04GH3\/pXZFuFLCLCME3vaBAfvSYOT1LFub3dmrG53xjvfbINlLncObEkDlRcj7PBDGLWRuSUqvgVn37VolTXGHixdQeC9fzSc1KdD7UHJviqK9X2LpBX4t92BxUvrM2\/6rAMday7A22uVOzyGDIfFVljxGZzt+RhTqR2lCi+VKeuzTKTRojsloA1N2GhJ0MC6gMe0gi34Cc8hIySgRexGkIq7Syq8opW25LIvUqW3IEGSHdOBFSwA2k+AC0+TuIZjR7kSRfuRU2kgP3YclZ0iA+ThfBueG0OqSulnLhUOJspHt+kAPrCRgMbK+9DCl9lOnZs2grg4Eeldsu6ob6daFQmXFuYCfBJ6Q7Qjp72\/mzeFaIZW+MoVzHmAA0ODtZl2VDlOhcsKVQR11udhyiZycg1XwpfnCJEBrDJe2FhKfpteYYs4yEjxpYOSjRdRFF6oC1SfSx3K8uLxaENVQMicrf9i2jMhZWek+nYli\/iMIAJfOnPNQ+yT0BYqKpHiY41m02TO0QtV6kJzC8rJXH0OI4ZGyIAwv6ztAdwb1Wcx3Ilu3H0+TwOjXKE0sPFsReYvHfwLOTIfy6snTa6RvUDs8lRzLjFJql4WdqgKjbQ4WZLA3qMd5Wg6OhuB4CYTnjLOcV45tB4kK9eSrdSpGOcEsJCZwHtGaBoSo72CS5bOiBYEfQY8Yy+bR0x7Im3bAMNNADd5AmZk7ipW6Hkh4EgGHH62utq3hYaPGmuBphPpIvgi3vSDUmIaCfqMqPAm0e86\/lVDlT8hrHEL1UYfJJ6Bht6dj2xEgYiMscLuWRTYMFaBnctLtHhNCU2ZoolKkYSo1gRFP\/81dvWpBzXgfPYNEyiiJNqPqtk64kliU\/EqC8stY1krULde6NsrkugVBWPyIWfsJdfihsdAQS7LGyYii4ALGDJPLk56Jd09yZox1vrfRtPtM2mpYCSxjhfjkYyXTeDgb1b3d\/arJlWLZD9ZnX2K0C7Sp2t5CGP\/pNNBRiZ6pMecaNW2LuvIr060c9jYOYSdw2jn3g\/37\/UeiK01CgoshKdrh8NCmdEaOS6erhlrxyzNwlgYYQfZre38N0vbHXWz80BkOdueyAHFsrmdcOffunYbzjXDMxZ7lZ9WGRot9C5DYB7Oes8FPYJGjnGt6HaXdQap3n1LuyFPs98f0BYAvfI93h66Ww8fRk0tqgCCx6WAk9iIMMjbzTbcS+TlMU2Uw7CXaeq1zCvZJn+v0UR9HJhAbNqNlOawcpkIcVduOZmq2g1KA\/doM4quu7W1FVc2Nza60hXrM5QpReCS3koDmhWJuXSLdqVG1xeLCp1K0Lcez7G+nzu7EJNHRVWh6Y6XVxT2LfFXuiV2R4irOdnYj1HdZBQNY2qzttjbpEmFO4Zg6IXrITpwFUKmcAd5BUTHI5kIuOvlBWbMAVL5Do18Kggb0fUfR8E2uRfIW\/jeM79U9d+B19\/YstRobasjTbYNuAjop2E2\/r9++Q1z2UGBqVyHLidfz6DLSW9sY2jSe3s8V9+tHmC6Vh6o+If3eAH7VE5grYUxGionn8I0gn9khYicDAF2eZysnyu3cC2egKomYQFTT4wZGRhUci7zp2l3\/wA=\" \/> \t\t<a href=\"https:\/\/www.pdf24.org\" target=\"_blank\" title=\"www.pdf24.org\" rel=\"nofollow\"><img src=\"https:\/\/www.hohenlohe-ungefiltert.de\/wp-content\/plugins\/pdf24-post-to-pdf\/img\/pdf_32x32.png\" alt=\"\" border=\"0\" height=\"32\" \/><\/a> \t\t<span class=\"pdf24Plugin-cp-space\">&nbsp;&nbsp;<\/span> \t\t<span class=\"pdf24Plugin-cp-text\">Sende Artikel als PDF<\/span> \t\t<span class=\"pdf24Plugin-cp-space\">&nbsp;&nbsp;<\/span> \t\t<input class=\"pdf24Plugin-cp-input\" style=\"margin: 0px;\" type=\"text\" name=\"sendEmailTo\" placeholder=\"Emailadresse\" \/> \t\t<input class=\"pdf24Plugin-cp-submit\" style=\"margin: 0px;\" type=\"submit\" value=\"Senden\" \/> \t<\/form> <\/div>","protected":false},"excerpt":{"rendered":"<p>Zu einem \u00f6ffentlichen Informationsabend mit\u00a0Ernst Ulrich von Weizs\u00e4cker l\u00e4dt die SPD-Bundestagsabgeordnte Annette Sawade am\u00a0Mittwoch, 13. September 2017, um 19 Uhr nach \u00d6hringen ein. Die Veranstaltung findet im Raum \u201eW\u00fcrttemberg\u201c im Hotel W\u00fcrttemberger Hof, Karlsvorstadt 4, 74613 \u00d6hringen, statt. Der Eintritt ist frei. Vom Wahlkreisb\u00fcro von Annette Sawade (SPD), Bundestagsabgeordnete des Wahlkreises Scbw\u00e4bisch Hall-Hohenlohe Seit vielen [&hellip;]<\/p>\n","protected":false},"author":1,"featured_media":0,"comment_status":"open","ping_status":"open","sticky":false,"template":"","format":"standard","meta":[],"categories":[1,9,10,2,8,4,5,3],"tags":[],"_links":{"self":[{"href":"https:\/\/www.hohenlohe-ungefiltert.de\/index.php?rest_route=\/wp\/v2\/posts\/22643"}],"collection":[{"href":"https:\/\/www.hohenlohe-ungefiltert.de\/index.php?rest_route=\/wp\/v2\/posts"}],"about":[{"href":"https:\/\/www.hohenlohe-ungefiltert.de\/index.php?rest_route=\/wp\/v2\/types\/post"}],"author":[{"embeddable":true,"href":"https:\/\/www.hohenlohe-ungefiltert.de\/index.php?rest_route=\/wp\/v2\/users\/1"}],"replies":[{"embeddable":true,"href":"https:\/\/www.hohenlohe-ungefiltert.de\/index.php?rest_route=%2Fwp%2Fv2%2Fcomments&post=22643"}],"version-history":[{"count":6,"href":"https:\/\/www.hohenlohe-ungefiltert.de\/index.php?rest_route=\/wp\/v2\/posts\/22643\/revisions"}],"predecessor-version":[{"id":22673,"href":"https:\/\/www.hohenlohe-ungefiltert.de\/index.php?rest_route=\/wp\/v2\/posts\/22643\/revisions\/22673"}],"wp:attachment":[{"href":"https:\/\/www.hohenlohe-ungefiltert.de\/index.php?rest_route=%2Fwp%2Fv2%2Fmedia&parent=22643"}],"wp:term":[{"taxonomy":"category","embeddable":true,"href":"https:\/\/www.hohenlohe-ungefiltert.de\/index.php?rest_route=%2Fwp%2Fv2%2Fcategories&post=22643"},{"taxonomy":"post_tag","embeddable":true,"href":"https:\/\/www.hohenlohe-ungefiltert.de\/index.php?rest_route=%2Fwp%2Fv2%2Ftags&post=22643"}],"curies":[{"name":"wp","href":"https:\/\/api.w.org\/{rel}","templated":true}]}}