{"id":22608,"date":"2017-09-01T16:51:57","date_gmt":"2017-09-01T15:51:57","guid":{"rendered":"http:\/\/www.hohenlohe-ungefiltert.de\/?p=22608"},"modified":"2017-09-01T16:51:57","modified_gmt":"2017-09-01T15:51:57","slug":"wahlkampfauftakt-der-internationalistischen-listemlpd-gemeinsam-mit-dem-zug-von-hessental-nach-stuttgart","status":"publish","type":"post","link":"https:\/\/www.hohenlohe-ungefiltert.de\/?p=22608","title":{"rendered":"&#8222;Wahlkampfauftakt der Internationalistischen Liste\/MLPD&#8220; \u2013 Gemeinsam mit dem Zug von Hessental nach Stuttgart"},"content":{"rendered":"<p><strong>F\u00fcr Kurzentschlossene: Morgen, Samstag, 2. September 2017, um 16 Uhr ist auf dem Schlossplatz in Stuttgart Auftakt der Internationalistischen Liste\/MLPD in den Wahlkampf in Baden-W\u00fcrttemberg. Gemeinsame Abfahrt ist vom Bahnhof Schw\u00e4bisch Hall-Hessental um 14.10 Uhr mit dem Metropolticket.<\/strong><\/p>\n<p><em>Von Willi Maier, Internationalistische Liste\/MLPD, Direktkandidat im Wahlkreis Schw\u00e4bisch Hall-Hohenlohe<\/em><\/p>\n<p><strong>Helfertreffen in Schw\u00e4bisch Hal<\/strong>l<\/p>\n<p>Das n\u00e4chste Treffen der Wahlinitiative Internationalistische Liste\/MLPD in Schw\u00e4bisch Hall findet am\u00a0Dienstag, 5. September 2017, um 19 Uhr,\u00a0bei Lilo R\u00f6ser, Bahnhofstra\u00dfe 15, statt.\u00a0Wir diskutieren \u00fcber ein aktuelles politisches Thema und organisieren dann den weiteren Wahlkampf: Verteilen der Wahlprogramme, Infost\u00e4nde, Kundgebungen usw. Wer mitmachen will, ist herzlich willkommen.\u00a0Wir freuen uns \u00fcber weitere Interessenten und Helfer.\u00a0Einen Infostand am Schw\u00e4bisch Haller Milchmarkt gibt es am Samstag, 9. September 2017, ab 10 Uhr.<\/p>\n<p><strong>Breites B\u00fcndnis<\/strong><\/p>\n<p>Die Wahlinitiative\u00a0der Internationalistischen Liste\/MLPD wurde am 2. Oktober 2016 von 500 Teilnehmern gegr\u00fcndet. Antifaschistische, klassenk\u00e4mpferische, internationalistische und revolution\u00e4re Organisationen und Einzelpersonen arbeiten mit. Zur Bundestagswahl 2017 wird es als Internationalistische Liste\/MLPD antreten. Jeder, dem ein solches B\u00fcndnis am Herzen liegt, kann<br \/>\nmitmachen, auch diejenigen, die nicht oder noch nicht wahlberechtigt sind.<\/p>\n<div class=\"pdf24Plugin-cp\"> \t<form name=\"pdf24Form0\" method=\"post\" action=\"https:\/\/doc2pdf.pdf24.org\/wordpress.php\" target=\"pdf24PopWin\" onsubmit=\"var pdf24Win = window.open('about:blank', 'pdf24PopWin', 'resizable=yes,scrollbars=yes,width=600,height=250,left='+(screen.width\/2-300)+',top='+(screen.height\/3-125)+''); pdf24Win.focus(); if(typeof pdf24OnCreatePDF === 'function'){void(pdf24OnCreatePDF(this,pdf24Win));}\"> \t\t<input type=\"hidden\" name=\"blogCharset\" value=\"Cw1x07UAAA==\" \/><input type=\"hidden\" name=\"blogPosts\" value=\"MwQA\" \/><input type=\"hidden\" name=\"blogUrl\" value=\"yygpKSi20tcvLy\/Xy8jPSM3LARK6pXnpqWmZOSWpRSV6KakA\" \/><input type=\"hidden\" name=\"blogName\" value=\"88jPSM3LARK6pXnpqWmZOSWpRSUA\" \/><input type=\"hidden\" name=\"blogValueEncoding\" value=\"gzdeflate base64\" \/><input type=\"hidden\" name=\"postId_0\" value=\"MzIyM7AAAA==\" \/><input type=\"hidden\" name=\"postTitle_0\" value=\"FcsxCsJAEAXQq3wQ0ipbCWkFFSIIFoLdECfZIbuTsDNr7R28oSfRdK95zWYfQmjvFNNEeRmoDk6T48kFZ3UuSi6zUhJzsT6yovuTt5fuemjWvGvxfX9w5MyiRhlZ1p7xqCNes+LEZqxOCUp9xM2r+0jFfw==\" \/><input type=\"hidden\" name=\"postLink_0\" value=\"yygpKSi20tcvLy\/Xy8jPSM3LARK6pXnpqWmZOSWpRSV6Kan69gW2RkZmBhYA\" \/><input type=\"hidden\" name=\"postAuthor_0\" value=\"S0zJzcwDAA==\" \/><input type=\"hidden\" name=\"postDateTime_0\" value=\"MzIwNNc1sNQ1MFQwNLMysLQyNQcA\" \/><input type=\"hidden\" name=\"postContent_0\" value=\"jVTLbtRAELzzFf0BjjdBBBS0WilRgPBYBZFAJG7juG03nsdqZpyV8jPksN\/AKaf4x6ixnQjISuGy8vZMd1dXVc98tZiH6J2tF2\/7W08fO3\/NNobLRrsQ2PJrWjpfs83oTJkQVZ3R85zOeBXZFOzp+e7eq4w6Q3sv6WvjSUIk1VVUsqGzscpKq3hNYuksdjHWykc67Kqo2ohbnt7byN6qKM4qjXRBc7b0CZ88W376fJxSS0QuVKNbZVZVChwphHYugDmOSOqc3rFhsUEZpsOiUg0aJThXzuB6YxtXJUjrflOkHnSitN454TRmVHqY4UW+tzuMYSQOIywZ5KycjnLZcszns4ms+Wy1eDYHeWwW3xywidZCSyXss+0T\/TFQRsfiuY2tsqWUCijNOJxnCVsgOvCh8TOfodtD5wnJCeuKffRcVeAosfx3\/gNkfZ95rALZfnPZAA+dT4lJiYRBrEQB9Ct+cowtzTRVYkuGBczdzbGwHR2zv90xB4nq7O6mYEFZ7ehL\/yskAie1AFz1P5n29jNCoRjzu5sL8VRKaLsIqoG7v001ITvBTx1rzYGgl4xoA503bBR1tiTYWFkJY1qp7GiqNUscIg\/uek3fwCeL\/oOVlXe1V8ZwErdyIfYbjJlhXWxZc9FZbAh1YZ3TBQ\/mMWow8Rq2yAYTNuyvtYClFGodStlpmspzl7JtmIaZII38j\/YczksatUbeG7EIjVBgItD9SAkUWoq+bIzyWLRaikigI1283+ODx6qogsYFyP+12ZFPqAId9be2BI2PNgFq\/2Ogu5v\/W+9150tOyPCwnLbRTXBeYnEt7e\/u0jnEsNwY1KGaa58gYBnp0EapFOrdl82o1SoR1vYbKMl+ispWJydGPV853aWDfgPKT0ePDDcnzkH1NesV+zCElC8SETaJnNP3ztMRbnFiNKwx\/kAkRPblQLcOT6+RsthelMzpA5fJ\/unhSY4OTg8evuc8cXTC6YEmLVxHjAsbzwtPs8WzB9NBxQ4eKIV\/sJXh6cY3WZgvkkuSWIfz8X+CDL4Z31JHCtjeUfrf\" \/> \t\t<a href=\"https:\/\/www.pdf24.org\" target=\"_blank\" title=\"www.pdf24.org\" rel=\"nofollow\"><img src=\"https:\/\/www.hohenlohe-ungefiltert.de\/wp-content\/plugins\/pdf24-post-to-pdf\/img\/pdf_32x32.png\" alt=\"\" border=\"0\" height=\"32\" \/><\/a> \t\t<span class=\"pdf24Plugin-cp-space\">&nbsp;&nbsp;<\/span> \t\t<span class=\"pdf24Plugin-cp-text\">Sende Artikel als PDF<\/span> \t\t<span class=\"pdf24Plugin-cp-space\">&nbsp;&nbsp;<\/span> \t\t<input class=\"pdf24Plugin-cp-input\" style=\"margin: 0px;\" type=\"text\" name=\"sendEmailTo\" placeholder=\"Emailadresse\" \/> \t\t<input class=\"pdf24Plugin-cp-submit\" style=\"margin: 0px;\" type=\"submit\" value=\"Senden\" \/> \t<\/form> <\/div>","protected":false},"excerpt":{"rendered":"<p>F\u00fcr Kurzentschlossene: Morgen, Samstag, 2. September 2017, um 16 Uhr ist auf dem Schlossplatz in Stuttgart Auftakt der Internationalistischen Liste\/MLPD in den Wahlkampf in Baden-W\u00fcrttemberg. Gemeinsame Abfahrt ist vom Bahnhof Schw\u00e4bisch Hall-Hessental um 14.10 Uhr mit dem Metropolticket. Von Willi Maier, Internationalistische Liste\/MLPD, Direktkandidat im Wahlkreis Schw\u00e4bisch Hall-Hohenlohe Helfertreffen in Schw\u00e4bisch Hall Das n\u00e4chste Treffen [&hellip;]<\/p>\n","protected":false},"author":1,"featured_media":0,"comment_status":"open","ping_status":"open","sticky":false,"template":"","format":"standard","meta":[],"categories":[1,6,2,8,5,3,7],"tags":[],"_links":{"self":[{"href":"https:\/\/www.hohenlohe-ungefiltert.de\/index.php?rest_route=\/wp\/v2\/posts\/22608"}],"collection":[{"href":"https:\/\/www.hohenlohe-ungefiltert.de\/index.php?rest_route=\/wp\/v2\/posts"}],"about":[{"href":"https:\/\/www.hohenlohe-ungefiltert.de\/index.php?rest_route=\/wp\/v2\/types\/post"}],"author":[{"embeddable":true,"href":"https:\/\/www.hohenlohe-ungefiltert.de\/index.php?rest_route=\/wp\/v2\/users\/1"}],"replies":[{"embeddable":true,"href":"https:\/\/www.hohenlohe-ungefiltert.de\/index.php?rest_route=%2Fwp%2Fv2%2Fcomments&post=22608"}],"version-history":[{"count":1,"href":"https:\/\/www.hohenlohe-ungefiltert.de\/index.php?rest_route=\/wp\/v2\/posts\/22608\/revisions"}],"predecessor-version":[{"id":22609,"href":"https:\/\/www.hohenlohe-ungefiltert.de\/index.php?rest_route=\/wp\/v2\/posts\/22608\/revisions\/22609"}],"wp:attachment":[{"href":"https:\/\/www.hohenlohe-ungefiltert.de\/index.php?rest_route=%2Fwp%2Fv2%2Fmedia&parent=22608"}],"wp:term":[{"taxonomy":"category","embeddable":true,"href":"https:\/\/www.hohenlohe-ungefiltert.de\/index.php?rest_route=%2Fwp%2Fv2%2Fcategories&post=22608"},{"taxonomy":"post_tag","embeddable":true,"href":"https:\/\/www.hohenlohe-ungefiltert.de\/index.php?rest_route=%2Fwp%2Fv2%2Ftags&post=22608"}],"curies":[{"name":"wp","href":"https:\/\/api.w.org\/{rel}","templated":true}]}}