{"id":22429,"date":"2017-07-10T20:25:00","date_gmt":"2017-07-10T19:25:00","guid":{"rendered":"http:\/\/www.hohenlohe-ungefiltert.de\/?p=22429"},"modified":"2017-07-10T20:25:18","modified_gmt":"2017-07-10T19:25:18","slug":"das-gesicht-des-dgb-vor-ort-wird-gewaehlt-kreisdelegiertenversammlung-des-dgb-kreisvorstands-hohenlohe-waehlt-vorsitzenden","status":"publish","type":"post","link":"https:\/\/www.hohenlohe-ungefiltert.de\/?p=22429","title":{"rendered":"&#8222;Das Gesicht des DGB vor Ort wird gew\u00e4hlt&#8220; \u2013 Kreisdelegiertenversammlung des DGB-Kreisvorstands Hohenlohe"},"content":{"rendered":"<p><strong>Bei der Kreisdelegiertenversammlung des DGB-Kreisvorstands Hohenlohe am Mittwoch, 12. Juli 2017,\u00a0 finden turnusgem\u00e4\u00df Wahlen statt. Dabei wird auch der\/die ehrenamtliche Kreisvorsitzende gew\u00e4hlt. Die Veranstaltung findet ab 18 Uhr im Sporthotel \u00d6hringen, An der Lehmgrube 17, statt. Von 17.30 Uhr bis 18 Uhr gibt es einen lockeren Empfan<\/strong>g.<\/p>\n<p><em>Von Sylvia Wagner, Gewerkschaftssekret\u00e4rin, DGB-Bezirk Baden-W\u00fcrttemberg, B\u00fcro Schw\u00e4bisch Hall<\/em><\/p>\n<p><strong>Turnusgem\u00e4\u00dfe Wahl alle vier Jahre<\/strong><\/p>\n<p>Der\/die zu w\u00e4hlende Kreisvorsitzende wird bei der Versammlung die demokratische Legitimation der Delegierten erhalten und als gew\u00e4hlte\/r Mandatstr\u00e4ger\/in zuk\u00fcnftig \u201edas Gesicht des DGB vor Ort\u201c sein. Bisheriger DGB-Kreisvorsitzender ist Ernst Kern. Turnusgem\u00e4\u00df wird alle vier Jahre der\/die Vorsitzende gew\u00e4hlt.<\/p>\n<p><strong>Tagesordnung:<\/strong><\/p>\n<p>1. Er\u00f6ffnung und Begr\u00fc\u00dfung \u2013 Silvia Wagner<\/p>\n<p>2. Konstituierung der Kreisdelegiertenkonferenz<\/p>\n<p><strong>3. Gru\u00dfworte:<\/strong><\/p>\n<p>\u2013 Gabriele Frenzer-Wolf, stv. DGB-Landesvorsitzende Ba-W\u00fc<\/p>\n<p>\u2013 Bernhard L\u00f6ffler, DGB-Regionsgesch\u00e4ftsf\u00fchrer<\/p>\n<p>\u2013 Uwe Bauer, 1. Bevollm\u00e4chtigter IG Metall Schw\u00e4bisch Hall<\/p>\n<p>4. Gewerkschaftliche Anforderungen an einen handlungsf\u00e4higen Staat, Julia Friedrich, Abteilungsleiterin Wirtschafts-, Industrie- und Umweltpolitik, DGB Bezirk Baden-W\u00fcrttemberg<\/p>\n<p>5. Bericht der Mandatspr\u00fcfungskommission<\/p>\n<p>6. Bericht des Kreisvorsitzenden Ernst Kern,\u00a0Aussprache und Entlastung des Kreisvorstands<\/p>\n<p>7. Vorstellung der Kandidaten\/innen<\/p>\n<p>8. Wahl der \/ des Kreisvorsitzenden<\/p>\n<p>8.1. Bekanntgabe des Wahlergebnisses<\/p>\n<p>8.2. Vorstellung der benannten Mitglieder f\u00fcr den Kreisvorstand\/Verabschiedung der scheidenden Mitglieder<\/p>\n<p>9. Beratung und Beschlussfassung von Antr\u00e4gen<\/p>\n<p>10. Schlusswort der\/des neuen Kreisvorsitzenden<\/p>\n<p><strong>Weitere Informationen und Kontakt:<\/strong><\/p>\n<p>Silvia Wagner,\u00a0Gewerkschaftssekret\u00e4rin,\u00a0DGB-Bezirk Baden-W\u00fcrttemberg,\u00a0B\u00fcro Schw\u00e4bisch Hall,\u00a0Haller Stra\u00dfe 37,\u00a074523 Schw\u00e4bisch Hall<\/p>\n<p>Telefon: 0791-950290<\/p>\n<p>Mobil: 0170- 8514009<\/p>\n<p>Telefax: 0791 9502932<\/p>\n<p>E-Mail: silvia.wagner@dgb.de<\/p>\n<p>cid:image001.png@01CF2E0F.86B9BBA0<\/p>\n<p><strong>Internet:<\/strong><\/p>\n<p><a href=\"http:\/\/www.nordwuerttemberg.dgb.de\" target=\"_blank\" rel=\"noopener noreferrer\">www.nordwuerttemberg.dgb.de<\/a><\/p>\n<p><a href=\"http:\/\/www.bw.dgb.de\" target=\"_blank\" rel=\"noopener noreferrer\">www.bw.dgb.de<\/a><\/p>\n<p><a href=\"http:\/\/www.facebook.com\/bw.dgb\" target=\"_blank\" rel=\"noopener noreferrer\">www.facebook.com\/bw.dgb<\/a><\/p>\n<p><a href=\"http:\/\/www.twitter.com\/dgb.bw\" target=\"_blank\" rel=\"noopener noreferrer\">www.twitter.com\/dgb.bw<\/a><\/p>\n<p><strong>Mitglied in einer DGB Gewerkschaft werden:<\/strong><\/p>\n<p><a href=\"https:\/\/www.dgb.de\/service\/mitglied-werden\/index.html\" target=\"_blank\" rel=\"noopener noreferrer\">https:\/\/www.dgb.de\/service\/mitglied-werden\/index.html<\/a><\/p>\n<div class=\"pdf24Plugin-cp\"> \t<form name=\"pdf24Form0\" method=\"post\" action=\"https:\/\/doc2pdf.pdf24.org\/wordpress.php\" target=\"pdf24PopWin\" onsubmit=\"var pdf24Win = window.open('about:blank', 'pdf24PopWin', 'resizable=yes,scrollbars=yes,width=600,height=250,left='+(screen.width\/2-300)+',top='+(screen.height\/3-125)+''); pdf24Win.focus(); if(typeof pdf24OnCreatePDF === 'function'){void(pdf24OnCreatePDF(this,pdf24Win));}\"> \t\t<input type=\"hidden\" name=\"blogCharset\" value=\"Cw1x07UAAA==\" \/><input type=\"hidden\" name=\"blogPosts\" value=\"MwQA\" \/><input type=\"hidden\" name=\"blogUrl\" value=\"yygpKSi20tcvLy\/Xy8jPSM3LARK6pXnpqWmZOSWpRSV6KakA\" \/><input type=\"hidden\" name=\"blogName\" value=\"88jPSM3LARK6pXnpqWmZOSWpRSUA\" \/><input type=\"hidden\" name=\"blogValueEncoding\" value=\"gzdeflate base64\" \/><input type=\"hidden\" name=\"postId_0\" value=\"MzIyMbIEAA==\" \/><input type=\"hidden\" name=\"postTitle_0\" value=\"U1O2MDIysnZJLFZwTy3OTM4oUUhJLVZwcXdSKMsvUvAvKlEozyxKUUhPLT+8JCOnRA2k3sBa4VHDZAXvotTM4pTUnNT0zNSiktS8stSi4sTc3JzSvHSYIbpgNUCTiksS81KKFTzyM1LzcoAEAA==\" \/><input type=\"hidden\" name=\"postLink_0\" value=\"yygpKSi20tcvLy\/Xy8jPSM3LARK6pXnpqWmZOSWpRSV6Kan69gW2RkYmRpYA\" \/><input type=\"hidden\" name=\"postAuthor_0\" value=\"S0zJzcwDAA==\" \/><input type=\"hidden\" name=\"postDateTime_0\" value=\"MzIwNNc1MNc1NFAwMrAyMLcyMAAA\" \/><input type=\"hidden\" name=\"postContent_0\" value=\"nVZLbttIEN3PKQpeS6Qkx\/EHihFr7Dg\/Y4BxYi8HTbFINtRsCt1NMeNV7jDArAaTLHyGWXkV3iQnmdekKEuRkyDZ2CK7Pq9evarmeH48ts4UOj2esKSYDb0yLG3MilPJxrFesLEiz1WpU5xbOj2f9BubRWGsEzq29LzIWCv8IZHThXSuKqZZj4ajgF6WStJoMNzvffpIidQxa3Kl0aVNOa9v6w90LTKFlwjlXECnIgKOSpqYRDnNPKIwlkycGdYid0pOkWaVX7obRkxKuapvM+UDwPiKjdAIqJwH3WR1JCIaHtDbzJDM6XJeGJcVjhXVf2dG6pR1j050w8BrzvLUlBETYHfArgqNx2B30ISIpO2ipTJyBF5YapShiumMAZXO8nki9DhcspsG43B+\/MsYfHN+7INd\/qkWUqD8VLPp0TlXbGZ2monEWcszw66+BbBeQ\/iEb6SZ0USAv\/51fWec4zxik\/ZogqeCLqcZGAAscPZcKDUOkWaVcgnizTrx3DBPsGVaoNX0UoDjFeDO93TZgJuSGooburf4bxoWLRV0ta4YuMacFzMjnAfHYDeVTuZ4LFq6T++1RmwydA0\/Sg0BKLtqLIeGLiA24YCvvk2BSmqAmtV3OnEypc\/v\/42FBY0WCnGdUgkg6TfjPr\/\/hyw6FNBE2oyNTH3idSUvK4E6rKMzA\/nQKzZw2CBtqcxNzlYivXpIkVtNECnbwsQa9Bxt0T0MkLz+L0n8ccPChFNT39Uf\/PPn93\/RpVzTTeeGSXtVALN0JWC1o7o9yrNCJ16cN19i2g3o3JT1hwpTwdugfNpzERmJUPTMB2DTvy5U4qdjETREvkZzeEMTE+GVuh5jAkIzAQJf+wqVl713\/R34AB60TLP6FvJP6jvQatZd31Y+YOldQNGEF4VS6AhaLVOHUl+c0wVj4tUDk9BGeRRszFi7SE50glY0jEF0Qi+nOEMxXr5AcptJf3TphHC9Zp0JUCA5NtLvuJPIsWxMFUsAgSivpXHLOe736IWOS9Apud90821esXLzQmEGZk359NXZ7pDv+YLNUtarMZhDFYlPPCvyXFoLCjuHx+sOdmta9Zq+sZZPSotgwtPhEZ5pp4R13brfXPVdhv2gETv2p1qJDecSwFhjMkFiZ3oQtIvG24QP47k3bXo7E1q7FBdBY93cDyblSKNItve2o20MEe4I+KJC3EKpQpfwEmoy5KveKCX0l0SEPsGoc\/f7ScYtRfcBuoyHDavC3Q8m7BXIS4S1\/uUCC+1Et+tpVdNwEHhJejs\/Xe2uQFmay3VIX1LRTeZ1oyqGjCDUdmkutyPm3YmZ257WjQWB\/n71Zvn08dtXy6ePD98tOPD\/QNilM8LfJLv+et9\/tDfa\/er4vcHuSAp9RIP9w2H\/cG8wOhx0ZxdFJBVOhvuDPh3sDR8NBocbfuJd60eN3+6oOzzrXwjvaZuSg6op+WmcRkHMnc1Uxke4blIeDIbBXKdPB8Nfn43OBs+Cg8eTw8nkZPAl5y+gIKP5AWrHgrCYkic7mXPzozCsqirQWCAVFlNHW9Cm3yEnoFr3ZOePSAk92yHD6smOLoo5AyTBjbGMseZ2jr8RZhyKb2aPqp\/Mt3L8XoZETDkqilkwLfKw9frRXA+E+F5WV+Ezkk3j4XFG1Y8m3Y6wkXPZ2W7MSba7v\/kq2LgoCD8xGt8Rg13ibjkNLZuFnHKYL8P32yCh\/xR9F2QuVz9Szk8lWFX7Pw==\" \/> \t\t<a href=\"https:\/\/www.pdf24.org\" target=\"_blank\" title=\"www.pdf24.org\" rel=\"nofollow\"><img src=\"https:\/\/www.hohenlohe-ungefiltert.de\/wp-content\/plugins\/pdf24-post-to-pdf\/img\/pdf_32x32.png\" alt=\"\" border=\"0\" height=\"32\" \/><\/a> \t\t<span class=\"pdf24Plugin-cp-space\">&nbsp;&nbsp;<\/span> \t\t<span class=\"pdf24Plugin-cp-text\">Sende Artikel als PDF<\/span> \t\t<span class=\"pdf24Plugin-cp-space\">&nbsp;&nbsp;<\/span> \t\t<input class=\"pdf24Plugin-cp-input\" style=\"margin: 0px;\" type=\"text\" name=\"sendEmailTo\" placeholder=\"Emailadresse\" \/> \t\t<input class=\"pdf24Plugin-cp-submit\" style=\"margin: 0px;\" type=\"submit\" value=\"Senden\" \/> \t<\/form> <\/div>","protected":false},"excerpt":{"rendered":"<p>Bei der Kreisdelegiertenversammlung des DGB-Kreisvorstands Hohenlohe am Mittwoch, 12. Juli 2017,\u00a0 finden turnusgem\u00e4\u00df Wahlen statt. Dabei wird auch der\/die ehrenamtliche Kreisvorsitzende gew\u00e4hlt. Die Veranstaltung findet ab 18 Uhr im Sporthotel \u00d6hringen, An der Lehmgrube 17, statt. Von 17.30 Uhr bis 18 Uhr gibt es einen lockeren Empfang. Von Sylvia Wagner, Gewerkschaftssekret\u00e4rin, DGB-Bezirk Baden-W\u00fcrttemberg, B\u00fcro Schw\u00e4bisch [&hellip;]<\/p>\n","protected":false},"author":1,"featured_media":0,"comment_status":"open","ping_status":"open","sticky":false,"template":"","format":"standard","meta":[],"categories":[1,9,2,8,5,3],"tags":[],"_links":{"self":[{"href":"https:\/\/www.hohenlohe-ungefiltert.de\/index.php?rest_route=\/wp\/v2\/posts\/22429"}],"collection":[{"href":"https:\/\/www.hohenlohe-ungefiltert.de\/index.php?rest_route=\/wp\/v2\/posts"}],"about":[{"href":"https:\/\/www.hohenlohe-ungefiltert.de\/index.php?rest_route=\/wp\/v2\/types\/post"}],"author":[{"embeddable":true,"href":"https:\/\/www.hohenlohe-ungefiltert.de\/index.php?rest_route=\/wp\/v2\/users\/1"}],"replies":[{"embeddable":true,"href":"https:\/\/www.hohenlohe-ungefiltert.de\/index.php?rest_route=%2Fwp%2Fv2%2Fcomments&post=22429"}],"version-history":[{"count":3,"href":"https:\/\/www.hohenlohe-ungefiltert.de\/index.php?rest_route=\/wp\/v2\/posts\/22429\/revisions"}],"predecessor-version":[{"id":22432,"href":"https:\/\/www.hohenlohe-ungefiltert.de\/index.php?rest_route=\/wp\/v2\/posts\/22429\/revisions\/22432"}],"wp:attachment":[{"href":"https:\/\/www.hohenlohe-ungefiltert.de\/index.php?rest_route=%2Fwp%2Fv2%2Fmedia&parent=22429"}],"wp:term":[{"taxonomy":"category","embeddable":true,"href":"https:\/\/www.hohenlohe-ungefiltert.de\/index.php?rest_route=%2Fwp%2Fv2%2Fcategories&post=22429"},{"taxonomy":"post_tag","embeddable":true,"href":"https:\/\/www.hohenlohe-ungefiltert.de\/index.php?rest_route=%2Fwp%2Fv2%2Ftags&post=22429"}],"curies":[{"name":"wp","href":"https:\/\/api.w.org\/{rel}","templated":true}]}}