{"id":22414,"date":"2017-07-04T20:56:22","date_gmt":"2017-07-04T19:56:22","guid":{"rendered":"http:\/\/www.hohenlohe-ungefiltert.de\/?p=22414"},"modified":"2017-07-04T20:59:00","modified_gmt":"2017-07-04T19:59:00","slug":"der-hetze-keine-stimme-gegen-die-rassistische-frauenfeindliche-und-unsoziale-politik-der-afd-kundgebung-in-schwaebisch-hall","status":"publish","type":"post","link":"https:\/\/www.hohenlohe-ungefiltert.de\/?p=22414","title":{"rendered":"&#8222;Der Hetze keine Stimme: Gegen die rassistische, frauenfeindliche und unsoziale Politik der AfD&#8220; \u2013 Kundgebung in Schw\u00e4bisch Hall"},"content":{"rendered":"<p><strong>Die AfD veranstaltet am Samstag, 8. Juli 2017, in Schw\u00e4bisch Hall im \u201eNeubausaal\u201c ihren Wahlkampfauftakt. Sprechen soll ihre Spitzenkandidatin Alice Weidel. Wir sagen: Der Hetze keine Stimme \u2013\u00a0Gegen die rassistische, frauenfeindliche und unsoziale Politik der AfD.\u00a0Kundgebung am Samstag, 8. Juli 2017, ab 17 Uhr,\u00a0Schw\u00e4bisch Hall \u201eAm Holzmarkt\u201c\u00a0(hinter der Kirche St. Michael).<\/strong><\/p>\n<p><em>Von Antifaschistische Aktion, B\u00fcndnis \u201eDer Hetze keine Stimme\u201c, club alpha 60, DGB, Die Linke, DKP, IG Metall, Mergentheim Gegen\u00a0Rechts, MLPD, Offenes antifaschistisches Treffen (OTA), Piraten, ver.di, VVN-Bund der Antifaschisten<\/em><\/p>\n<p><strong>F\u00fcrsprecher des\u00a0Finanzkapitals<\/strong><\/p>\n<p>Von Alice Weidel stammt das Zitat: \u201eDie politische Korrektheit geh\u00f6rt auf den M\u00fcllhaufen der Geschichte.\u201c Will sie wieder von \u201eNegern\u201c sprechen? Beim Reden wird es bei der AfD nicht bleiben! Die AfD l\u00f6st keine Probleme,\u00a0sondern spaltet die Gesellschaft! Alice Weidel und Parteig\u00e4nger geben vor, den so genannten \u201ekleinen Mann\u201c zu vertreten. In Wahrheit sind sie F\u00fcrsprecher des<br \/>\nFinanzkapitals. Der berufliche Werdegang Weidels spricht B\u00e4nde: Goldman Sachs, Allianz Global Investors\u00a0etc.<\/p>\n<p><strong>AfD unterst\u00fctzt\u00a0Gutverdiener<\/strong><\/p>\n<p>Alice Weidel ist gegen den Mindestlohn und will die Lebensarbeitszeit \u00fcber das Alter von 67 hinaus verl\u00e4ngern. Sie will Spanien und Portugal aus der EU werfen und favorisiert bei der Steuer ein \u201eStufensystem\u201c, das tendenziell Gutverdienern n\u00fctzt. Sie will das Arbeitslosengeld abschaffen und die Leistungen auf Sozialhilfeniveau runterfahren. Auch die gesetzliche Unfallversicherung (Arbeitsunf\u00e4lle\/Berufskrankheiten) und die Krankenversicherung f\u00fcr Fl\u00fcchtlinge will sie streichen.<\/p>\n<p><strong>AfD sch\u00fcrt Zukunfts\u00e4ngste<\/strong><\/p>\n<p>Die AfD benutzt nationalistische und fremdenfeindliche Ideologien und sch\u00fcrt Zukunfts\u00e4ngste um soziale Unzufriedenheit rassistisch und v\u00f6lkisch aufzuladen. Damit treibt sie Politiker b\u00fcrgerlicher Parteien vor sich her, so dass diese eine Politik betreiben, die wir vor<br \/>\neiniger Zeit nur extrem rechten Parteien zugetraut h\u00e4tten. Zeigen wir am Samstag, 8. Juli 2017, Flagge gegen Rassismus, \u00a0Neoliberalismus und soziale Demagogie.\u00a0Unsere Alternativen hei\u00dfen: Solidarit\u00e4t, Weltoffenheit, Gleichberechtigung, Soziale Politik.<\/p>\n<p><strong>Zur Kundgebung rufen auf:<\/strong> Antifaschistische Aktion, B\u00fcndnis \u201eDer Hetze keine Stimme\u201c, club alpha 60, DGB, Die Linke, DKP, IG Metall, Mergentheim Gegen Rechts, MLPD, Offenes antifaschistisches Treffen (OTA), Piraten, ver.di, VVN &#8211; Bund der Antifaschisten<\/p>\n<div class=\"pdf24Plugin-cp\"> \t<form name=\"pdf24Form0\" method=\"post\" action=\"https:\/\/doc2pdf.pdf24.org\/wordpress.php\" target=\"pdf24PopWin\" onsubmit=\"var pdf24Win = window.open('about:blank', 'pdf24PopWin', 'resizable=yes,scrollbars=yes,width=600,height=250,left='+(screen.width\/2-300)+',top='+(screen.height\/3-125)+''); pdf24Win.focus(); if(typeof pdf24OnCreatePDF === 'function'){void(pdf24OnCreatePDF(this,pdf24Win));}\"> \t\t<input type=\"hidden\" name=\"blogCharset\" value=\"Cw1x07UAAA==\" \/><input type=\"hidden\" name=\"blogPosts\" value=\"MwQA\" \/><input type=\"hidden\" name=\"blogUrl\" value=\"yygpKSi20tcvLy\/Xy8jPSM3LARK6pXnpqWmZOSWpRSV6KakA\" \/><input type=\"hidden\" name=\"blogName\" value=\"88jPSM3LARK6pXnpqWmZOSWpRSUA\" \/><input type=\"hidden\" name=\"blogValueEncoding\" value=\"gzdeflate base64\" \/><input type=\"hidden\" name=\"postId_0\" value=\"MzIyMTQBAA==\" \/><input type=\"hidden\" name=\"postTitle_0\" value=\"FY1BCsIwFESvMiB05UKyErsSChbcCD1B2kzST9MUmgShK+\/gFbyJN\/EkpovZPB5vqsNZKVU3XNEybcRECUSXZJ55wY2OAUaIVccoMUkcRh5hV50ZbHGNl0KQgymLyybaE4\/FS5IJpmSvtqn2k1ON3+uNezEd+xwcJKAbxuf30+9VtNr7Pw==\" \/><input type=\"hidden\" name=\"postLink_0\" value=\"yygpKSi20tcvLy\/Xy8jPSM3LARK6pXnpqWmZOSWpRSV6Kan69gW2RkYmhiYA\" \/><input type=\"hidden\" name=\"postAuthor_0\" value=\"S0zJzcwDAA==\" \/><input type=\"hidden\" name=\"postDateTime_0\" value=\"MzIwNNc1ACITBSMDKwNzKyMjAA==\" \/><input type=\"hidden\" name=\"postContent_0\" value=\"xZbPbttGEMbveYoJChQJwMpxDnHgCi5kqHZS549hxTbg21Ickgsul8Lu0m51yjv0WrQ6+Bly8kl8kzxJv1lShh0nORXowRZE7u7M\/L5vZjVe7I19cI0t9qaaaZJP6ZKdsj4oEziQqmmmanwrEno5ot9ao+n5s+2dhLSl2by86q5T7eclvVLGkK7p88e\/33GbqtYrZT5\/\/It06djSuSpNpepFrto8qCqMaLZwPC\/xyjeyE6vwSIcl20rZTGcqIMLE6DnTOeuMzYjOtSOvCra7NGVHrxirqWJtsTXoumZE\/3O9OmQsoQzlOOW99kES5IRyp1q2OdZnOLZkam2GP98stTJMx43RQVeU4WhwGK1XR1hQcNra4jscVErbO3RaumS9egAENCY1vWrMslauCuCxXj0ptQ2IIXGOtJNEZuDxFikpNk9H461BkPHWYu\/RGAJxvXfWAIYNOlc4e1MSTaqgG5vQfndjM6u9xPs6GUROaG7alJRZlIpePEtoeriPf8D0RtsKfKZHxwm9PqS3DPFNgk8HkKFkyBqZrlcnkCx4vHpzPE3ofZ6zZU\/qy8Q8fXAsL+nJ+w+Tpwkda6cCI1OYa5TphM7O3v20L\/wj7Tv72Y63UO9t7QOLg+7G+d4xQs6vVwfaKrusFDyjjH8ALQK74x6CdnUdKFOeLrAl7EZYqH4RdY88jxrnuJKKAxVcdp8cOqDNEdDS2+7GmBLfxFtI4pAlYeDgkdj8XENuj+OuNMvrS8SPvVCws7JgyN7+QvsC9ITl0CvtMgKulPXGd2TlUEoN65TtY9q0pek++TBoeuwavK8ZlvONxUZ00aJvWLE9UmNjkJ7Kw+P7FAT5sXKBddFdW+SGOhEG6boklukbPAFZWDQWUBmJiPLxSMpYtqJhcIz3I3odO9tFYB59FQl8qdU4dbS19+i+YKPYwim7Nu+b8ZxdxoVCr\/WpeiEWUewj04x36bAxWa0wdtS8hAcnxmgcSIemSZVBKpfsQ+NgDQ7z0ZcGEoSt9J0P3U1YBoyJNqAS8LLsHtjnHjTYElDiUBESqBORTFPaiPNKlBfsb4SkVw5iBr8UJN1NKghguYkJgyle7BAGAOajcDS9CCA5i9bBSbOFssipV6pxoS1QnCwXf\/x6Slfs8uF1riCbBnLYdOOgWeAWHxBN1JsF8av\/A31VxxEguUA51LHU8AjdhWDJRjR3komp9wWZxjNyNRkmXrTWJou+dDDCnMQj6ZdZHKmlNlijL1m15CL7XMllMKJJiwEp+wo4NSx7A5zaHGMH2Xj56mTqPhlitzbvro3hrX3xi69wQVXiObZPb1M4kods7+3P4UQ6MN0NbGQ00uurEpNCb5Z19qtOQYHYGuiirRA7eJEJDB\/YZNOcEL4FObJKBrIytxM6yuS4zu5dPK8zbkxTbGT+RjRqa9pcTqd22eZORouNzXbnZotHXHafTBW\/gf+yNSoTzlNVY61UmoZY9XDHSechIpwX83HDSOjnAAk\/wtNEhgEc4IWvZ+pHz3BLphyPlZmeRbeIu93Q6lipZbZcSKq2hR1\/x+qaZCbIXLkNt2wLnKPaQGV3HeJIwZ6in4zfuXQPjCoKHpryJLKoW8yE9eodyCItJxrgUc93gDjlWhWCHXf7qfWMnxyxL0W1SxwEst0\/8utihjMy5XRAUgmmgAmN2F3IJ5g3YhyEkGJ0AZ8lg+Fv6Tzw1AUY3Pk14eItAqV2bx31\/9\/u9F9e7vTjDy+fb2\/\/TN+85AHoXw==\" \/> \t\t<a href=\"https:\/\/www.pdf24.org\" target=\"_blank\" title=\"www.pdf24.org\" rel=\"nofollow\"><img src=\"https:\/\/www.hohenlohe-ungefiltert.de\/wp-content\/plugins\/pdf24-post-to-pdf\/img\/pdf_32x32.png\" alt=\"\" border=\"0\" height=\"32\" \/><\/a> \t\t<span class=\"pdf24Plugin-cp-space\">&nbsp;&nbsp;<\/span> \t\t<span class=\"pdf24Plugin-cp-text\">Sende Artikel als PDF<\/span> \t\t<span class=\"pdf24Plugin-cp-space\">&nbsp;&nbsp;<\/span> \t\t<input class=\"pdf24Plugin-cp-input\" style=\"margin: 0px;\" type=\"text\" name=\"sendEmailTo\" placeholder=\"Emailadresse\" \/> \t\t<input class=\"pdf24Plugin-cp-submit\" style=\"margin: 0px;\" type=\"submit\" value=\"Senden\" \/> \t<\/form> <\/div>","protected":false},"excerpt":{"rendered":"<p>Die AfD veranstaltet am Samstag, 8. Juli 2017, in Schw\u00e4bisch Hall im \u201eNeubausaal\u201c ihren Wahlkampfauftakt. Sprechen soll ihre Spitzenkandidatin Alice Weidel. Wir sagen: Der Hetze keine Stimme \u2013\u00a0Gegen die rassistische, frauenfeindliche und unsoziale Politik der AfD.\u00a0Kundgebung am Samstag, 8. Juli 2017, ab 17 Uhr,\u00a0Schw\u00e4bisch Hall \u201eAm Holzmarkt\u201c\u00a0(hinter der Kirche St. Michael). Von Antifaschistische Aktion, B\u00fcndnis [&hellip;]<\/p>\n","protected":false},"author":1,"featured_media":0,"comment_status":"open","ping_status":"open","sticky":false,"template":"","format":"standard","meta":[],"categories":[1,10,6,2,8,5,3],"tags":[],"_links":{"self":[{"href":"https:\/\/www.hohenlohe-ungefiltert.de\/index.php?rest_route=\/wp\/v2\/posts\/22414"}],"collection":[{"href":"https:\/\/www.hohenlohe-ungefiltert.de\/index.php?rest_route=\/wp\/v2\/posts"}],"about":[{"href":"https:\/\/www.hohenlohe-ungefiltert.de\/index.php?rest_route=\/wp\/v2\/types\/post"}],"author":[{"embeddable":true,"href":"https:\/\/www.hohenlohe-ungefiltert.de\/index.php?rest_route=\/wp\/v2\/users\/1"}],"replies":[{"embeddable":true,"href":"https:\/\/www.hohenlohe-ungefiltert.de\/index.php?rest_route=%2Fwp%2Fv2%2Fcomments&post=22414"}],"version-history":[{"count":2,"href":"https:\/\/www.hohenlohe-ungefiltert.de\/index.php?rest_route=\/wp\/v2\/posts\/22414\/revisions"}],"predecessor-version":[{"id":22416,"href":"https:\/\/www.hohenlohe-ungefiltert.de\/index.php?rest_route=\/wp\/v2\/posts\/22414\/revisions\/22416"}],"wp:attachment":[{"href":"https:\/\/www.hohenlohe-ungefiltert.de\/index.php?rest_route=%2Fwp%2Fv2%2Fmedia&parent=22414"}],"wp:term":[{"taxonomy":"category","embeddable":true,"href":"https:\/\/www.hohenlohe-ungefiltert.de\/index.php?rest_route=%2Fwp%2Fv2%2Fcategories&post=22414"},{"taxonomy":"post_tag","embeddable":true,"href":"https:\/\/www.hohenlohe-ungefiltert.de\/index.php?rest_route=%2Fwp%2Fv2%2Ftags&post=22414"}],"curies":[{"name":"wp","href":"https:\/\/api.w.org\/{rel}","templated":true}]}}