{"id":22410,"date":"2017-07-04T20:13:18","date_gmt":"2017-07-04T19:13:18","guid":{"rendered":"http:\/\/www.hohenlohe-ungefiltert.de\/?p=22410"},"modified":"2017-07-04T20:46:36","modified_gmt":"2017-07-04T19:46:36","slug":"bundestagswahlkampf-wird-geplant-treffen-des-internationalistischen-buendnissesmlpd-in-schwaebisch-hall","status":"publish","type":"post","link":"https:\/\/www.hohenlohe-ungefiltert.de\/?p=22410","title":{"rendered":"&#8222;Bundestagswahlkampf wird geplant&#8220; \u2013 Treffen des Internationalistischen B\u00fcndnisses\/MLPD in Schw\u00e4bisch Hall"},"content":{"rendered":"<p><strong>Das Internationalistische B\u00fcndnis\/MLPD Schw\u00e4bisch Hall trifft sich wieder am Dienstag, 11. Juli 2017, um 19.30 in der Gastst\u00e4tte Rose, Schw\u00e4bisch Hall, Bahnhofstra\u00dfe 9.\u00a0Es geht dort um die grobe Planung des Wahlkampfes f\u00fcr die Bundestagswahl am 24. September 2017.<\/strong><\/p>\n<p><em>Von Veronika Maier,\u00a0Internationalistisches B\u00fcndnis\/MLPD Schw\u00e4bisch Hall<\/em><\/p>\n<p><strong>Direktkandidat Willi Maier aus Hall<\/strong><\/p>\n<p>Wer es noch nicht mitbekommen hat: Es gibt einen Direktkandidaten des Internationalistischen B\u00fcndnisses\/MLPD in unserem Wahlkreis: Willi Maier aus Schw\u00e4bisch Hall hat sich dazu entschlossen, und es sind auch schon die n\u00f6tigen 200 Unterst\u00fctzungsunterschriften f\u00fcr ihn gesammelt worden.\u00a0Damit wir breit Plakate aufh\u00e4ngen, Wahlprogramme und Flyer verteilen k\u00f6nnen, brauchen wir noch viele Unterst\u00fctzer. Kommt bitte am 11. Juli 2017 zum Treffen oder meldet euch per E-Mail (schwaebisch-hall@mlpd.de).<\/p>\n<p><strong>Auch Nicht-Wahlberechtigte sind willkommen<\/strong><\/p>\n<p>Zur\u00a0Bundestagswahl 2017 wurde am 2. Oktober 2016 von 500 Teilnehmern ein Internationalistisches B\u00fcndnis\u00a0gegr\u00fcndet. Antifaschistische, klassenk\u00e4mpferische, internationalistische und revolution\u00e4re Organisationen und Einzelpersonen arbeiten mit. Zur Bundestagswahl 2017 wird es als Internationalistische Liste\/MLPD antreten. Jeder, dem ein solches B\u00fcndnis am Herzen liegt, kann<br \/>\nmitmachen, auch diejenigen, die nicht oder noch nicht wahlberechtigt sind. Das n\u00e4chste Treffen der Wahlinitiative in Schw\u00e4bisch Hall ist am\u00a0Dienstag, 11. Juli 2017, um 19.30 Uhr in der\u00a0Gastst\u00e4tte Rose, Schw\u00e4bisch Hall, Bahnhofstra\u00dfe 9.<\/p>\n<p><strong>Weitere Informationen und Kontakt:<\/strong><\/p>\n<p>E-Mail: schwaebisch-hall@mlpd.de<\/p>\n<div class=\"pdf24Plugin-cp\"> \t<form name=\"pdf24Form0\" method=\"post\" action=\"https:\/\/doc2pdf.pdf24.org\/wordpress.php\" target=\"pdf24PopWin\" onsubmit=\"var pdf24Win = window.open('about:blank', 'pdf24PopWin', 'resizable=yes,scrollbars=yes,width=600,height=250,left='+(screen.width\/2-300)+',top='+(screen.height\/3-125)+''); pdf24Win.focus(); if(typeof pdf24OnCreatePDF === 'function'){void(pdf24OnCreatePDF(this,pdf24Win));}\"> \t\t<input type=\"hidden\" name=\"blogCharset\" value=\"Cw1x07UAAA==\" \/><input type=\"hidden\" name=\"blogPosts\" value=\"MwQA\" \/><input type=\"hidden\" name=\"blogUrl\" value=\"yygpKSi20tcvLy\/Xy8jPSM3LARK6pXnpqWmZOSWpRSV6KakA\" \/><input type=\"hidden\" name=\"blogName\" value=\"88jPSM3LARK6pXnpqWmZOSWpRSUA\" \/><input type=\"hidden\" name=\"blogValueEncoding\" value=\"gzdeflate base64\" \/><input type=\"hidden\" name=\"postId_0\" value=\"MzIyMTQAAA==\" \/><input type=\"hidden\" name=\"postTitle_0\" value=\"U1O2MDIysnYqzUtJLS5JTC8uT8zIyU7MLUhTKM8sSlFITy3IScwrUQMpM7BWeNQwWSGkKDUtLTVPAahBwTOvJLUoL7EkMz8vMSezuCSzODkDKOV0eE9eSl5mcXFqsb6vT4CLQmaeQnByRvnhJUkgFQoeiTk5AA==\" \/><input type=\"hidden\" name=\"postLink_0\" value=\"yygpKSi20tcvLy\/Xy8jPSM3LARK6pXnpqWmZOSWpRSV6Kan69gW2RkYmhgYA\" \/><input type=\"hidden\" name=\"postAuthor_0\" value=\"S0zJzcwDAA==\" \/><input type=\"hidden\" name=\"postDateTime_0\" value=\"MzIwNNc1ACITBSMDKwNzK0MLAA==\" \/><input type=\"hidden\" name=\"postContent_0\" value=\"nVTNbttGEL7nKebYADJlO22DGILQGHabNEkT5M9Ab0tzSG65HAq7SwnRy0QHPUNOPokv1m9WimFbDgzkRHJ3uPPN97OT2XQSou+kmp6ZQC8lshcTbSfG2RBtuKyZTocrKcSG8ZvX787ow2W9GNa5btEL4xxFb8syUrBYWFgu2JNp6cyyhGiqER0dZfR37ywdHx49HVHf0tGz7MkhWSGt\/cuEGOKwjpHpfRd4tNdhRKemlrorgdQMX5meZZvVeaCK60hF56OeWVimync50ztnpJcKhwe6MLVrTDsr8V4OVz6VnfaCPWALC2wr2ONfM\/rAs8htDkSKM5uMd7xMxrPpowl44nb6uRP6zFi2jaE3xrIfbVb3khYeYG0yxnHXR3+XwHpuYmOksIWJdGEdWEttyPRh998dWBfYRDfpcLBAgkitjTk3XduyUG3iCSlVNo\/EVrB0uwlL4uneGeR6hsC7MaBZL4E9t1tqPdtwsgd0zyKAsfVHYZY9sUTsuA7HCvwghQ4QLJ6mRw32QLMKJcO3aCvgOD48pE8KEUa5ikuoG\/r0eVnDfDpEEtfWAlMEg9FdpEXnCxZY5cyAEljTUw68UQ3SYHJ0K+thLZWi0Glmvqu8\/pww\/em+YJw5+8jWoUMzfBPR0twrTKzoiYn3uWXHNwGyz+gVFIiUW\/U1LHYrBbSEYz96Lksc02kKgLhgSKQEzPB9fgA6Hf2CCReGE5UHNaj8o3WzIiv4cXbXPM\/113\/UAQc6DIzMeLcV2iduFxBp64o9D\/3b+83qTioSzEUPClNAMnrbxG6Xjt9pDoV+gygfwY1w3cI8ai96IAubVcWV1w+OGT2XaEuDiu+FI2qcUVc0w1oz63er9t5rSUXyPO9crxvD2jO99ZVBm1TJkirOrSzZgdKQlozPYQG8wBIZYXC6d27rkymN+9Gd+BpvvM2EkegZR0JfvfxGCFSbyAiduzW9EvmC\/RLdneUqYlwjMsk9jaePgKc1aqvRNgXw\/38sNpkzZSFlO3nlRtYXt5ROQmekNzn4uKwB8dpl+qP6woqNFtPMWcO8l1SMBZjIzIPX96fa767wzeqn7vC7Br5QYSDiSyk7397U8FUn0TTxZM+425Sc0I9Skur+Bw==\" \/> \t\t<a href=\"https:\/\/www.pdf24.org\" target=\"_blank\" title=\"www.pdf24.org\" rel=\"nofollow\"><img src=\"https:\/\/www.hohenlohe-ungefiltert.de\/wp-content\/plugins\/pdf24-post-to-pdf\/img\/pdf_32x32.png\" alt=\"\" border=\"0\" height=\"32\" \/><\/a> \t\t<span class=\"pdf24Plugin-cp-space\">&nbsp;&nbsp;<\/span> \t\t<span class=\"pdf24Plugin-cp-text\">Sende Artikel als PDF<\/span> \t\t<span class=\"pdf24Plugin-cp-space\">&nbsp;&nbsp;<\/span> \t\t<input class=\"pdf24Plugin-cp-input\" style=\"margin: 0px;\" type=\"text\" name=\"sendEmailTo\" placeholder=\"Emailadresse\" \/> \t\t<input class=\"pdf24Plugin-cp-submit\" style=\"margin: 0px;\" type=\"submit\" value=\"Senden\" \/> \t<\/form> <\/div>","protected":false},"excerpt":{"rendered":"<p>Das Internationalistische B\u00fcndnis\/MLPD Schw\u00e4bisch Hall trifft sich wieder am Dienstag, 11. Juli 2017, um 19.30 in der Gastst\u00e4tte Rose, Schw\u00e4bisch Hall, Bahnhofstra\u00dfe 9.\u00a0Es geht dort um die grobe Planung des Wahlkampfes f\u00fcr die Bundestagswahl am 24. September 2017. Von Veronika Maier,\u00a0Internationalistisches B\u00fcndnis\/MLPD Schw\u00e4bisch Hall Direktkandidat Willi Maier aus Hall Wer es noch nicht mitbekommen hat: [&hellip;]<\/p>\n","protected":false},"author":1,"featured_media":0,"comment_status":"open","ping_status":"open","sticky":false,"template":"","format":"standard","meta":[],"categories":[1,10,6,2,8,5,3],"tags":[],"_links":{"self":[{"href":"https:\/\/www.hohenlohe-ungefiltert.de\/index.php?rest_route=\/wp\/v2\/posts\/22410"}],"collection":[{"href":"https:\/\/www.hohenlohe-ungefiltert.de\/index.php?rest_route=\/wp\/v2\/posts"}],"about":[{"href":"https:\/\/www.hohenlohe-ungefiltert.de\/index.php?rest_route=\/wp\/v2\/types\/post"}],"author":[{"embeddable":true,"href":"https:\/\/www.hohenlohe-ungefiltert.de\/index.php?rest_route=\/wp\/v2\/users\/1"}],"replies":[{"embeddable":true,"href":"https:\/\/www.hohenlohe-ungefiltert.de\/index.php?rest_route=%2Fwp%2Fv2%2Fcomments&post=22410"}],"version-history":[{"count":3,"href":"https:\/\/www.hohenlohe-ungefiltert.de\/index.php?rest_route=\/wp\/v2\/posts\/22410\/revisions"}],"predecessor-version":[{"id":22413,"href":"https:\/\/www.hohenlohe-ungefiltert.de\/index.php?rest_route=\/wp\/v2\/posts\/22410\/revisions\/22413"}],"wp:attachment":[{"href":"https:\/\/www.hohenlohe-ungefiltert.de\/index.php?rest_route=%2Fwp%2Fv2%2Fmedia&parent=22410"}],"wp:term":[{"taxonomy":"category","embeddable":true,"href":"https:\/\/www.hohenlohe-ungefiltert.de\/index.php?rest_route=%2Fwp%2Fv2%2Fcategories&post=22410"},{"taxonomy":"post_tag","embeddable":true,"href":"https:\/\/www.hohenlohe-ungefiltert.de\/index.php?rest_route=%2Fwp%2Fv2%2Ftags&post=22410"}],"curies":[{"name":"wp","href":"https:\/\/api.w.org\/{rel}","templated":true}]}}