{"id":22390,"date":"2017-06-22T21:59:26","date_gmt":"2017-06-22T20:59:26","guid":{"rendered":"http:\/\/www.hohenlohe-ungefiltert.de\/?p=22390"},"modified":"2017-06-22T22:06:54","modified_gmt":"2017-06-22T21:06:54","slug":"die-soziale-realitaet-hinter-den-amtlichen-zahlen-entspannung-null-stellungnahme-von-hans-a-graef-zur","status":"publish","type":"post","link":"https:\/\/www.hohenlohe-ungefiltert.de\/?p=22390","title":{"rendered":"&#8222;Die soziale Realit\u00e4t hinter den amtlichen Zahlen \u2013 Entspannung null&#8220; \u2013 Stellungnahme von Hans A. Graef zur Verlegung einer Fl\u00fcchtlingsfamilie aus Gaildorf ins Haller Industriegebiet Solpark"},"content":{"rendered":"<p><strong>Eine Stellungnahme zum\u00a0Pressebericht im Haller Tagblatt vom 22. Juni 2017 &#8222;Entspannung auf breiter Linie&#8220; hat Hans A. Graef aus Schw\u00e4bisch Hall geschrieben. Graef: &#8222;Der wahre Sachverhalt zur albanischen Familie auf dem Foto \u2013\u00a0das Verh\u00e4ltnis von Bericht und Foto ist zweifellos irref\u00fchrend.&#8220; Graef ist Mitglied des Hans A. Graef, Freundeskreises Asyl Schw\u00e4bisch Hall. Hohenlohe-ungefiltert ver\u00f6ffentlicht die Stellungnahme in voller L\u00e4nge.<\/strong><\/p>\n<p><em>Stellungnahme von Hans A. Graef, Schw\u00e4bisch Hall<\/em><\/p>\n<p><strong>Betreuer der Familie nicht befragt<\/strong><\/p>\n<p>Der Bericht von Jochen Korte (Haller Tagblatt vom 22. Juni 2017) zeigt die Sicht des Landratsamts als Beh\u00f6rde auf die r\u00e4umliche Unterbringung, die sich um die Fl\u00fcchtlinge bem\u00fcht und gute Zahlen vorzuweisen hat. Leider wurden zu diesen Daten die ehrenamtlichen Helfer, die sich um die konkreten Einzelschicksale bem\u00fchen, nicht befragt. Insbesondere Harald Huber als Einzelbetreuer dieser Familie wurde \u00fcbergangen. Auch wurde der abgelichteten Familie, die ich lange kenne, nicht erkl\u00e4rt, weshalb sie fotografiert werden soll.<\/p>\n<p><strong>Der Sachverhalt hinter diesen Daten:<\/strong><\/p>\n<p>Ohne Not wurde die gut integrierte Familie aus ihrem sozialen Umfeld in Gaildorf herausgerissen, insbesondere die beiden Kindergartenkinder wurden nach zwei Jahren ihres eingelebten Wohnsitzes regelrecht beraubt. Der Vater hat eine Arbeitsstelle \u2013 seine Blicke auf dem Bild zeugen von der Frustration dieser inakzeptablen Verlegung. Die Asylantr\u00e4ge aller wurden abgelehnt, nur der neugeborene Sohn hat noch keinen Bescheid. Jetzt sitzen die f\u00fcnf in der neu renovierten Schmollerstra\u00dfe 31 im Industriegebiet (Integration?) und haben statt einer Wohnung ein zirka 30 Quadratmeter gro\u00dfes Zimmer zu f\u00fcnft. Es gibt keine Kindergartenpl\u00e4tze, so gut wie keine Kinder in diesem M\u00e4nnerhaus. Die Damentoiletten und Duschr\u00e4ume sind nicht abschlie\u00dfbar \u2013 ich war soeben dort.<\/p>\n<p><strong>Keinerlei Sozialkonzept f\u00fcr die Kleinkinder<\/strong><\/p>\n<p>Die Ehefrau hat zurecht Angst, zumal es keinerlei amtliches Sozialkonzept gibt f\u00fcr das Haus oder VORHERIGE \u00dcberlegungen, wie kann eine Kinderfamilie hier leben? Die neue gemeinsame K\u00fcche ist fast 150 Meter weg im Untergeschoss. Meine Kritik: wie kann die Beh\u00f6rde \u2013 ich will bewusst keine Namen nennen \u2013\u00a0es verantworten, dass zwar neue R\u00e4ume, aber keinerlei Sozialkonzept f\u00fcr die Kleinkinder VORHER \u00fcberlegt wird? Warum werden die Familien mit Kindern und Frauen nicht in die N\u00e4he der K\u00fcche nebeneinander gelegt? Weshalb kann die Sozialarbeit im Haus nicht zu Beginn der gesetzlich verordneten Umlegung daf\u00fcr sorgen, dass sich die zusammengew\u00fcrfelten 70 Personen, sp\u00e4ter 173, kennen lernen und so ein Vertrauen zwischen Nachbarn verschiedener Nationen und Lebensgewohnheiten entsteht?<\/p>\n<p><strong>Darstellung und der Lebenswirklichkeit dieser Familie schreit zum Himmel<\/strong><\/p>\n<p><strong>Fazit:<\/strong> Dieser Bericht und das Foto auf der einen Seite \u2013 aber der Widerspruch zwischen der Darstellung und der Lebenswirklichkeit dieser Familie schreit zum Himmel. Grundgesetz Artikel 6 sagt klar und eindeutig: \u201eEhe und Familie stehen unter dem besonderen (!) Schutz der staatlichen Ordnung\u201c. Weshalb k\u00fcmmern sich so wenige Mitmenschen in dieser angeblich um Integration bem\u00fchten Gesellschaft um diese an den Rand gedr\u00e4ngten Menschen?<\/p>\n<p><strong>Link zu dem Artikel\u00a0&#8222;Entspannung auf breiter Linie&#8220; im Haller Tagblatt vom 22. Juni 2017:<\/strong><\/p>\n<p><a href=\"http:\/\/www.swp.de\/schwaebisch_hall\/lokales\/schwaebisch_hall\/entspannung-auf-breiter-linie-15280110.html\" target=\"_blank\" rel=\"noopener noreferrer\">http:\/\/www.swp.de\/schwaebisch_hall\/lokales\/schwaebisch_hall\/entspannung-auf-breiter-linie-15280110.html<\/a><\/p>\n<p><strong>Weitere Informationen im Internet \u00fcber den Freundeskreis Asyl Schw\u00e4bisch Hall und den Verein &#8222;Grenzenlose Freundschaft&#8220;:<\/strong><\/p>\n<p><a href=\"http:\/\/www.freundeskreis-asyl-sha.de\/\" target=\"_blank\" rel=\"noopener noreferrer\">http:\/\/www.freundeskreis-asyl-sha.de\/<\/a><\/p>\n<p><a href=\"http:\/\/www.freundeskreis-asyl-sha.de\/fluechtlingszeitung\/\" target=\"_blank\" rel=\"noopener noreferrer\">http:\/\/www.freundeskreis-asyl-sha.de\/fluechtlingszeitung\/<\/a><\/p>\n<div class=\"pdf24Plugin-cp\"> \t<form name=\"pdf24Form0\" method=\"post\" action=\"https:\/\/doc2pdf.pdf24.org\/wordpress.php\" target=\"pdf24PopWin\" onsubmit=\"var pdf24Win = window.open('about:blank', 'pdf24PopWin', 'resizable=yes,scrollbars=yes,width=600,height=250,left='+(screen.width\/2-300)+',top='+(screen.height\/3-125)+''); pdf24Win.focus(); if(typeof pdf24OnCreatePDF === 'function'){void(pdf24OnCreatePDF(this,pdf24Win));}\"> \t\t<input type=\"hidden\" name=\"blogCharset\" value=\"Cw1x07UAAA==\" \/><input type=\"hidden\" name=\"blogPosts\" value=\"MwQA\" \/><input type=\"hidden\" name=\"blogUrl\" value=\"yygpKSi20tcvLy\/Xy8jPSM3LARK6pXnpqWmZOSWpRSV6KakA\" \/><input type=\"hidden\" name=\"blogName\" value=\"88jPSM3LARK6pXnpqWmZOSWpRSUA\" \/><input type=\"hidden\" name=\"blogValueEncoding\" value=\"gzdeflate base64\" \/><input type=\"hidden\" name=\"postId_0\" value=\"MzIytjQAAA==\" \/><input type=\"hidden\" name=\"postTitle_0\" value=\"HU47CsJAEL3KgJBSJJWQSlATWwMWdmMyyQ5OZsN+LFJ5B6\/gMexyE0\/ixuo9eN9stc3zvNgzgbcToxCcCYXD\/A5gWAM5aEkBhyDcmMSuaCTB9\/mCgwY\/omrUHjSKZEvZpvhrdSCRJCiageBhFSpUD7s1lA6pgyk6uJAT6pc0saaho8yfxqQh7X2HA0t6hdFDiSytdR1waqhQJHlP2kYfHFNPN6YAtZUR3f0H\" \/><input type=\"hidden\" name=\"postLink_0\" value=\"yygpKSi20tcvLy\/Xy8jPSM3LARK6pXnpqWmZOSWpRSV6Kan69gW2RkbGlgYA\" \/><input type=\"hidden\" name=\"postAuthor_0\" value=\"S0zJzcwDAA==\" \/><input type=\"hidden\" name=\"postDateTime_0\" value=\"MzIwNNc1MNM1MlIwMrQyMLMyMgMA\" \/><input type=\"hidden\" name=\"postContent_0\" value=\"vVdLbhxHEt37FGEOMJAAsvkRNDJoigIJ8SOJpGzJkgBvjCx2VFWis7IamVkquFe+w2wNWwuewSut1DfxSfwisrr5aQ\/GGhiz6EZ35SciXrwXEbU33d+LKbS+2j+ynul1Yuc6X3lTN0yzrvn04ZvAMXLBwV7WiWxDp8Y5DvSdqQpnUqL3bUM7OyN63nlLO1vbj+if\/\/hqZ2fn6yOf4tR4j\/vIdCUVgW3CyTPrLeuera+pNgk3+kgHIzoJhktsjfT6su7nV4WNl7Xao4rxM1j44Yd9uwszT3Flb+oA781l\/Z5DbVyC74GMK4yXO9jTsWmss6yOjLmh4za19PtP\/\/70YWwivcWp+ZVL2I14PB0O4XZ+nHfaiCt7tiXwaSPZELicf4RRPx4tQsnuy85zmyoYG8NSvB3dOh0Hxq0cJ0AjYvkg\/uhW4h3RaQuvHb42AB+X1gE5YM1h\/ltZsk9O\/RvbuzmzHgFogs7mVzg52tscEry3Od3\/Yg8J52b\/9hmJ+I6Xdx3a28Sp5Q3DjYecEAxMjfFZAOzVsYLLYKq0YlyStQBXzD5vNTsv2pCY7v1Xat2nGdtqiDsjAAjPjB8Hk6JpUkTSIyzU89\/CeMg29ob5VdcIZExvPJAsgvUV4l\/X1YgF6hr9fezmH3GvwzojigZJzjSoOnj4vakdC8Jh1vWSPy8EHtEZW8Gg72DUg3tylSw+NQnfci8LV+CgOgG42ZUcVs1PWg9iyCHoccYO+NvLSTRu4Qz79dsQj+iZjwXHFqSCBk5NMG5Mpx0Uq1jke4plqsSx62ypxzT\/iN2VQchQ10EHd\/JzickUFSvZ1KvhXHZc\/HZyiibsPS8c4zBx86uQ1qnnCDEWiJCphIyqYEorPO5ZgYpg6uguq4QiN5VcW8nYLUR3V3j1skb1umjTwnEYRMJIjlZBTPKNCgD9IhsNzM+skXy+aaDrsWjnxFg3bkNJNQdsrEBVVD9gbm+CLNcXknIw18qjysCCn+jvBQs8YtCaQc+lOnk1GomFWY4LQfNdW\/to0wyPA+Np4JxYmC6QWEHirZHgpUqyFOiDALspRtEvS\/2iqM8PkaLJdXU7RBSQSlcpWX0WaOgAmkm29QsWWG8mM54mUwgKKIKORRWwjAClMBmfIB0kOAtziEwpwbVHhn2X1e\/FVtEiTAgTUanHHuIGNeCfVFSpw3YMMXOaJdKwszRQSH0p4A8XAQvfvtekeSlEjdYz8X3+K9ODbWlCz\/xYorFArbCc6N4zzbRG9+S+CrY2hVAsSSERH4LCLc0I\/2hmw8TQgy36tjNSPBoWnKvQwkak723T4C+ErM4hF0eRKlukHM6trE9BdsSyDjop53qR8Y1dGpng3dA5SrIXWncxY\/zUNKjlrXWcJFhx+2knnU7qlVQGPMiiMgUeg77zXwsTNPGivh6\/YytdkcDatKKlFxq4AwdfK9dRXiTfEpUqil5gbeDtaq3G+lEtVabTdKKlKj8PfBWRekwHxhHAmiyNLOpbvGNOkcs2jTREKLAVZN6+fHV69OrZyRHNfy4W7BO1KYYYHegGjuWg3xrMICcxP1EMwRiInRtsRQfAbingrH24NPjafrhF55rdnivhjnYAHSjaiDycZxvBJjvZvbYs6Cz7yBJvi1mk4L6DAockX0gK4YQXlutAgfBRuyCdXroaokHQEZXAhOzrK03uOlIKnyafkaEBr1yuAZZwLYyf0DsT0D6GmqpNLEPlqbFpQC+T6xi5FG\/zLJc3X8yv6lzqB+S8YAujRm2K1KsEI0MtX4KT\/TVakPJciLTmm6GbQ66sz5IG1JC8EENwacPYayt50+R8Ax4NNrahWqKlPVGszDokFQhX3GMTyrQcfbRF36AitF72xyn0BzPbjx6s50bkQY\/gBz1BlaJ3FLeUg5\/1w0h4gQINMXnxSvosAz7cc6FFZDh9JligDfQoHbWMr6AkxtrEdXqy0rhMiMNcpWcl9nweaZpI\/BOB6k4HFrXLY8iJTqXsuNWJbfh\/bGY2Xfc+YX+8MU+pTehLB9bcCQLl6vtaXFcWK+lk4Z1MLHEaOu1SAySy8HeFIbMkzufso3FBXuzoXxQxtNAExNHbWdjZJVvtwr1fUG4yTxe3AmjNhE4AqKDLHuzp3pf3pTt0uFxcRKE3i+nqJTgG93\/\/6efRNW\/nH6Wm+0wtsKJnb9HZMKuDXjl8u+yMMtUUbhjMbvSWxUiIzSfY6GRAM2UaxreIRikgenplZGTkcZAhXHafDzZWWIO3oYlOjIhuAOnTh895g\/orr2SrA9OeISSsfLxWpzTd3dzs+34U++lozJvwszess\/8PgM5tunaCMSmuLvC1fxvwb2Pwb8OJfxvbD3e+2tre3hrVqXFrlAz0nR6v\/QAf\/WQNXd49XvNtO1XVecwOmIgDh7X9\/5NLe5tmRWLvdDcj5WUbmkUlsJkDqCkpF1\/N8a03uT9\/jxsEpOVHqtCQ1xPwdyavdyBMviXTaEjpX8tWedP8hoH5DTBd0Pofsf7PF95C6rNcKV3Hw+tUxKtbQlr+fvf+zMjS5T8A\" \/> \t\t<a href=\"https:\/\/www.pdf24.org\" target=\"_blank\" title=\"www.pdf24.org\" rel=\"nofollow\"><img src=\"https:\/\/www.hohenlohe-ungefiltert.de\/wp-content\/plugins\/pdf24-post-to-pdf\/img\/pdf_32x32.png\" alt=\"\" border=\"0\" height=\"32\" \/><\/a> \t\t<span class=\"pdf24Plugin-cp-space\">&nbsp;&nbsp;<\/span> \t\t<span class=\"pdf24Plugin-cp-text\">Sende Artikel als PDF<\/span> \t\t<span class=\"pdf24Plugin-cp-space\">&nbsp;&nbsp;<\/span> \t\t<input class=\"pdf24Plugin-cp-input\" style=\"margin: 0px;\" type=\"text\" name=\"sendEmailTo\" placeholder=\"Emailadresse\" \/> \t\t<input class=\"pdf24Plugin-cp-submit\" style=\"margin: 0px;\" type=\"submit\" value=\"Senden\" \/> \t<\/form> <\/div>","protected":false},"excerpt":{"rendered":"<p>Eine Stellungnahme zum\u00a0Pressebericht im Haller Tagblatt vom 22. Juni 2017 &#8222;Entspannung auf breiter Linie&#8220; hat Hans A. Graef aus Schw\u00e4bisch Hall geschrieben. Graef: &#8222;Der wahre Sachverhalt zur albanischen Familie auf dem Foto \u2013\u00a0das Verh\u00e4ltnis von Bericht und Foto ist zweifellos irref\u00fchrend.&#8220; Graef ist Mitglied des Hans A. Graef, Freundeskreises Asyl Schw\u00e4bisch Hall. Hohenlohe-ungefiltert ver\u00f6ffentlicht die [&hellip;]<\/p>\n","protected":false},"author":1,"featured_media":0,"comment_status":"open","ping_status":"open","sticky":false,"template":"","format":"standard","meta":[],"categories":[1,9,10,6,2,8,5,3,7],"tags":[],"_links":{"self":[{"href":"https:\/\/www.hohenlohe-ungefiltert.de\/index.php?rest_route=\/wp\/v2\/posts\/22390"}],"collection":[{"href":"https:\/\/www.hohenlohe-ungefiltert.de\/index.php?rest_route=\/wp\/v2\/posts"}],"about":[{"href":"https:\/\/www.hohenlohe-ungefiltert.de\/index.php?rest_route=\/wp\/v2\/types\/post"}],"author":[{"embeddable":true,"href":"https:\/\/www.hohenlohe-ungefiltert.de\/index.php?rest_route=\/wp\/v2\/users\/1"}],"replies":[{"embeddable":true,"href":"https:\/\/www.hohenlohe-ungefiltert.de\/index.php?rest_route=%2Fwp%2Fv2%2Fcomments&post=22390"}],"version-history":[{"count":7,"href":"https:\/\/www.hohenlohe-ungefiltert.de\/index.php?rest_route=\/wp\/v2\/posts\/22390\/revisions"}],"predecessor-version":[{"id":22397,"href":"https:\/\/www.hohenlohe-ungefiltert.de\/index.php?rest_route=\/wp\/v2\/posts\/22390\/revisions\/22397"}],"wp:attachment":[{"href":"https:\/\/www.hohenlohe-ungefiltert.de\/index.php?rest_route=%2Fwp%2Fv2%2Fmedia&parent=22390"}],"wp:term":[{"taxonomy":"category","embeddable":true,"href":"https:\/\/www.hohenlohe-ungefiltert.de\/index.php?rest_route=%2Fwp%2Fv2%2Fcategories&post=22390"},{"taxonomy":"post_tag","embeddable":true,"href":"https:\/\/www.hohenlohe-ungefiltert.de\/index.php?rest_route=%2Fwp%2Fv2%2Ftags&post=22390"}],"curies":[{"name":"wp","href":"https:\/\/api.w.org\/{rel}","templated":true}]}}