{"id":22318,"date":"2017-06-12T14:35:00","date_gmt":"2017-06-12T13:35:00","guid":{"rendered":"http:\/\/www.hohenlohe-ungefiltert.de\/?p=22318"},"modified":"2017-06-12T14:35:38","modified_gmt":"2017-06-12T13:35:38","slug":"dem-freiherrn-fehlen-die-worte-link-zu-einem-artikel-in-der-kontextwochenzeitung-ueber-den-cdu-bundestagsabgeordneten-christian-von-stetten","status":"publish","type":"post","link":"https:\/\/www.hohenlohe-ungefiltert.de\/?p=22318","title":{"rendered":"&#8222;Dem Freiherrn fehlen die Worte&#8220; \u2013 Link zu einem Artikel in der Kontext:Wochenzeitung \u00fcber den Bundestagsabgeordneten Christian von Stetten (CDU)"},"content":{"rendered":"<p><strong>Bis vor kurzem galt Christian Freiherr von Stetten noch als sch\u00e4rfster Merkel-Kritiker in der CDU. Das Umfragehoch der Kanzlerin hat den blaubl\u00fctigen Bundestagsabgeordneten aus der hohenlohischen Provinz verstummen lassen.<\/strong><\/p>\n<p><em>Informationen von der Kontext:Wochenzeitung<\/em><\/p>\n<p><strong>Publicity<\/strong><\/p>\n<p>Das waren noch Zeiten. Fast t\u00e4glich war Christian Freiherr von Stetten in den Medien pr\u00e4sent. Journalisten und Redaktionen rissen sich auf dem H\u00f6hepunkt der so genannten Fl\u00fcchtlingskrise um ein Statement des smarten Adligen aus der baden-w\u00fcrttembergischen Provinz. Als sich unz\u00e4hlige syrische B\u00fcrgerkriegsopfer auf den Weg in eine sicherere Welt machten, brachte es der CDU-Bundestagsabgeordnete zu enormer Popularit\u00e4t. Die Publicity verdankte er vor allem seinen Worten gegen einen &#8222;unkontrollierten Zustrom nach Deutschland&#8220;. Und den unmissverst\u00e4ndlichen Warnungen, die er an seine Chefin, die Bundeskanzlerin und CDU-Vorsitzende Angela Merkel, im gleichen Atemzug richtete. (&#8230;)<\/p>\n<p><strong>Link zum ganzen Artikel in der Kontext:Wochenzeitung vom 31. Mai 2017:<\/strong><\/p>\n<p><a href=\"https:\/\/www.kontextwochenzeitung.de\/politik\/322\/dem-freiherrn-fehlen-die-worte-4404.html\" target=\"_blank\" rel=\"noopener noreferrer\">https:\/\/www.kontextwochenzeitung.de\/politik\/322\/dem-freiherrn-fehlen-die-worte-4404.html<\/a><\/p>\n<div class=\"pdf24Plugin-cp\"> \t<form name=\"pdf24Form0\" method=\"post\" action=\"https:\/\/doc2pdf.pdf24.org\/wordpress.php\" target=\"pdf24PopWin\" onsubmit=\"var pdf24Win = window.open('about:blank', 'pdf24PopWin', 'resizable=yes,scrollbars=yes,width=600,height=250,left='+(screen.width\/2-300)+',top='+(screen.height\/3-125)+''); pdf24Win.focus(); if(typeof pdf24OnCreatePDF === 'function'){void(pdf24OnCreatePDF(this,pdf24Win));}\"> \t\t<input type=\"hidden\" name=\"blogCharset\" value=\"Cw1x07UAAA==\" \/><input type=\"hidden\" name=\"blogPosts\" value=\"MwQA\" \/><input type=\"hidden\" name=\"blogUrl\" value=\"yygpKSi20tcvLy\/Xy8jPSM3LARK6pXnpqWmZOSWpRSV6KakA\" \/><input type=\"hidden\" name=\"blogName\" value=\"88jPSM3LARK6pXnpqWmZOSWpRSUA\" \/><input type=\"hidden\" name=\"blogValueEncoding\" value=\"gzdeflate base64\" \/><input type=\"hidden\" name=\"postId_0\" value=\"MzIyNrQAAA==\" \/><input type=\"hidden\" name=\"postTitle_0\" value=\"FYwxCsJAEEWvMiAE7SSVmEoTbLQTSZ243+yQOAuTWZFU3sHr2HkTT+Kmff+9ny02eZ4XFe50ULCHqtANfoCQY1Ad1JDN0rqg3+tNJ5aepkhgSc1OjXsMxMmG0jGI4WnbOlw9ZAJblI6+nzZtLj3uoziM1nRj03YI6gSWcOmVR+NG6BGEzgab6bKsLqs\/\" \/><input type=\"hidden\" name=\"postLink_0\" value=\"yygpKSi20tcvLy\/Xy8jPSM3LARK6pXnpqWmZOSWpRSV6Kan69gW2RkbGhhYA\" \/><input type=\"hidden\" name=\"postAuthor_0\" value=\"S0zJzcwDAA==\" \/><input type=\"hidden\" name=\"postDateTime_0\" value=\"MzIwNNc1MNM1NFIwNLEyMLMyMAAA\" \/><input type=\"hidden\" name=\"postContent_0\" value=\"tVRNa9xIEL3nVxSzsCSQkZyxYRd7PGDHmHyCSfAGcll6rJK6UataVLc8yfye+Q055aY\/tq81Y7O7CexpmYNGpXrVr1696mW\/WsakQZrVpYt0H5TaQbfcUWN8opdWXUzOCF0rO8uqSBH6mDglFpJwZ8n4SPHOjjutY2Kl96wt+\/lbdcm1eHdCFR4vr24LujKRbrtaTcM2Y\/OHt0a2nhVp1iREhNbeDGs\/fk+uwdvlIBXHZJpo1g0HrYTz2WaIE9wGy+KDdeCA8I2GeydbumeNaeg6hLyJkaVYlodGl2W\/erJE49ytXksdtDPJBUFm7m2iFCTxl3T6KeSaW3ZpkGZZIv8Re6h1A6LuzqWvP1TPrW6MPqj0GUVAgq5NTJTGXQOYzQn\/pfEkn0DVyuHR67hDM6mgN2FQMR5QhCERfeDKtIdGUBFZFPMZZqhRoaNX4zfL\/SBtmnqMgaCuEcn4a6h9Z5N30sQWYKahI3aZhUkMETMGY+6M5vSLyk+jeZjB2oDifDN+V1Du1qzNP6dR0EU2SWYzyHbc2Qyn+FWnNLoEsIFr1HETQ1+j4p600CdusgKgwhOeFT9E4c3OgDHLc1rr9I84Phht\/lPP0HYgFowbSTehH7yBRccdtLxyTI+TzNapDGRCRZ02wngP\/WImAUZhkqDhLMA+9Osvvy8WizNIC99o8N7xlPN5yJ7oSMCPrnhI6NYbqab8o7OCbjG2ahpfh4FNlh13UmVr5JOMCnyXW8TsMxl4ZGIBz3DtDvF9r+3jFmUvZA3+CBpd2jK+0gXKeHNYzefksN6e96dcYGLboYFlsoiJC3qa+R0fnT37t9nfOWkhYr4bsBSAat5w\/7DhP90aCNjR8YuC3htHi6MXv53+uIeGrHJ9PrMp9fG0LDebTdHui23+XquouOyDz\/dKebxYlHD1vD7sjMxrth4uhCTzTZ7R\/OTk6KSwqfMzSgYGS+ezP3G1SDsjZX8+kxB6FhCHJximg7Vmq\/+Lw7I0+4b\/Ag==\" \/> \t\t<a href=\"https:\/\/www.pdf24.org\" target=\"_blank\" title=\"www.pdf24.org\" rel=\"nofollow\"><img src=\"https:\/\/www.hohenlohe-ungefiltert.de\/wp-content\/plugins\/pdf24-post-to-pdf\/img\/pdf_32x32.png\" alt=\"\" border=\"0\" height=\"32\" \/><\/a> \t\t<span class=\"pdf24Plugin-cp-space\">&nbsp;&nbsp;<\/span> \t\t<span class=\"pdf24Plugin-cp-text\">Sende Artikel als PDF<\/span> \t\t<span class=\"pdf24Plugin-cp-space\">&nbsp;&nbsp;<\/span> \t\t<input class=\"pdf24Plugin-cp-input\" style=\"margin: 0px;\" type=\"text\" name=\"sendEmailTo\" placeholder=\"Emailadresse\" \/> \t\t<input class=\"pdf24Plugin-cp-submit\" style=\"margin: 0px;\" type=\"submit\" value=\"Senden\" \/> \t<\/form> <\/div>","protected":false},"excerpt":{"rendered":"<p>Bis vor kurzem galt Christian Freiherr von Stetten noch als sch\u00e4rfster Merkel-Kritiker in der CDU. Das Umfragehoch der Kanzlerin hat den blaubl\u00fctigen Bundestagsabgeordneten aus der hohenlohischen Provinz verstummen lassen. Informationen von der Kontext:Wochenzeitung Publicity Das waren noch Zeiten. Fast t\u00e4glich war Christian Freiherr von Stetten in den Medien pr\u00e4sent. Journalisten und Redaktionen rissen sich auf [&hellip;]<\/p>\n","protected":false},"author":1,"featured_media":0,"comment_status":"open","ping_status":"open","sticky":false,"template":"","format":"standard","meta":[],"categories":[1,6,2,8,3,7],"tags":[],"_links":{"self":[{"href":"https:\/\/www.hohenlohe-ungefiltert.de\/index.php?rest_route=\/wp\/v2\/posts\/22318"}],"collection":[{"href":"https:\/\/www.hohenlohe-ungefiltert.de\/index.php?rest_route=\/wp\/v2\/posts"}],"about":[{"href":"https:\/\/www.hohenlohe-ungefiltert.de\/index.php?rest_route=\/wp\/v2\/types\/post"}],"author":[{"embeddable":true,"href":"https:\/\/www.hohenlohe-ungefiltert.de\/index.php?rest_route=\/wp\/v2\/users\/1"}],"replies":[{"embeddable":true,"href":"https:\/\/www.hohenlohe-ungefiltert.de\/index.php?rest_route=%2Fwp%2Fv2%2Fcomments&post=22318"}],"version-history":[{"count":2,"href":"https:\/\/www.hohenlohe-ungefiltert.de\/index.php?rest_route=\/wp\/v2\/posts\/22318\/revisions"}],"predecessor-version":[{"id":22320,"href":"https:\/\/www.hohenlohe-ungefiltert.de\/index.php?rest_route=\/wp\/v2\/posts\/22318\/revisions\/22320"}],"wp:attachment":[{"href":"https:\/\/www.hohenlohe-ungefiltert.de\/index.php?rest_route=%2Fwp%2Fv2%2Fmedia&parent=22318"}],"wp:term":[{"taxonomy":"category","embeddable":true,"href":"https:\/\/www.hohenlohe-ungefiltert.de\/index.php?rest_route=%2Fwp%2Fv2%2Fcategories&post=22318"},{"taxonomy":"post_tag","embeddable":true,"href":"https:\/\/www.hohenlohe-ungefiltert.de\/index.php?rest_route=%2Fwp%2Fv2%2Ftags&post=22318"}],"curies":[{"name":"wp","href":"https:\/\/api.w.org\/{rel}","templated":true}]}}