{"id":22296,"date":"2017-06-03T14:10:24","date_gmt":"2017-06-03T13:10:24","guid":{"rendered":"http:\/\/www.hohenlohe-ungefiltert.de\/?p=22296"},"modified":"2017-06-03T14:11:12","modified_gmt":"2017-06-03T13:11:12","slug":"die-sozialtherapeutischen-gemeinschaften-weckelweiler-befinden-sich-weiterhin-in-stuermischem-gewaesser-heftige-kritik-am-vereinsvorstand-gab-es-bei-der-mitgliederversammlung","status":"publish","type":"post","link":"https:\/\/www.hohenlohe-ungefiltert.de\/?p=22296","title":{"rendered":"&#8222;Sozialtherapeutische Gemeinschaften Weckelweiler befinden sich weiter in st\u00fcrmischem Gew\u00e4sser&#8220; \u2013 Heftige Kritik am Vereinsvorstand gab es bei der Mitgliederversammlung"},"content":{"rendered":"<p><strong>Die Sozialtherapeutischen Gemeinschaften Weckelweiler e.V. befinden sich weiterhin in st\u00fcrmischem Gew\u00e4sser. Bei einer Bilanzsumme von rund 23,5 Millionen Euro betrug das Jahresergebnis 2016 Minus 1,72 Millionen Euro. (2015: Minus 1,39 Millionen Euro). Das Anlageverm\u00f6gen bel\u00e4uft sich auf 17,49 Millionen Euro. Fl\u00fcssige Mittel: 3,9 Millionen Euro. Bei der Mitgliederversammlung Ende Mai 2017 waren nur drei von sieben Mitgliedern des neuen Aufsichtsrats dabei. Die Tagesordnung wurde wegen des \u2013 durch die Vereinsf\u00fchrung \u2013 selbst verschuldeten Zeitmangels durchgehechelt.<\/strong><\/p>\n<p><em>Von Ralf Garmatter, Hohenlohe-ungefiltert, seit M\u00e4rz 2017 Mitglied des Vereins\u00a0Sozialtherapeutische Gemeinschaften Weckelweiler<\/em><\/p>\n<p><strong>Laden erwirtschaftete ein Minus<\/strong><\/p>\n<p>Grund f\u00fcr die seit drei Jahren negativen Zahlen sind nach Angaben von Wirtschaftspr\u00fcfer Felix Wannenwetsch vor allem &#8222;erhebliche Instandsetzungskosten und r\u00fcckl\u00e4ufige Belegungszahlen&#8220;. Das noch gesch\u00e4ftsf\u00fchrende Vorstandsmitglied Stephan Jaletzke berichtete, dass der von der Heimaufsicht erwirkte Aufnahmestopp noch immer gilt. Laut Wirtschaftspr\u00fcfer Wannenwetsch lagen die \u00a0Mitarbeiterkosten im Wohnbereich 2016 bei rund neun Millionen Euro, in den Werkst\u00e4tten bei etwa 5,8 Millionen Euro. Die Verkaufserl\u00f6se der Werkst\u00e4tten betrugen rund 1,3 Millionen Euro. Ab 1. Juni 2017 sollen Waren aus Weckelweiler auch \u00fcbers Internet verkauft werden. Der Laden in Weckelweiler habe im vergangenen Jahr ein Defizit erwirtschaftet. Eine Projektgruppe soll sich darum k\u00fcmmern, dass dies k\u00fcnftig anders wird.<\/p>\n<p><strong>Keine R\u00fcckendeckung f\u00fcr alten Vorstand<\/strong><\/p>\n<p>Einen kurzen Vorstandsbericht des Zeitraums 1. Januar bis 31. Mai 2016 erstattete das damalige Vorstandsmitglied Axel Rudolph. Er sprach von einer damals &#8222;fehlenden Gesamtstrategie&#8220; f\u00fcr die Einrichtung. &#8222;Wir bekamen keine R\u00fcckendeckung von den Mitgliedern&#8220;, nannte Rudolph den Grund weshalb er und die ehemaligen Vorstandsmitglieder Frau Freiberg, Frau Keck, Herr Kuhn und Manfred Schaffarczyk 2016 peu a peu ihre \u00c4mter niederlegten. In einer der letztj\u00e4hrigen Mitgliederversammlungen habe der alte Vorstand nur noch 33 Ja-Stimmen und 78 Nein-Stimmen erhalten.<\/p>\n<p><strong>Zu wenige Nachtwachen<\/strong><\/p>\n<p>Von aktuell noch immer nicht gel\u00f6sten Personalproblemen bei den Nachtwachen und Problemen im Dokumentationswesen der Pflege- und Begleitplanung, sprach Stephan Jaletzke in seinem Vorstandsbericht \u00fcber den Zeitraum von 23. Juli bis 31. Dezember 2016.<\/p>\n<p><strong>Kritik aus den Reihen der Vereinsmitglieder gab es unter anderem zu verschiedenen Punkten:<\/strong><\/p>\n<ol>\n<li>Die Schlie\u00dfung der W\u00e4scherei sei keine Forderung der Heimaufsicht gewesen, kritisierte ein Mitglied. Die W\u00e4schereinigung funktioniere seither nicht mehr richtig.<\/li>\n<li>Mehrere Mitglieder \u00fcbten scharfe Kritik an der \u00fcbereilten Schlie\u00dfung der gut funktionierenden Zimmerei mit S\u00e4gewerk. Dadurch habe Weckelweiler ein Alleinstellungsmerkmal in der Werkst\u00e4ttenarbeit f\u00fcr behinderte Menschen verloren. Stattdessen w\u00fcrde Weckelweiler jetzt verst\u00e4rkt mit anderen sozialen Einrichtungen um Industrie-Montageauftr\u00e4ge buhlen. Stephan Jaletzke betonte daraufhin, dass die Zimmerei nur &#8222;vor\u00fcbergehend geschlossen&#8220; ist. Dies halten viele Mitglieder f\u00fcr unglaubw\u00fcrdig. Auch den Grund f\u00fcr die Schlie\u00dfung halten viele f\u00fcr vorgeschoben. &#8222;Wir haben so schnell keinen Ersatz f\u00fcr Herrn K\u00e4mmlein gefunden&#8220;, sagte Jaletzke. Fritz K\u00e4mmlein war 33 Jahre lang Werkstattleiter der Zimmerei. Er geht im Sommer in den Ruhestand.<\/li>\n<li>Hohenlohe-ungefiltert kennt mehrere Zimmerei-Fachleute, die Interesse an einer Weiterf\u00fchrung der Zimmerei und des S\u00e4gewerks bekundet hatten.<\/li>\n<li>Ein Mitglied betonte: &#8222;Der soziale Erfolg ist wichtiger als allein der wirtschaftliche Erfolg.&#8220;<\/li>\n<\/ol>\n<div class=\"pdf24Plugin-cp\"> \t<form name=\"pdf24Form0\" method=\"post\" action=\"https:\/\/doc2pdf.pdf24.org\/wordpress.php\" target=\"pdf24PopWin\" onsubmit=\"var pdf24Win = window.open('about:blank', 'pdf24PopWin', 'resizable=yes,scrollbars=yes,width=600,height=250,left='+(screen.width\/2-300)+',top='+(screen.height\/3-125)+''); pdf24Win.focus(); if(typeof pdf24OnCreatePDF === 'function'){void(pdf24OnCreatePDF(this,pdf24Win));}\"> \t\t<input type=\"hidden\" name=\"blogCharset\" value=\"Cw1x07UAAA==\" \/><input type=\"hidden\" name=\"blogPosts\" value=\"MwQA\" \/><input type=\"hidden\" name=\"blogUrl\" value=\"yygpKSi20tcvLy\/Xy8jPSM3LARK6pXnpqWmZOSWpRSV6KakA\" \/><input type=\"hidden\" name=\"blogName\" value=\"88jPSM3LARK6pXnpqWmZOSWpRSUA\" \/><input type=\"hidden\" name=\"blogValueEncoding\" value=\"gzdeflate base64\" \/><input type=\"hidden\" name=\"postId_0\" value=\"MzIysjQDAA==\" \/><input type=\"hidden\" name=\"postTitle_0\" value=\"HY1BCsJAEAS\/MiB4lpyEPEBBPAl63iSdzZDdjcxOEvDkH\/yCz\/CWn\/gSJ966C7pru9kXRVFehge7oB3E3TEq57oDHRDByaJrFYluqHuEGRwgVKHl1BjNXHdkUA2yVV0+Ev\/7aAfz8s4Zsl0tu5K+zxcd0Sp70ElYuScX6QpZPdMgWV1qyLuKkE3B1NjrmdUHhsUJkl2MYUz+Bw==\" \/><input type=\"hidden\" name=\"postLink_0\" value=\"yygpKSi20tcvLy\/Xy8jPSM3LARK6pXnpqWmZOSWpRSV6Kan69gW2RkZGlmYA\" \/><input type=\"hidden\" name=\"postAuthor_0\" value=\"S0zJzcwDAA==\" \/><input type=\"hidden\" name=\"postDateTime_0\" value=\"MzIwNNc1MNM1MFYwNLEyMLMyMgEA\" \/><input type=\"hidden\" name=\"postContent_0\" value=\"fVdLbhtHEN3nFA0ECBKAom0p\/gsGZMh2\/JEhSIEFeNfDKc60p6eH6I\/pcJVFbpADxAudwSutPDfJSfKqeoaiSCGATZHD\/lS9eu9V8XDx7DBE37nq2bEhdd6tjLaxJq8XlKIJs5qcekUtGYf3eh7x8YJmDdklGUte0fTDVBU0N67EV8HMaoVvIvnaOIV\/IfZXvpWDWhy07C9DID9Vz8koHIoTnhur3SqktiX1uXPKJ1eq\/YPJfXVirDWdw7kvku9wS\/SpUqUO6o2uPeGcigpngtq\/e+8BVrsU1L3Jw\/2tjVP1Mxbcf7JecfB4a8UvU3WMU4+c1RV9Jt\/23yp8VZDtL9M85rR0mqt7Dye\/Pt45\/qXtr0IwFeGbGMk+UQeT3VWccYl8saayhvAWNwXdtja5Sr0AfupEG87loVpqj30ueVV6bGNYgqECz653O5wWlKOEp0dpzjHG4HUMQKggg5RQ0N+RUOh86fiOZfK4ZEmcG+\/998+\/VZk8ciux9AN5rvK8v6o9r+ZvA9kiRMWBzupkS+L6f0R9W+0qsiFvr6gm1NfG6eGdgUyHdxbPfjgEuah99gHRn2k7V6+0bzUA8hP1WwdiWbzs4Sqwx+JpnOA+E9VJf+lXGYcxWwl3CPD719tY+n8kPbyDKNYRDRG+00xY8kvj47ArElMy02Qnk1fCS6DjBS2JVIojXESxqNLRfGZ8dG1FC1jvNNA9cpXm2nEZL9bXhYXvr+YgxEuy5ou60A5cWRJ\/i5VeaWshmZ9+fLS\/v\/8UeqLCGk70tQtRuzJQXAG70HSB8+XgcN6sEcoyF5+TpYpXrCQeOeju08x01+ESMGNW95eIRGpOzMAPnc+ntyPy55EWtXZI0+LGhqAKz1QDWhPWYhBSc2r89zcyrR7ImMFtgCro6XTdUojdYpEvN5C7VxUKP1XvdIq3AXMDEpamE+i\/fwUttC\/EZob0TasuutoVTBEsFkPAgmwm0IjbkuOEvakUnvgGHnUZowgephSXWt2fPNrR73HWSMPpkbf9t0CS8tYJ7FE0uBisZueYo0Ldm6o3yQ1SD51ltlyI4jX86Ya96oRs+ivkFVB45OtI5MhRREgZgnYIDSszn82WPdcgHoODLRVLluNgwgrRjyG8lYlbIpiqF\/Bldeq7T9TEyqfFgiTKbIOl9qlVTX\/FBXQjBQz0iWduHk2lwB+OF4eW023ZvWXTV2fMVCbcrGGrEVVB0QhuJOCO\/jgop5rkVxurwkBG8Qf2Ja9TGwRg7ZL2qkB3OMDHwVkfIFdsjKJ1biSlbrVltewS\/+gLWXWWys4uamDiFXipRZtu6FyyOYwSnRPLrJR+CVuPiF9HqgwNyrv2DqQiUSP16bgb9Ad5Gt1ykrdhlBV2owEMB0\/gMg7cGIOVZdmulhRqbQtkLQbBl8Orc8puN2c2IyCIFzJAtprkj28RAiybvFdvU5295kS7uWd7YNbMtZ+t\/mgywrBkpeXVwFRU\/1cL2ionx8ORIhP29RpC\/GdfiZ\/6y9pLVLf2RzwXKvN6Jso6dmmS4igHByj63nlkZ8kxPnyk3uOa9TOYqJBsh5QfE5ByTIP3qDAMgMeeHQZyH9NNTAQpbHiYEwKiG8IRmMGniLpz2i58V8DBB1vhmmwcLvGdrldAocddk\/AW5IRbBBSOsqOezgEa7cmG51RZkHyBgQmYTEZG7lg0z12Mb7srFPESiWaUizBr\/4A9yZq1YI5pRS0v5ZruqtibaBqxKz7qjEw9hDs06Q1GofcpqDOxe2VrQFyrNAwVvIaFfZocOoV7soV6Z\/FiTR5OZzWO7P9hNYjxYpYEltyDke2gmpcYdsiPS260o4oE1YlqOHrMU37d8HOw2eOvjwUjxJ04NBQFG3Lfr9dVbwlWKsCaCiAhUIn2BI958TWVGXcmB5usn5MaAcygSVHIiAFuZ1mhN25GIA7zUaiHpIGzOu8vOTXfcG\/P85xo5eacjjyP0GlQG0yoLKmAExpYQe6EN\/tY7q7ZsQqqebhnsE7I5V8EqJ3tPCv5nN0U7st0XWJ5uXXvJxa31BpHYxiQiDMLgIYMctwarx2RtdHCIMoEIhjaO+mgiYq433lOVBWJfXZ622ASOye+DlrPEfR1c7oGjO1isFwMWQI8j68Ql4xDtuNMRsc2IQongsrGoT4bDFWbZRWEELXVqZD0wQOMO7NNE177\/mZpbxwoKxCOhNAVnN1GW6hleAwdk8ex+QjTARrcMa7yZjZnp972l7BLLjVm6sRMWbeIoOG8a6zwmwUEXG1swC+O7KDs2fCXauADqmtl0BKOjDBKPwRukZ3rvBMfHAaqs1STWM6GHm6d9pEGupZIiLUyHr33EpZmMdbzeGkoTz3MLxZLbhoXEtD6h8pmYLnNoWBrUQRuq4xFBJAxu\/8Y14sN8Y\/0eTJCz0PVQFBkO+9sxXzAVCNqlz4UZEgf9HM9Q+U5Pe+ZDhUYLr3DhvYf\" \/> \t\t<a href=\"https:\/\/www.pdf24.org\" target=\"_blank\" title=\"www.pdf24.org\" rel=\"nofollow\"><img src=\"https:\/\/www.hohenlohe-ungefiltert.de\/wp-content\/plugins\/pdf24-post-to-pdf\/img\/pdf_32x32.png\" alt=\"\" border=\"0\" height=\"32\" \/><\/a> \t\t<span class=\"pdf24Plugin-cp-space\">&nbsp;&nbsp;<\/span> \t\t<span class=\"pdf24Plugin-cp-text\">Sende Artikel als PDF<\/span> \t\t<span class=\"pdf24Plugin-cp-space\">&nbsp;&nbsp;<\/span> \t\t<input class=\"pdf24Plugin-cp-input\" style=\"margin: 0px;\" type=\"text\" name=\"sendEmailTo\" placeholder=\"Emailadresse\" \/> \t\t<input class=\"pdf24Plugin-cp-submit\" style=\"margin: 0px;\" type=\"submit\" value=\"Senden\" \/> \t<\/form> <\/div>","protected":false},"excerpt":{"rendered":"<p>Die Sozialtherapeutischen Gemeinschaften Weckelweiler e.V. befinden sich weiterhin in st\u00fcrmischem Gew\u00e4sser. Bei einer Bilanzsumme von rund 23,5 Millionen Euro betrug das Jahresergebnis 2016 Minus 1,72 Millionen Euro. (2015: Minus 1,39 Millionen Euro). Das Anlageverm\u00f6gen bel\u00e4uft sich auf 17,49 Millionen Euro. Fl\u00fcssige Mittel: 3,9 Millionen Euro. Bei der Mitgliederversammlung Ende Mai 2017 waren nur drei von [&hellip;]<\/p>\n","protected":false},"author":1,"featured_media":0,"comment_status":"open","ping_status":"open","sticky":false,"template":"","format":"standard","meta":[],"categories":[1,9,2,8,3],"tags":[],"_links":{"self":[{"href":"https:\/\/www.hohenlohe-ungefiltert.de\/index.php?rest_route=\/wp\/v2\/posts\/22296"}],"collection":[{"href":"https:\/\/www.hohenlohe-ungefiltert.de\/index.php?rest_route=\/wp\/v2\/posts"}],"about":[{"href":"https:\/\/www.hohenlohe-ungefiltert.de\/index.php?rest_route=\/wp\/v2\/types\/post"}],"author":[{"embeddable":true,"href":"https:\/\/www.hohenlohe-ungefiltert.de\/index.php?rest_route=\/wp\/v2\/users\/1"}],"replies":[{"embeddable":true,"href":"https:\/\/www.hohenlohe-ungefiltert.de\/index.php?rest_route=%2Fwp%2Fv2%2Fcomments&post=22296"}],"version-history":[{"count":8,"href":"https:\/\/www.hohenlohe-ungefiltert.de\/index.php?rest_route=\/wp\/v2\/posts\/22296\/revisions"}],"predecessor-version":[{"id":22304,"href":"https:\/\/www.hohenlohe-ungefiltert.de\/index.php?rest_route=\/wp\/v2\/posts\/22296\/revisions\/22304"}],"wp:attachment":[{"href":"https:\/\/www.hohenlohe-ungefiltert.de\/index.php?rest_route=%2Fwp%2Fv2%2Fmedia&parent=22296"}],"wp:term":[{"taxonomy":"category","embeddable":true,"href":"https:\/\/www.hohenlohe-ungefiltert.de\/index.php?rest_route=%2Fwp%2Fv2%2Fcategories&post=22296"},{"taxonomy":"post_tag","embeddable":true,"href":"https:\/\/www.hohenlohe-ungefiltert.de\/index.php?rest_route=%2Fwp%2Fv2%2Ftags&post=22296"}],"curies":[{"name":"wp","href":"https:\/\/api.w.org\/{rel}","templated":true}]}}