{"id":22291,"date":"2017-06-03T13:09:37","date_gmt":"2017-06-03T12:09:37","guid":{"rendered":"http:\/\/www.hohenlohe-ungefiltert.de\/?p=22291"},"modified":"2017-06-03T13:09:57","modified_gmt":"2017-06-03T12:09:57","slug":"quo-vadis-sozialtherapeutische-gemeinschaften-weckelweiler-leserbrief-eines-mitglieds-des-traegervereins","status":"publish","type":"post","link":"https:\/\/www.hohenlohe-ungefiltert.de\/?p=22291","title":{"rendered":"&#8222;Quo vadis, Sozialtherapeutische Gemeinschaften Weckelweiler?&#8220; \u2013 Leserbrief eines Mitglieds des Tr\u00e4gervereins"},"content":{"rendered":"<p><strong>&#8222;Quo vadis, Sozialtherapeutische Gemeinschaften Weckelweiler ?&#8220;, schreibt Jupp Schmitz (Pseudonym) als \u00dcberschrift seines Leserbriefs. Der Mann ist Mitglied des Tr\u00e4gervereins der Sozialeinrichtung f\u00fcr Menschen mit Behinderung.\u00a0Hat der gesch\u00e4ftsf\u00fchrende Vorstand noch das Vertrauen der Mitglieder des Tr\u00e4gervereins? Sind die Mitglieder denn nun \u00fcberfl\u00fcssig, nach der neuen Satzung? Wie sieht die Zukunftskonzeption aus? Werden auch Behinderte entlassen?<\/strong><\/p>\n<p><em>Leserbrief von Jupp Schmitz (Pseudonym), Mitglied des Tr\u00e4gervereins der Sozialtherapeutischen Gemeinschaften Weckelweiler<\/em><\/p>\n<p><strong>Offen, wer die au\u00dferordentlichen Versammlungen verlangt hat<\/strong><\/p>\n<p>Am Samstag, 27. Mai 2017 fand die ordentliche Mitgliederversammlung des Tr\u00e4gervereines statt. Bis zu diesem Zeitpunkt hatte eine nach der anderen au\u00dferordentlichen Mitgliederversammlungen stattgefunden. Bis heute ist noch nicht gekl\u00e4rt, ob die Mitglieder diese verlangt haben oder die Vorst\u00e4nde. Es waren die Vorst\u00e4nde, die einem Anwaltskanzlei den Auftrag gaben, eine Satzung mit Aufsichtsrat auszuarbeiten.\u00a0Die so genannte neue Satzung wurde am 11. Mai 2017 beim Registergericht eingetragen und der Aufsichtsrat \u2013 Vorsitzender Herr Dieter Einh\u00e4user \u2013 hat die beiden Vorst\u00e4nde Adalbert Wruck und Stephan Jaletzke am 6. Mai 2017 in ihren \u00c4mtern best\u00e4tigt.<\/p>\n<p><strong>Die Herren Vorst\u00e4nde sind noch aus der &#8222;alten&#8220; Zeit<\/strong><\/p>\n<p>Zu der ordentlichen Mitgliederversammlung waren auch drei Aufsichtsr\u00e4te vor Ort und Herr Willms leitete die Versammlung. Herr Dieter Einh\u00e4user und sein Stellvertreter Herr Nikolaos Sakellariou waren leider terminlich verhindert. Herr Willms\u00a0schwor die Mitglieder auf die neue Satzung ein. Er sprach von einer \u201ealten\u201c Zeit und von der nun vor den Mitgliedern liegenden \u201eneuen\u201c Zeit. Dabei verga\u00df er zu erw\u00e4hnen, dass die Herren Vorst\u00e4nde noch aus der alten Zeit waren und\u00a0 die Mitglieder weitaus weniger Rechte haben, als nach der alten Satzung.<\/p>\n<p><strong>Schwere Bedenken gegen die Vorst\u00e4nde<\/strong><\/p>\n<p>Die Mitglieder konnten nach der alten Satzung den Vorstand entlasten oder nicht. Nun entlastet der Aufsichtsrat oder nicht. Der Aufsichtsrat hat ja auch die jetzigen Vorst\u00e4nde best\u00e4tigt, obwohl von einzelnen Mitgliedern schwere Bedenken ge\u00e4u\u00dfert wurden.\u00a0In der neuen Satzung ist keine Rede von den anthroposophischen Grundregularien. Aber es waren ja die jetzt gesch\u00e4ftsf\u00fchrenden Vorst\u00e4nde, welche dies mit dem Anwaltsb\u00fcro so besprochen hatten.<\/p>\n<p><strong>D\u00fcrfen Schwerbehinderte ordentlich gek\u00fcndigt werden?<\/strong><\/p>\n<p>Geht Weckelweiler nun neue Wege? Wenn man den Ger\u00fcchten Glauben schenken darf, so sind bereits beim Kommunalverband f\u00fcr Jugend und Soziales, Baden W\u00fcrttemberg, anwaltliche Schreiben eingegangen, mit der Bitte zu \u00fcberpr\u00fcfen, ob der Arbeitgeber \u201eSozialtherapeuthischen Gemeinschaften Weckelweiler e.V.\u201c Schwerbehinderte ordentlich k\u00fcndigen darf, da Arbeitspl\u00e4tze durch Schlie\u00dfungen weggefallen seien. Und vom Betriebsrat w\u00fcrde dies nun bef\u00fcrwortet, so h\u00f6rt man.<\/p>\n<div class=\"pdf24Plugin-cp\"> \t<form name=\"pdf24Form0\" method=\"post\" action=\"https:\/\/doc2pdf.pdf24.org\/wordpress.php\" target=\"pdf24PopWin\" onsubmit=\"var pdf24Win = window.open('about:blank', 'pdf24PopWin', 'resizable=yes,scrollbars=yes,width=600,height=250,left='+(screen.width\/2-300)+',top='+(screen.height\/3-125)+''); pdf24Win.focus(); if(typeof pdf24OnCreatePDF === 'function'){void(pdf24OnCreatePDF(this,pdf24Win));}\"> \t\t<input type=\"hidden\" name=\"blogCharset\" value=\"Cw1x07UAAA==\" \/><input type=\"hidden\" name=\"blogPosts\" value=\"MwQA\" \/><input type=\"hidden\" name=\"blogUrl\" value=\"yygpKSi20tcvLy\/Xy8jPSM3LARK6pXnpqWmZOSWpRSV6KakA\" \/><input type=\"hidden\" name=\"blogName\" value=\"88jPSM3LARK6pXnpqWmZOSWpRSUA\" \/><input type=\"hidden\" name=\"blogValueEncoding\" value=\"gzdeflate base64\" \/><input type=\"hidden\" name=\"postId_0\" value=\"MzIysjQEAA==\" \/><input type=\"hidden\" name=\"postTitle_0\" value=\"U1O2MDIysg4szVcoS0zJLNZRCM6vykzMKclILUosSC0tySxOzkhVcE\/NTc3MAzIT00pS8xTCU5OzU3PKUzNzUovs1UBGGFgrPGqYrOCTWpxalFSUmZqmAFSfWqzgm1mSnpOZmlKskALkhRQdXpKeWlSWWgQyDQA=\" \/><input type=\"hidden\" name=\"postLink_0\" value=\"yygpKSi20tcvLy\/Xy8jPSM3LARK6pXnpqWmZOSWpRSV6Kan69gW2RkZGloYA\" \/><input type=\"hidden\" name=\"postAuthor_0\" value=\"S0zJzcwDAA==\" \/><input type=\"hidden\" name=\"postDateTime_0\" value=\"MzIwNNc1MNM1MFYwNLYyMLMyNgcA\" \/><input type=\"hidden\" name=\"postContent_0\" value=\"jVZLbtxGEN3nFAUECBJgMLa1iANYkCBDhh0njhMr8QDe9YhFsj1kk+iPBpmVF7lBtkashc6QlVbiTXySvCpyNB\/KdnbD6e76vHr1qg7bo8MQfeOKo2++\/uHg4ODRb6mhC5PZMKGzZmVNFUv2puUUbTgvmZ5yzdbhp8kjO5rx+YKrJduKPR2rjfuPJoRzz3Ye6XlqWzo7L2sbV\/Ttr4FT1rg\/6+\/IVIG693P2ctXmkQLMcqCfObCfe8t5mNIpjL4wzpENkV7YWFSWM8pw7XffXRXsL9hLNPjLD+Hi09vzMiZXUN5d4z1LtAgVIdBjLq3DZZxOby6fmagvC8aN7iqPAS8QOG7Q68aHaFxGrjkvKTOBXrOP3iRYkjfraPBzHM8xncENZZZ37yETlxx118g7r7rrEGwxIWfEAy44FutnJq4Q3zHN8DxYLqMaepMWySHEReNW3EbbODIJnmbsYRi\/YWSdXmRiFysTArvjw3tDhQ\/vtUdfHaLiXB9tYKYLWPpUmSb\/E\/VdkrjPseTwHtzfhjKE9jLP2U1oKSghV5O6D+wbSSxWVi0C\/WDqugIy+EIElXFFpNLEUX4nNTCsUT1ge\/BwCgZZOrj\/4CHlZijKluWtAl1sXIyzxTcsxjilxzbQKomdwDW9YRvb5BYaiuCOq5uKGqmGVmeU0J1+8b96KThPeOp6byWAZe0BJaMTfoO0i6q78nFCzXzENIltG6Q5DDfDSU\/t7gr2p\/Qk0NJIhLsHE\/2WXGo6cUsUOCyMW6G7hMV0knK0QkGFGJ70OQ+01TbDeZAgg0eHgaWrZPwcQCGhm8tToXWD+B06G3kJ629fLxMwIlPTgwdbhcPbml5xAQjYoyQKALwWLGEgoCSFRXo7jj+++1tTAqelpT09Y+8J7mGEnliHlk\/oAr1Xmr7L4EkS3CBBJ5mp0K6RZj6dL9TTWeS2NOgayE1cLTTe77fCtRAskRHq\/qrhy8GqWIu2iNN95gsaEteu02DXygP0NLNBnlEJdoPMKvdG7H+T9P6XuTYUXoUjA8W3wEOsoE\/j6SXylowVuZmtqjpQJYXEuTJmY276KXjlvYi7wFZVF6KiekWv\/2IXTWWaAAJAISrjbZOGwCophSdcra2TRITQg75NtyO6uYTQLBu\/3wUm5frXDsEQCFjvKbRemlTET+grLPhHwf347r0Cq3HLsSozVFvwyHbARIyWC+GWk+cq3+vnGF5oDisxF6b7QDAC0WC\/7K5KJ02DkRI0vHH1dwqvQfUR9bggrpvL\/VyhrVFeLNlZNAiaBYXkvvMnOmw3mqQGBzxGfMQQgAozRgmyWuBiIRnuycOIdKe70WBGOXFyt0+67TDR435QxbVAqbhN6RcAvj6J49bevnq6fyi9\/NYMxEZgb9GkttiFeNORop\/LpqzWVFhx5faqHMaYgNui6LEXLJG1H914hqtmL1QeX+HtQCf0nIulb9omNG25npjYSdCFRZIeEOE\/gegQr+UZ+axTiXftK25HvJdcyWiTMaB6nG1kfI6dqBH9BQKtb9S3Ti43liZczSUZTX++2S022iJTqLt2GXCU4Z3dtW48lQ1mZ0+UbtKmnIFbssFgL6pND81T9t21cBc\/K5NkcClAAntmfD6R2FUe5zKXY+iHw09NXSdnRF7mwipd\/Z4nac5esvvlEFvtYyNuZjhH0jWMYEswik2\/D5z1qyu7fsAURqbyZIDRYx7LlEcr6xLXIljdXGQGCw91zBU87wVlbzkqv7wdEU9fT0VDPgf6APktIpkZHIcWKwGmHWXJ4x5sgMLdh36xWHKBtcJUlUDKyrE\/VOJqEDuCdHPtniWQyQbuSKHmLFhCXtGICn7Z\/Qveo149Yf4D\" \/> \t\t<a href=\"https:\/\/www.pdf24.org\" target=\"_blank\" title=\"www.pdf24.org\" rel=\"nofollow\"><img src=\"https:\/\/www.hohenlohe-ungefiltert.de\/wp-content\/plugins\/pdf24-post-to-pdf\/img\/pdf_32x32.png\" alt=\"\" border=\"0\" height=\"32\" \/><\/a> \t\t<span class=\"pdf24Plugin-cp-space\">&nbsp;&nbsp;<\/span> \t\t<span class=\"pdf24Plugin-cp-text\">Sende Artikel als PDF<\/span> \t\t<span class=\"pdf24Plugin-cp-space\">&nbsp;&nbsp;<\/span> \t\t<input class=\"pdf24Plugin-cp-input\" style=\"margin: 0px;\" type=\"text\" name=\"sendEmailTo\" placeholder=\"Emailadresse\" \/> \t\t<input class=\"pdf24Plugin-cp-submit\" style=\"margin: 0px;\" type=\"submit\" value=\"Senden\" \/> \t<\/form> <\/div>","protected":false},"excerpt":{"rendered":"<p>&#8222;Quo vadis, Sozialtherapeutische Gemeinschaften Weckelweiler ?&#8220;, schreibt Jupp Schmitz (Pseudonym) als \u00dcberschrift seines Leserbriefs. Der Mann ist Mitglied des Tr\u00e4gervereins der Sozialeinrichtung f\u00fcr Menschen mit Behinderung.\u00a0Hat der gesch\u00e4ftsf\u00fchrende Vorstand noch das Vertrauen der Mitglieder des Tr\u00e4gervereins? Sind die Mitglieder denn nun \u00fcberfl\u00fcssig, nach der neuen Satzung? Wie sieht die Zukunftskonzeption aus? Werden auch Behinderte entlassen? [&hellip;]<\/p>\n","protected":false},"author":1,"featured_media":0,"comment_status":"open","ping_status":"open","sticky":false,"template":"","format":"standard","meta":[],"categories":[1,9,2,8,3],"tags":[],"_links":{"self":[{"href":"https:\/\/www.hohenlohe-ungefiltert.de\/index.php?rest_route=\/wp\/v2\/posts\/22291"}],"collection":[{"href":"https:\/\/www.hohenlohe-ungefiltert.de\/index.php?rest_route=\/wp\/v2\/posts"}],"about":[{"href":"https:\/\/www.hohenlohe-ungefiltert.de\/index.php?rest_route=\/wp\/v2\/types\/post"}],"author":[{"embeddable":true,"href":"https:\/\/www.hohenlohe-ungefiltert.de\/index.php?rest_route=\/wp\/v2\/users\/1"}],"replies":[{"embeddable":true,"href":"https:\/\/www.hohenlohe-ungefiltert.de\/index.php?rest_route=%2Fwp%2Fv2%2Fcomments&post=22291"}],"version-history":[{"count":4,"href":"https:\/\/www.hohenlohe-ungefiltert.de\/index.php?rest_route=\/wp\/v2\/posts\/22291\/revisions"}],"predecessor-version":[{"id":22295,"href":"https:\/\/www.hohenlohe-ungefiltert.de\/index.php?rest_route=\/wp\/v2\/posts\/22291\/revisions\/22295"}],"wp:attachment":[{"href":"https:\/\/www.hohenlohe-ungefiltert.de\/index.php?rest_route=%2Fwp%2Fv2%2Fmedia&parent=22291"}],"wp:term":[{"taxonomy":"category","embeddable":true,"href":"https:\/\/www.hohenlohe-ungefiltert.de\/index.php?rest_route=%2Fwp%2Fv2%2Fcategories&post=22291"},{"taxonomy":"post_tag","embeddable":true,"href":"https:\/\/www.hohenlohe-ungefiltert.de\/index.php?rest_route=%2Fwp%2Fv2%2Ftags&post=22291"}],"curies":[{"name":"wp","href":"https:\/\/api.w.org\/{rel}","templated":true}]}}