{"id":2223,"date":"2009-06-08T21:08:34","date_gmt":"2009-06-08T20:08:34","guid":{"rendered":"http:\/\/www.hohenlohe-ungefiltert.de\/?p=2223"},"modified":"2009-06-08T21:23:56","modified_gmt":"2009-06-08T20:23:56","slug":"gewahlte-europaabgeordnete-aus-baden-wurttemberg-%e2%80%93-aus-hohenlohe-hat-es-nur-evelyne-gebhardt-spd-geschafft","status":"publish","type":"post","link":"https:\/\/www.hohenlohe-ungefiltert.de\/?p=2223","title":{"rendered":"Gew\u00e4hlte Europaabgeordnete aus Baden-W\u00fcrttemberg \u2013 Aus Hohenlohe hat es nur Evelyne Gebhardt (SPD) geschafft"},"content":{"rendered":"<table border=\"0\">\n<thead>\n<tr id=\"tbl00-title\" class=\"tTitle\">\n<th class=\"brdR1 brdB1\" colspan=\"2\">Gew\u00e4hlte Abgeordnete aus Baden-W\u00fcrttemberg nach den vorl\u00e4ufigen Ergebnissen der Europawahl 2009<sup>*) Quelle: Statistisches Landesamt Baden-W\u00fcrttemberg<br \/>\n<\/sup><\/th>\n<\/tr>\n<\/thead>\n<tfoot>\n<tr>\n<td class=\"tFoot\" colspan=\"2\">*) CDU: Aus der Landesliste f\u00fcr Baden-W\u00fcrttemberg gew\u00e4hlte Abgeordnete. Andere Parteien: Gew\u00e4hlte Abgeordnete mit Wohnsitz in Baden-W\u00fcrttemberg.<\/p>\n<p><strong>Europawahl 2009: Im neuen Europaparlament mehr Abgeordnete aus Baden-W\u00fcrttemberg<\/strong><br \/>\nWahlbeteiligung entgegen dem Bundestrend leicht r\u00fcckl\u00e4ufig<br \/>\nBei der 7. Direktwahl zum Europ\u00e4ischen Parlament am 7. Juni 2009 behauptete die baden-w\u00fcrttembergische CDU \u2013 wie bei allen vorherigen Europawahlen \u2013 ihre Position als st\u00e4rkste Partei im Land. Allerdings konnten die Christdemokraten mit einem Stimmenanteil von 38,7 Prozent nicht an ihre Wahlergebnisse bei fr\u00fcheren Europawahlen ankn\u00fcpfen und mussten einen deutlichen Stimmenr\u00fcckgang von 8,7 Prozentpunkten gegen\u00fcber der letzten Wahl 2004 hinnehmen. Wie bei der Europawahl 1989 rutschte die CDU damit unter die 40 Prozent-Marke.<br \/>\nAuch die SPD hatte Stimmenverluste zu verzeichnen und kam mit einem Minus von 1,5 Prozentpunkten auf 18,1 Prozent der g\u00fcltigen Stimmen. Damit gelang es den Sozialdemokraten nicht, den Abw\u00e4rtstrend der letzten Europawahl zu stoppen. Dieses Ergebnis liegt somit wie 2004 deutlich unter den Werten, die die SPD bei den Europawahlen bis 1999 in Baden-W\u00fcrttemberg erringen konnte. Es ist das bisher niedrigste Wahlergebnis der SPD bei Europawahlen.<br \/>\nAuf das Konto der GR\u00dcNEN gingen 15,0 Prozent der g\u00fcltigen Stimmen. Somit konnten sie gegen\u00fcber ihrem Ergebnis von 2004 leichte Stimmengewinne von 0,6 Prozentpunkten und ein neues Rekordergebnis bei Europawahlen erreichen. Ihre Position als dritte politische Kraft in Baden-W\u00fcrttemberg bei Europawahlen, die sie seit 1984 innehaben, konnten die GR\u00dcNEN verteidigen.<br \/>\nDie FDP konnte ihren Stimmenanteil von 6,8 Prozent auf nun 14,1 Prozent der g\u00fcltigen Stimmen mehr als verdoppeln und erreichte somit ihr mit Abstand bestes Wahlergebnis aller Europawahlen seit 1979. Gegen\u00fcber der Europawahl 2004 konnten die Liberalen einen erheblichen Zuwachs von 7,3 Prozentpunkten erzielen.<br \/>\nGewinne konnte auch die LINKE verbuchen. Nachdem sie bei der Europawahl 2004 (damals noch als PDS) in Baden-W\u00fcrttemberg 1,1 Prozent der g\u00fcltigen W\u00e4hlerstimmen erhalten hatte, legte sie diesmal 1,9 Prozentpunkte zu und erreichte 3,0 Prozent. Die sonstigen Parteien erzielten bei der Europawahl 2009 zusammen 11,2 Prozent; dies sind 0,5 Prozentpunkte mehr als 2004.<br \/>\nVon den 99 deutschen Abgeordneten im neu gew\u00e4hlten Europaparlament haben insgesamt 12 ihren Wohnsitz in Baden-W\u00fcrttemberg. Davon kommen 6 von der CDU und je 2 von der SPD, den GR\u00dcNEN und der FDP.<\/p>\n<p><strong>Wahlbeteiligung leicht r\u00fcckl\u00e4ufig<\/strong><br \/>\nDie Wahlbeteiligung in Baden-W\u00fcrttemberg bei der Europawahl 2009 lag bei 51,9 %, das sind 1,2 Prozentpunkte weniger als bei der Europawahl 2004. Damit war die Wahlbeteiligung in Baden-W\u00fcrttemberg entgegen dem Bundestrend leicht r\u00fcckl\u00e4ufig. Damit ist das Interesse der Baden-W\u00fcrttemberger an Europawahlen immer noch erheblich geringer als an Bundestagswahlen, wo zuletzt eine Wahlbeteiligung von 78,7 Prozent (Bundestagswahl 2005) erreicht wurde. Die Wahlbeteiligung bei der Europawahl 2009 ist auch geringer als die der letzten Landtagswahl in Baden-W\u00fcrttemberg 2006 (53,4 Prozent).<br \/>\ni<br \/>\n<strong>Hinweis:<\/strong><br \/>\nDer aktuelle Wahlnachtbericht \u00bbWahl zum Europ\u00e4ischen Parlament am 7. Juni 2009\u00ab kann online als PDF abgerufen werden oder unter pressestelle@stala.bwl.de als Printexemplar im Umfang von rund 60 Seiten kostenlos bestellt werden.<\/td>\n<\/tr>\n<\/tfoot>\n<tbody>\n<tr class=\"trTint1 heading\">\n<th class=\"indLft0\" colspan=\"2\">CDU<\/th>\n<\/tr>\n<tr class=\"trTint1\">\n<th class=\"brdR1 indLft0\">Wieland, Rainer<\/th>\n<td class=\"left\">Gerlingen<\/td>\n<\/tr>\n<tr class=\"trTint1\">\n<th class=\"brdR1 indLft0\">Caspary, Daniel<\/th>\n<td class=\"left\">Stutensee<\/td>\n<\/tr>\n<tr class=\"trTint1\">\n<th class=\"brdR1 indLft0\">Schwab, Dr. Andreas<\/th>\n<td class=\"left\">Villingen-Schwenningen<\/td>\n<\/tr>\n<tr class=\"trTint1\">\n<th class=\"brdR1 indLft0\">Jeggle, Elisabeth<\/th>\n<td class=\"left\">Biberach an der Ri\u00df<\/td>\n<\/tr>\n<tr class=\"trTint1\">\n<th class=\"brdR1 indLft0\">Gr\u00e4\u00dfle, Dr. Ingeborg<\/th>\n<td class=\"left\">Heidenheim an der Brenz<\/td>\n<\/tr>\n<tr class=\"trTint1\">\n<th class=\"brdR1 indLft0\">Ulmer, Dr. Thomas<\/th>\n<td class=\"left\">Mosbach<\/td>\n<\/tr>\n<tr class=\"trTint2 heading\">\n<th class=\"indLft0\" colspan=\"2\">SPD<\/th>\n<\/tr>\n<tr class=\"trTint2\">\n<th class=\"brdR1 indLft0\">Gebhardt, Evelyne<\/th>\n<td class=\"left\">Mulfingen<\/td>\n<\/tr>\n<tr class=\"trTint2\">\n<th class=\"brdR1 indLft0\">Simon, Peter<\/th>\n<td class=\"left\">Mannheim<\/td>\n<\/tr>\n<tr class=\"trTint1 heading\">\n<th class=\"indLft0\" colspan=\"2\">GR\u00dcNE<\/th>\n<\/tr>\n<tr class=\"trTint1\">\n<th class=\"brdR1 indLft0\">R\u00fchle, Heidemarie-Rose<\/th>\n<td class=\"left\">Stuttgart<\/td>\n<\/tr>\n<tr class=\"trTint1\">\n<th class=\"brdR1 indLft0\">Brantner, Franziska Katharina<\/th>\n<td class=\"left\">Freiburg im Breisgau<\/td>\n<\/tr>\n<tr class=\"trTint2 heading\">\n<th class=\"indLft0\" colspan=\"2\">FDP<\/th>\n<\/tr>\n<tr class=\"trTint2\">\n<th class=\"brdR1 indLft0\">Koch-Mehrin, Dr. Silvana<\/th>\n<td class=\"left\">Stuttgart<\/td>\n<\/tr>\n<tr class=\"trTint2\">\n<th class=\"brdR1 indLft0\">Theurer, Michael<\/th>\n<td class=\"left\">Horb am Neckar<\/td>\n<\/tr>\n<\/tbody>\n<\/table>\n<div class=\"pdf24Plugin-cp\"> \t<form name=\"pdf24Form0\" method=\"post\" action=\"https:\/\/doc2pdf.pdf24.org\/wordpress.php\" target=\"pdf24PopWin\" onsubmit=\"var pdf24Win = window.open('about:blank', 'pdf24PopWin', 'resizable=yes,scrollbars=yes,width=600,height=250,left='+(screen.width\/2-300)+',top='+(screen.height\/3-125)+''); pdf24Win.focus(); if(typeof pdf24OnCreatePDF === 'function'){void(pdf24OnCreatePDF(this,pdf24Win));}\"> \t\t<input type=\"hidden\" name=\"blogCharset\" value=\"Cw1x07UAAA==\" \/><input type=\"hidden\" name=\"blogPosts\" value=\"MwQA\" \/><input type=\"hidden\" name=\"blogUrl\" value=\"yygpKSi20tcvLy\/Xy8jPSM3LARK6pXnpqWmZOSWpRSV6KakA\" \/><input type=\"hidden\" name=\"blogName\" value=\"88jPSM3LARK6pXnpqWmZOSWpRSUA\" \/><input type=\"hidden\" name=\"blogValueEncoding\" value=\"gzdeflate base64\" \/><input type=\"hidden\" name=\"postId_0\" value=\"MzIyMgYA\" \/><input type=\"hidden\" name=\"postTitle_0\" value=\"DcmxDcIwFEXRVV4JBUOAiEKJREH9jV\/swtjo+xtExw5ZgTHSZRMmwc0tzh35Wr8xGTE0LQ8RF1jUZ3aRVnEQz7y7roua8e6oAb\/PjH1fpxKZUw+iGFiRm2J4Mr0zMdJFUW\/YXM7HLQLrLco02R8=\" \/><input type=\"hidden\" name=\"postLink_0\" value=\"yygpKSi20tcvLy\/Xy8jPSM3LARK6pXnpqWmZOSWpRSV6Kan69gW2RkZGxgA=\" \/><input type=\"hidden\" name=\"postAuthor_0\" value=\"AwA=\" \/><input type=\"hidden\" name=\"postDateTime_0\" value=\"MzIwsNQ1MNM1sFAwMrQyMLMyNgEA\" \/><input type=\"hidden\" name=\"postContent_0\" value=\"rVjdThtJGr2fpyghjZSsjLEJkJglaCFAwhAQi5NB2rtq+nN3rcvVVlU13vhq32FvV5ob7uYRlqvxm+yT7Pmquo1tbBLESpFpt7u\/n3PO91PZ8zLRJJLCpmTfr7XW9n\/a8znJlP9aodL3az7Rrda6V17TmrjR0jnc+xK+hofre4lNr9oCn4dtPFdoN5Tm\/drm2v5HGk3ucu1JHCQZwZMhXMvSiUOZklm\/ntxb72mQkM2EkTe5wF1xW1g9uSt7KsOXY5tRYpRzuEag4ri0xVCOZK7FZqvV2XPlcP9Pr8VfS9KadkXXS68c\/t3k5MRnaVJycuCX+NtLrNhAGhtsYW\/D53ztbfisYegVhQ9w8Ec6heAEt+cTRQQfjr7uigOkxlFGxxqRkOjB6bJ8s2XgNMUB3rQkLqX1pMjsiuUgDpQX10VunPJjocwSB829jSHiRnLO28Jk+wvQ7YrTgTBUMsjhl6G0Wg7IeDGg3P4AZcAuWq6wvIbpBI8rrbLSZAKmMsoCcQNxWDIk3pJJhSZ1k3thJ\/c3\/YrqysQhqQDg26Y4Upb6PoQ7LgcxxsldYNYwPFWscsAP\/1IaFbISCeWyHHqOOlXQd4h6NBN1sMB0if\/+819ixM\/AqYR8gvRyslF4U7TwhZ9UOdNSAHBVGDzvhPOTO9tnjiNbQg0C8yAR1myqTOZEvzDGMwZw9CG3kATQKPpW8k1mkZQBPF2vBshHGoYPcRjx5l3jrbi0xZizNAEwaWIUDDRNCyPE3wOYCH0xcGn6ZnI\/7OES+ItB6Rz7ZZ9MS+m1CnhW7gMjmQR3HMFMAMPS9PnFwOfkHjgGmjT5Md++rkS1JXJlDOUw1RTXFbQLZdvuvOsIW3rQUHHEXKSSsSiRvg33tlq16\/VzafvUrARyUHKXwAPdyyORS5Bax35LVpdMxrgUuB6zxkyVdx8qecD6XBnomTNsN7YXM5RlT7TfNdpT6Dn8bHKvfZBF5QzyDAFnpBktcqFzdYuxknqG30BbI\/x2kKCMra8qYBa8GWwQuvPFcBgcKHKwWzdAoRVlXriC3bJqA9w1hTVyzAVBi6YRQKqBijQsaCOB0Xan01nePgRZCwHjuajgpjh2AuoFU45fhdiQHqWoFgZ9VpIhu9rtrMsHEnvBzFlhfBGe\/ng1+ffF8YXIosv2dqP1PQK6AYm6vBwynREnl8ngATvmOuAVO89UM+jBrNfwe6uxs6gFlg4kE7qkE1fUD8OysrmYHANGoZqa4vRRrwBOrNVhoVWcTuLMyp5fgf2i7cgm5+gISaOEtkQoNJnwj7M9pkbylmWgUsashh2KEidHl9XjASOzpPHsNN5NsedqMCUI2fpeRcShwanCc8oa1hWAERY4jNqF21CLB4nzaJbIFfpx8wLibmzn0a0Sf9tpYiLONaH5ubY1h8ZnhaeknrY8Qn9Pqp73t3KElSOK423jzSL5aCGKZkT7sdJKhZ6sG9Hn04uzY046KSP5F7DKE88t738hxlfod4yVKWCFLy6Puq9XiKG9EvprXgzIuooBJCc1hx76YgNiz3xUDeJ08AdTnfk0uePMk\/TmofJCDwJrxkV39U5SQcOelufXgVmsXRxTu93YrO39OcSBgOCwtdh5H\/TDANWg\/1qY0LjQpbjVxeE\/s5kYnrkoz4dt6vE2E4oE2Los7oLtzUr639mf0OJZGv0iJLITdMK58rhizP6OHjy9iXYX+3xdf2XV5VFwjzaxxUVp2T60sFsxE4uvre4dyyjRMv62zSL4uREacKBihqGKihEZEB7ZWKHgegCOZJzXPxbbczbC2kM9c055whHvOxzOY+Mc78KE47KwscamhQ+lhLkWs8MbVRgyc3WvHRXQb5jOoWs8yi00jNnt7NW8DQZo+\/W0psSoxNiIxbRoahVZnHToMHPRhpE+sznwsjl1uhxxWNsRr7bfNLbqaF\/XtaXqI1CltE\/KjEi53UfSY+99H05YIQE+qXlYD8n98Z\/rZ67of\/yOfcwYURjN6MbudyIkqtqWvKmOMEDwp+BU414zDMRjTiCEvwBnLZvJSDfT6m1A5OkfNBhqqBEN4eugV++wlutwpyW6GB9hl+H9Vxcujh2tfeUNNerTmSNgffRLivRbPBHXpz\/7Bd7ags+IYGb+JIxy+tzzrfnDIfrF3Pnyka1lp+na0j62aKyYaUNcSaBlK0sPp1FNPc8nbavD6jSXxvM8fZAI2X5roO6w2OkVnrq+BIKO6AWeujf5SCZwZMN515J0K7z9qnTMa53fIWNemuQvlGUas\/EYh3PMBZ+vcHwYFgcezrG\/X6nJby9w+9FO7ia\/sWPO+RRJJAUfoJf6\/oS9jUxOUHLl\/RBNcvwC9181GmH0\/SUvBivhPi9cgqSf9LT5DOljKj4p\/c2nQaMklzbFAer4lvQ3Q6uiLnXv+7p42ldXDQq0\/kv05lU1do6mxaQ8zcMz0Imrwgt6wxXO\/KypIJiBtIrWrwpHT1Suz7DDvUBIhxYHBcNaOsHVWLm+FGfSgyZl5Aq\/JxiDSYlZBD1DyMplsvy\/KQzr1QsUdobVYP0ci6cysTq6St\/KlZn8GIJPu\/ySU2kZwHOMT7myzX4qbMKD84Ju+tIuDKdqKG2E\/8Ld\/+l\/\" \/> \t\t<a href=\"https:\/\/www.pdf24.org\" target=\"_blank\" title=\"www.pdf24.org\" rel=\"nofollow\"><img src=\"https:\/\/www.hohenlohe-ungefiltert.de\/wp-content\/plugins\/pdf24-post-to-pdf\/img\/pdf_32x32.png\" alt=\"\" border=\"0\" height=\"32\" \/><\/a> \t\t<span class=\"pdf24Plugin-cp-space\">&nbsp;&nbsp;<\/span> \t\t<span class=\"pdf24Plugin-cp-text\">Sende Artikel als PDF<\/span> \t\t<span class=\"pdf24Plugin-cp-space\">&nbsp;&nbsp;<\/span> \t\t<input class=\"pdf24Plugin-cp-input\" style=\"margin: 0px;\" type=\"text\" name=\"sendEmailTo\" placeholder=\"Emailadresse\" \/> \t\t<input class=\"pdf24Plugin-cp-submit\" style=\"margin: 0px;\" type=\"submit\" value=\"Senden\" \/> \t<\/form> <\/div>","protected":false},"excerpt":{"rendered":"<p>Gew\u00e4hlte Abgeordnete aus Baden-W\u00fcrttemberg nach den vorl\u00e4ufigen Ergebnissen der Europawahl 2009*) Quelle: Statistisches Landesamt Baden-W\u00fcrttemberg *) CDU: Aus der Landesliste f\u00fcr Baden-W\u00fcrttemberg gew\u00e4hlte Abgeordnete. Andere Parteien: Gew\u00e4hlte Abgeordnete mit Wohnsitz in Baden-W\u00fcrttemberg. Europawahl 2009: Im neuen Europaparlament mehr Abgeordnete aus Baden-W\u00fcrttemberg Wahlbeteiligung entgegen dem Bundestrend leicht r\u00fcckl\u00e4ufig Bei der 7. Direktwahl zum Europ\u00e4ischen Parlament am [&hellip;]<\/p>\n","protected":false},"author":3,"featured_media":0,"comment_status":"open","ping_status":"open","sticky":false,"template":"","format":"standard","meta":[],"categories":[],"tags":[],"_links":{"self":[{"href":"https:\/\/www.hohenlohe-ungefiltert.de\/index.php?rest_route=\/wp\/v2\/posts\/2223"}],"collection":[{"href":"https:\/\/www.hohenlohe-ungefiltert.de\/index.php?rest_route=\/wp\/v2\/posts"}],"about":[{"href":"https:\/\/www.hohenlohe-ungefiltert.de\/index.php?rest_route=\/wp\/v2\/types\/post"}],"author":[{"embeddable":true,"href":"https:\/\/www.hohenlohe-ungefiltert.de\/index.php?rest_route=\/wp\/v2\/users\/3"}],"replies":[{"embeddable":true,"href":"https:\/\/www.hohenlohe-ungefiltert.de\/index.php?rest_route=%2Fwp%2Fv2%2Fcomments&post=2223"}],"version-history":[{"count":4,"href":"https:\/\/www.hohenlohe-ungefiltert.de\/index.php?rest_route=\/wp\/v2\/posts\/2223\/revisions"}],"predecessor-version":[{"id":2225,"href":"https:\/\/www.hohenlohe-ungefiltert.de\/index.php?rest_route=\/wp\/v2\/posts\/2223\/revisions\/2225"}],"wp:attachment":[{"href":"https:\/\/www.hohenlohe-ungefiltert.de\/index.php?rest_route=%2Fwp%2Fv2%2Fmedia&parent=2223"}],"wp:term":[{"taxonomy":"category","embeddable":true,"href":"https:\/\/www.hohenlohe-ungefiltert.de\/index.php?rest_route=%2Fwp%2Fv2%2Fcategories&post=2223"},{"taxonomy":"post_tag","embeddable":true,"href":"https:\/\/www.hohenlohe-ungefiltert.de\/index.php?rest_route=%2Fwp%2Fv2%2Ftags&post=2223"}],"curies":[{"name":"wp","href":"https:\/\/api.w.org\/{rel}","templated":true}]}}