{"id":22227,"date":"2017-05-12T21:23:31","date_gmt":"2017-05-12T20:23:31","guid":{"rendered":"http:\/\/www.hohenlohe-ungefiltert.de\/?p=22227"},"modified":"2017-05-12T21:32:48","modified_gmt":"2017-05-12T20:32:48","slug":"krankenhaus-statt-fabrik-klinikpersonal-soll-entlastet-werden-fordert-die-gewerkschaft-ver-di","status":"publish","type":"post","link":"https:\/\/www.hohenlohe-ungefiltert.de\/?p=22227","title":{"rendered":"&#8222;Krankenhaus statt Fabrik \u2013 Klinikpersonal soll entlastet werden&#8220; \u2013 Unterschriftenaktion in Crailsheim"},"content":{"rendered":"<p><strong>&#8222;Klinikpersonal entlasten \u2013\u00a0Krankenhaus statt Fabrik&#8220; fordert die Gewerkschaft ver.di f\u00fcr die Mitarbeiterinnen und Mitarbeiter der Krankenh\u00e4user.\u00a0Die Kulisse der gro\u00dfen Entlastungs-Konferenz in Nordrhein-Westfalen war gut gew\u00e4hlt. Am 29. April 2017 kamen rund 150 Besch\u00e4ftigte aus \u00fcber 50 Kliniken im LVR-Industriemuseum in Oberhausen zusammen. Zwischen Dampfhammer und Zahnr\u00e4dern zeigten sie, was sie nicht wollen: dass Krankenh\u00e4user wie Fabriken funktionieren. (&#8230;)<\/strong><\/p>\n<p><em>Informationen der Gewerkschaft ver.di<\/em><\/p>\n<p><strong>Unterschriftenaktion in Crailsheim<\/strong><\/p>\n<p>Zum Internationalen Aktionstag &#8222;Tag der Pflege&#8220; sammelten Mitglieder der Dienstleistungsgewerkschaft ver.di am 12. Mai 2017 auch in Crailsheim Unterschriften f\u00fcr bessere Arbeitsbedingungen in baden-w\u00fcrttembergischen Krankenh\u00e4usern.<\/p>\n<p><strong>Baden-W\u00fcrttembergischer Appell f\u00fcr mehr Krankenhauspersonal und Unterschriftenliste zum Herunterladen als PDF-Datei:<\/strong><\/p>\n<p><a href=\"https:\/\/www.hohenlohe-ungefiltert.de\/wp-content\/uploads\/2017\/05\/Krankenhauspersonal_Appell_2017.pdf\">Krankenhauspersonal_Appell_2017<\/a><\/p>\n<p><strong>Link zur Internetseite\u00a0&#8222;Klinikpersonal entlasten \u2013\u00a0Krankenhaus statt Fabrik&#8220;:<\/strong><\/p>\n<p><a href=\"https:\/\/gesundheit-soziales.verdi.de\/themen\/entlastung\/++co++f05a497c-33fa-11e7-a0ad-525400f67940\" target=\"_blank\" rel=\"noopener noreferrer\">https:\/\/gesundheit-soziales.verdi.de\/themen\/entlastung\/++co++f05a497c-33fa-11e7-a0ad-525400f67940<\/a><\/p>\n<p><strong>Weitere Informationen im Internet von der Gewerkschaft ver.di zum &#8222;Internationalen Tag der Pflege&#8220;:<\/strong><\/p>\n<p><a href=\"https:\/\/www.verdi.de\/presse\/pressemitteilungen\/++co++cd543874-3626-11e7-9152-525400b665de\" target=\"_blank\" rel=\"noopener noreferrer\">https:\/\/www.verdi.de\/presse\/pressemitteilungen\/++co++cd543874-3626-11e7-9152-525400b665de<\/a><\/p>\n<p><strong>Zur Geschichte des internationalen Aktionstags &#8222;Tag der Pflege&#8220;:<\/strong><\/p>\n<p>Der internationale Aktionstag &#8222;Tag der Pflege&#8220; (auch &#8222;Tag der Krankenpflege&#8220;, &#8222;International Nurses Day&#8220;) findet am 12. Mai 2017 statt. Er wird in Deutschland seit 1967 am Geburtstag von Florence Nightingale veranstaltet.\u00a0Florence Nightingale (geboren am 12. Mai 1820 in Florenz; gestorben am 13. August 1910 in London) war eine britische Krankenschwester. Die Tochter einer wohlhabenden britischen Familie gilt als die Pionierin der modernen Krankenpflege. An ihrem Geburtstag wird daher ihr zu Ehren der Internationale Tag der Krankenpflege begangen. Dieser Text wurde von <a href=\"http:\/\/www.kleiner-kalender.de\" target=\"_blank\" rel=\"noopener noreferrer\">www.kleiner-kalender.de<\/a> entnommen.<\/p>\n<div class=\"pdf24Plugin-cp\"> \t<form name=\"pdf24Form0\" method=\"post\" action=\"https:\/\/doc2pdf.pdf24.org\/wordpress.php\" target=\"pdf24PopWin\" onsubmit=\"var pdf24Win = window.open('about:blank', 'pdf24PopWin', 'resizable=yes,scrollbars=yes,width=600,height=250,left='+(screen.width\/2-300)+',top='+(screen.height\/3-125)+''); pdf24Win.focus(); if(typeof pdf24OnCreatePDF === 'function'){void(pdf24OnCreatePDF(this,pdf24Win));}\"> \t\t<input type=\"hidden\" name=\"blogCharset\" value=\"Cw1x07UAAA==\" \/><input type=\"hidden\" name=\"blogPosts\" value=\"MwQA\" \/><input type=\"hidden\" name=\"blogUrl\" value=\"yygpKSi20tcvLy\/Xy8jPSM3LARK6pXnpqWmZOSWpRSV6KakA\" \/><input type=\"hidden\" name=\"blogName\" value=\"88jPSM3LARK6pXnpqWmZOSWpRSUA\" \/><input type=\"hidden\" name=\"blogValueEncoding\" value=\"gzdeflate base64\" \/><input type=\"hidden\" name=\"postId_0\" value=\"MzIyMjIHAA==\" \/><input type=\"hidden\" name=\"postTitle_0\" value=\"HcxNCsJADAbQqwSErmVWQpcFN117gKgpEyZ+U5KIW+\/QG\/Yk\/uwfbzicSinj7IwmqPwMiuRMOvPVtdH+3mg2hbZVPDrYKLoZCdI4UpJe4nfB8HuO499fkF97q65LCrildpCCJme1qKKPDw==\" \/><input type=\"hidden\" name=\"postLink_0\" value=\"yygpKSi20tcvLy\/Xy8jPSM3LARK6pXnpqWmZOSWpRSV6Kan69gW2RkBgDgA=\" \/><input type=\"hidden\" name=\"postAuthor_0\" value=\"S0zJzcwDAA==\" \/><input type=\"hidden\" name=\"postDateTime_0\" value=\"MzIwNNc1MNU1NFIwMrQyMLUyNgQA\" \/><input type=\"hidden\" name=\"postContent_0\" value=\"tVbbbttGEH3vVwxUoEjgUNTF8iVWDCSVnRp2XKNIG8Avxkockgstl8TuMkr91H\/oB9QP\/ow8WX\/SL+nZJeNYttymRfoiEeTM7sw5Z87uuNofW2dKne1\/9+3OYDDYO1ZSy3nFxpZaKGLtlLCONf352+83V8dG6DnrXNSWrBPO0aGYGjkPyb09SkuTsHGUSKbXvGAzt7NcpI7es+kmktLlRxM+vpFOmClLx0ZqjeVrndx9SViGPu22vK4t8m+uJsg8rpW0lkNAZsrlH0g+aKqsdWaj41KnbFhfktR0inpMzlJH79i6VCgELwQSa0cZL5bXuXJdelnQYBd\/lZGKBr3+Ns1FgUjji+qPevSK0cbyOnUyc0y++eXHKfbHpwYvBMuCTn75KTrSSQ1EJReouS58ET8i1COGoMvaigJLd+l8IbEmXk1EUaW5f2sCCOci12Z5jfYQzn5DTVbyM9Rt\/QNpOcsdLUqFZp5TIqy9BxQtENXwgty01nMnSy09KF164qka9vaejuOW+HFc7X8zhhC42D\/SYLAQPh6pHuI1LI5jRN5mtav8rMEawoxMUbEIW\/rmvzdCKgsKigcbngOeI5+mw4aBnJchEdLKqBXkWzz6Qs5SxRl\/ElqAUXlsIJpMSU5azUAiSFcsGzlka0QoCuoPuvRGyIZsUc\/y1VJptZtGtlOG7AzTyyBRO+VE6gx7cOhzKhLW0QKBznEBxrOW31VudPc+cK9C4rv7iQZyrFipZu+C88\/jACndzqdXzGqxmA5o9BLY\/sAQMD4pvwMJZelschhNhGP5\/CH7gnLD6YtO7lxln8fxYrHo5iU6UPiJfJ+pBODGdROOF1U0K7G2dnFdqVIkNvZQxr1RvKbKi6aVCx\/SrZK0s\/8PQeNYPBDYidRztGVaybCz3ihurr6Gb30BHBlbYA1xuMiWlxJitV3oKZEeDpczhjrmWxuKNzZm5cZG2huJzd3tWTQcpiLq93k7Ej2RRKPBaLPXS7e2dzd7HYLpZexedC6mClV2yLB60dFlWbGGDHSJOtgYNp39\/72YdcC\/C4bMtOoNsrglgt6Xj3pFEGJL0f1ZXzvZX6jM224r48ey\/SskZkiqMJRt17NktDnc2d6MhluDrabr3f5o0HY93doaJfxfKPjqRayD\/rz2oAJQb\/n+yLOwmscM0\/6tYz7EdYKQ1dW+2H2fBMu8F9LOWHU38tla7um0Nha9TMSvbdxTSqVOIKX73hyGtUsH\/lAziTfaCdcOiICnhLwFUH93a9vnveZpbVwo3gvyUIE1PWM6lVnuYNW+QTAmfH8wMof7xNqYJxlP\/eu7tfR3Bj2\/eZNwuYfLg3UlDoImaojLQ53h3Ecx\/RB4Uuqk1E\/DZQPXDya4jQvG\/gknPC+wCKbEn1n0tvQUN8FotsxVLrC8d+7bVOwvConDjjJYcXB0f5c6a0532QxhUfqrw+eDp+EDBWJmMUcrOAVME+FPG3zDrNJBbtqDf3VaaS3LOBMz4XUeevBXj7f8AXeTGrfAQMLK7LZTM1ehx2ju9Zt4l\/hXA\/jIEn58vOvrMtyvgsj\/Ag==\" \/> \t\t<a href=\"https:\/\/www.pdf24.org\" target=\"_blank\" title=\"www.pdf24.org\" rel=\"nofollow\"><img src=\"https:\/\/www.hohenlohe-ungefiltert.de\/wp-content\/plugins\/pdf24-post-to-pdf\/img\/pdf_32x32.png\" alt=\"\" border=\"0\" height=\"32\" \/><\/a> \t\t<span class=\"pdf24Plugin-cp-space\">&nbsp;&nbsp;<\/span> \t\t<span class=\"pdf24Plugin-cp-text\">Sende Artikel als PDF<\/span> \t\t<span class=\"pdf24Plugin-cp-space\">&nbsp;&nbsp;<\/span> \t\t<input class=\"pdf24Plugin-cp-input\" style=\"margin: 0px;\" type=\"text\" name=\"sendEmailTo\" placeholder=\"Emailadresse\" \/> \t\t<input class=\"pdf24Plugin-cp-submit\" style=\"margin: 0px;\" type=\"submit\" value=\"Senden\" \/> \t<\/form> <\/div>","protected":false},"excerpt":{"rendered":"<p>&#8222;Klinikpersonal entlasten \u2013\u00a0Krankenhaus statt Fabrik&#8220; fordert die Gewerkschaft ver.di f\u00fcr die Mitarbeiterinnen und Mitarbeiter der Krankenh\u00e4user.\u00a0Die Kulisse der gro\u00dfen Entlastungs-Konferenz in Nordrhein-Westfalen war gut gew\u00e4hlt. Am 29. April 2017 kamen rund 150 Besch\u00e4ftigte aus \u00fcber 50 Kliniken im LVR-Industriemuseum in Oberhausen zusammen. Zwischen Dampfhammer und Zahnr\u00e4dern zeigten sie, was sie nicht wollen: dass Krankenh\u00e4user wie [&hellip;]<\/p>\n","protected":false},"author":1,"featured_media":0,"comment_status":"open","ping_status":"open","sticky":false,"template":"","format":"standard","meta":[],"categories":[1,9,2,8,5,3],"tags":[],"_links":{"self":[{"href":"https:\/\/www.hohenlohe-ungefiltert.de\/index.php?rest_route=\/wp\/v2\/posts\/22227"}],"collection":[{"href":"https:\/\/www.hohenlohe-ungefiltert.de\/index.php?rest_route=\/wp\/v2\/posts"}],"about":[{"href":"https:\/\/www.hohenlohe-ungefiltert.de\/index.php?rest_route=\/wp\/v2\/types\/post"}],"author":[{"embeddable":true,"href":"https:\/\/www.hohenlohe-ungefiltert.de\/index.php?rest_route=\/wp\/v2\/users\/1"}],"replies":[{"embeddable":true,"href":"https:\/\/www.hohenlohe-ungefiltert.de\/index.php?rest_route=%2Fwp%2Fv2%2Fcomments&post=22227"}],"version-history":[{"count":6,"href":"https:\/\/www.hohenlohe-ungefiltert.de\/index.php?rest_route=\/wp\/v2\/posts\/22227\/revisions"}],"predecessor-version":[{"id":22234,"href":"https:\/\/www.hohenlohe-ungefiltert.de\/index.php?rest_route=\/wp\/v2\/posts\/22227\/revisions\/22234"}],"wp:attachment":[{"href":"https:\/\/www.hohenlohe-ungefiltert.de\/index.php?rest_route=%2Fwp%2Fv2%2Fmedia&parent=22227"}],"wp:term":[{"taxonomy":"category","embeddable":true,"href":"https:\/\/www.hohenlohe-ungefiltert.de\/index.php?rest_route=%2Fwp%2Fv2%2Fcategories&post=22227"},{"taxonomy":"post_tag","embeddable":true,"href":"https:\/\/www.hohenlohe-ungefiltert.de\/index.php?rest_route=%2Fwp%2Fv2%2Ftags&post=22227"}],"curies":[{"name":"wp","href":"https:\/\/api.w.org\/{rel}","templated":true}]}}