{"id":22188,"date":"2017-05-11T14:02:31","date_gmt":"2017-05-11T13:02:31","guid":{"rendered":"http:\/\/www.hohenlohe-ungefiltert.de\/?p=22188"},"modified":"2017-05-14T22:17:19","modified_gmt":"2017-05-14T21:17:19","slug":"fuer-antifaschistische-klassenkaempferische-internationalistische-und-revolutionaere-organisationen-und-einzelpersonen-einladung-zu-treffen-des-internationalistischen-buendnissesmlpd","status":"publish","type":"post","link":"https:\/\/www.hohenlohe-ungefiltert.de\/?p=22188","title":{"rendered":"&#8222;F\u00fcr Antifaschistische, klassenk\u00e4mpferische, internationalistische und revolution\u00e4re Organisationen und Einzelpersonen&#8220; \u2013 Einladung zu Treffen des Internationalistischen B\u00fcndnisses\/MLPD in Schw\u00e4bisch Hall"},"content":{"rendered":"<p><strong>Die n\u00e4chsten Treffen der Wahlinitiative Internationalistisches B\u00fcndnis\/MLPD in Schw\u00e4bisch Hall finden am <\/strong><strong>Dienstag, 16. Mai 2017, um 19.30 Uhr und am 13. Juni 2017, um 19.30 Uhr in der Gastst\u00e4tte Rose, Schw\u00e4bisch Hall, Bahnhofstra\u00dfe 9. Infost\u00e4nde am Haller Milchmarkt gibt es am 20. Mai 2017 und am 24. Juni 2017, jeweils ab 10 Uhr.<\/strong><\/p>\n<p><em>Von Veronika Maier, Schw\u00e4bisch Hall, Wahlinitiative Internationalistisches B\u00fcndnis\/MLPD<\/em><\/p>\n<p><strong>Organisationen und Einzelpersonen arbeiten mit<\/strong><\/p>\n<p>Anl\u00e4\u00dflich der Bundestagswahl 2017 wurde am 2. Oktober 2016 von 500 Teilnehmern ein Internationalistisches B\u00fcndnis gegr\u00fcndet. Antifaschistische, klassenk\u00e4mpferische, internationalistische und revolution\u00e4re Organisationen und Einzelpersonen arbeiten mit. Zur Bundestagswahl 2017 wird es als Internationalistische Liste\/MLPD antreten. Jede\/r, der\/dem ein solches B\u00fcndnis am Herzen liegt, kann mitmachen, auch diejenigen, die nicht oder noch nicht wahlberechtigt sind.<\/p>\n<p><strong>Die n\u00e4chsten Treffen in Schw\u00e4bisch Hall:<\/strong><\/p>\n<p>Die n\u00e4chsten Treffen der Wahlinitiative sind am Dienstag, 16. Mai 2017, um 19.30 Uhr und am 13. Juni 2017, Gastst\u00e4tte Rose, Schw\u00e4bisch Hall, Bahnhofstra\u00dfe 9. Infost\u00e4nde am Haller Milchmarkt, jeweils 10 Uhr: 20. Mai 2017 und 24. Juni 2017.<\/p>\n<p><strong>Weitere Informationen im Internet \u00fcber die Wahlinitiative Internationalistisches B\u00fcndnis\/MLPD:<\/strong><\/p>\n<p><a href=\"http:\/\/www.internationalistische-liste.de\/\" target=\"_blank\" rel=\"noopener noreferrer\">http:\/\/www.internationalistische-liste.de\/<\/a><\/p>\n<div class=\"pdf24Plugin-cp\"> \t<form name=\"pdf24Form0\" method=\"post\" action=\"https:\/\/doc2pdf.pdf24.org\/wordpress.php\" target=\"pdf24PopWin\" onsubmit=\"var pdf24Win = window.open('about:blank', 'pdf24PopWin', 'resizable=yes,scrollbars=yes,width=600,height=250,left='+(screen.width\/2-300)+',top='+(screen.height\/3-125)+''); pdf24Win.focus(); if(typeof pdf24OnCreatePDF === 'function'){void(pdf24OnCreatePDF(this,pdf24Win));}\"> \t\t<input type=\"hidden\" name=\"blogCharset\" value=\"Cw1x07UAAA==\" \/><input type=\"hidden\" name=\"blogPosts\" value=\"MwQA\" \/><input type=\"hidden\" name=\"blogUrl\" value=\"yygpKSi20tcvLy\/Xy8jPSM3LARK6pXnpqWmZOSWpRSV6KakA\" \/><input type=\"hidden\" name=\"blogName\" value=\"88jPSM3LARK6pXnpqWmZOSWpRSUA\" \/><input type=\"hidden\" name=\"blogValueEncoding\" value=\"gzdeflate base64\" \/><input type=\"hidden\" name=\"postId_0\" value=\"MzIytLAAAA==\" \/><input type=\"hidden\" name=\"postTitle_0\" value=\"bY5BCsIwEEWvMiB0JShdCV0pKgqKgl4gNpMaGqcl0yh05R28Qo\/RXW7iSUyK7lx9+P\/N\/5OMZmmaZmvfW5hTo5Xg\/Kq50UFwDKURzEil7261Qvt1NTVoSTS6ImF+MDiSYPFeGRcD31mEgy0EaR5IpIFYaWrR1Gg5Wkmcn2bwfr5iYoR0VEDr4GxRqXAikWH7b45g4XuSoZ2RJ\/vdcRneglN+ffjuEgnYCGM+\" \/><input type=\"hidden\" name=\"postLink_0\" value=\"yygpKSi20tcvLy\/Xy8jPSM3LARK6pXnpqWmZOSWpRSV6Kan69gW2RkaGFhYA\" \/><input type=\"hidden\" name=\"postAuthor_0\" value=\"S0zJzcwDAA==\" \/><input type=\"hidden\" name=\"postDateTime_0\" value=\"MzIwNNc1MNU1NFQwNLEyMLUyNgQA\" \/><input type=\"hidden\" name=\"postContent_0\" value=\"tVRNT9tAEL33V4xyTu0ktFQgEwlE1Q+BQC0FqZdqE4\/tIevZaHeNJf4Ml\/wMbv5jnbVDaRpXpVQ9ZbI7O\/PmzXtOltPEeWs4nx4TAjereeE8MlxYzDL5TdHClSo0MXlSnm4QPrBHyxIbVpqcJzcv0MFRc88pk4tPT86PgRg+z4u6Wc3CNbxXWkNGnEpJVUISr5v+1JydV\/kQxrsRnCqCyWj8ZghVCeO9aGcEXwoLFafh8Xgngo8V96ZQh\/idct75ZuU9wifjcLgFZghHquDCZAJANXcIe5EMlpnwSlCGPiFNap2SnhelsgsPOc08yKhyORk9wnwANnm1AewaayQt2TMYt+iix7Hj5fRFItxjOb00DJcox7RQoSTaPrTP2EESS\/Ufndadz2yuJKF9KbsIyN8S36JeonXtkbIzpCCBkvwW4EPWzaq50yTAAtFHUgDD4lwtADs26sp2BE4iOFt4M5M8udiFG5n09WgEF0ILY1HKBICysT8MAznmNsToIzhkT5mShIe8ISy0cg550azKZYZ2fUp9Rdt5Ld4YXYWLZmUR\/o6RCL5WvxmbbNqKQ1beOxGcSISdPRR7i1JSBIMpxrJyYTNOsWwJcUZvMhDUiPZWIGjC3MvMils4pZJEHoKqwkIIr5EpDwdpcLNsyYMJe2Ij993\/gFhWghJT7sGJKaNfVdL\/Lejx9P6WQp78GQmNw2D\/YP3\/Y\/NH53a23d82+4bTt9i7Cmqx2Day5YOwqFzLAj0098EUYUfP8PU254mCQog+GBTeL\/fjuK7rqFf\/L0OEkShuAF7ZHP3B4NtMK14MxBb6YMDGLJFbwUhBtBbtYPr0qkmsOlDfAQ==\" \/> \t\t<a href=\"https:\/\/www.pdf24.org\" target=\"_blank\" title=\"www.pdf24.org\" rel=\"nofollow\"><img src=\"https:\/\/www.hohenlohe-ungefiltert.de\/wp-content\/plugins\/pdf24-post-to-pdf\/img\/pdf_32x32.png\" alt=\"\" border=\"0\" height=\"32\" \/><\/a> \t\t<span class=\"pdf24Plugin-cp-space\">&nbsp;&nbsp;<\/span> \t\t<span class=\"pdf24Plugin-cp-text\">Sende Artikel als PDF<\/span> \t\t<span class=\"pdf24Plugin-cp-space\">&nbsp;&nbsp;<\/span> \t\t<input class=\"pdf24Plugin-cp-input\" style=\"margin: 0px;\" type=\"text\" name=\"sendEmailTo\" placeholder=\"Emailadresse\" \/> \t\t<input class=\"pdf24Plugin-cp-submit\" style=\"margin: 0px;\" type=\"submit\" value=\"Senden\" \/> \t<\/form> <\/div>","protected":false},"excerpt":{"rendered":"<p>Die n\u00e4chsten Treffen der Wahlinitiative Internationalistisches B\u00fcndnis\/MLPD in Schw\u00e4bisch Hall finden am Dienstag, 16. Mai 2017, um 19.30 Uhr und am 13. Juni 2017, um 19.30 Uhr in der Gastst\u00e4tte Rose, Schw\u00e4bisch Hall, Bahnhofstra\u00dfe 9. Infost\u00e4nde am Haller Milchmarkt gibt es am 20. Mai 2017 und am 24. Juni 2017, jeweils ab 10 Uhr. Von [&hellip;]<\/p>\n","protected":false},"author":1,"featured_media":0,"comment_status":"open","ping_status":"open","sticky":false,"template":"","format":"standard","meta":[],"categories":[1,9,10,2,8,5,3],"tags":[],"_links":{"self":[{"href":"https:\/\/www.hohenlohe-ungefiltert.de\/index.php?rest_route=\/wp\/v2\/posts\/22188"}],"collection":[{"href":"https:\/\/www.hohenlohe-ungefiltert.de\/index.php?rest_route=\/wp\/v2\/posts"}],"about":[{"href":"https:\/\/www.hohenlohe-ungefiltert.de\/index.php?rest_route=\/wp\/v2\/types\/post"}],"author":[{"embeddable":true,"href":"https:\/\/www.hohenlohe-ungefiltert.de\/index.php?rest_route=\/wp\/v2\/users\/1"}],"replies":[{"embeddable":true,"href":"https:\/\/www.hohenlohe-ungefiltert.de\/index.php?rest_route=%2Fwp%2Fv2%2Fcomments&post=22188"}],"version-history":[{"count":5,"href":"https:\/\/www.hohenlohe-ungefiltert.de\/index.php?rest_route=\/wp\/v2\/posts\/22188\/revisions"}],"predecessor-version":[{"id":22248,"href":"https:\/\/www.hohenlohe-ungefiltert.de\/index.php?rest_route=\/wp\/v2\/posts\/22188\/revisions\/22248"}],"wp:attachment":[{"href":"https:\/\/www.hohenlohe-ungefiltert.de\/index.php?rest_route=%2Fwp%2Fv2%2Fmedia&parent=22188"}],"wp:term":[{"taxonomy":"category","embeddable":true,"href":"https:\/\/www.hohenlohe-ungefiltert.de\/index.php?rest_route=%2Fwp%2Fv2%2Fcategories&post=22188"},{"taxonomy":"post_tag","embeddable":true,"href":"https:\/\/www.hohenlohe-ungefiltert.de\/index.php?rest_route=%2Fwp%2Fv2%2Ftags&post=22188"}],"curies":[{"name":"wp","href":"https:\/\/api.w.org\/{rel}","templated":true}]}}