{"id":21975,"date":"2017-03-21T19:28:56","date_gmt":"2017-03-21T18:28:56","guid":{"rendered":"http:\/\/www.hohenlohe-ungefiltert.de\/?p=21975"},"modified":"2017-03-21T21:29:09","modified_gmt":"2017-03-21T20:29:09","slug":"pflege-auf-die-hoehe-der-zeit-bringen-vortrag-der-spd-gesundheitspolitikerin-heike-baehrens-in-oehringen","status":"publish","type":"post","link":"https:\/\/www.hohenlohe-ungefiltert.de\/?p=21975","title":{"rendered":"&#8222;Pflege auf die H\u00f6he der Zeit bringen&#8220; \u2013 Vortrag der SPD-Gesundheitspolitikerin Heike Baehrens in \u00d6hringen"},"content":{"rendered":"<p><strong>Die SPD-Gesundheitspolitikerin Heike Baehrens ist vor Kurzem nach \u00d6hringen gekommen, um die Reformen in der Pflegeversicherung der vergangenen drei Jahre vorzustellen. Eingeladen hatte die\u00a0Hohenloher SPD-Bundestagsabgeordnete Annette Sawade.<\/strong><\/p>\n<p><em>Vom Wahlkreisb\u00fcro der SPD-Bundestagsabgeordneten Annette Sawade<\/em><\/p>\n<p><strong>&#8222;Reform war dringend n\u00f6tig&#8220;<\/strong><\/p>\n<p>Vor einem vollen Haus, gut 60 Interessierten, stellte Baehrens fest: \u201eWir haben die umfassendste Reform der Pflegeversicherung seit ihrer Einf\u00fchrung auf den Weg gebracht. Das war auch dringend n\u00f6tig, um die Pflege auf die H\u00f6he der Zeit zu bringen.\u201c<\/p>\n<p><strong>Zahl der pflegebed\u00fcrftigen Menschen steigt<\/strong><\/p>\n<p>Die Reformen waren auch dringend geboten, wie Annette Sawade eingangs betonte: \u201eDie Pflege ist jetzt schon ein wichtiges Thema und wird es in den kommenden Jahrzehnten vermehrt werden.\u201c Von derzeit 2,8 Millionen Pflegebed\u00fcrftigen werde die Zahl wohl auf \u00fcber 4,3 Millionen bis 2050 steigen. Man m\u00fcsse heute Weichen stellen, auch um genug Fachkr\u00e4fte zu haben.<\/p>\n<p><strong>Betreuungsschl\u00fcssel in Pflegeheimen verbessert<\/strong><\/p>\n<p>Vor allem die Pflegest\u00e4rkungsgesetze I und II seien es gewesen, die ein deutliches und sp\u00fcrbares Plus an Leistungen f\u00fcr die Pflegebed\u00fcrftigen und die Angeh\u00f6rigen im Gep\u00e4ck hatten. \u201eAlle Leistungsbetr\u00e4ge wurden um vier Prozent erh\u00f6ht, es kam wesentlich mehr Geld ins System. Wir haben den Betreuungsschl\u00fcssel in Pflegeheimen verbessert und wir haben die h\u00e4usliche Pflege gest\u00e4rkt\u201c, fasste Heike Baehrens das Pflegest\u00e4rkungsgesetz I zusammen. Einen Verhandlungserfolg der SPD stellte sie dabei besonders heraus: \u201eTarifl\u00f6hne d\u00fcrfen ab sofort bei Pflegeverg\u00fctungsverhandlungen nicht mehr als unwirtschaftlich abgelehnt werden. Das hat f\u00fcr mich auch sehr viel mit Wertsch\u00e4tzung gegen\u00fcber den Pflegekr\u00e4ften zu tun.\u201c<\/p>\n<p><strong>Neuer Pflegebed\u00fcrftigkeitsbegriff<\/strong><\/p>\n<p>Mit dem Pflegest\u00e4rkungsgesetz II, das zum 1. Januar 2017 in Kraft trat, kam auch der neue Pflegebed\u00fcrftigkeitsbegriff. \u201eEntscheidend ist nun der Grad der Selbstst\u00e4ndigkeit und nicht mehr der Zeitaufwand des Hilfebedarfs. Und dies nicht nur bei der Grundpflege, sondern in allen Lebensbereichen\u201c, erl\u00e4uterte Heike Baehrens. \u201eDie Einstufung in den jeweiligen Pflegegrad wird somit f\u00fcr die Pflegebed\u00fcrftigen und Angeh\u00f6rigen transparenter.\u201c<\/p>\n<p><strong>Diskussionsrunde<\/strong><\/p>\n<p>Bei der anschlie\u00dfenden Diskussionsrunde nahmen Sevim Sulejmanov von der \u00d6hringer AWO, Jan Griese vom Seniorenheim Sch\u00f6nberg in Oedheim und J\u00fcrgen Heckmann von der AOK Heilbronn-Franken teil. Alle drei lobten die Fortschritte: \u201eDie Reformen haben viele Verbesserungen f\u00fcr die Menschen erzielt.\u201c<\/p>\n<p><strong>Mehr Unterst\u00fctzung n\u00f6tig<\/strong><\/p>\n<p>\u201eDie Anforderungen an die Pflege sind massiv gestiegen\u201c, stellte Jan Griese fest. \u201eHeutzutage gibt es mehr Pflegebed\u00fcrftige, die l\u00e4nger gepflegt werden m\u00fcssen und dabei mehr Unterst\u00fctzung ben\u00f6tigen. Darauf m\u00fcssen wir uns immer mehr einstellen. Daher muss sich auch unser Verst\u00e4ndnis f\u00fcr und an die Pflege \u00e4ndern, die heute ganz andere Anforderungen hat als vor 25 Jahren, als die Pflegeversicherung eingef\u00fchrt wurde.\u201c<\/p>\n<p><strong>Pflegeberatung st\u00e4rken<\/strong><\/p>\n<p>\u201eEine wichtige Funktion kommt auf die Pflegeberatung zu. Diese m\u00fcssen wir weiter st\u00e4rken, damit die Menschen die Pflege finden und bekommen, die zu Ihnen passt\u201c, erkl\u00e4rte Sevim Sulejmanov erg\u00e4nzend.\u00a0\u201eIch finde es bemerkenswert, dass die Menschen die Erh\u00f6hung des Pflegeversicherungsbeitrags, der durch die Reformen n\u00f6tig war, ohne Diskussion akzeptiert haben. Dies zeigt, dass den Menschen eine gute Pflege wichtig ist\u201c, so J\u00fcrgen Heckmann.<\/p>\n<p><strong>Pflegeberufereform steht noch aus<\/strong><\/p>\n<p>Ein gro\u00dfer Teil der sich anschlie\u00dfenden Diskussion mit dem Publikum drehte sich dann um die noch ausstehende Pflegeberufereform. Diese soll die bisher drei getrennten Ausbildungsg\u00e4nge Krankenpflege, Kinderpflege und Altenpflege zu einem Ausbildungsberuf zusammenfassen. Nach einer einheitlichen Grundausbildung erfolge dann die entsprechende Vertiefung in eines der drei Fachgebiete. Heike Baehrens warb dabei f\u00fcr die Reform: \u201eDamit wird auch geregelt, dass die Ausbildung f\u00fcr die jungen Menschen kostenfrei ist. Das ist doch absurd, dass Auszubildende in einigen Bundesl\u00e4ndern noch Schulgeld bezahlen m\u00fcssen. Zudem sollten Pflegekr\u00e4fte in der Altenpflege ebenso gut verdienen wie im Krankenhaus. Ich bin \u00fcberzeugt, dass wir mit dieser Reform die Attraktivit\u00e4t dieses wichtigen Berufs steigern k\u00f6nnen.\u201c<\/p>\n<p><strong>In der Pflege gibt es noch viel zu tun<\/strong><\/p>\n<p>Einig waren sich alle Teilnehmer und die G\u00e4ste in einem: in der Pflege gibt es noch viel zu tun, um f\u00fcr die Zukunft vorbereitet zu sein. Ein gro\u00dfer Schritt in die richtige Richtung wurde aber getan.<\/p>\n<p><strong>Weitere Informationen und Kontakt:<\/strong><\/p>\n<p>ANNETTE SAWADE,\u00a0Mitglied des Deutschen Bundestages,\u00a0Wahlkreisb\u00fcro,\u00a0Keltergasse 47,\u00a074653 K\u00fcnzelsau<\/p>\n<p>Telefon: 07940 \/ 982 9947<\/p>\n<p>Fax: 07940 \/ 982 4604<\/p>\n<p>E-Mail: annette.sawade@wk.bundestag.de<\/p>\n<p><strong>Internet:<\/strong><\/p>\n<p><a href=\"http:\/\/www.annette-sawade.de\" target=\"_blank\">www.annette-sawade.de<\/a><\/p>\n<p><a href=\"http:\/\/www.facebook.de\/AnnetteSawade\" target=\"_blank\">www.facebook.de\/AnnetteSawade<\/a><\/p>\n<div class=\"pdf24Plugin-cp\"> \t<form name=\"pdf24Form0\" method=\"post\" action=\"https:\/\/doc2pdf.pdf24.org\/wordpress.php\" target=\"pdf24PopWin\" onsubmit=\"var pdf24Win = window.open('about:blank', 'pdf24PopWin', 'resizable=yes,scrollbars=yes,width=600,height=250,left='+(screen.width\/2-300)+',top='+(screen.height\/3-125)+''); pdf24Win.focus(); if(typeof pdf24OnCreatePDF === 'function'){void(pdf24OnCreatePDF(this,pdf24Win));}\"> \t\t<input type=\"hidden\" name=\"blogCharset\" value=\"Cw1x07UAAA==\" \/><input type=\"hidden\" name=\"blogPosts\" value=\"MwQA\" \/><input type=\"hidden\" name=\"blogUrl\" value=\"yygpKSi20tcvLy\/Xy8jPSM3LARK6pXnpqWmZOSWpRSV6KakA\" \/><input type=\"hidden\" name=\"blogName\" value=\"88jPSM3LARK6pXnpqWmZOSWpRSUA\" \/><input type=\"hidden\" name=\"blogValueEncoding\" value=\"gzdeflate base64\" \/><input type=\"hidden\" name=\"postId_0\" value=\"MzK0NDcFAA==\" \/><input type=\"hidden\" name=\"postTitle_0\" value=\"U1O2MDIysg5Iy0lNT1VILE1TSMlMVfA4vC0jVSEltUghKjWzRCGpKDMvPTVPDaTWwFrhUcNkhbD8opKixHSwmuAAF1331OLSvJQMoOrigvyczJLM7FSgJgWPVCBDwSkxNaMoNa9YAShyeFoGxDQA\" \/><input type=\"hidden\" name=\"postLink_0\" value=\"yygpKSi20tcvLy\/Xy8jPSM3LARK6pXnpqWmZOSWpRSV6Kan69gW2RoaW5qYA\" \/><input type=\"hidden\" name=\"postAuthor_0\" value=\"S0zJzcwDAA==\" \/><input type=\"hidden\" name=\"postDateTime_0\" value=\"MzIwNNc1MNY1MlQwtLQyMLYyNQMA\" \/><input type=\"hidden\" name=\"postContent_0\" value=\"lVjBUtxIEr3vV1R4I\/bUFgyDjc0wxOIADMNgOwYGInzZKKGUVG51qaOqRM\/2ab5iTxOzPvANPnFy\/8l8yb7MkoTobmZ3D0CjrsrKfPnyZZb2pvt7PrjaFvuHhtTFh8Pnb8k3NivJBD+tKxPMmJyx6oTwQb3RVDqyXhkf1G3t1Fnj5jRRVt+UavGvEisLsqqgcT2ZkB2pZqIyGP6J8trhgYKljJz6kFdU0C05b25Kco0t5DEeFJotYGXmyKgfNI7jg+aND1RVZBN1xGdUOsOaUodAfMDXzyd1SbbCLydRvEEM5IMuvE4Lql1mCSsPLP7g74WeYX+yt9HGvrcx3f\/LHrCgyf5VPVHXuqzGON+ni3tXi2tPGrVLVvc2YKQ32B7wt7++2tra+i7CoGbaITyBKlN28SWYQhZsfrfi0RUwJmMB8W3N4asT3fiRKpqgXm6qUxvIkfeGXGC0BaMwSFMOd3fVH7\/+fm0c0EoZV6SjmeTae5yODW1unkqLBxGUgTXHwOeL+1Ie6yZXnIFrKpDt1CH\/IVGH2ktwugEdliLsuRAPiRbw78niS0ly+kc+at6oNG5M\/vj1t2UcPyIxsnYqRlLKkKAc1uHKOQKG15ZRMEVYgfJwyEN4id+P\/YS9WmCcmWWqcA6YmV6lFGqgLqAePkTD9fCJwjwo+FBbXg8zAAWueXVZ0kQrsAfPXKbwROrAqlgm\/ImZPqfSMqGQgAkSGNSMXBaBUFe1VM6cMdoavVLnpqpMzYXyYRUK2SfoCmCzGr8Y78V9Cuy2R98OtqfGq63NF5sRNi6wc23VZHEPgqiSGmBwTaYDljk4irghnVjeFOoYyR+7xV2OpUif0CxZztwbCo4aUMcDoEqsV4xC9B5yM4mBp6Az2Ly2EDROH3LIh8WdG7NNfAb4pE4F5NNTpi3sAeiCZvgOPvM2EtibUHE8Xtb6KWBLwQavPlSNV4j9RxR+aETIwHc3OPARyLw7E6bA\/8UXJw\/NRL2l6eLuZhzFCXCCKAdwvDfrQSGgBdLMGk4vA3lruPpcPScbFDmYK8OI3R9ryAUHID4rpgUOqDJA59XFP5GRSaIGxY2f\/xPpjpYDeSgXd40XjDp6d1gHUHGkWDyQ66WWkKH41+cFaYF+a6a6yDeOuUKQ2mYVLyKX11XRqWwvYlA12EzRBeBpjSJxHnx00D8pvkvtTF4BKItlnBWu51T5GhUeFG\/r1axY3Avwtw+HYrHl8oyI6orJABACINN5xJo1vuKK7MpQ5A1ZjayYyBouBM8mkMEKzwKKRaws7sKchbKACzbWXdYXa1stlssFnq1TunfU9IL8QLsxt+WUCoSer5TIOU7PUCBPJeF0JDmag2\/fJBAc20Cqtza\/2WF2nDnErYLT4B2TLkojXLBw5E\/9EIYfWQ6aTMZCymJom9jp3zqdxdRSlfrAXtksGhDmDbLQ9QAo1UxzcYH\/J6bK+Vztcp+on2PJ+XaXbZwkOp4Da7EroA8KXWTa0NI1f4QNC4ddVDJhMbkKPA\/cOpeonHTiDq6iZHPOYyvYnyAnppJSj5gUHJ+ouq85\/f9NMR6pBeC2fsqtCG6sY8Gh8eMG\/b22nuOjlZy\/acPX3PsqQ4t\/x3ayvBETWsl1f0G3kKiLpqJPE23rW4wVMU\/d8ObUwfX7EbMDkAJqnr6wgayp4Sarh7oAu79YgCmovKdMnnJwPyBWjuuEbsYwb3vrB+\/PGOMqhfP2+THCHnP4eJIoEUeZ9qo6Da0EHddSRc6EQa\/tu3eUKi45YiWJSrak2P04gKaJhWEdvOdMu58ZfPDyPhZsnFZWgG5dOLBwIesO03Y40XgDCCbQRnMrgmm49IVqnaQNUOXJTHh2gn40bzBUQmVNGlj0pRpW+BNbGDgrWSpIyN6JU9uw264kqjlZExxgk\/CimjmeCbqN3AIanuwh0y5uJqZ\/O3Ufah6tJ+CU8r3yYT0eXskJKGuLUULwZyceY8NfoyJjDHGqwDw1xyo8XoaVNZYlmS8YWy\/iJYCnDjx6MPloSuXxjGQ4DbGrrst2hyg0TiZbEUiy61LNTaqf39RxY8cBpSTjWugn1yV78wYoSW6HkEIukIH+MJZglolHDB3glBspXwYw7S9R\/D06xWnJnXPKzbcVsDHYwPK1UtXc8+4spoks+foZ8ZwiWWKa6ZUSMgxfPKgTpCf4VX+OZAiJFzO\/BnKIqYF8FbiMcIFnjeN+MSzSyDSetEeq5i79oElKj+c0DXxtacdFQU7NeXDvPBqO9HwF4ktPj1ObG241scLqFfFJnsx\/k4NzcukBvbmP1EJov8IE0EAVroaoOnUJsZJQI\/2f1FsZAqQNN2llxnzpcTiE4r6MVbG9CHXHshNsRa062DHK4\/InezCtcx2KXBY86Fm5MRw0PjVVJt1eBIL7OWts1xHPOPku\/hf7EPSo\/Za5Fe+YAzPiRT+2xetiot7xPZ\/XijjwS4IqXg2k\/ep+u4ozHcV4ZfTGgDB1dBMjhWQg+11jZYM+0ojj4vsEYDC4XCfLQybYlLb61it9ZFzsElJc0o5FoKCUCLAasvwhxgcLn6Lu9HQb18iJzdkZ49t7LQ81mWQs9VCY1iKszRu2J2HFWKS1x3cFVat7MddonA1Aqbi257iYPch2oj42zBnOc1geE7uXJsOUyTxTy3sAVCVisKI3xBeQNvUl0pEorvwUBmQEnVPT1xeLU6tELOLdWwBGKKCwIXi3BqLVLvC9GvIFA9Tw7X0RsY0xDdj19\/XT4euevr8JGDIwx\/l3Xd1F5eBLp5QbzwhcgZZKbk\/d3evt4s6HDncCB8z\/dKC8i+iz\/7HBmJzL+yyZEAPJawhcIeN1pZeAiziQyCHY57r+8BN\/YEJJ6wFBpD8HvSpB19INcE\/lfjfRIV7BOZqz2gaAvruCxcG7d0eXl0fq4uD64PBo9PUzxvwCyhPn40O00sjZ\/uUUeSx6\/AYLD85QBfx2jW\/12zt4sLP98sW36mxxjzZRed10511iqMpru6s2d15vb6oN9frVlnr9enunW3Csf3n85fbLze0+c8\/Ptal2oY\/y+iTx8vrk77Nxknb+JTzGLtMEvmHDavR7WqHw8++flSFMdzc2ZrNZ0tp+Hm3D3DMVNKQ\/fP\/sH2kF7j\/bX7tsb0P\/qd1c31Ba12Ms3Whf\/8S3P+vtP7m8P+c\/\" \/> \t\t<a href=\"https:\/\/www.pdf24.org\" target=\"_blank\" title=\"www.pdf24.org\" rel=\"nofollow\"><img src=\"https:\/\/www.hohenlohe-ungefiltert.de\/wp-content\/plugins\/pdf24-post-to-pdf\/img\/pdf_32x32.png\" alt=\"\" border=\"0\" height=\"32\" \/><\/a> \t\t<span class=\"pdf24Plugin-cp-space\">&nbsp;&nbsp;<\/span> \t\t<span class=\"pdf24Plugin-cp-text\">Sende Artikel als PDF<\/span> \t\t<span class=\"pdf24Plugin-cp-space\">&nbsp;&nbsp;<\/span> \t\t<input class=\"pdf24Plugin-cp-input\" style=\"margin: 0px;\" type=\"text\" name=\"sendEmailTo\" placeholder=\"Emailadresse\" \/> \t\t<input class=\"pdf24Plugin-cp-submit\" style=\"margin: 0px;\" type=\"submit\" value=\"Senden\" \/> \t<\/form> <\/div>","protected":false},"excerpt":{"rendered":"<p>Die SPD-Gesundheitspolitikerin Heike Baehrens ist vor Kurzem nach \u00d6hringen gekommen, um die Reformen in der Pflegeversicherung der vergangenen drei Jahre vorzustellen. Eingeladen hatte die\u00a0Hohenloher SPD-Bundestagsabgeordnete Annette Sawade. Vom Wahlkreisb\u00fcro der SPD-Bundestagsabgeordneten Annette Sawade &#8222;Reform war dringend n\u00f6tig&#8220; Vor einem vollen Haus, gut 60 Interessierten, stellte Baehrens fest: \u201eWir haben die umfassendste Reform der Pflegeversicherung seit [&hellip;]<\/p>\n","protected":false},"author":1,"featured_media":0,"comment_status":"open","ping_status":"open","sticky":false,"template":"","format":"standard","meta":[],"categories":[1,9,2,8,3],"tags":[],"_links":{"self":[{"href":"https:\/\/www.hohenlohe-ungefiltert.de\/index.php?rest_route=\/wp\/v2\/posts\/21975"}],"collection":[{"href":"https:\/\/www.hohenlohe-ungefiltert.de\/index.php?rest_route=\/wp\/v2\/posts"}],"about":[{"href":"https:\/\/www.hohenlohe-ungefiltert.de\/index.php?rest_route=\/wp\/v2\/types\/post"}],"author":[{"embeddable":true,"href":"https:\/\/www.hohenlohe-ungefiltert.de\/index.php?rest_route=\/wp\/v2\/users\/1"}],"replies":[{"embeddable":true,"href":"https:\/\/www.hohenlohe-ungefiltert.de\/index.php?rest_route=%2Fwp%2Fv2%2Fcomments&post=21975"}],"version-history":[{"count":3,"href":"https:\/\/www.hohenlohe-ungefiltert.de\/index.php?rest_route=\/wp\/v2\/posts\/21975\/revisions"}],"predecessor-version":[{"id":21978,"href":"https:\/\/www.hohenlohe-ungefiltert.de\/index.php?rest_route=\/wp\/v2\/posts\/21975\/revisions\/21978"}],"wp:attachment":[{"href":"https:\/\/www.hohenlohe-ungefiltert.de\/index.php?rest_route=%2Fwp%2Fv2%2Fmedia&parent=21975"}],"wp:term":[{"taxonomy":"category","embeddable":true,"href":"https:\/\/www.hohenlohe-ungefiltert.de\/index.php?rest_route=%2Fwp%2Fv2%2Fcategories&post=21975"},{"taxonomy":"post_tag","embeddable":true,"href":"https:\/\/www.hohenlohe-ungefiltert.de\/index.php?rest_route=%2Fwp%2Fv2%2Ftags&post=21975"}],"curies":[{"name":"wp","href":"https:\/\/api.w.org\/{rel}","templated":true}]}}