{"id":21906,"date":"2017-03-11T19:41:19","date_gmt":"2017-03-11T18:41:19","guid":{"rendered":"http:\/\/www.hohenlohe-ungefiltert.de\/?p=21906"},"modified":"2017-03-11T19:48:21","modified_gmt":"2017-03-11T18:48:21","slug":"keine-abschiebungen-nach-afghanistan-gegen-krieg-und-terror-ueberall-offener-brief-des-freundeskreis-asyl-schwaebisch-hall-an-die-haller-geschaeftsstellen-der-cdu-spd-und-gruenen","status":"publish","type":"post","link":"https:\/\/www.hohenlohe-ungefiltert.de\/?p=21906","title":{"rendered":"&#8222;Keine Abschiebungen nach Afghanistan! Gegen Krieg und Terror \u00fcberall!&#8220; \u2013\u00a0Offener Brief des Freundeskreis Asyl Schw\u00e4bisch Hall an die Haller Gesch\u00e4ftsstellen der CDU, SPD und Gr\u00fcnen"},"content":{"rendered":"<p><strong>Einen offenen Brief an die f\u00fcr die Abschiebung nach Afghanistan verantwortlichen Parteien und Abgeordneten in Schw\u00e4bisch Hall hat der Freundeskreis Asyl Schw\u00e4bisch Hall an die Haller Gesch\u00e4ftsstellen der CDU, SPD und Gr\u00fcnen \u00fcbergeben. Hohenlohe-ungefiltert ver\u00f6ffentlicht den offenen Brief und den T\u00fcbinger Aufruf &#8222;Keine Abschiebungen nach Afghanistan! Gegen Krieg und Terror \u00fcberall!&#8220; in voller L\u00e4nge.\u00a0<\/strong><\/p>\n<p><em>Hanna Hald, Hans A. Graef, Freundeskreis Asyl Schw\u00e4bisch Hall<\/em><\/p>\n<p><strong>Sehr geehrte Damen und Herren,<\/strong><\/p>\n<p>seit Jahren betreuen wir Fl\u00fcchtlinge aus Afghanistan und kennen die pers\u00f6nlichen Fluchtgr\u00fcnde ihres Asyls. Alle Berichte der UNHCR und internationaler Hilfsorganisationen beweisen, dass Afghanistan kein sicheres Land ist: Terroranschl\u00e4ge, milit\u00e4rische Kampfhandlungen, Selbstmordattentate und pers\u00f6nliche Attacken geh\u00f6ren zum Alltag.\u00a0Die Entscheidung der CDU-SPD-Bundesregierung, Asylbewerber dorthin zur\u00fcck zu schicken, halten wir f\u00fcr nicht legitim. Sie ist politisch begr\u00fcndet und ethisch-rechtlich unvertretbar. Die entsprechenden Gesetze von Bundesinnenminister de Maiziere entspringen innenpolitischen Erw\u00e4gungen und nicht dem Grundrecht auf Asyl. Wir kritisieren als Fl\u00fcchtlingshelfer, die t\u00e4glich mit der Not und den \u00c4ngsten der Verfolgten zu tun haben, diese Abschiebungen von integrationswilligen, gut integrierten Menschen. In ihrer Heimat erwarten sie das Risiko der Verfolgung durch Taliban oder kriegerische Aggressionen.<\/p>\n<p><strong>Nachweislich falsch<\/strong><\/p>\n<p>Das SPD-gef\u00fchrte Au\u00dfenministerium warnt vor Reisen nach Afghanistan und tr\u00e4gt die Verantwortung f\u00fcr die zweifelhafte Beurteilung der Sicherheitslage in Kabul und anderen Regionen. Diese Beurteilung ist nach Informationen unabh\u00e4ngiger Organisationen nachweislich falsch. Dies widerspricht diametral sozialdemokratischen Prinzipien von rechtlicher Fairness, Humanit\u00e4t und sozialer Gerechtigkeit.\u00a0Der Kompromiss der gr\u00fcn-schwarzen Landesregierung ist ein fauler Kompromiss. Er ist kein Fortschritt f\u00fcr eine humanit\u00e4re und pragmatische Fl\u00fcchtlingspolitik (Gr\u00fcne), sondern verr\u00e4t die gr\u00fcnen Grunds\u00e4tze an den Koalitionszwang. Das Rechtsstaatsprinzip ist wichtig, lieber Herr Kretschmann \u2013 aber nur auf Grundlage legitimer wahrhaftiger Informationen. CDU-Innenminister Strobl wies darauf hin, dass sich an der Rechtslage und am Beh\u00f6rdenhandeln nichts \u00e4ndern werde.\u00a0 Christliche Grunds\u00e4tze spielen in den Erw\u00e4gungen keine Rolle. Die Einzelfallpr\u00fcfungen sind ein Lippenbekenntnis und haben versagt.<\/p>\n<p><strong>Keine Abschiebung in den Krieg und Terror<\/strong><\/p>\n<p>Wir fordern Sie als christliche, soziale und humane Partei dazu auf, sich f\u00fcr eine leicht m\u00f6gliche humane L\u00f6sung einzusetzen \u2013 keine Abschiebung in den Krieg und Terror. Wir fordern die Abgeordneten Christian von Stetten, Annette Sawade, Jutta Niemann und Arnulf von Eyb dazu auf, sich eindeutig gegen diese Abschiebungen einzusetzen \u2013 es gibt nachweislich schon jetzt viele soziale Opfer dieser unmenschlichen Praxis.\u00a0Wir unterst\u00fctzen nachdr\u00fccklich die Forderungen des Fl\u00fcchtlingsrats Baden-W\u00fcrttemberg, von Pro Asyl und des T\u00fcbinger Aufrufs. Wir sammeln Unterschriften f\u00fcr \u201eKEINE ABSCHIEBUNGEN NACH AFGHANISTAN! GEGEN KRIEG UND TERROR \u00dcBERALL!\u201c<br \/>\nWir \u00fcbergeben diesen Brief gern pers\u00f6nlich an einen Vertreter Ihrer Partei \u2013\u00a0oder werfen ihn in den Briefkasten mit der Bitte um Weiterleitung und Antwort. Danke &amp; freundliche Gr\u00fc\u00dfe!<\/p>\n<p><strong>T\u00fcbinger Aufruf: KEINE ABSCHIEBUNGEN NACH AFGHANISTAN! GEGEN KRIEG UND TERROR \u2013 \u00dcBERALL!<\/strong><\/p>\n<p><strong>Internetpetition:<\/strong><\/p>\n<p><a href=\"http:\/\/www.openpetition.de\/petition\/online\/tuebinger-aufruf-keine-abschiebungen-nach-afghanistan-gegen-krieg-und-terror-ueberall\" target=\"_blank\">www.openpetition.de\/petition\/online\/tuebinger-aufruf-keine-abschiebungen-nach-afghanistan-gegen-krieg-und-terror-ueberall<\/a><\/p>\n<p><strong>Wir fordern:<\/strong><\/p>\n<p>\u2013 Fl\u00fcchtlinge aus Afghanistan brauchen ein sicheres Aufenthaltsrecht in Deutschland und ein Recht auf Familiennachzug<\/p>\n<p>\u2013 Niemand darf nach Afghanistan abgeschoben werden \u2013\u00a0f\u00fcr einen politischen Abschiebestopp!<\/p>\n<p>\u2013\u00a0Die gr\u00fcn-schwarze Landesregierung soll sich (wie andere Landesregierungen) nicht an Abschiebungen nach Afghanistan beteiligen.<\/p>\n<p>\u2013 Konsequent f\u00fcr die Menschenrechte eintreten, statt \u201ekonsequent abschieben\u201c, Herr Strobl!<\/p>\n<p>\u2013 Fluchtursachen bek\u00e4mpfen, nicht Fl\u00fcchtlinge!<\/p>\n<p>\u2013 Keine Waffenexporte und keine milit\u00e4rischen Interventionen!<\/p>\n<p><strong>Gr\u00fcnde:<\/strong><\/p>\n<p>Mit den am 15. Dezember 2016 begonnenen Sammelabschiebungen nach Afghanistan setzt die Bundesregierung ihre Politik der Versch\u00e4rfungen gegen Fl\u00fcchtlinge fort. Diese Forcierung der Abschiebepolitik stellt einen weiteren Tabubruch in der Fl\u00fcchtlingspolitik dar: Es geht dabei nicht um einzelne Straft\u00e4ter, es sollen alle Gefl\u00fcchteten aus Afghanistan unter Druck gesetzt werden, indem politisch gesteuert immer mehr Asylantr\u00e4ge abgelehnt werden.\u00a0Mit unserem \u00f6ffentlichen Protest wollen wir unsere Solidarit\u00e4t mit den hier lebenden afghanischen Gefl\u00fcchteten bekunden. Diese sind durch das R\u00fccknahmeabkommen der EU mit Afghanistan und die begonnenen Sammelabschiebungen stark verunsichert. Sie haben Angst, in ein Land zur\u00fcck zu m\u00fcssen, aus dem sie vor Krieg, Terror, Verfolgung und Armut geflohen sind und in dem es keine Sicherheit gibt. Zusammen mit den afghanischen Gefl\u00fcchteten verurteilen wir Gewalt, Krieg und Terror, egal wo.<\/p>\n<p><strong>Grassierender Rassismus<\/strong><\/p>\n<p>Wir wenden uns dabei auch gegen den grassierenden Rassismus. Es ist zynisch und gef\u00e4hrlich, die Taten von einzelnen Terroristen wie jetzt in Berlin mit \u201edem Islam\u201c oder \u201eden Fl\u00fcchtlingen\u201c in einen Topf zu werfen. Statt Hass zu sch\u00fcren und das politische Klima in Deutschland weiter zu vergiften brauchen wir eine Politik der Solidarit\u00e4t \u2013 auch mit den zu uns geflohenen Menschen!\u00a0Mit unserem Protest gedenken wir nicht nur der zigtausend zivilen Kriegsopfer in Afghanistan, sondern auch der Toten und Verletzten der Terroranschl\u00e4ge in Europa und der tausenden Fl\u00fcchtlinge, denen die Festung Europa zur Todesfalle wurde.<\/p>\n<p><strong>Demonstration fand in Schw\u00e4bisch Hall statt<\/strong><\/p>\n<p>Der Schw\u00e4bisch Haller Freundeskreis Asyl demonstrierte am Samstag, 11. M\u00e4rz 2017, in Schw\u00e4bisch Hall gegen die Abschiebung von gefl\u00fcchteten Menschen nach Afghanistan.<\/p>\n<p><strong>Dazu schreibt Peter Aichelin, einer der Organisatoren:<\/strong><\/p>\n<p><strong>&#8222;Keine Abschiebung nach Afghanistan&#8220;<\/strong><\/p>\n<p>mit \u00dcbergabe von Unterschriftenlisten zum \u201eT\u00fcbinger Aufruf\u201c an Vertreter der Regierungsparteien in Bund und Land.<\/p>\n<p>Ablauf:<\/p>\n<p>10:30 Uhr: Sammeln am Platz zwischen Henkersbr\u00fccke und Woha<\/p>\n<p>10:40 Uhr: Abmarsch zur Gesch\u00e4ftsstelle der CDU in der Heimbacher Gasse,\u00a0\u00dcbergabe des Aufrufs (pers\u00f6nlich oder in den Briefkasten)<\/p>\n<p>10:50 Uhr: Abmarsch zur Gesch\u00e4ftsstelle \u201eB\u00fcndnis 90\/ Die Gr\u00fcnen\u201c in der Gelbinger Gasse \u00fcber: Heimbacher Gasse\/Neue Stra\u00dfe\/Froschgragen\/Bonhoefferplatz\/Gelbinger Gasse<\/p>\n<p>11:15 Uhr: \u00dcbergabe des Aufrufs (pers\u00f6nlich oder in den Briefkasten)<\/p>\n<p>11:20 Uhr: Abmarsch zur Gesch\u00e4ftsstelle der SPD in der Gelbinger Gasse<\/p>\n<p>11: 30 Uhr: \u00dcbergabe des Aufrufs (pers\u00f6nlich oder in den Briefkasten)<\/p>\n<p>11:35 Uhr: Abmarsch Richtung Marktplatz \u00fcber Marktstra\u00dfe\/Spitalbach\/Milchmarkt\/Neue Stra\u00dfe<\/p>\n<p>11:50 Uhr: Ende des Zuges am Marktbrunnen\/Aufl\u00f6sung der Versammlung\/Einladung zum \u201eZusammenstehen f\u00fcr den Frieden\u201c<\/p>\n<div class=\"pdf24Plugin-cp\"> \t<form name=\"pdf24Form0\" method=\"post\" action=\"https:\/\/doc2pdf.pdf24.org\/wordpress.php\" target=\"pdf24PopWin\" onsubmit=\"var pdf24Win = window.open('about:blank', 'pdf24PopWin', 'resizable=yes,scrollbars=yes,width=600,height=250,left='+(screen.width\/2-300)+',top='+(screen.height\/3-125)+''); pdf24Win.focus(); if(typeof pdf24OnCreatePDF === 'function'){void(pdf24OnCreatePDF(this,pdf24Win));}\"> \t\t<input type=\"hidden\" name=\"blogCharset\" value=\"Cw1x07UAAA==\" \/><input type=\"hidden\" name=\"blogPosts\" value=\"MwQA\" \/><input type=\"hidden\" name=\"blogUrl\" value=\"yygpKSi20tcvLy\/Xy8jPSM3LARK6pXnpqWmZOSWpRSV6KakA\" \/><input type=\"hidden\" name=\"blogName\" value=\"88jPSM3LARK6pXnpqWmZOSWpRSUA\" \/><input type=\"hidden\" name=\"blogValueEncoding\" value=\"gzdeflate base64\" \/><input type=\"hidden\" name=\"postId_0\" value=\"MzK0NDADAA==\" \/><input type=\"hidden\" name=\"postTitle_0\" value=\"HY4xCsJQEESvMiJYWUgqwSoqRkihoB7gJ5mffAwr7I+InXfwAhYew8rcxJO42g1vdmZ2NJwmSTLLGYRIi1g2gcVZagrElQ1SXzdOQuycDJDxx3MNrHGWCnuqnhT9q6C6th2MfmWTGT63+\/ux8Z5CxdzOPSpGrJSWYjwqQ0Qary12ZXPpn0WwXaytAk5QBf61ZTOa0T99F2NHI2YaXSwPY+y2y\/8PmfYvoXwB\" \/><input type=\"hidden\" name=\"postLink_0\" value=\"yygpKSi20tcvLy\/Xy8jPSM3LARK6pXnpqWmZOSWpRSV6Kan69gW2RoaWBmYA\" \/><input type=\"hidden\" name=\"postAuthor_0\" value=\"S0zJzcwDAA==\" \/><input type=\"hidden\" name=\"postDateTime_0\" value=\"MzIwNNc1MNY1NFQwtLQyMLYytAQA\" \/><input type=\"hidden\" name=\"postContent_0\" value=\"xVnLbhtHFt3nK0oeIIgBPixnPA9FMUBZ1COyFUGUbSCbQbVY3V3D7mpOVbWZcJXF\/MFsg5ks9A1eaRX+Sb5kzr1VTXWzncTABJhNIpPdt+7j3HPPLR4unx86byuTPZ9qo4yo0lTR\/4+sVqmQRsy1Eunm3vIfk8Td5loltcmEkbe5mKRZLo12Hk++U1Yav6qsL\/RtDhtX0nql8Udt5ng1U5WdG+XxgTZidpuvNneJhkFxJotC5NKLubLixCo8r9zCKu3ExH1X9J+NftHfeONU4YvNXeqd8wqfGLbz4vj1QMyujvn0U7u5p7A294mymUqUGYmzCk4W+M8Q4ahUF15ZT1Fs3lMSOApyaTcpZI8+vYExjTetmNSprVPx6R\/+8vTp0y8uFDLZThWe3U3WHpymzy9gMWOLN8raygYHEdYeG3vyBaXqXcVhvtzcwdbopx8Px7Fkh+Pl808OUUJVPj+TxkjKyHyA\/xpkboSopUoHH5PRwzFMbM1F8zOVW5Ep\/NcrcSzLWMkzeKrMoOeFU9qLr2SOL0WiPA7FHyuNihabe6SyoGQJWbsOasjiQhlKL5V0qazbvDcRQSdFjRczKt5cCQ3TwX83EhPkRBwpS0VSXPDXl2cvrtmeNiilkV5XRlLmznSRuspmdCZ\/yh6ukA3EIebSdV1aoIDCkQd03ktJFp0\/iCVCbm\/zYnOXqYEodaH95s5SHpW4kOUyhZV5wUUH+lSROF8C9tID9l7CU\/KvHaSYeC9vkQFkOt+8p+St65LC8zJDsY+RlKnxdICeU99FbA8B7eER19WqTCuL7wacHIrMAkVijlbMNdlDAm8X+L8gTNJhA7Rb4WN9uL0No72AKa\/LkZjhWAQtlhUiZJgkKtbBcwwKpvHx0CouLR6oDXoHZfeJtCNBfiNkt6QHlKGGQZ8qv1bAM1qJPddU91JT3slfJV5JvUYszauam4ef2jqCD6YW4M1CZ5EvJnZqCcTj3+wSgJZyOkbiLWJcWHqbTBshC9fGpMtVkSo7YPyhmhlHU+pAR5eV33b85p942kd+eaNsWhWZ54IJXxukNGE8acS50\/8UMqEys4w\/t9JFoRkjWe3jN3COjL1ShqMciXPDkAd+lS7BjsquJD+COAi14hoRLaq2NwyQ2sL\/G1noBGCu6NsF0YyKMJ1kGXDtuA1Guz1\/CaKixuAcpMjUbd5r9GMcTegDaW7umRwm9eY\/D4XUwC88NSBTMNo1t1l\/XFBSvUW6PSf+zXZ6UAzbibOGM6kqcpl6aveaJkrRtMGMexSN4V0hwS3A+oVM6oJtow+52teANIdKkHRdI4RwduzcpJUtG26ojUxyYltN7P51lzhMP0PBNHoJJxJqGY0ahOlB5cJVaw1aVmW1oOoHCF8B22u91BEb2y6iASi1NSgQeLwucTIgGSAYDPHA4+d1BqbyxBH47KIql7YqNbiMUsO9OsRZKMQahxCLtZiCIyeaS2VddN4eobv4W2bBE9QDRtA8PtSEZ1ve+GUjn1mZlTG0TmeFpl2Iz8L8fTxADFQWFguW4qIaZ3E4c\/M6fAqOoAlP87GSZAEds15JkyHRBHsKHrNeysARyCN7vNKclIEo0HfcNhaRgZDgFxw24ufv\/yUkfWNqy\/zAJzJ0IvHhuxUmGMGNa9\/BxYh597zDWTO0RlLgaNR\/Li0ZBeXGoUIzJERio9N8FqOzBBCJ7xEljQxVmEBjTgB4nCKw+JzGvXiB\/LuAjk6OHOBTBDU132HFBdfpmoRDoGKouzVoDqN+iWyn4Snw75xR8FIvl8okigaxR2TsItMZFcrJzPeIoqdyGjd2JU2PPoiOkVWOkcYM0fHtQ4iDBufBCYKailISWQXVIseDkNoHRBaKm67cvM9CnuJ7LzfvHfmGh9Y1T5+AgsXHeh+mR+Nu0MAtIRtKo2Xo4plXNOcxhoER\/CVmciXniOirGkNeXGrFMGQ5bE1dpPzW9LtkNzB4N1c1IAhRkAVl1BspuyEBgJlOfJef8AJO+DueAhkTWrbJ\/XqZKhsMW3hU8tRphLuV32oH6FHsNYkp5zf3fBJZn7OcYPuUkBNOTnAKHNMhABCeE0fIgRm+RbGQk5IE+IADv7JVUKNhvrqeonYh+06WJfXHa\/aEoJJS7rn6P3\/\/74vp+eVUTI5mL87Op0evL0+nl+Jy8uJMTE5OzyaX57ObySX09pQ+v7g+n55CKR6Lm+n19dfXYvPD0fR68vLl3s\/f\/3CYWDF+\/gkd+bAnhBQ12j8jFLTkG3W34sXpTdA+xBk8syNiUZmffuQZjHZOqVnzbcOyyYVkRdHIjSNNuMEAfQtqVxa45nnIkAnjkTjQLJT4FGrzC5Gytm+4YXOPOby326q7aT0Q\/1PKCGzbtPV3kfjvc9bgyi+VZwI\/6D8pBTKVfvko9355MB6vVqtRBRpq3hjN1bj5e1wh3UaNfa1CKEPJoQy5kYey3RlDwuhQPkiNITfRkEUQdr350HNrD2sVdq1HwksU23\/56G9Jgdw+ev5\/c+VwLHuZbBFQP4lUjF\/drxLMJG7qzlIDIEBh0w7gglrGl8dgHOIA2nfqOBiut1L6RNKyg\/mAiNZ11j4\/8Nqc5l\/a13kSfEk0RL3EI82EptiStxFtbd+QnHK+Wi73WueEXagrbHq6xmHkBQ79bEWzhUXg7lPKPI47gzS\/sajTJguxSFp91I75ApJE\/QMbrn\/Qqo1y54wqio0ZAfMAliCgwFWLh9caoCgD6hkEsRLUxF63uLQC1xjCnB7M6M0d1kyyGkJoV7\/zZpjQbyVfXny7rGzcPsPs66yuRnC7voNfrHR6FHIaVr8+\/l7pcEUCPbP\/DNSk1szw4umT\/T\/RyliRWsL3M+Zw+eu5djynKJU7iy3vQeIqqsm47\/Clj41SJszJTiekgSx5dGJG3UZT9PYWZI1A5YsjH+G4YuqlGx4sE4lF\/gNj2w9qW6D+QEwdre\/wHZpJx8KAxBWrLmQbhYWkhGyjPRP9RzDlTRST+FSlwSwriv79CM2UY3ixwBEhQ6GNBoJUQtla0fG9VzXdYumSpGxJFzg0YbFZ0aaluBkLlZvGBmY8VbAGKi1MtW6+WAZUXpGuDs6uWAzQg2KGIxF3WE3KCAEk1EKIJWHZb0iPLXVDBIapvNuNjGVo2Fp5qyV1YWReKpksqrKM+\/b0NZ+0u0ISWn4DZ3jWLkjIwnsmQB\/uN4LAndBOT7kMSpiIrHVhUm7uHd8SUV0o27R701rLQnEQVeKgvX8HeVdir8eCTPeLUWiHmyk2AgSELnzYYFm8jcQ3Nasds83qr+SRIuJVNhbnVK1A6IOehgXiMuyhq2rUb2usKXwpwisK\/cOVtfugZF+FuiKHEeU0Vxp9Sh3YsmUebI2oN2g7W3\/HUbBfdHNwl1vCWbh2uZE+bsJNy5jovHbhmkpFFYsMHkEX6ZAhUCrl8xyLVQkaDbcd\/GGXDIhjY4nJcrVMqbhBkgEMTM9ntLKFOzIwerxaIkA+jCdxUehS7g7LwBf0KiqSBXG6HbtUGC51m706\/cNbab29cuLrJMpyg57WndBet12bBs0UXlvEwwL50IZLJ6115gFdRajW7xgqDA9Xsf5HJK2GeljP2R96\/6byMRNvSI2iArEddy9DydS0ttVSRjlvRTx4pxQDijHe9p7Ae2qZ+CL6DgeC+FMmxlVNC\/AuZo9ViSHqw0WaSGXoqt5PBDxy+1dXlPydRz\/8m8M8HsO3cjTewCywiZbf3x+JV5g8axpyfx588PTt2tbZMQnfWaeFm8L2ZmE\/bBmgCQ+x5F3xpjEh9ijouoEQFgq+va2qAOGDX5Tnv\/RbRc+R+DtEzxCBdfMDbUkgA46su54VoXHpLhv9uLuCUDvK9tIUrkjiuHfL5pcjHW6KGVJEzdu0TKDUsck0\/9x\/cvD5E\/E6xyiexW0RJbsqpF+L9Sqy5xk1iXUJk3vQQm+rXLZs\/DHamCSlpFAYkbs\/LzU38I0ooNvZRPLV3SkoRA1++vEhMfMgtmmZFZ+1F0dmqv4i+LjlzbOP8gbZPSJxRtc2f30y5tue+HNXJL05XxkWsQDsY1hwD3q+jy+hH1itYJEcn9gKh4HYAebxUWXySkEf2CWldbxjcev3\/sH+s+D375GF\/YOnH10T+rHvw+G2zIkGJ7+Pd58\/2\/HumuiXGukVRIfnVIVkhw9cTO1sqb0sKPXjV7qg+0l82cl+65AGCFP6FYy8\/aaG1COEs01IVFI\/Y8RQxPuuRiKjF+iiezzVppD881FsyEZnIJ68uUthpkaYc0YOn\/9f\" \/> \t\t<a href=\"https:\/\/www.pdf24.org\" target=\"_blank\" title=\"www.pdf24.org\" rel=\"nofollow\"><img src=\"https:\/\/www.hohenlohe-ungefiltert.de\/wp-content\/plugins\/pdf24-post-to-pdf\/img\/pdf_32x32.png\" alt=\"\" border=\"0\" height=\"32\" \/><\/a> \t\t<span class=\"pdf24Plugin-cp-space\">&nbsp;&nbsp;<\/span> \t\t<span class=\"pdf24Plugin-cp-text\">Sende Artikel als PDF<\/span> \t\t<span class=\"pdf24Plugin-cp-space\">&nbsp;&nbsp;<\/span> \t\t<input class=\"pdf24Plugin-cp-input\" style=\"margin: 0px;\" type=\"text\" name=\"sendEmailTo\" placeholder=\"Emailadresse\" \/> \t\t<input class=\"pdf24Plugin-cp-submit\" style=\"margin: 0px;\" type=\"submit\" value=\"Senden\" \/> \t<\/form> <\/div>","protected":false},"excerpt":{"rendered":"<p>Einen offenen Brief an die f\u00fcr die Abschiebung nach Afghanistan verantwortlichen Parteien und Abgeordneten in Schw\u00e4bisch Hall hat der Freundeskreis Asyl Schw\u00e4bisch Hall an die Haller Gesch\u00e4ftsstellen der CDU, SPD und Gr\u00fcnen \u00fcbergeben. Hohenlohe-ungefiltert ver\u00f6ffentlicht den offenen Brief und den T\u00fcbinger Aufruf &#8222;Keine Abschiebungen nach Afghanistan! Gegen Krieg und Terror \u00fcberall!&#8220; in voller L\u00e4nge.\u00a0 Hanna [&hellip;]<\/p>\n","protected":false},"author":1,"featured_media":0,"comment_status":"open","ping_status":"open","sticky":false,"template":"","format":"standard","meta":[],"categories":[1,9,10,2,8,5,3],"tags":[],"_links":{"self":[{"href":"https:\/\/www.hohenlohe-ungefiltert.de\/index.php?rest_route=\/wp\/v2\/posts\/21906"}],"collection":[{"href":"https:\/\/www.hohenlohe-ungefiltert.de\/index.php?rest_route=\/wp\/v2\/posts"}],"about":[{"href":"https:\/\/www.hohenlohe-ungefiltert.de\/index.php?rest_route=\/wp\/v2\/types\/post"}],"author":[{"embeddable":true,"href":"https:\/\/www.hohenlohe-ungefiltert.de\/index.php?rest_route=\/wp\/v2\/users\/1"}],"replies":[{"embeddable":true,"href":"https:\/\/www.hohenlohe-ungefiltert.de\/index.php?rest_route=%2Fwp%2Fv2%2Fcomments&post=21906"}],"version-history":[{"count":8,"href":"https:\/\/www.hohenlohe-ungefiltert.de\/index.php?rest_route=\/wp\/v2\/posts\/21906\/revisions"}],"predecessor-version":[{"id":21914,"href":"https:\/\/www.hohenlohe-ungefiltert.de\/index.php?rest_route=\/wp\/v2\/posts\/21906\/revisions\/21914"}],"wp:attachment":[{"href":"https:\/\/www.hohenlohe-ungefiltert.de\/index.php?rest_route=%2Fwp%2Fv2%2Fmedia&parent=21906"}],"wp:term":[{"taxonomy":"category","embeddable":true,"href":"https:\/\/www.hohenlohe-ungefiltert.de\/index.php?rest_route=%2Fwp%2Fv2%2Fcategories&post=21906"},{"taxonomy":"post_tag","embeddable":true,"href":"https:\/\/www.hohenlohe-ungefiltert.de\/index.php?rest_route=%2Fwp%2Fv2%2Ftags&post=21906"}],"curies":[{"name":"wp","href":"https:\/\/api.w.org\/{rel}","templated":true}]}}