{"id":21871,"date":"2017-03-03T20:21:52","date_gmt":"2017-03-03T19:21:52","guid":{"rendered":"http:\/\/www.hohenlohe-ungefiltert.de\/?p=21871"},"modified":"2017-03-03T20:21:52","modified_gmt":"2017-03-03T19:21:52","slug":"reichtum-umverteilen-ein-gerechtes-land-fuer-alle-neues-buendnis-will-druck-fuer-mehr-soziale-gerechtigkeit-machen","status":"publish","type":"post","link":"https:\/\/www.hohenlohe-ungefiltert.de\/?p=21871","title":{"rendered":"&#8222;Reichtum Umverteilen \u2013 ein gerechtes Land f\u00fcr alle&#8220; \u2013\u00a0Neues B\u00fcndnis will Druck f\u00fcr mehr soziale Gerechtigkeit machen"},"content":{"rendered":"<p><strong>Anfang des Jahres 2017 wurde das B\u00fcndnis &#8222;Reichtum umverteilen \u2013 ein gerechtes Land f\u00fcr alle&#8220; gegr\u00fcndet. Das B\u00fcndnis setzt fr\u00fchere Aktivit\u00e4ten von &#8222;Umfairteilen \u2013 Reichtum besteuern&#8220; und der Initiative &#8222;Verm\u00f6gensteuer jetzt!&#8220; fort.<\/strong><\/p>\n<p><em>Informationen zugesandt von Ralf Kr\u00e4mer vom Arbeitsausschuss des B\u00fcndnisses &#8222;Reichtum Umverteilen \u2013 ein gerechtes Land f\u00fcr alle&#8220;<\/em><\/p>\n<p><strong>Ein besseres und gerechtes Land f\u00fcr alle schaffen<\/strong><\/p>\n<p>Das B\u00fcndnis setzt sich aus mittlerweile \u00fcber 30 Organisationen und vielen weiteren Unterst\u00fctzern zusammen: Gewerkschaften, Verb\u00e4nde und Selbstorganisationen aus dem sozialen Bereich, Jugendverb\u00e4nde, kirchliche und politische Vereinigungen, migrantische Organisationen und andere. Gemeinsam wollen wir im Vorfeld der Bundestagswahl 2017 und dar\u00fcber hinaus gemeinsam \u00d6ffentlichkeitsarbeit und Druck f\u00fcr mehr soziale Gerechtigkeit machen. Wir sagen: Wir k\u00f6nnen ein besseres und gerechtes Land f\u00fcr alle schaffen, die hier leben. In Deutschland gibt es so viel Reichtum wie nie zuvor, wir m\u00fcssen ihn endlich vern\u00fcnftig verteilen und gerecht einsetzen.<\/p>\n<p><strong>Kalender selbst mit Terminen f\u00fcllen<\/strong><\/p>\n<p>Auf unserer Internetseite <a href=\"http:\/\/www.reichtum-umverteilen.de\" target=\"_blank\">www.reichtum-umverteilen.de<\/a> stellen wir unser B\u00fcndnis vor und bitten um Unterst\u00fctzung f\u00fcr unseren gemeinsamen Aufruf. Also am besten sofort unterschreiben und teilen! Im Umverteilen-Blog und auf unserer Hintergrundseite informieren wir \u00fcber aktuelle Themen und stellen Positionen der B\u00fcndnismitglieder dar. Der Kalender informiert \u00fcber anstehende Termine und kann von allen Besucherinnen und Besuchern der Webseite mit Terminen gef\u00fcllt werden.<\/p>\n<p><strong>Sich einem regionalen B\u00fcndnis anschlie\u00dfen<\/strong><\/p>\n<p>In einer Reihe von St\u00e4dten und Regionen gibt es bereits aktive lokale B\u00fcndnisse. Wir freuen uns, wenn es noch mehr werden.\u00a0Menschen, Organisationen, Initiativen, die sich bestehenden regionalen B\u00fcndnissen anschlie\u00dfen wollen oder Interesse daran haben, selbst Aktionen vor Ort zu planen oder regionale Strukturen aufzubauen, k\u00f6nnen sich gerne direkt bei den regionalen B\u00fcndnisvertreter\/inn\/en melden: <a href=\"https:\/\/www.reichtum-umverteilen.de\/umverteilenbloganzeige\/ak\/regionale-buendnisse\/\" target=\"_blank\">https:\/\/www.reichtum-umverteilen.de\/umverteilenbloganzeige\/ak\/regionale-buendnisse\/<\/a>.<\/p>\n<p><strong>Unterst\u00fctzer auf Bundesebene ansprechen<\/strong><\/p>\n<p>Wenn in einer Region noch keine B\u00fcndnisse bestehen und Sie selbst ein neues initiieren wollen, wenden Sie sich bitte per Mail an regional@reichtum-umverteilen.de. M\u00f6gliche Mitstreiterinnen und Mitstreiter vor Ort finden Sie unter anderem, wenn Sie die lokalen Gliederungen unserer Tr\u00e4ger und Unterst\u00fctzer auf Bundesebene ansprechen (siehe Webseite).<\/p>\n<p><strong>Bisher sind folgende Aktivit\u00e4ten geplant:<\/strong><\/p>\n<p><strong>Comic im A6-Format<\/strong><\/p>\n<p>\u2192 Wir erstellen einen Comic im A6-Format, der in popul\u00e4rer Form die Probleme und m\u00f6gliche L\u00f6sungen anspricht und in sehr hoher Auflage \u00fcberall in der Republik verteilt werden soll. Er soll im April 2017 zur Verf\u00fcgung stehen.<\/p>\n<p><strong>Flyer mit dem B\u00fcndnisaufruf<\/strong><\/p>\n<p>\u2192 Als weiteres Material stellen wir auf der Website Flyer mit dem B\u00fcndnisaufruf zur Verf\u00fcgung (liegt bereits vor), Faktenbl\u00e4tter zu Problemfeldern und Alternativen sowie Antworten auf h\u00e4ufige Fragen, au\u00dferdem Aktionshilfen und Vorschl\u00e4ge. Gerne unterst\u00fctzen wir Sie bei der Erarbeitung weiterer Veranstaltungsformate \u2013 sprechen Sie uns hierf\u00fcr einfach an: info@reichtum-umverteilen.de<\/p>\n<p><strong>Dezentraler Aktionstag in NRW<\/strong><\/p>\n<p>\u2192 Am Samstag, 6. Mai 2017, werden im Rahmen eines dezentralen Aktionstages unter anderem in Nordrhein-Westfalen (NRW) in verschiedenen St\u00e4dten Aktionen und Veranstaltungen stattfinden, um f\u00fcr die Forderungen des B\u00fcndnisses zu werben. Alle lokalen Gruppen und B\u00fcndnispartner sind herzlich dazu eingeladen, sich mit eigenen Aktionen an diesem Aktionstag zu beteiligen. Weitere Aktionstage sollen folgen. Bereits am 6. April 2017 wird das NRW-B\u00fcndnis eine Aktion vor dem Landtag in D\u00fcsseldorf durchf\u00fchren, wer dazu mehr wissen will wende sich per E-Mail an Ingmeyer@web.de<\/p>\n<p><strong>Wichtige Rolle am 1. Mai 2017<\/strong><\/p>\n<p>\u2192 Auf den DGB-Veranstaltungen zum 1. Mai 2017 werden unsere Anliegen eine wichtige Rolle spielen.<\/p>\n<p><strong>Armutskongress in Berlin<\/strong><\/p>\n<p>\u2192 Am 27. und 28. Juni 2017 findet in Berlin der zweite Armutskongress statt, auf dem das B\u00fcndnis stark pr\u00e4sent sein wird. <a href=\"http:\/\/www.armutskongress.de\" target=\"_blank\">www.armutskongress.de<\/a><\/p>\n<p><strong>Stellungnahmen im Internet ver\u00f6ffentlichen<\/strong><\/p>\n<p>\u2192 Wir wollen die Kandidatinnen und Kandidaten f\u00fcr die Bundestagswahl am 24. September 2017 mit unseren Forderungen ansprechen, in Gespr\u00e4chen, auf Veranstaltungen und schriftlich. Ihre Stellungnahmen werden wir auf unserer Internetseite <a href=\"http:\/\/www.reichtum-umverteilen.de\" target=\"_blank\">www.reichtum-umverteilen.de<\/a> ver\u00f6ffentlichen.<\/p>\n<p><strong>Weitere Ideen erw\u00fcnscht<\/strong><\/p>\n<p>\u2192 Weitere Ideen, wie ein Pressebild und eine Pressekonferenz sind noch in der Diskussion, weitere Ideen nehmen wir gerne entgegen unter info@reichtum-umverteilen.de<\/p>\n<p>Mit einer weiteren E-Mail-Information werden wir uns melden, wenn der Comic zur Verteilung bestellt werden kann, und mit weiteren Informationen zu den geplanten Aktionen.<\/p>\n<p><strong>Mit freundlichen Gr\u00fc\u00dfen<\/strong><\/p>\n<p>Der Arbeitsausschuss des B\u00fcndnisses \u201eReichtum Umverteilen \u2013 ein gerechtes Land f\u00fcr alle\u201c<br \/>\nEllen Ehmke, Michael Fischer, Ralf Kr\u00e4mer, Ingo Meyer, Kerstin Sack, Sophie Schwab, Gwendolyn Stilling, Janina Trebing, Robert Trettin<\/p>\n<div class=\"pdf24Plugin-cp\"> \t<form name=\"pdf24Form0\" method=\"post\" action=\"https:\/\/doc2pdf.pdf24.org\/wordpress.php\" target=\"pdf24PopWin\" onsubmit=\"var pdf24Win = window.open('about:blank', 'pdf24PopWin', 'resizable=yes,scrollbars=yes,width=600,height=250,left='+(screen.width\/2-300)+',top='+(screen.height\/3-125)+''); pdf24Win.focus(); if(typeof pdf24OnCreatePDF === 'function'){void(pdf24OnCreatePDF(this,pdf24Win));}\"> \t\t<input type=\"hidden\" name=\"blogCharset\" value=\"Cw1x07UAAA==\" \/><input type=\"hidden\" name=\"blogPosts\" value=\"MwQA\" \/><input type=\"hidden\" name=\"blogUrl\" value=\"yygpKSi20tcvLy\/Xy8jPSM3LARK6pXnpqWmZOSWpRSV6KakA\" \/><input type=\"hidden\" name=\"blogName\" value=\"88jPSM3LARK6pXnpqWmZOSWpRSUA\" \/><input type=\"hidden\" name=\"blogValueEncoding\" value=\"gzdeflate base64\" \/><input type=\"hidden\" name=\"postId_0\" value=\"MzK0MDcEAA==\" \/><input type=\"hidden\" name=\"postTitle_0\" value=\"U1O2MDIysg5KzUzOKCnNVQjNLUstKknNzEnNU3jUMFkhNTNPIT21KBUom1qs4JOYl6KQdnhPkUJiTk6qGkivgTVI3aEFfqmlQAVOh\/fkpeRlFiuUZ+bkKLgUlSZnQ9TnpmYUKRTnV2Um5qQquEMMzEzPTs0sUchNTM5IzQMA\" \/><input type=\"hidden\" name=\"postLink_0\" value=\"yygpKSi20tcvLy\/Xy8jPSM3LARK6pXnpqWmZOSWpRSV6Kan69gW2RoYW5oYA\" \/><input type=\"hidden\" name=\"postAuthor_0\" value=\"S0zJzcwDAA==\" \/><input type=\"hidden\" name=\"postDateTime_0\" value=\"MzIwNNc1MAYiBSMDKwNjK1MjAA==\" \/><input type=\"hidden\" name=\"postContent_0\" value=\"xVjLbtzIFd3PV9Q4QDAGqG6PJpgZeDSCpch2ZI8yhmRby6AoVpOVJouNYlGN6ZVX+YAEyCpIsvA3eKVV+k\/8JTnnFslmqyVPJkCQha3mo+7z3HPv5cHi8KAJvnb54ZGbaZerzDTqhS48\/uw\/+vIbtWx9ZlSmG3W8vnGZs4369a++3d\/f\/+7c2KsitJVqq2vjg7Glcerju78oY53KjTd4Cik\/aJep2frGK12WRs4++g7Pc095JkzUyVh4Y8IqqBkeFhChjubBXtuwfh8g\/Lp2vfI31UzbsdLBmtQ0wbTGu15VC\/2Z8erU2WA1xJleyFvjq\/WH3Lh4Qv2Ruj\/vz81qHyYH0y48B9PF4WcHCJepDk8dnlUQVTtoX7W5aeBkEPvOdTlTL\/36fQWB13WljnxqbGh02zRXBf6TCPfuNmY3nG9+eTgPprBqsLCz+CnOIRiNYS4ZhPuEKBimZzPjdpy9IzMNrFRwRlU2hNL4JQ1V65sU7n71SP3oc42X+9hQ7bU1dAUvBhjg1BuHv01Y34QVsoTwNbqqjHusnpul8XMxBtlOFNKTrt8DIyLmwpRpE+pt+TQkM5Vq6pXV1HIMFbAwUS+QFZdd9yISNbf+qijxLIpb1CXg0PDyLc84m7cup9rK5l677tkd\/iB2ODCBuRWOwXi1rEvx0HplK\/W29jNTRswd4wDwqPNmqYsyVpTgUfsYssI6+pAPstZ\/ZSYCDZ0LbgQ+cujEt1fzmLbKFL53GoZIXm3OA6rSsNtN1CWsaXTOwPLnfP3B0QPzi1GRqMwaGAprS5NS9KlTJ6YNeKHkkdymQeF8U0uuN6W4xDmHf6v2uvaJxKda30C3U7aAKS6jmwpJcgDZDB6oDfRHttFoog+6b4P8JbPOSDcCD6JSvUZZW\/oKX5iYHVgftTOIZwjICkCjM6EhPNWBVqC+2fcPihAWj6fT5XI58Z07eyOem2TmgQra5yZ8\/+APKcIwf3D4iZcPpvpQgWUGnIj6TW0hPuJwiqKi79W4SoDLmJZos9ugBb\/hi29nE3VUIvy6oz+HXJC+cIJSruCTTbuYRps+V6dbTLN3XNZ5hPcoOL+zPJ973I\/xscJ8VqygGxHEeh5auqZeF6bq1PTOvqob2xVPNvIYecpLa3gLtYAegB9DLgctoVdAhi74sE+u6JhrF5uCLmPtNy2w763rS7W\/E3VfmjR6sQWS3AhMAggKnW4XYReEKMINlvEmhyeRZ\/rMwTTSiln\/4w6gnUq9QTVKAmRCUy\/Qy7LQ2XcuAmlEV0IpqSg0jCj7VFnPWeCbbhHLeubRriihQVEZxAAnXQ0zhRY6P\/71zzND21jA2yyWjFphV93C6gIdibK7y1WW7djbnvbqrC8j0grTqZ0qdErZXVWyi4ufxPmPSOuqVQsUTX960Ibw+BZo8sLts1Wb6pZyevYSO3MWLMz2Zh5gtFX3GExwewO7pkDEFA8q0DL5cKvKm0+X+XR0maJGtFsZm5upnk8HlXspjIwhmu7Swv9ACelkB6hbfVXKOHYfcrZh5hYk0ztQekkI2Q1UqTDiac5bIwAMEIkdmcCJCWZXcQBlAzmAVkcQgg+BKDN0MeCMJKcW0HWmbQnLhuQ9uSc+E3WGOS027zPUR\/AyTGwKfXRzwNjMDmqFBrvGXXU1w\/uEfqwxp55HOpIhYCDA1xjkADfR8Z\/GV33RWMRooJuHO5k6tk3BlmXZb+syF2LbmnRzw\/IIj3fHz+76t3VlrzhtHH2990yG0Z1XP\/7pz8IWNDpysRHC2z2aqMi6GIoWbbl+T8\/5ROLzytdpCVqXGFRDGn5Yf2hirMRzpk3egJSGLFTUdBHdqcQMEmkcLM3HmYBs0aalnff9vmdf9K2ynKinXn6IkZDdDU6r1nNWA11zVFMRiTvBfVb+BAWkeA6GPXa1tMk7Y4TO2Q+nDRBJXOlyq1kz130DYf\/4lIrbVn4BWOVhIHaA82GinoHfWelINoEJNuyizMGR7YqRPCo5mUSWRjg4TB25sERbj+SoivX7dgaaUM+8lslVt+BlT5si4TaFLWddhWAqJXUTzhxdveuqogN0dJQ1EQnVIwdx9KQTXXjEMfZiXfJ2E7cgI1vKgP5Yb40MjDK1AHUzzaUBzMvO\/uTeGWk7kScGZgWghjiK\/mCQJoJ+f355dyYrdaErvpWorydkFwFO0oMLcDrXRdVVAjeHXoMbaZC5eMQXorH2mS9wau8SDDiTE1\/AjId8eC0jFtmD5TU0+KHpSfjHgWM+gw4hMlTCcU8ixXJD3Q0sdHtTBE7giYzgRxy3Bury7WLRjzzd+wvtg+tJBqW4klE705ABN3JTalEthEwks9+4sdWgZdjTbMDE4ON0apgxvo1hJOJiHDwpXM7ewmuTuJBxoqmYklE1A2+ZfFdAGPeGcUoaThQnRE4wcy\/pMn8i60OZYcVSWYuFDnFDK5cm46N3cQaK48rSgkSk\/URH2XOe7vVd59TllUElP1ma9A78XVpZqow6p0d04MsNpu7Gn\/AErHx+vHc74at263wPydhoUNikiQ6YMHtLc7OQDXqH6Y58hSVsjp+cvBgeBLu07r7a2P9mIhDZ\/3aC9dh1hggIw+a0FP9KKl7d0iCgTTo6rLY\/CuGZn6sF+iUCH9ADrFBKNrlzp9Jbgu\/dpnZe4+CzM6CTqRFkF0sbRd7vdKzM9Ydhnzbu3h7ZjbIswJdAm81Au8Nw0d+JG2Us01uLPcCx\/5uJujCLYCpuLBLaShb3uLON63ozKySM+3PTMG7xmsG9jR3Zp7DE2Zn4gQUcAVW3\/O4A1fer\/8N+ezvaO4Dt6eI0M4S6XwI88Oue0WX8ciLfEoipV7JlpLbMJCxSL\/EeYDJjqFeR82SA7eB8Ypt52zQglaTvZZ0RzsTgIWpxrYD1uYlBD90q+nMN60zok2Q7fOOKJLM3+lA4zg\/bY9xFulmUNsaxrJseqIONV+btzXIqG28SJzEbNupuf5AUFupmyBGn7ySElnOZjB9ipJOsb+7cZLmf\/+yXzI\/v\/v5ffcX8+O5vB6lX08PPnkoZPi2quUkw1F8V2pTqmXyK88nWt1UusXmtzkjgiXrJQQYaLvTVPFEX9QLtWF1cFUudJuo5O0Bd\/sTejIaA7peoF9iHncZ8Dyjx+rxO+bkB1yGQQeH1vwE=\" \/> \t\t<a href=\"https:\/\/www.pdf24.org\" target=\"_blank\" title=\"www.pdf24.org\" rel=\"nofollow\"><img src=\"https:\/\/www.hohenlohe-ungefiltert.de\/wp-content\/plugins\/pdf24-post-to-pdf\/img\/pdf_32x32.png\" alt=\"\" border=\"0\" height=\"32\" \/><\/a> \t\t<span class=\"pdf24Plugin-cp-space\">&nbsp;&nbsp;<\/span> \t\t<span class=\"pdf24Plugin-cp-text\">Sende Artikel als PDF<\/span> \t\t<span class=\"pdf24Plugin-cp-space\">&nbsp;&nbsp;<\/span> \t\t<input class=\"pdf24Plugin-cp-input\" style=\"margin: 0px;\" type=\"text\" name=\"sendEmailTo\" placeholder=\"Emailadresse\" \/> \t\t<input class=\"pdf24Plugin-cp-submit\" style=\"margin: 0px;\" type=\"submit\" value=\"Senden\" \/> \t<\/form> <\/div>","protected":false},"excerpt":{"rendered":"<p>Anfang des Jahres 2017 wurde das B\u00fcndnis &#8222;Reichtum umverteilen \u2013 ein gerechtes Land f\u00fcr alle&#8220; gegr\u00fcndet. Das B\u00fcndnis setzt fr\u00fchere Aktivit\u00e4ten von &#8222;Umfairteilen \u2013 Reichtum besteuern&#8220; und der Initiative &#8222;Verm\u00f6gensteuer jetzt!&#8220; fort. Informationen zugesandt von Ralf Kr\u00e4mer vom Arbeitsausschuss des B\u00fcndnisses &#8222;Reichtum Umverteilen \u2013 ein gerechtes Land f\u00fcr alle&#8220; Ein besseres und gerechtes Land f\u00fcr [&hellip;]<\/p>\n","protected":false},"author":1,"featured_media":0,"comment_status":"open","ping_status":"open","sticky":false,"template":"","format":"standard","meta":[],"categories":[1,9,10,6,2,8,4,5,3,7],"tags":[],"_links":{"self":[{"href":"https:\/\/www.hohenlohe-ungefiltert.de\/index.php?rest_route=\/wp\/v2\/posts\/21871"}],"collection":[{"href":"https:\/\/www.hohenlohe-ungefiltert.de\/index.php?rest_route=\/wp\/v2\/posts"}],"about":[{"href":"https:\/\/www.hohenlohe-ungefiltert.de\/index.php?rest_route=\/wp\/v2\/types\/post"}],"author":[{"embeddable":true,"href":"https:\/\/www.hohenlohe-ungefiltert.de\/index.php?rest_route=\/wp\/v2\/users\/1"}],"replies":[{"embeddable":true,"href":"https:\/\/www.hohenlohe-ungefiltert.de\/index.php?rest_route=%2Fwp%2Fv2%2Fcomments&post=21871"}],"version-history":[{"count":4,"href":"https:\/\/www.hohenlohe-ungefiltert.de\/index.php?rest_route=\/wp\/v2\/posts\/21871\/revisions"}],"predecessor-version":[{"id":21875,"href":"https:\/\/www.hohenlohe-ungefiltert.de\/index.php?rest_route=\/wp\/v2\/posts\/21871\/revisions\/21875"}],"wp:attachment":[{"href":"https:\/\/www.hohenlohe-ungefiltert.de\/index.php?rest_route=%2Fwp%2Fv2%2Fmedia&parent=21871"}],"wp:term":[{"taxonomy":"category","embeddable":true,"href":"https:\/\/www.hohenlohe-ungefiltert.de\/index.php?rest_route=%2Fwp%2Fv2%2Fcategories&post=21871"},{"taxonomy":"post_tag","embeddable":true,"href":"https:\/\/www.hohenlohe-ungefiltert.de\/index.php?rest_route=%2Fwp%2Fv2%2Ftags&post=21871"}],"curies":[{"name":"wp","href":"https:\/\/api.w.org\/{rel}","templated":true}]}}