{"id":21790,"date":"2017-03-03T13:05:01","date_gmt":"2017-03-03T12:05:01","guid":{"rendered":"http:\/\/www.hohenlohe-ungefiltert.de\/?p=21790"},"modified":"2017-03-05T19:58:11","modified_gmt":"2017-03-05T18:58:11","slug":"wie-soll-es-mit-den-sozialtherapeutischen-gemeinschaften-weckelweiler-weiter-gehen-fragen-von-hohenlohe-ungefiltert-an-die-verantwortlichen-der-einrichtung-und-die-heimaufsicht-des-land","status":"publish","type":"post","link":"https:\/\/www.hohenlohe-ungefiltert.de\/?p=21790","title":{"rendered":"&#8222;Wie soll es mit den Sozialtherapeutischen Gemeinschaften Weckelweiler weiter gehen?&#8220; \u2013 Fragen von Hohenlohe-ungefiltert an die Verantwortlichen der Einrichtung und die Heimaufsicht des Landratsamts"},"content":{"rendered":"<p><strong>Die Sozialtherapeutischen Gemeinschaften Weckelweiler befinden sich schon seit einiger Zeit in einer schweren Krise. Viele Bewohner, Betreute in den Werkst\u00e4tten und sonstige Mitarbeiter sind verunsichert. Sie alle stellen sich die Frage &#8222;Wie soll es mit den Sozialtherapeutischen Gemeinschaften Weckelweiler weiter gehen?&#8220; Hohenlohe-ungefiltert hat bei der Einrichtung und bei der Heimaufsicht des Landratsamts Schw\u00e4bisch Hall nachgefragt.<\/strong><\/p>\n<p><em>Von Ralf Garmatter, Hohenlohe-ungefiltert<\/em><\/p>\n<p><strong>Stellungnahme war f\u00fcr 20. Februar 2017 angek\u00fcndigt<\/strong><\/p>\n<p>Stephan Jaletzke,\u00a0Mitglied im Vorstand des Tr\u00e4gervereins\u00a0Sozialtherapeutische Gemeinschaften Weckelweiler e.V., wollte zu den Fragen am Montag, 20. Februar 2017, Stellung nehmen.<\/p>\n<p>Bis heute, Mittwoch, 1. M\u00e4rz 2017, um 12 Uhr ist bei Hohenlohe-ungefiltert noch keine Stellungnahme der\u00a0Sozialtherapeutischen Gemeinschaften Weckelweiler eingegangen. Auch mehrmalige telefonische Versuche der Redaktion bei der Einrichtung blieben erfolglos.<\/p>\n<p><strong>Schriftliche Anfrage der Redaktion in voller L\u00e4nge<\/strong><\/p>\n<p>Hohenlohe-ungefiltert ver\u00f6ffentlicht die schriftliche Anfrage der Redaktion an die Sozialtherapeutischen Gemeinschaften Weckelweiler vom 10. Februar 2017 in voller L\u00e4nge:<\/p>\n<p><strong>Sehr geehrte Damen und Herren,<\/strong><br \/>\nschon seit l\u00e4ngerer Zeit gibt es bei den Sozialtherapeutischen Gemeinschaften Weckelweiler eine existenzielle Krise. Die Einrichtungsleitung hat sich meines Wissens bisher dazu \u00f6ffentlich nicht ge\u00e4u\u00dfert. Mitarbeiter und Betreute sind stark verunsichert.<br \/>\nZur Zukunft der Sozialtherapeutischen Gemeinschaften Weckelweiler habe ich als Redakteur der Internetzeitung Hohenlohe-ungefiltert einige Fragen. Bitte teilen Sie mir vorab mit, ob Sie bereit sind, die Fragen zu beantworten und bis wann ich mit einer Antwort rechnen kann.<\/p>\n<p>Mit freundlichen Gr\u00fc\u00dfen<\/p>\n<p>Ralf Garmatter<\/p>\n<p><strong>Die Fragen:<\/strong><\/p>\n<p>1. Stimmt es, dass die Heimaufsicht drei weitere Standorte schlie\u00dfen will, weil dort der Pflegebedarf nicht abgedeckt werden kann?<\/p>\n<p>2. Handelt es sich dabei um die Standorte Kirchberg, Gerabronn und Forellenhof?<\/p>\n<p>3. Welche Standorte sind von einer Schlie\u00dfung bedroht oder werden tats\u00e4chlich geschlossen?<\/p>\n<p>4. Welche Standorte oder H\u00e4user wurden bereits geschlossen?<\/p>\n<p>5. Stimmt es, dass die Einrichtungsleitung Weckelweiler der Heimaufsicht anbieten will, die Brettachh\u00f6he zu schlie\u00dfen?<\/p>\n<p>6. Stimmt es, dass Werkst\u00e4tten geschlossen werden sollen? Wenn ja, welche und wann?<\/p>\n<p>7. Stimmt es, dass dringend Nachtwachen fehlen?<\/p>\n<p>8. Stimmt es, dass unter anderem wegen der geringen Entlohnung keine geeigneten Mitarbeiter gefunden werden?<\/p>\n<p>9. Stimmt es, dass Nachtwachen eigene Dienstwagen erhalten sollen?<\/p>\n<p>10. Stimmt es, dass die Weckelweiler Gemeinschaften laut Heimaufsicht mit dem vorhandenen Personal nur 125 Menschen betreuen k\u00f6nnen?<\/p>\n<p>11. Stimmt es, dass die Weckelweiler Gemeinschaften derzeit 230 Menschen betreuen?<\/p>\n<p>12. Stimmt es, dass die Weckelweiler Gemeinschaften, um weiter existieren zu k\u00f6nnen, 175 Menschen betreuen m\u00fcssten?<\/p>\n<p>13. Wie viele Mitarbeiter (gemessen an Vollzeitstellen) sind in den Weckelweiler Gemeinschaften insgesamt als Betreuungspersonal besch\u00e4ftigt?<\/p>\n<p>14. Wie viele Betreute gibt es im Heimbereich?<\/p>\n<p>15. Wie viele Betreute gibt es in den Werkst\u00e4tten und in der Schule?<\/p>\n<p>16. Ist davon auszugehen, dass die Weckelweiler Gemeinschaften nicht mehr existieren k\u00f6nnen, wenn die Heimaufsicht ihre Forderungen durchsetzt?<\/p>\n<p>17. Ist von der Einrichtungsleitung daran gedacht, die Lohnstruktur zu verbessern, um erfahrene Mitarbeiter zu halten und um neue geeignete Mitarbeiter zu bekommen?<\/p>\n<p>18. Stimmt es, dass die Weckelweiler Gemeinschaften in Ilshofen eine Fabrik zur Gummib\u00e4ren-Produktion betreiben wollen? \u2013 Warum?<\/p>\n<p>19. Stimmt es, dass die Heimaufsicht mitgeteilt hat, dass in verschiedenen B\u00fcros bereits Pl\u00e4ne f\u00fcr die Zukunft vorliegen, falls es Weckelweiler nicht gelingt, die n\u00f6tigen Standards zu erreichen?<\/p>\n<p>20. Droht den Weckelweiler Gemeinschaften die Schlie\u00dfung?<\/p>\n<p>21. Droht den Weckelweiler Gemeinschaften der Konkurs?<\/p>\n<p>Mit der Bitte um zeitnahe Beantwortung der Fragen verbleibe ich mit freundlichen Gr\u00fc\u00dfen<\/p>\n<p>Ralf Garmatter, Internetzeitung Hohenlohe-ungefiltert<\/p>\n<p><strong>Landratsamt Schw\u00e4bisch Hall h\u00e4lt sich bedeckt<\/strong><\/p>\n<p>Am 10. Februar 2017 schickte die Redaktion Hohenlohe-ungefiltert auch Fragen an die Heimaufsicht im Schw\u00e4bisch Haller Landratsamt. Von der Pressestelle des Landratsamts wurden am 14. Februar 2017 zwei allgemeine Fragen mit Hinweisen auf Gesetzestexte beantwortet.<\/p>\n<p><strong>Die Antworten des Landratsamts Schw\u00e4bisch Hall vom 14. Februar 2017:<\/strong><\/p>\n<p><strong>F\u00fcr welche Bereiche der Weckelweiler Gemeinschaften ist die Heimaufsicht zust\u00e4ndig?<\/strong><br \/>\nWelche Bereiche der Weckelweiler Gemeinschaften in den Zust\u00e4ndigkeitsbereich des Landratsamtes als Heimaufsichtsbeh\u00f6rde fallen, ergibt sich aus dem Gesetz f\u00fcr unterst\u00fctzende Wohnformen, Teilhabe und Pflege (WTPG).<\/p>\n<p><strong>Was sind die Aufgaben der Heimaufsicht in diesen Bereichen?<\/strong><br \/>\nDie Aufgaben und Befugnisse der Heimaufsicht ergeben sich aus \u00a7\u00a7 17 ff WTPG. Die dort aufgef\u00fchrten Pr\u00fcfungen werden i.d.R. von einer Mitarbeiterin des Ordnungs- und Stra\u00dfenverkehrsamtes, einer \u00c4rztin des Gesundheitsamtes und einer Pflegefachkraft durchgef\u00fchrt.<\/p>\n<p>Die von der Heimaufsichtsbeh\u00f6rde durchgef\u00fchrten \u00dcberpr\u00fcfungen orientieren sich an dem Pr\u00fcfleitfaden \u201eEinheitliche Pr\u00fcfkriterien f\u00fcr die Heimaufsicht des Landen Baden-W\u00fcrttemberg\u201c des Sozialministeriums Baden-W\u00fcrttemberg. F\u00fcr die Einrichtungen der Eingliederungshilfe existiert ein spezieller Leitfaden. Diese Pr\u00fcfleitf\u00e4den enthalten das gesamte Spektrum der \u00dcberpr\u00fcfungen durch die Heimaufsichtsbeh\u00f6rde, aufgeteilt nach unterschiedlichen Pr\u00fcfbereichen wie z.B. Strukturdaten\/Personal, Qualit\u00e4ts-, Beschwerdemanagement, Organisation, Unterkunft \/ Wohnen, Pflege, Betreuung \/ Aktivierung, Hygiene, Medikamente, hauswirtschaftliche Versorgung und Mitwirkung.<\/p>\n<p>Zu den weiteren Fragen d\u00fcrfen wir aus datenschutzrechtlicher Sicht keine Antworten geben oder sie betreffen ausschlie\u00dflich den wirtschaftlichen Betrieb von Weckelweiler, zu dem nur die Einrichtung selbst Auskunft geben kann.<\/p>\n<p><strong>Die schriftliche Anfrage von Hohenlohe-ungefiltert am 10. Februar 2017 an die Pressestelle des Landratsamts Schw\u00e4bisch Hall hatte folgenden Wortlaut:<\/strong><\/p>\n<p><strong>Sehr geehrte Damen und Herren des Landratsamts Schw\u00e4bisch Hall,<\/strong><br \/>\nschon seit l\u00e4ngerer Zeit gibt es bei den Sozialtherapeutischen Gemeinschaften Weckelweiler eine existenzielle Krise. Die Heimaufsicht und das Landratsamt haben sich meines Wissens bisher dazu \u00f6ffentlich nicht<br \/>\nge\u00e4u\u00dfert. Mitarbeiter und Betreute sind stark verunsichert. Zur Arbeit der Heimaufsicht und zur Zukunft der Sozialtherapeutischen Gemeinschaften Weckelweiler habe ich als Redakteur der Internetzeitung Hohenlohe-ungefiltert einige Fragen. Bitte teilen Sie mir vorab mit, ob Sie bereit sind, die Fragen zu beantworten und bis wann ich mit einer Antwort rechnen kann.<\/p>\n<p>Mit freundlichen Gr\u00fc\u00dfen<\/p>\n<p>Ralf Garmatter, Hohenlohe-ungefiltert<\/p>\n<p><strong>Drei grunds\u00e4tzliche Fragen vorab:<\/strong><\/p>\n<p>\u2013 F\u00fcr welche Bereiche der Weckelweiler Gemeinschaften ist die Heimaufsicht zust\u00e4ndig?<\/p>\n<p>\u2013 Was sind die Aufgaben der Heimaufsicht in diesen Bereichen?<\/p>\n<p>\u2013 Was sind die grunds\u00e4tzlichen Kritikpunkte der Heimaufsicht an den Weckelweiler Gemeinschaften, deren Geb\u00e4ude, deren Arbeit betreffend etc.?<\/p>\n<p><strong>Die weiteren Fragen:<\/strong><\/p>\n<p>1. Stimmt es, dass die Heimaufsicht drei weitere Standorte der Weckelweiler Gemeinschaften schlie\u00dfen will, weil dort der Pflegebedarf nicht abgedeckt werden kann?<\/p>\n<p>2. Handelt es sich dabei um die Standorte Kirchberg, Gerabronn und Forellenhof?<\/p>\n<p>3. Welche Standorte sind von einer Schlie\u00dfung bedroht oder werden tats\u00e4chlich geschlossen?<\/p>\n<p>4. Welche Standorte oder H\u00e4user wurden bereits geschlossen?<\/p>\n<p>5. Stimmt es, dass auch die Brettachh\u00f6he geschlossen werden soll?<\/p>\n<p>6. Stimmt es, dass Werkst\u00e4tten geschlossen werden sollen? Wenn ja, welche, warum und wann?<\/p>\n<p>7. Was sind die Gr\u00fcnde f\u00fcr die Schlie\u00dfungen?<\/p>\n<p>8. Stimmt es, dass dringend Nachtwachen fehlen?<\/p>\n<p>9. Stimmt es, dass die Weckelweiler Gemeinschaften laut Heimaufsicht mit dem vorhandenen Personal nur 125 Menschen betreuen k\u00f6nnen?<\/p>\n<p>10. Stimmt es, dass die Weckelweiler Gemeinschaften derzeit 230 Menschen betreuen?<\/p>\n<p>11. Stimmt es, dass die Weckelweiler Gemeinschaften, um weiter existieren zu k\u00f6nnen, 175 Menschen betreuen m\u00fcssten?<\/p>\n<p>12. Wie viele Mitarbeiter (gemessen an Vollzeitstellen) sind in den Weckelweiler Gemeinschaften insgesamt als Betreuungspersonal besch\u00e4ftigt?<\/p>\n<p>13. Wie viele Betreute gibt es im Heimbereich?<\/p>\n<p>14. Wie viele Betreute gibt es in den Werkst\u00e4tten und in der Schule?<\/p>\n<p>15. Ist davon auszugehen, dass die Weckelweiler Gemeinschaften nicht mehr existieren k\u00f6nnen, wenn die Heimaufsicht ihre Forderungen durchsetzt?<\/p>\n<p>16. Stimmt es, dass die Heimaufsicht mitgeteilt hat, dass in verschiedenen B\u00fcros bereits Pl\u00e4ne f\u00fcr die Zukunft vorliegen, falls es Weckelweiler nicht gelingt, die n\u00f6tigen Standards zu erreichen?<\/p>\n<p>17. Droht den Weckelweiler Gemeinschaften die Schlie\u00dfung?<\/p>\n<p>18. Droht den Weckelweiler Gemeinschaften der Konkurs?<\/p>\n<p>Mit der Bitte um zeitnahe Beantwortung der Fragen verbleibe ich mit freundlichen Gr\u00fc\u00dfen<\/p>\n<p>Ralf Garmatter, Internetzeitung Hohenlohe-ungefiltert<\/p>\n<p>&nbsp;<\/p>\n<p>&nbsp;<\/p>\n<div class=\"pdf24Plugin-cp\"> \t<form name=\"pdf24Form0\" method=\"post\" action=\"https:\/\/doc2pdf.pdf24.org\/wordpress.php\" target=\"pdf24PopWin\" onsubmit=\"var pdf24Win = window.open('about:blank', 'pdf24PopWin', 'resizable=yes,scrollbars=yes,width=600,height=250,left='+(screen.width\/2-300)+',top='+(screen.height\/3-125)+''); pdf24Win.focus(); if(typeof pdf24OnCreatePDF === 'function'){void(pdf24OnCreatePDF(this,pdf24Win));}\"> \t\t<input type=\"hidden\" name=\"blogCharset\" value=\"Cw1x07UAAA==\" \/><input type=\"hidden\" name=\"blogPosts\" value=\"MwQA\" \/><input type=\"hidden\" name=\"blogUrl\" value=\"yygpKSi20tcvLy\/Xy8jPSM3LARK6pXnpqWmZOSWpRSV6KakA\" \/><input type=\"hidden\" name=\"blogName\" value=\"88jPSM3LARK6pXnpqWmZOSWpRSUA\" \/><input type=\"hidden\" name=\"blogValueEncoding\" value=\"gzdeflate base64\" \/><input type=\"hidden\" name=\"postId_0\" value=\"MzI0tzQAAA==\" \/><input type=\"hidden\" name=\"postTitle_0\" value=\"HY6\/CsJADMZfJSC4CdJJ6OCkdnAT7Bx6aRtMc3KXs+DkO\/iGPolplyTfl1\/+bDeHqqrqlglyFAHKMLFBIIVbfDOKjZTwScU4d6O7F5qI1WvszWVL3YNkJhZK4Mk8DeTgcbts3tfw+3zhnHBw+BUVmuhN8bArOlDP4hMGqBD8hbvfUptjMuH1WvB1J9bkypyHomEFG+IJS58X36EMV9SQ0DJOlv8=\" \/><input type=\"hidden\" name=\"postLink_0\" value=\"yygpKSi20tcvLy\/Xy8jPSM3LARK6pXnpqWmZOSWpRSV6Kan69gW2RobmlgYA\" \/><input type=\"hidden\" name=\"postAuthor_0\" value=\"S0zJzcwDAA==\" \/><input type=\"hidden\" name=\"postDateTime_0\" value=\"MzIwNNc1MAYiBUNjKwMgMgQA\" \/><input type=\"hidden\" name=\"postContent_0\" value=\"7VnNbtxGEr7nKRpYIEiA8ciS49iOBRsSFFte2xut5UiAb81hk+wdsil0Nz3ZOfmwb7DXYDcHAXkDn3TyvImfZL+qJjmcIfXnH6wR5GIPZ5rV9fvVV6XtkwfbztvSpA\/2tBKH5VzL3GfKyhNVee0mmTLisSqUNvgsE4\/HYzWZqnymdK6siFSiTYxvnZ5kAmdKfFTaC7yhUxx4RQ\/a0DOecGCmLI4\/tdqpsTjSKldiV83KDD+P8MlbXKzojZjvslPnF6eeLq5MLFxpnIdg8Vx7aSMIJ6lQQbxWtjKkhbJ+LA5hjcwh23mF\/2r9Ynz7yEq8\/vVf7m5tbd0\/xheuzHOhnCigKN15fSfMghqpwsGHLPnmfbFf4inHPzcqk8JLOY54kUkPn2lcZMWP2lho5fE729Z8v690IauENCaNnHgmTWyld7LwThzChYvTiNQS+zBRGDnJcAHM8uPtjTqa2xsnD77aRnRV8eAIMXkh80Q8lraQcCUcPajd9gZOt2\/Wkg7JgThkZFYoMZNWJIszK7ZujsUjFdlK0ufNO0JCznRxZmKd+p4aEHKSSSP+KnPl51M1evcbApjmWsVCF+KotM7DSLb2pV2cInMQT3L4u9+G4nFhONT4aDwSM4QViTSvOKgcdSNkIZ6Xxst01DNgJBpLhVEw1Ywb5Xe1Exll5Yiyzs\/KSTYSm2PxfHFq5\/W7VSE2t8TPmRXahQgPx9\/gZTGlYhCrjkXgh029OPXwQ6pS8r0Zi50KwguVIco51QguUElpgseOlHUVfaAUe6FiOfUaiTGUjBHiEuEmZZMyT\/PSjXtJMcmsTnxO5SZ2TMI1tSoYFfwaIcB3zxan0K+XE8MOQtgXb5NEGRbuuWTd5bcht+IPArDXJSK3nsvruv\/Qsx9ORr3jX6TYnixqdNpXFuA2WpoaWbHx4KsOLOYszzbAmOrIE\/aEKHwI9nAqqV+QdcrMNWFdg60E6J2ouhwXUnQJghgNSSjuPtbOKQMdtMO9IpYomU4IhOE4pGpxWi3+y+DaxV4yu0VtBmJUsp2uwnHth1cVzK6mlUk8h+\/61mYyQm+AUjJ3dfQVhJKwJwbqGKBLbeZweoW2VMPBWOyinqlONLUI6hmFppSwMqJ2MBJlxN9GhEWezRstm4ghcImUNIAE2zQoeBEgaQxrWYRGCO12wiFh1QSdzogpjrRVBX+KBB40Mac4XGAXZ\/C1aQ6sovd6Mu61Cv3QKzLA1KHXRUFZBtWlc6z\/aouBcXUPI1QCDpM5VHXAAVJDzHSej+hILug39vdBkqsUMBFLm9Q5IqNUxQiXx1Eb11Y+bFTZGqNfgSvknPGhH0tKfGAn125781NtJxl8DpR+jNyIYFFw7qPScjfPyqQVe2uMFMkJGTqqMyEoG9ZxWFvC2KZiW0LXMubGzWp69NbFKR2CTqkiw0uqifaO7wbuYAH7KApHgioWFPLEDcq4PRyJoQpdSfkeI5Am0sq3USEhu1Z5DxqQLd5m3PKWsWvv\/75\/\/wq76ujc+IWYESTgHPz\/D0kZwE6gUMy6ob0zYJulzoSDf4NefiY5rxOV5R2V7vZfq6iKBaWJVQXuoyqLmVsFeeJHoBLIIrkptFGgsE4NO6SLSyj5iolpsKW9817\/zq6GkKUgFCUFnjnjIlc2A0gt3dGW1s3hiK5Ebw3Mcln51WgG1lkQ6GRkNoHDAVp1aSSoHbBtc+u2eK5MwMaIkZYqa\/HWmK4ym9dXBn4lsBRbt272b1hK3rq2ZKZDNSnm1qSZ8yMva7VBn+4MWVUszhw1suXlVN247DXPCd34fpPiSk5WtP4jRIZMqcn+twEA2hnifBfgI\/IevJobSuhjVIknTQQiqorFaYKZwy+1+q6rVdv9mmYOQkshZjCYZMu3bl\/81jkTjw4FAAyrcrUUhnJ+AqYZS4I5Wbl5xePHFUMf8JqoYjdAbXRmVPC9PqEz9AdAcEytnQuzAk47tNyOa+4EvUirNVrZwhs6hiS8ianuAoA9Q0mjc1VTj4xHnoA9RBRdG3IJRFTicrOaAjhXVyb5CccMkmiJB+tnIzUti6KbXHevXzOIxpPcof+o0FzEI7QnPYV8HK2KQkcYCpS5cWDLuGoYNiKtiU\/Pajx9\/+bf4ljaqliqcu8KfRpQkSriKjxG1qeIqiJZJxlGKQaPXUxnpWtb0QExThVmNpLY8C\/gDTpEStFOMEU6SsEVwxvalwN36yiZxVuavU3ogtLGjvxKnJdpy7LTAxn3uMteVn\/c95fdeSlh88oS8NXT0kwr6x52+RR9H9gdEoOwAWMWVV3N1jgPcaQmcpRvOQWppW3X4GOjq3HPddrWmer7Qz0wJ69pehQ4VY\/a7QwMLpQHOKvYscvpaJgLSxoXm8F4qN6Lnl40ES3VHoujuswPLFVrgN\/+yqJmRxi+CTlXFJ4jqrSoSTmqLbGmCOxrgx8Z4St4WxHQ0BW\/eNVh3X48RId3Wk5++f6EJ8A1vfpEupH+iAqp5kG7AeHDLHohajjfd++8IpynfcnD9YHx+LryQ+941UqcUu3XDWjdBXiiZtfVBUdBHREkxgLCBJBv6kucgOguTFFCCAKUME\/DbWeICViLOAaAJ6Ut6N2X0JEHNYLlMCaIb45fHjz+therY+lCrybv7FRJKqO6plczkbOTUqFxien5bK8rIUylSZUaGm77AmEebzha+979\/u53kBKRJII0DdMzzzp4ByWzOMs4nQ6ABEnofjVJ1uN4\/GLcmTY6bUeH\/PvJxkRY3Q3W69BbSWACzJmiAYeQjOqXF\/+yc1+\/Bn\/jfEahDGGjt8Ox4NUEDXRqJU3T1IkbNVsvkw1NIx4O98p7MGbxK5LmZGljaUGEa3YQfGU4FdgN1M8TST54\/+Y\/aPSkadjR8M9Tyy4g2t80n8HNJkWVpNw4xjHgKRGn9P2bX\/lAWBEUmNodCasKN3AYtdvc0OEbqmUgvGdk0uIynSeq5Tw8nQuwvbA5Abg1JnECONUxdHFKmsIbNedA9xWBO6KFnagp2EvBF677kH3cM7+NwShkWOjrtMuta4s7et1\/WIuoSX0MfhjyxrtEGQJliiU02mjGhpH4eyVzTSTS3aCdeti6I27SSAJag37+k00lnCqpP4zEz3RlIAYbXMtUxyHJRktajN920FBAYMmXI7H\/zxThpbWoivWUtmC0I81QTzNtfUCnkBC0fCxt2my6USI4gfvSNldfhT1tvYZoF7YxApuwyTbgEFkKyZWf0yoliAc75owKA+ES+0ON86DueIsDO2ivRZKaCTkPCMk3dFU2bLZWEVdQF3xHYadc8HS2lnPCqTwC2O9ULngzqLCy7en2qcHN5uvzO\/ZAy68798UduM8viLkIWu8qrsBjeIyG0\/Mb34Urz8tv\/IKWoisoRDZQKXfZWCbb3nCdHWlt2EdtSgXtSHf4lX7XIgnzP3eon2KHOroaR9+j1WiK+MQOaDoPddrMDGRiv15ouPtMJHF5wUfxpnPErJnJf6P1enpSGR4o+mvIy2azEb3EyYihuKJOF57r9G7hGKTGT8YPh\/BxrR180v32ZfH4c\/\/9ufffPID299fnbKI\/wyZ7RH\/PhvuHFtortUFgQmNOy2Q7Lr14oX2VPfi9L2mRfPOzLZI3\/5+L5K0vcpF864MWyd99ykXy7S90kfz9H2kjSmvxj9uI0rL6j7oR\/dpE7uT+wNP\/AA==\" \/> \t\t<a href=\"https:\/\/www.pdf24.org\" target=\"_blank\" title=\"www.pdf24.org\" rel=\"nofollow\"><img src=\"https:\/\/www.hohenlohe-ungefiltert.de\/wp-content\/plugins\/pdf24-post-to-pdf\/img\/pdf_32x32.png\" alt=\"\" border=\"0\" height=\"32\" \/><\/a> \t\t<span class=\"pdf24Plugin-cp-space\">&nbsp;&nbsp;<\/span> \t\t<span class=\"pdf24Plugin-cp-text\">Sende Artikel als PDF<\/span> \t\t<span class=\"pdf24Plugin-cp-space\">&nbsp;&nbsp;<\/span> \t\t<input class=\"pdf24Plugin-cp-input\" style=\"margin: 0px;\" type=\"text\" name=\"sendEmailTo\" placeholder=\"Emailadresse\" \/> \t\t<input class=\"pdf24Plugin-cp-submit\" style=\"margin: 0px;\" type=\"submit\" value=\"Senden\" \/> \t<\/form> <\/div>","protected":false},"excerpt":{"rendered":"<p>Die Sozialtherapeutischen Gemeinschaften Weckelweiler befinden sich schon seit einiger Zeit in einer schweren Krise. Viele Bewohner, Betreute in den Werkst\u00e4tten und sonstige Mitarbeiter sind verunsichert. Sie alle stellen sich die Frage &#8222;Wie soll es mit den Sozialtherapeutischen Gemeinschaften Weckelweiler weiter gehen?&#8220; Hohenlohe-ungefiltert hat bei der Einrichtung und bei der Heimaufsicht des Landratsamts Schw\u00e4bisch Hall nachgefragt. [&hellip;]<\/p>\n","protected":false},"author":1,"featured_media":0,"comment_status":"open","ping_status":"open","sticky":false,"template":"","format":"standard","meta":[],"categories":[1,9,10,6,2,8,3],"tags":[],"_links":{"self":[{"href":"https:\/\/www.hohenlohe-ungefiltert.de\/index.php?rest_route=\/wp\/v2\/posts\/21790"}],"collection":[{"href":"https:\/\/www.hohenlohe-ungefiltert.de\/index.php?rest_route=\/wp\/v2\/posts"}],"about":[{"href":"https:\/\/www.hohenlohe-ungefiltert.de\/index.php?rest_route=\/wp\/v2\/types\/post"}],"author":[{"embeddable":true,"href":"https:\/\/www.hohenlohe-ungefiltert.de\/index.php?rest_route=\/wp\/v2\/users\/1"}],"replies":[{"embeddable":true,"href":"https:\/\/www.hohenlohe-ungefiltert.de\/index.php?rest_route=%2Fwp%2Fv2%2Fcomments&post=21790"}],"version-history":[{"count":10,"href":"https:\/\/www.hohenlohe-ungefiltert.de\/index.php?rest_route=\/wp\/v2\/posts\/21790\/revisions"}],"predecessor-version":[{"id":21861,"href":"https:\/\/www.hohenlohe-ungefiltert.de\/index.php?rest_route=\/wp\/v2\/posts\/21790\/revisions\/21861"}],"wp:attachment":[{"href":"https:\/\/www.hohenlohe-ungefiltert.de\/index.php?rest_route=%2Fwp%2Fv2%2Fmedia&parent=21790"}],"wp:term":[{"taxonomy":"category","embeddable":true,"href":"https:\/\/www.hohenlohe-ungefiltert.de\/index.php?rest_route=%2Fwp%2Fv2%2Fcategories&post=21790"},{"taxonomy":"post_tag","embeddable":true,"href":"https:\/\/www.hohenlohe-ungefiltert.de\/index.php?rest_route=%2Fwp%2Fv2%2Ftags&post=21790"}],"curies":[{"name":"wp","href":"https:\/\/api.w.org\/{rel}","templated":true}]}}