{"id":21783,"date":"2017-02-13T14:34:40","date_gmt":"2017-02-13T13:34:40","guid":{"rendered":"http:\/\/www.hohenlohe-ungefiltert.de\/?p=21783"},"modified":"2017-02-13T14:34:52","modified_gmt":"2017-02-13T13:34:52","slug":"gentechnikfreiheit-baden-wuerttembergs-ist-keine-selbstverstaendlichkeit-kommentar-des-bundestagsabgeordneten-harald-ebner-gruene","status":"publish","type":"post","link":"https:\/\/www.hohenlohe-ungefiltert.de\/?p=21783","title":{"rendered":"&#8222;Gentechnikfreiheit Baden-W\u00fcrttembergs ist keine Selbstverst\u00e4ndlichkeit&#8220; \u2013 Kommentar des Bundestagsabgeordneten Harald Ebner (Gr\u00fcne)"},"content":{"rendered":"<p><strong>Die &#8222;Gentechnikfreiheit Baden-W\u00fcrttembergs ist keine Selbstverst\u00e4ndlichkeit&#8220;, erkl\u00e4rt\u00a0Harald Ebner, Bundestagsabgeordneter (B\u00fcndnis 90\/Die Gr\u00fcnen) des Wahlkreises Schw\u00e4bisch Hall-Hohenlohe und Sprecher seiner Fraktion f\u00fcr Gentechnik- und Bio\u00f6konomiepolitik. Hohenlohe-ungefiltert ver\u00f6ffentlicht Ebners Kommentar zu\u00a0den Ergebnissen des GVO-Saatgut-Monitorings Baden-W\u00fcrttemberg f\u00fcr das Jahr 2016 in voller L\u00e4nge.<\/strong><\/p>\n<p><em>Kommentar von\u00a0Harald Ebner, Bundestagsabgeordneter (B\u00fcndnis 90\/Die Gr\u00fcnen) des Wahlkreises Schw\u00e4bisch Hall-Hohenlohe<\/em><\/p>\n<p><strong>Nationale Anbauverbote regeln<\/strong><\/p>\n<p>Baden-W\u00fcrttembergs \u00c4cker sind gentechnikfrei. Das ist eine gute Nachricht. Damit das auch in Zukunft so bleibt, sind drei Dinge wichtig: ein vern\u00fcnftiges neues Gentechnikgesetz, keine neuen EU-Anbauzulassungen f\u00fcr Genmais und Co. sowie die klare Best\u00e4tigung, dass auch neue Gentechnik wie &#8222;CRISPR\/Cas&#8220; Gentechnik ist und genauso geregelt wird.\u00a0Das neue Gentechnikgesetz brauchen wir, um nationale Anbauverbote zu regeln. Minister Schmidt blockiert seit Jahren eine vern\u00fcnftige Regelung, weil er partout nicht die Verantwortung f\u00fcr bundesweite Verbote tragen will \u2013 und sie stattdessen an die Bundesl\u00e4nder abschieben will. Wenn das aber am Ende jedes Bundesland anders regelt, bekommen wir einen Flickenteppich aus Regionen mit und ohne Gentechnik-Anbau. Ein solcher Flickenteppich droht auch auf EU-Ebene, wenn demn\u00e4chst wom\u00f6glich mit Unterst\u00fctzung der Bundesregierung neue Genmaislinien f\u00fcr den Anbau in der EU zugelassen werden. Beides w\u00e4re der Anfang vom Ende der Gentechnikfreiheit in Baden-W\u00fcrttemberg, denn weder innerhalb Deutschlands noch auf dem gemeinsamen EU-Binnenmarkt ist eine dauerhafte Abschottung von Gentechnik-Saat- und Erntegut m\u00f6glich. Auch Bienen und Pollen machen weder an Bundesl\u00e4nder- noch an Staatsgrenzen halt.<\/p>\n<p><strong>&#8222;CRISPR\/Cas&#8220; ist Gentechnik<\/strong><\/p>\n<p>Zu allem \u00dcberfluss will sich Minister Schmidt jetzt auch noch vorbehalten, neue Gentechnik-Verfahren wie CRISPR\/Cas nach eigenem Gutd\u00fcnken von den Gentechnik-Regelungen auszunehmen. Dabei l\u00e4sst das EU-Recht keine Zweifel offen: auch neue Gentechnik ist selbstverst\u00e4ndlich Gentechnik und muss genauso reguliert, gepr\u00fcft und gekennzeichnet werden. Das best\u00e4tigen auch Rechtsgutachten, unter anderem im Auftrag der Bundesregierung selbst.<\/p>\n<p>Weitere Informationen und Kontakt:<\/p>\n<p>B\u00fcro Harald Ebner, MdB,\u00a0Fraktion B\u00fcndnis 90\/Die Gr\u00fcnen,\u00a0Platz der Republik 1, 11011 Berlin<\/p>\n<p>Telefon: 030 \/ 227-730 28<\/p>\n<p>Fax: 030 \/ 227-760 25<\/p>\n<p>E-Mail: harald.ebner.ma11@bundestag.de<\/p>\n<p><strong>Internet:<\/strong> <a href=\"http:\/\/www.harald-ebner.de\" target=\"_blank\">www.harald-ebner.de<\/a><\/p>\n<div class=\"pdf24Plugin-cp\"> \t<form name=\"pdf24Form0\" method=\"post\" action=\"https:\/\/doc2pdf.pdf24.org\/wordpress.php\" target=\"pdf24PopWin\" onsubmit=\"var pdf24Win = window.open('about:blank', 'pdf24PopWin', 'resizable=yes,scrollbars=yes,width=600,height=250,left='+(screen.width\/2-300)+',top='+(screen.height\/3-125)+''); pdf24Win.focus(); if(typeof pdf24OnCreatePDF === 'function'){void(pdf24OnCreatePDF(this,pdf24Win));}\"> \t\t<input type=\"hidden\" name=\"blogCharset\" value=\"Cw1x07UAAA==\" \/><input type=\"hidden\" name=\"blogPosts\" value=\"MwQA\" \/><input type=\"hidden\" name=\"blogUrl\" value=\"yygpKSi20tcvLy\/Xy8jPSM3LARK6pXnpqWmZOSWpRSV6KakA\" \/><input type=\"hidden\" name=\"blogName\" value=\"88jPSM3LARK6pXnpqWmZOSWpRSUA\" \/><input type=\"hidden\" name=\"blogValueEncoding\" value=\"gzdeflate base64\" \/><input type=\"hidden\" name=\"postId_0\" value=\"MzI0tzAGAA==\" \/><input type=\"hidden\" name=\"postTitle_0\" value=\"FcwxCsJAEEbhqwwIQQtBthLSBSSCpYX1bvY3uySZwMxo7R28gsdIl5t4EtfqFQ++anN0ztUt2NAlzsNdkBOyUeMjeH9bFzHDFCC9UlajAZlBV4xB7QlRWz8cx9ylMqz6c4eavq83XeZpKqwXilBqHlxivlcfeswSGQamsxc\/RjoFhtC2lXVh7H4=\" \/><input type=\"hidden\" name=\"postLink_0\" value=\"yygpKSi20tcvLy\/Xy8jPSM3LARK6pXnpqWmZOSWpRSV6Kan69gW2RobmFsYA\" \/><input type=\"hidden\" name=\"postAuthor_0\" value=\"S0zJzcwDAA==\" \/><input type=\"hidden\" name=\"postDateTime_0\" value=\"MzIwNNc1MNI1NFYwNLEyMLIyMQAA\" \/><input type=\"hidden\" name=\"postContent_0\" value=\"vVbLbhs3FN33Ky5coGgBaWS5aJI6ilErVpw0dRrYTQxkU3A0d0bMcEiB5FiFV130D7rtwgt\/Q1ZZWX\/SL+m5HEl+ZtuFDWGGvDz33HMOZzTfG4Xona32DjTTN18\/2dnZeXrINvJ0ZnVdetYz1pHGqmDbP11+9jFyk7OvAukQqWZtmU7Y5CGesQ9xeWkLo6czvIip3PbTHrGvzfLSx6uLl8orU9Akt+x7NG5twSGqKqi8YucLy5E9fTtefraF1YF+3B4IrkOPB2y\/I6ymUzUzNXAF\/D6ZzhbLy1yH6YxeKmP6L92MrcE\/Qmk6mXv0gYpBYHp64VUdtbNUohG6brOfVo+1W36qnXWN5rkzOuo6o03BfmsrLrUBwEhodfmpLFFAeo1dP4Feu6bBM+XpvL26AGM08RXn6CTgt4A\/fP9r\/0SpWLWxf+Ssjs5rCy7v89thLFSgn9XM08728BFpS2fOGHTyC3iuOBsNVtMbDeZ7X40wTW72rlGcOfs\/Uj4a4PANkBWwN0oIV4Zp3+aqBXG5i0yeKzb2HvyHZLb8a1rLCDVGVN1SZkYHqpNhUiE4ZXqjpjMvM5GXDZQrDKoWYEHeh7ZubRkpOMoN6zz2urIFitEBBsG0kL262pWSMmYLGko8QOeWW5ngBgKecTzvrTwgbzHvd\/3U53lrVAgimWuxNQr0itCeuwwQFmC5wF9tlGcas3gHB2FPT0CvUEvZG2fS4tqmz49fnbw9HjxXYWW0m+uElbZjTLXot+JEeUQBX2RXF8LcndpdP5R7ORi4sbJHbUP24RGet6spZnSkoRyREcTR6CKCXTettTglSHqIglEw8XSTUzqWAqnjBWuDnKC58tG1kWzylfDznr2yceF8xMKOzDyJGFtiep3gRK+qBNoY+vfPv1PzAduh9RixWhyobKrYecBIVOFElUPKmvPV5oxO2dpONrm8bmiCdfSRxQmrrQrFlewOHQcQUs518p3Qljq19ALhUAu98zm6wTyDNAwu8U6kKRDdzN6cQaeejCZQX3AmhdedMoV3YCaJQ7WlKG4C7CwUCm5u7PJyOsP4F65ZfqokoNJp71BBAvpzPBcipfWuG3SAUcmztSBEqQYzXYtXkiwBExPJxsk7jB99q0Trgj1WZNCwFo4QDxC0LNu3pULZM7fiUJ49cLmg6H3j9+RUqS2btEV4zZTJ6YDbiHnJBCBgtyIBXUPhDWgPqulsOJY96MTX8ToiCtVKnRJ62Zexu5hEhZy8OQMJ6O5KmHg8RK7QmsmM9oX4MajBMbLkrQQy5qk6zyS40NktjfVXSC2dRNQOFdxwjtXoKGZ3E\/OL7pYurlHey84PLSGOQcTyH\/BXmhYRktwQRAH3LPoRXl\/JKIE7cz5nAcS2dzcZ+jBZ2XlY8ucaGrIBWxlWtjj4sI0FrA2tJkZFNTdqrL0uPmwDNMizRlRzAJtpAlMhdGmN4R2zuL8L1g\/wecmGnNy3uw+nolAT7n+E3Fwis2qEk3UiQvatkYzq4dEc1125Tkw0gPFgP+7GjbglMPN1SKceUD\/hDBAIaEjEtWKyLhpAiG4gl1KS6UG7dYg3AjiVPINzXtnS+SaF7kpjrx2u8zrubq5J+MTR7Yv9qBj3ri42XzhfuM+x5K1RSHnBc8zzNjfgZtij4XB7OISDPXy\/PuY3Nlw6cL79\/TYNaGfncf8xfu08WS94of649fIRXv6wfjnpHyltdiFygZmxwMwaNRz+lK+\/QbKC76r\/lRAI3nc3+qaRIkivfLY1i3G+OxgsFousK9rviha8RfjcqTg+2\/o9RzTUW3sPLBoNVGeW\/wA=\" \/> \t\t<a href=\"https:\/\/www.pdf24.org\" target=\"_blank\" title=\"www.pdf24.org\" rel=\"nofollow\"><img src=\"https:\/\/www.hohenlohe-ungefiltert.de\/wp-content\/plugins\/pdf24-post-to-pdf\/img\/pdf_32x32.png\" alt=\"\" border=\"0\" height=\"32\" \/><\/a> \t\t<span class=\"pdf24Plugin-cp-space\">&nbsp;&nbsp;<\/span> \t\t<span class=\"pdf24Plugin-cp-text\">Sende Artikel als PDF<\/span> \t\t<span class=\"pdf24Plugin-cp-space\">&nbsp;&nbsp;<\/span> \t\t<input class=\"pdf24Plugin-cp-input\" style=\"margin: 0px;\" type=\"text\" name=\"sendEmailTo\" placeholder=\"Emailadresse\" \/> \t\t<input class=\"pdf24Plugin-cp-submit\" style=\"margin: 0px;\" type=\"submit\" value=\"Senden\" \/> \t<\/form> <\/div>","protected":false},"excerpt":{"rendered":"<p>Die &#8222;Gentechnikfreiheit Baden-W\u00fcrttembergs ist keine Selbstverst\u00e4ndlichkeit&#8220;, erkl\u00e4rt\u00a0Harald Ebner, Bundestagsabgeordneter (B\u00fcndnis 90\/Die Gr\u00fcnen) des Wahlkreises Schw\u00e4bisch Hall-Hohenlohe und Sprecher seiner Fraktion f\u00fcr Gentechnik- und Bio\u00f6konomiepolitik. Hohenlohe-ungefiltert ver\u00f6ffentlicht Ebners Kommentar zu\u00a0den Ergebnissen des GVO-Saatgut-Monitorings Baden-W\u00fcrttemberg f\u00fcr das Jahr 2016 in voller L\u00e4nge. Kommentar von\u00a0Harald Ebner, Bundestagsabgeordneter (B\u00fcndnis 90\/Die Gr\u00fcnen) des Wahlkreises Schw\u00e4bisch Hall-Hohenlohe Nationale Anbauverbote regeln Baden-W\u00fcrttembergs [&hellip;]<\/p>\n","protected":false},"author":1,"featured_media":0,"comment_status":"open","ping_status":"open","sticky":false,"template":"","format":"standard","meta":[],"categories":[1,9,2,4,3],"tags":[],"_links":{"self":[{"href":"https:\/\/www.hohenlohe-ungefiltert.de\/index.php?rest_route=\/wp\/v2\/posts\/21783"}],"collection":[{"href":"https:\/\/www.hohenlohe-ungefiltert.de\/index.php?rest_route=\/wp\/v2\/posts"}],"about":[{"href":"https:\/\/www.hohenlohe-ungefiltert.de\/index.php?rest_route=\/wp\/v2\/types\/post"}],"author":[{"embeddable":true,"href":"https:\/\/www.hohenlohe-ungefiltert.de\/index.php?rest_route=\/wp\/v2\/users\/1"}],"replies":[{"embeddable":true,"href":"https:\/\/www.hohenlohe-ungefiltert.de\/index.php?rest_route=%2Fwp%2Fv2%2Fcomments&post=21783"}],"version-history":[{"count":2,"href":"https:\/\/www.hohenlohe-ungefiltert.de\/index.php?rest_route=\/wp\/v2\/posts\/21783\/revisions"}],"predecessor-version":[{"id":21785,"href":"https:\/\/www.hohenlohe-ungefiltert.de\/index.php?rest_route=\/wp\/v2\/posts\/21783\/revisions\/21785"}],"wp:attachment":[{"href":"https:\/\/www.hohenlohe-ungefiltert.de\/index.php?rest_route=%2Fwp%2Fv2%2Fmedia&parent=21783"}],"wp:term":[{"taxonomy":"category","embeddable":true,"href":"https:\/\/www.hohenlohe-ungefiltert.de\/index.php?rest_route=%2Fwp%2Fv2%2Fcategories&post=21783"},{"taxonomy":"post_tag","embeddable":true,"href":"https:\/\/www.hohenlohe-ungefiltert.de\/index.php?rest_route=%2Fwp%2Fv2%2Ftags&post=21783"}],"curies":[{"name":"wp","href":"https:\/\/api.w.org\/{rel}","templated":true}]}}