{"id":21754,"date":"2017-02-06T15:40:04","date_gmt":"2017-02-06T14:40:04","guid":{"rendered":"http:\/\/www.hohenlohe-ungefiltert.de\/?p=21754"},"modified":"2017-02-06T15:40:04","modified_gmt":"2017-02-06T14:40:04","slug":"wegen-fluechtlingshilfe-und-brandanschlaegen-der-gruenen-bundesvorsitzende-cem-oezdemir-kommt-nach-pfedelbach-und-neuenstein","status":"publish","type":"post","link":"https:\/\/www.hohenlohe-ungefiltert.de\/?p=21754","title":{"rendered":"&#8222;Wegen Fl\u00fcchtlingshilfe und Brandanschl\u00e4gen&#8220; \u2013\u00a0Der Gr\u00fcnen-Bundesvorsitzende Cem \u00d6zdemir kommt nach Pfedelbach und Neuenstein"},"content":{"rendered":"<p><strong>Wegen Gespr\u00e4chen zur Fl\u00fcchtlingshilfe und wegen der Brandanschl\u00e4ge besucht der Gr\u00fcnen-Bundesvorsitzende Cem \u00d6zdemir am Donnerstag, 23. Februar 2017, die hohenlohischen Orte Pfedelbach und Neuenstein. Cem \u00d6zdemir wird dabei von den regionalen Gr\u00fcnen-Abgeordneten Harald Ebner (Bundestag) und Jutta Niemann (Landtag) begleitet.<\/strong><\/p>\n<p><em>Vom Wahlkreisb\u00fcro des Bundestagsabgeordneten Harald Ebner (Gr\u00fcne), Abgeordneter des Wahlkreises Schw\u00e4bisch Hall-Hohenlohe<\/em><\/p>\n<p><strong>Mit B\u00fcrgermeistern und Asylkreisen sprechen<\/strong><\/p>\n<p>Anl\u00e4sslich der Brandstiftungen an im Bau befindlichen Fl\u00fcchtlingsunterk\u00fcnften im Hohenlohischen Pfedelbach und Neuenstein m\u00f6chten sich die Gr\u00fcnen-Abgeordneten einen Eindruck vor Ort verschaffen und mit B\u00fcrgermeistern und Asylkreisen ins Gespr\u00e4ch kommen.<\/p>\n<p><strong>Das Programm:<\/strong><\/p>\n<p><strong>15.30 Uhr:<\/strong> Treffen im Rathaus Pfedelbach, Hauptstra\u00dfe 17 (von hier aus ist es zirka eine Minute Fu\u00dfweg zur Brandstelle).<\/p>\n<p>\u2013 Presse\u00f6ffentlicher Besuch der mittlerweile abgerissenen Fl\u00fcchtlingsunterkunft<\/p>\n<p>\u2013 Pr\u00e4sentation des gemeindlichen Konzepts der Asyl- und Fl\u00fcchtlingsunterbringung und -begleitung<\/p>\n<p>\u2013 Statement von Cem \u00d6zdemir<\/p>\n<p>\u2013 Gespr\u00e4ch mit B\u00fcrgermeister Kunkel und dem Asylkreis Pfedelbach \u00fcber die Stimmung gegen\u00fcber Fl\u00fcchtlingen im Raum \u00d6hringen<\/p>\n<p><strong>17 Uhr:<\/strong> Treffen im Rathaus Neuenstein, Schlo\u00dfstra\u00dfe 20.<\/p>\n<p>\u2013 Gespr\u00e4ch mit B\u00fcrgermeister Nicklas und dem Asylkreis Neuenstein \u00fcber die Stimmung gegen\u00fcber Fl\u00fcchtlingen im Raum \u00d6hringen und das Engagement der Gemeinde f\u00fcr Fl\u00fcchtlinge<\/p>\n<p>An beiden Terminen wird auch der Landrat des Hohenlohekreises Dr. Matthias Neth teilnehmen. Die Neuensteiner Gemeinschaftsunterkunft wird im Auftrag des Landkreis Hohenlohe errichtet.<\/p>\n<p><strong>Weitere Informationen und Kontakt:<\/strong><\/p>\n<p>Wahlkreisb\u00fcro Harald Ebner,\u00a0Deutscher Bundestag,\u00a0Sprecher f\u00fcr Gentechnik und Bio\u00f6konomiepolitik der\u00a0Bundestagsfraktion B\u00fcndnis 90\/Die Gr\u00fcnen,\u00a0Gelbinger Gasse 87,\u00a074523 Schw\u00e4bisch Hall.<\/p>\n<p>Telefon: 0791-978237 31<\/p>\n<p>Fax: 0791-978237 33<\/p>\n<p>E-Mail: harald.ebner.ma03@bundestag.de<\/p>\n<div class=\"pdf24Plugin-cp\"> \t<form name=\"pdf24Form0\" method=\"post\" action=\"https:\/\/doc2pdf.pdf24.org\/wordpress.php\" target=\"pdf24PopWin\" onsubmit=\"var pdf24Win = window.open('about:blank', 'pdf24PopWin', 'resizable=yes,scrollbars=yes,width=600,height=250,left='+(screen.width\/2-300)+',top='+(screen.height\/3-125)+''); pdf24Win.focus(); if(typeof pdf24OnCreatePDF === 'function'){void(pdf24OnCreatePDF(this,pdf24Win));}\"> \t\t<input type=\"hidden\" name=\"blogCharset\" value=\"Cw1x07UAAA==\" \/><input type=\"hidden\" name=\"blogPosts\" value=\"MwQA\" \/><input type=\"hidden\" name=\"blogUrl\" value=\"yygpKSi20tcvLy\/Xy8jPSM3LARK6pXnpqWmZOSWpRSV6KakA\" \/><input type=\"hidden\" name=\"blogName\" value=\"88jPSM3LARK6pXnpqWmZOSWpRSUA\" \/><input type=\"hidden\" name=\"blogValueEncoding\" value=\"gzdeflate base64\" \/><input type=\"hidden\" name=\"postId_0\" value=\"MzI0NzUBAA==\" \/><input type=\"hidden\" name=\"postTitle_0\" value=\"FY0xCsIwGEav8oPQTZBMQrcquombc0y+NsHkLySpQyfvIDg7eIxO5iaexGR7w3u8ZrUVQrQXDGA6uLwok5zlIRrretDEmrogWUuOyrj8KVpTk01Lv8fz+94j0DHkhcHrrtiI9zFEm2YUph085des4W2g2+h9IpbK0LmHhrtWrIcTJnBMsPwH\" \/><input type=\"hidden\" name=\"postLink_0\" value=\"yygpKSi20tcvLy\/Xy8jPSM3LARK6pXnpqWmZOSWpRSV6Kan69gW2RobmpiYA\" \/><input type=\"hidden\" name=\"postAuthor_0\" value=\"S0zJzcwDAA==\" \/><input type=\"hidden\" name=\"postDateTime_0\" value=\"MzIwNNc1MNI1MFMwNLUyMLIyMAEA\" \/><input type=\"hidden\" name=\"postContent_0\" value=\"pVVLbuNGEN3nFLW0AYnWJwONDcGIFfmTTOwZjJ143RSLZIPNaqG7aSda5Q4BsvUsfAavvBreJCdJdVOiaGsGGSAbgeouVr336lVxujyeWmc0Zce3mCHBOdqlqR8XOT+vKgNnqn5e5E5JymwuVYpQUQL3ITZBAzMjKBFkF7mqHzOEGG3F8eHu3NTPhNSf8Sto77Sx0q2Qn+FHLKH+e5VgKQ2IEuaaCI11IuvBaBzBGcamEgZGg+GkB4lEyDUjUjqXNkB7bxzChxQTVLFY5AHUFVZI1qGk6GWBe2kSSESMEu60h01gMJOahPKM1yhP4gy1SQgdH14II1QCpzHDgr2GAKPbD4V+rpwTcCWxFESw9wsrEO5izBRKhy6aHqxFnR4sj7+bsshYHv+mS7gVuSoMShvXz0YzFAttciu+jqABud+DDkoTXm8z8vP1Ir+vH2OvEb+vVP9irRpODxhAC2YN7lI6mDGODE3JCTgjBX4n9o91SgJ2A3rFdxidEDfcWiW5VmsE62TqKvLmEASyhJmoWJZUUuID+bjrp4q4ZMHEUk+Yoy9eNvmr\/YWyfuIkHl4oz\/74Yhc5lH9PubqpFgU333jjwB1bbZGLNMWGb\/kNOkiy29mAQpclUvRa0Lmw8MHozIiyPNr1wPr\/8E00HsCvudmGwI3BAIdF+ChcLirbYd\/jZlZLx7GifkAYTmDP+ziXLLuPZMjA3V9JU4jAGS4lVTwgZ1X9wKMaBnndH1QK91vg\/\/z5FwNGa7F+8vVd6BIHhykOfWVxnEJzj1IheIcayeH0xVZW3MmXqdkinFU4GebOQoascGuGd5pWyMRCIa92P+i+kzg2\/Mi2Crf99Zjx\/26ta67CycmFGe\/Ofzdq28LdpsO7igpUoQi\/uG1\/14j1c+wHjx137WRZelCZX4bNeQf5ppmVB5KbcLLjhMl\/22Dr+p6fb6Xrh40RRoPom7ldyUWh2J675Dpj9b\/INam5xCllImtaEb4CTcsRUkb0Isl2lfCOkH4t3zDgMLNhZYuNB\/2GNcIFB7UrbbP05iaCS+FcLoUn43JgLoow9xMKcyazZdjCCfPvOrZtKjKpkyplebNQy9dtRGqrAhoj\/e5xO9N\/63e\/QfiJUm3K4Pm1KuxzJwq3uxJefQ66O7\/3+dMcK2ebedx8I\/j0utnIptHznGXmvySLUGkmdf1UaNKlxKVW0vE5K\/j50\/YrkxqG4ueRHUIJMbnDwcF8u0K5xDmb3TeI0wsedng74cPJ929G451PTKvCDSpMNR3BYHI47B9O3o7GExgPN9dn4vdXV+PN1Wn\/Ukh1BHlgH6FnH5ViMP4h3oCOksYs\/wI=\" \/> \t\t<a href=\"https:\/\/www.pdf24.org\" target=\"_blank\" title=\"www.pdf24.org\" rel=\"nofollow\"><img src=\"https:\/\/www.hohenlohe-ungefiltert.de\/wp-content\/plugins\/pdf24-post-to-pdf\/img\/pdf_32x32.png\" alt=\"\" border=\"0\" height=\"32\" \/><\/a> \t\t<span class=\"pdf24Plugin-cp-space\">&nbsp;&nbsp;<\/span> \t\t<span class=\"pdf24Plugin-cp-text\">Sende Artikel als PDF<\/span> \t\t<span class=\"pdf24Plugin-cp-space\">&nbsp;&nbsp;<\/span> \t\t<input class=\"pdf24Plugin-cp-input\" style=\"margin: 0px;\" type=\"text\" name=\"sendEmailTo\" placeholder=\"Emailadresse\" \/> \t\t<input class=\"pdf24Plugin-cp-submit\" style=\"margin: 0px;\" type=\"submit\" value=\"Senden\" \/> \t<\/form> <\/div>","protected":false},"excerpt":{"rendered":"<p>Wegen Gespr\u00e4chen zur Fl\u00fcchtlingshilfe und wegen der Brandanschl\u00e4ge besucht der Gr\u00fcnen-Bundesvorsitzende Cem \u00d6zdemir am Donnerstag, 23. Februar 2017, die hohenlohischen Orte Pfedelbach und Neuenstein. Cem \u00d6zdemir wird dabei von den regionalen Gr\u00fcnen-Abgeordneten Harald Ebner (Bundestag) und Jutta Niemann (Landtag) begleitet. Vom Wahlkreisb\u00fcro des Bundestagsabgeordneten Harald Ebner (Gr\u00fcne), Abgeordneter des Wahlkreises Schw\u00e4bisch Hall-Hohenlohe Mit B\u00fcrgermeistern und [&hellip;]<\/p>\n","protected":false},"author":1,"featured_media":0,"comment_status":"open","ping_status":"open","sticky":false,"template":"","format":"standard","meta":[],"categories":[1,9,6,2,8,5,3,7],"tags":[],"_links":{"self":[{"href":"https:\/\/www.hohenlohe-ungefiltert.de\/index.php?rest_route=\/wp\/v2\/posts\/21754"}],"collection":[{"href":"https:\/\/www.hohenlohe-ungefiltert.de\/index.php?rest_route=\/wp\/v2\/posts"}],"about":[{"href":"https:\/\/www.hohenlohe-ungefiltert.de\/index.php?rest_route=\/wp\/v2\/types\/post"}],"author":[{"embeddable":true,"href":"https:\/\/www.hohenlohe-ungefiltert.de\/index.php?rest_route=\/wp\/v2\/users\/1"}],"replies":[{"embeddable":true,"href":"https:\/\/www.hohenlohe-ungefiltert.de\/index.php?rest_route=%2Fwp%2Fv2%2Fcomments&post=21754"}],"version-history":[{"count":1,"href":"https:\/\/www.hohenlohe-ungefiltert.de\/index.php?rest_route=\/wp\/v2\/posts\/21754\/revisions"}],"predecessor-version":[{"id":21755,"href":"https:\/\/www.hohenlohe-ungefiltert.de\/index.php?rest_route=\/wp\/v2\/posts\/21754\/revisions\/21755"}],"wp:attachment":[{"href":"https:\/\/www.hohenlohe-ungefiltert.de\/index.php?rest_route=%2Fwp%2Fv2%2Fmedia&parent=21754"}],"wp:term":[{"taxonomy":"category","embeddable":true,"href":"https:\/\/www.hohenlohe-ungefiltert.de\/index.php?rest_route=%2Fwp%2Fv2%2Fcategories&post=21754"},{"taxonomy":"post_tag","embeddable":true,"href":"https:\/\/www.hohenlohe-ungefiltert.de\/index.php?rest_route=%2Fwp%2Fv2%2Ftags&post=21754"}],"curies":[{"name":"wp","href":"https:\/\/api.w.org\/{rel}","templated":true}]}}