{"id":21749,"date":"2017-02-05T10:48:50","date_gmt":"2017-02-05T09:48:50","guid":{"rendered":"http:\/\/www.hohenlohe-ungefiltert.de\/?p=21749"},"modified":"2017-02-05T10:51:27","modified_gmt":"2017-02-05T09:51:27","slug":"betroffene-fluechtlinge-informieren-sammelabschiebung-aus-baden-wuerttemberg-in-richtung-balkan-am-montag-6-februar-2017-geplant","status":"publish","type":"post","link":"https:\/\/www.hohenlohe-ungefiltert.de\/?p=21749","title":{"rendered":"&#8222;Betroffene Fl\u00fcchtlinge informieren&#8220; \u2013\u00a0Sammelabschiebung aus Baden-W\u00fcrttemberg in Richtung Balkan am Montag, 6. Februar 2017, geplant"},"content":{"rendered":"<p><strong>Nur eine Woche nach der letzten Sammelabschiebung aus Baden-W\u00fcrttemberg in Richtung Balkan findet am kommenden Montag, den 6. Februar 2017 erneut eine Massenabschiebung statt.\u00a0Der Flug geht in den Kosovo (Pristina) und soll laut Homepage von Aktion Bleiberecht (<\/strong><a href=\"http:\/\/www.aktionbleiberecht.de\/\" target=\"_blank\">www.aktionbleiberecht.de\/<\/a><strong>) am Montag um 14.50 Uhr vom Baden-Airpark starten.<\/strong><\/p>\n<p><em>Informationen des &#8222;Freiburger Forum \u2013\u00a0aktiv gegen Ausgrenzung&#8220;, weitergeleitet vom\u00a0Freundeskreis Asyl Kirchberg\/Jagst und dem\u00a0Evangelischen Pfarramt Kirchberg an der Jagst<\/em><\/p>\n<p><b>Rechtliche Mittel aussch\u00f6pfen<\/b><\/p>\n<p>Betroffene werden aber wahrscheinlich wieder in der Nacht oder am fr\u00fchen Morgen von der Polizei abgeholt werden. Sollten Sie Personen aus dem Kosovo kennen, deren Lage (abgelaufener Asylantrag oder andere Mittel wie etwa H\u00e4rtefallantrag abgelehnt &#8230;) so ist, dass sie potenziell von der Abschiebung betroffen sein k\u00f6nnten, w\u00e4re es gut die Personen \u00fcber den Termin zu informieren, eventuell noch zu versuchen, rechtliche Mittel auszusch\u00f6pfen oder auch andere M\u00f6glichkeiten in Betracht zu ziehen. Seitdem die Gesetzeslage so ist, dass Betroffene normalerweise nicht mehr \u00fcber eine Abschiebung informiert werden, kann auch nicht von ihnen verlangt werden, dass sie in der betreffenden Nacht zu Hause bereitstehen.\u00a0Aktion Bleiberecht infomiert regelm\u00e4\u00dfg \u00fcber die anstehenden Abschiebetermine \u2013 Internet <a href=\"http:\/\/www.aktionbleiberecht.de\/\" target=\"_blank\">http:\/\/www.aktionbleiberecht.de\/<\/a><\/p>\n<p><strong>Auf unserer Homepage haben wir hier einige Tipps f\u00fcr Ehrenamtliche im Umgang mit Abschiebungen zusammengetragen:<\/strong><\/p>\n<p><a href=\"https:\/\/www.freiburger-forum.net\/2016\/05\/aufruf-an-alle-die-sich-fuer-fluechtlinge-engagieren-beteiligt-euch-in-keiner-weise-an-abschiebungen\/\" target=\"_blank\">https:\/\/www.freiburger-forum.net\/2016\/05\/aufruf-an-alle-die-sich-fuer-fluechtlinge-engagieren-beteiligt-euch-in-keiner-weise-an-abschiebungen\/<\/a><\/p>\n<p><strong>Weitere Informationen und Kontakt:<\/strong><\/p>\n<p>Freiburger Forum \u2013\u00a0aktiv gegen Ausgrenzung<\/p>\n<p>E-Mail: info@freiburger-forum.net<\/p>\n<p><strong>Internet:<\/strong> <a href=\"http:\/\/www.freiburger-forum.net\" target=\"_blank\">www.freiburger-forum.net<\/a><\/p>\n<p>Twitter: <a href=\"https:\/\/twitter.com\/FreiburgerForum\" target=\"_blank\">https:\/\/twitter.com\/FreiburgerForum<\/a><\/p>\n<p>Facebook: <a href=\"http:\/\/www.facebook.com\/FreiburgerForum\" target=\"_blank\">www.facebook.com\/FreiburgerForum<\/a><\/p>\n<p><strong>Newsletter anfordern:<\/strong> E-Mail an admin@freiburger-forum.net<\/p>\n<div class=\"pdf24Plugin-cp\"> \t<form name=\"pdf24Form0\" method=\"post\" action=\"https:\/\/doc2pdf.pdf24.org\/wordpress.php\" target=\"pdf24PopWin\" onsubmit=\"var pdf24Win = window.open('about:blank', 'pdf24PopWin', 'resizable=yes,scrollbars=yes,width=600,height=250,left='+(screen.width\/2-300)+',top='+(screen.height\/3-125)+''); pdf24Win.focus(); if(typeof pdf24OnCreatePDF === 'function'){void(pdf24OnCreatePDF(this,pdf24Win));}\"> \t\t<input type=\"hidden\" name=\"blogCharset\" value=\"Cw1x07UAAA==\" \/><input type=\"hidden\" name=\"blogPosts\" value=\"MwQA\" \/><input type=\"hidden\" name=\"blogUrl\" value=\"yygpKSi20tcvLy\/Xy8jPSM3LARK6pXnpqWmZOSWpRSV6KakA\" \/><input type=\"hidden\" name=\"blogName\" value=\"88jPSM3LARK6pXnpqWmZOSWpRSUA\" \/><input type=\"hidden\" name=\"blogValueEncoding\" value=\"gzdeflate base64\" \/><input type=\"hidden\" name=\"postId_0\" value=\"MzI0N7EEAA==\" \/><input type=\"hidden\" name=\"postTitle_0\" value=\"FcwxDoJAEAXQq0xiQoUGt1ATOgo6Gy2sZ\/GzbNwdzLD03sELeBAquYknEfqXl21OxpiyQtK+bSGgOsxT06XgxYG8tL1GD4VkqyxK+r3e38+VY0RgOzSdhx3FEY8DVXyHbG\/zpCkhWqhbArr4pVtJxeHBQhzp3Etil9NhRzWsjqxkiv0xJ4dnYEl\/\" \/><input type=\"hidden\" name=\"postLink_0\" value=\"yygpKSi20tcvLy\/Xy8jPSM3LARK6pXnpqWmZOSWpRSV6Kan69gW2RobmJpYA\" \/><input type=\"hidden\" name=\"postAuthor_0\" value=\"S0zJzcwDAA==\" \/><input type=\"hidden\" name=\"postDateTime_0\" value=\"MzIwNNc1MNI1MFUwNLAyMLIyNQAA\" \/><input type=\"hidden\" name=\"postContent_0\" value=\"zVbBbttGEL33KwYuUNiAKDpukxayIlRG7Th1bRiJAx+LlTQkFySXwu5SQnXqP\/QD6kO+wSefrD\/pl\/TNUpSUWm5a9NKTJHJn5s17b2bVnw76ztvKpIOr2hJrw3RbjTMmo8YZTdhSwX7h2dB7VZZcqJEbZ5pHtUlJ1Y5O1IRNdLt8sN5zOWKbkjb0To8zL0dOVJErQ4k2E\/akSsorZMEPQ5eV8SrtkHx\/1aUzHtlaWTo6fPEtsTVc+wbOpXKOzXZd55X33ce7H4DurKhTSjnzUlZSXVSumlW0f22189qoA6rNhFxVFFQo5DyvSp6qlGlWGRrmXuPjpGAN6AzQtN+PV4T0FWWWk9d7mffTXhzP5\/OuCgGjzfnuhOM98sqm7F\/v\/TwqlMn3Bs8e7cdqTfiB8NGwQHVJL77pvjykD5kFsnLF61DbqbK5dGyhQXeDLZ4OvuhDPC4Hb01S2VJJNRYOHH315XdHR0fHZxa1ayADTZVFiT9+\/e3xTnDNQFmKw8PapZbNAqyGmMPjDs1Ze8jIhXx6AfN4h0xgkV2OjI6G7peCLrQdZ6J3\/KNKnQ8sTxhnT2fKIFpDL1S4TpS1qvSb86RM8FUI68doYN3MaPBOiCq0GPBSw1GFmAyZlvfThE0\/Hq0PnzCYSPCQgdiK8grZaa4yK5W1kSw01yy1dFPySonClXwF9YldPmTBiFa4ED\/Im+uq0AvWSAdbVYVfpe\/Se3goDIJmumbrAt0yA2i7tV3OBk\/F1KCVfhKf7UsiWE+g2sCdMt5C8waHkaNts4BL7OeKzpcfIXiiivZwSMKZ8UHcrw+PD+BpgsVRCwNCDpHTCvAWmmH1tpnh1tiMWsbIgR7Kl\/fGeAE7RzHUdZRiPibb3S0fhFMh94ZtiaBFDS7Fbloa7BDP2PhaKhpsDXk9Q2wt0nfI7hJzUa\/lXDGA02salvepBOTiPSOyicxBNaRGa1kQAm+Fc4H6hh32E7tCqP6EkS2DGJmPgi2s7fBLlhOVjElr+gtrZpupdYut+B3CFjMN1CZcCNaZcISGIVK6ObrWY+U64Z0FiPB41TZzDi6YZDVo73xo7PFuxz4SLA0Ui5EtyuXH5e9pKwyKKNNES\/K2B\/ZBLZaBp7cQGevU03\/YZ5+LCGutneLVihrWCZaCwyG7WboZhtTA5paAMzCv8fRGT6eOElwidAqIBvuisY0u6UOZgl0qtd+WiMWKTm4kfJcBYdN7uhy3G3Yr\/Ml6KUaJLMUuqIlx6byKD1\/GmFJbJ5EyESaPI\/AbOQCJklqOF3VjaJSMUFelYQgioVsXOvURwx+RNlEujrJRsFtItg38GXr\/P\/h2iXkbLgWmT+8a2fkXcoHl\/in7\/+r2aYNOo0uli15w\/fe7qPgrsNbdm\/o7fb4r1e5re3fRDSM3c1lltkdP3OWbN91xVcab5kPvz0v+N0HbVc\/UmEdVlfd2d7d6+89Kfy5il\/5XPHf4I+jDjQVesNe2Bo4a2eRmVxMsnueV+xM=\" \/> \t\t<a href=\"https:\/\/www.pdf24.org\" target=\"_blank\" title=\"www.pdf24.org\" rel=\"nofollow\"><img src=\"https:\/\/www.hohenlohe-ungefiltert.de\/wp-content\/plugins\/pdf24-post-to-pdf\/img\/pdf_32x32.png\" alt=\"\" border=\"0\" height=\"32\" \/><\/a> \t\t<span class=\"pdf24Plugin-cp-space\">&nbsp;&nbsp;<\/span> \t\t<span class=\"pdf24Plugin-cp-text\">Sende Artikel als PDF<\/span> \t\t<span class=\"pdf24Plugin-cp-space\">&nbsp;&nbsp;<\/span> \t\t<input class=\"pdf24Plugin-cp-input\" style=\"margin: 0px;\" type=\"text\" name=\"sendEmailTo\" placeholder=\"Emailadresse\" \/> \t\t<input class=\"pdf24Plugin-cp-submit\" style=\"margin: 0px;\" type=\"submit\" value=\"Senden\" \/> \t<\/form> <\/div>","protected":false},"excerpt":{"rendered":"<p>Nur eine Woche nach der letzten Sammelabschiebung aus Baden-W\u00fcrttemberg in Richtung Balkan findet am kommenden Montag, den 6. Februar 2017 erneut eine Massenabschiebung statt.\u00a0Der Flug geht in den Kosovo (Pristina) und soll laut Homepage von Aktion Bleiberecht (www.aktionbleiberecht.de\/) am Montag um 14.50 Uhr vom Baden-Airpark starten. Informationen des &#8222;Freiburger Forum \u2013\u00a0aktiv gegen Ausgrenzung&#8220;, weitergeleitet vom\u00a0Freundeskreis [&hellip;]<\/p>\n","protected":false},"author":1,"featured_media":0,"comment_status":"open","ping_status":"open","sticky":false,"template":"","format":"standard","meta":[],"categories":[1,9,2,8,3,7],"tags":[],"_links":{"self":[{"href":"https:\/\/www.hohenlohe-ungefiltert.de\/index.php?rest_route=\/wp\/v2\/posts\/21749"}],"collection":[{"href":"https:\/\/www.hohenlohe-ungefiltert.de\/index.php?rest_route=\/wp\/v2\/posts"}],"about":[{"href":"https:\/\/www.hohenlohe-ungefiltert.de\/index.php?rest_route=\/wp\/v2\/types\/post"}],"author":[{"embeddable":true,"href":"https:\/\/www.hohenlohe-ungefiltert.de\/index.php?rest_route=\/wp\/v2\/users\/1"}],"replies":[{"embeddable":true,"href":"https:\/\/www.hohenlohe-ungefiltert.de\/index.php?rest_route=%2Fwp%2Fv2%2Fcomments&post=21749"}],"version-history":[{"count":4,"href":"https:\/\/www.hohenlohe-ungefiltert.de\/index.php?rest_route=\/wp\/v2\/posts\/21749\/revisions"}],"predecessor-version":[{"id":21753,"href":"https:\/\/www.hohenlohe-ungefiltert.de\/index.php?rest_route=\/wp\/v2\/posts\/21749\/revisions\/21753"}],"wp:attachment":[{"href":"https:\/\/www.hohenlohe-ungefiltert.de\/index.php?rest_route=%2Fwp%2Fv2%2Fmedia&parent=21749"}],"wp:term":[{"taxonomy":"category","embeddable":true,"href":"https:\/\/www.hohenlohe-ungefiltert.de\/index.php?rest_route=%2Fwp%2Fv2%2Fcategories&post=21749"},{"taxonomy":"post_tag","embeddable":true,"href":"https:\/\/www.hohenlohe-ungefiltert.de\/index.php?rest_route=%2Fwp%2Fv2%2Ftags&post=21749"}],"curies":[{"name":"wp","href":"https:\/\/api.w.org\/{rel}","templated":true}]}}