{"id":21742,"date":"2017-02-02T10:56:19","date_gmt":"2017-02-02T09:56:19","guid":{"rendered":"http:\/\/www.hohenlohe-ungefiltert.de\/?p=21742"},"modified":"2017-02-02T10:57:00","modified_gmt":"2017-02-02T09:57:00","slug":"aktionsbuendnis-gegen-afd-gruenden-dgb-schwaebisch-hall-laedt-zum-mitmachen-ein","status":"publish","type":"post","link":"https:\/\/www.hohenlohe-ungefiltert.de\/?p=21742","title":{"rendered":"&#8222;Aktionsb\u00fcndnis gegen AfD gr\u00fcnden&#8220; \u2013\u00a0DGB Schw\u00e4bisch Hall l\u00e4dt zum Mitmachen ein"},"content":{"rendered":"<p><strong>Erschreckend viele Menschen beteiligen sich an fremdenfeindlichen und rassistischen Kundgebungen und Demonstrationen. Die gesellschaftliche Entwicklung in Deutschland dreht sich sp\u00fcrbar nach rechts. Anschl\u00e4ge auf Fl\u00fcchtlingsunterk\u00fcnfte, wie in Pfedelbach und Neuenstein, geh\u00f6ren zum Alltag in der BRD.\u00a0Einen wesentlichen Anteil an dieser Stimmung hat die \u201eAlternative f\u00fcr Deutschland (AfD)\u201c.<\/strong><\/p>\n<p><em>Vom DGB-B\u00fcro Schw\u00e4bisch Hall<\/em><\/p>\n<p><strong>Wir wollen diese Entwicklung nicht einfach hinnehmen!<\/strong><\/p>\n<p>Deshalb laden wir Menschen aus verschiedenen politischen Richtungen, Gruppen, Gewerkschaften, antifaschistische Initiativen und Parteien ein, ein Aktionsb\u00fcndnis bis zur Bundestagswahl 2017 zu gr\u00fcnden.\u00a0Geplant ist das erste Treffen am\u00a0Freitag, 10. Februar 2017, ab 19.30 Uhr\u00a0im &#8222;Kleinen Sitzungsraum&#8220; im Erdgescho\u00df der Pfarrgasse 3 (Club alpha) in Schw\u00e4bisch Hall. Dort\u00a0wollen wir \u00fcberlegen und abstimmen, welche konkreten Aktionen wir gemeinsam organisieren. Welche Aufkl\u00e4rungsveranstaltungen wir der Hetze der AfD entgegenstellen k\u00f6nnen.\u00a0Bitte leitet die Information \u00a0an viele Menschen weiter.<\/p>\n<p>Mit kollegialen Gr\u00fc\u00dfen<\/p>\n<p>Siegfried Hubele, Kreisvorsitzender DGB, Schw\u00e4bisch Hall<\/p>\n<p>Silvia Wagner,\u00a0Gewerkschaftssekret\u00e4rin,\u00a0DGB-Bezirk Baden-W\u00fcrttemberg<\/p>\n<p>Weitere Informationen und Kontakt:<\/p>\n<p>DGB-Bezirk Baden-W\u00fcrttemberg, B\u00fcro Schw\u00e4bisch Hall,\u00a0Haller Stra\u00dfe 37,\u00a074523 Schw\u00e4bisch Hall<\/p>\n<p>Telefon: 0791-950290<\/p>\n<p>Mobil: 0170-8514009<\/p>\n<p>Telefax: 0791-9502932<\/p>\n<p>E-Mail: silvia.wagner@dgb.de<\/p>\n<p>cid:image001.png@01CF2E0F.86B9BBA0<\/p>\n<p><strong>Internet:<\/strong> <a href=\"http:\/\/www.nordwuerttemberg.dgb.de\" target=\"_blank\">www.nordwuerttemberg.dgb.de<\/a><\/p>\n<div class=\"pdf24Plugin-cp\"> \t<form name=\"pdf24Form0\" method=\"post\" action=\"https:\/\/doc2pdf.pdf24.org\/wordpress.php\" target=\"pdf24PopWin\" onsubmit=\"var pdf24Win = window.open('about:blank', 'pdf24PopWin', 'resizable=yes,scrollbars=yes,width=600,height=250,left='+(screen.width\/2-300)+',top='+(screen.height\/3-125)+''); pdf24Win.focus(); if(typeof pdf24OnCreatePDF === 'function'){void(pdf24OnCreatePDF(this,pdf24Win));}\"> \t\t<input type=\"hidden\" name=\"blogCharset\" value=\"Cw1x07UAAA==\" \/><input type=\"hidden\" name=\"blogPosts\" value=\"MwQA\" \/><input type=\"hidden\" name=\"blogUrl\" value=\"yygpKSi20tcvLy\/Xy8jPSM3LARK6pXnpqWmZOSWpRSV6KakA\" \/><input type=\"hidden\" name=\"blogName\" value=\"88jPSM3LARK6pXnpqWmZOSWpRSUA\" \/><input type=\"hidden\" name=\"blogValueEncoding\" value=\"gzdeflate base64\" \/><input type=\"hidden\" name=\"postId_0\" value=\"MzI0NzECAA==\" \/><input type=\"hidden\" name=\"postTitle_0\" value=\"U1O2MDIysnbMLsnMzytOOrwnLyUvs1ghPTU9NU\/BMc1FIb0IJJaapwZSaGCt8Khh8qEFLu5OCsHJGeWHlyRlFidnKHgk5uQo5BxeklKiUFWaq+CbWZKbmJwBNCE1Mw8A\" \/><input type=\"hidden\" name=\"postLink_0\" value=\"yygpKSi20tcvLy\/Xy8jPSM3LARK6pXnpqWmZOSWpRSV6Kan69gW2RobmJkYA\" \/><input type=\"hidden\" name=\"postAuthor_0\" value=\"S0zJzcwDAA==\" \/><input type=\"hidden\" name=\"postDateTime_0\" value=\"MzIwNNc1MAIiBUMDKwMjK0NLAA==\" \/><input type=\"hidden\" name=\"postContent_0\" value=\"fVVNb9tGEL33V0xdoEgAmaKkOLIcxYgUSbZhODDitD4WS3FILrhcCrtLM\/ApP6RodMhvyMkn6Z\/kl\/Qt9dHaTXORyN2Z2TfvvVkOF6dD60yp09OpsfPM8DxnHdOdZMV0xRprrClix1LJFI9WzjMSmhLDRcw6YaljJZuoColGWCutk5u8SyylHFU63W5PuCg1DhROlpp1QBPJlLJlpZAhEteUoql2tZznCokkNbIqh20lUCE2nLkNCrtYP5hIGNICb4CeORvQyGNW6y8pk6gSmqn1AzaU1KmttGOTrx904rhFNY5G8euEY1aRL+ERvuMKXaNd3QKwbP3VAPp9VdBIKScaODEbGr+fBKvlVKIJqoFfuy0JI+2p8gzFEuuGbpwsCt9IJpxfo2+f\/hopANEg4Y4pQROPOnw2SibPv336Mxi2t9IM24vTn4aQiovT38uCJmfjwzHSSrqZZ\/X6S+TppnOh1LCNkH34Nv1WGqpLpXiL6RG9GrAdod3EM5BJrTkrWP\/8n8MnbDOhIlIi9j2j5t4eorJ0x94\/Elx6ShalkjsTvPcnNBZo0ZmpFovmgWtIsdHcvwvtZCJ8ha156EKjQkPRxjrXwoBZvDTS4IdGuXeRjSBorKUl0ACloA3C2UIsW4tMUTfs9LFOqfGBMN1qecYLUO0Ih1EsLAG7Y\/pgOEl8O8VqOTMsUaFFnTCgGUemgs98JUCNqDMIeiH9lpnVUhb06y\/H3W731aXixg430t2jXWtEVTRb4StC1NRgFNBZuf7cOOg6EcakGBemHj17q6qIhFpk4rm32FNdMSilcavlVkbP\/vohYqN4N1kist5onsualScwL3VuMLg7orZ5KRfAaUVBJY4Hb5KNn8TbTdaoSnJMj\/EdQFOBWRBqI1+T7qGfs7vn5glWJXg\/9TBAYQMuX3\/VuqF5LB1oBS2ON9a\/0Elpimb4abXEjDy5Z2ofaoKd5a6kQxcomkrhK59BwfVn1rv9G8lpYuA5Oq8iFGrRJWSzd6Wx0AD3GBBiVlrfGZNdAXUnBd2KVLNpeV\/840oI4+kDFfDbatnMHN9Lk9PYT8DhLQYQ7RVQId3Vu23wP+pzK89lqZ3I3cl+mn5UrkXfn27A8H\/NpWIEmKBeH2v9F0fd3v\/2+AHEJKU+obA\/6BwOjsLuINwTXEZSYafTDw+PjzovwnDwKE18\/Hdar7vbnB5eCZ9oG\/6CuuHvTZxGQcy7mLmMT2QhUg7DTrDQ6Zuw83bWnYaz4PjleDAej8Kn99SFv541e5K2KzQUhG9S8vogc25x0m7XdR3o0sR1xXu2gs25B+SESdm9PvgjwnDnB6c\/CB62xeZi+xs=\" \/> \t\t<a href=\"https:\/\/www.pdf24.org\" target=\"_blank\" title=\"www.pdf24.org\" rel=\"nofollow\"><img src=\"https:\/\/www.hohenlohe-ungefiltert.de\/wp-content\/plugins\/pdf24-post-to-pdf\/img\/pdf_32x32.png\" alt=\"\" border=\"0\" height=\"32\" \/><\/a> \t\t<span class=\"pdf24Plugin-cp-space\">&nbsp;&nbsp;<\/span> \t\t<span class=\"pdf24Plugin-cp-text\">Sende Artikel als PDF<\/span> \t\t<span class=\"pdf24Plugin-cp-space\">&nbsp;&nbsp;<\/span> \t\t<input class=\"pdf24Plugin-cp-input\" style=\"margin: 0px;\" type=\"text\" name=\"sendEmailTo\" placeholder=\"Emailadresse\" \/> \t\t<input class=\"pdf24Plugin-cp-submit\" style=\"margin: 0px;\" type=\"submit\" value=\"Senden\" \/> \t<\/form> <\/div>","protected":false},"excerpt":{"rendered":"<p>Erschreckend viele Menschen beteiligen sich an fremdenfeindlichen und rassistischen Kundgebungen und Demonstrationen. Die gesellschaftliche Entwicklung in Deutschland dreht sich sp\u00fcrbar nach rechts. Anschl\u00e4ge auf Fl\u00fcchtlingsunterk\u00fcnfte, wie in Pfedelbach und Neuenstein, geh\u00f6ren zum Alltag in der BRD.\u00a0Einen wesentlichen Anteil an dieser Stimmung hat die \u201eAlternative f\u00fcr Deutschland (AfD)\u201c. Vom DGB-B\u00fcro Schw\u00e4bisch Hall Wir wollen diese Entwicklung [&hellip;]<\/p>\n","protected":false},"author":1,"featured_media":0,"comment_status":"open","ping_status":"open","sticky":false,"template":"","format":"standard","meta":[],"categories":[1,6,2,8,5,3,7],"tags":[],"_links":{"self":[{"href":"https:\/\/www.hohenlohe-ungefiltert.de\/index.php?rest_route=\/wp\/v2\/posts\/21742"}],"collection":[{"href":"https:\/\/www.hohenlohe-ungefiltert.de\/index.php?rest_route=\/wp\/v2\/posts"}],"about":[{"href":"https:\/\/www.hohenlohe-ungefiltert.de\/index.php?rest_route=\/wp\/v2\/types\/post"}],"author":[{"embeddable":true,"href":"https:\/\/www.hohenlohe-ungefiltert.de\/index.php?rest_route=\/wp\/v2\/users\/1"}],"replies":[{"embeddable":true,"href":"https:\/\/www.hohenlohe-ungefiltert.de\/index.php?rest_route=%2Fwp%2Fv2%2Fcomments&post=21742"}],"version-history":[{"count":2,"href":"https:\/\/www.hohenlohe-ungefiltert.de\/index.php?rest_route=\/wp\/v2\/posts\/21742\/revisions"}],"predecessor-version":[{"id":21744,"href":"https:\/\/www.hohenlohe-ungefiltert.de\/index.php?rest_route=\/wp\/v2\/posts\/21742\/revisions\/21744"}],"wp:attachment":[{"href":"https:\/\/www.hohenlohe-ungefiltert.de\/index.php?rest_route=%2Fwp%2Fv2%2Fmedia&parent=21742"}],"wp:term":[{"taxonomy":"category","embeddable":true,"href":"https:\/\/www.hohenlohe-ungefiltert.de\/index.php?rest_route=%2Fwp%2Fv2%2Fcategories&post=21742"},{"taxonomy":"post_tag","embeddable":true,"href":"https:\/\/www.hohenlohe-ungefiltert.de\/index.php?rest_route=%2Fwp%2Fv2%2Ftags&post=21742"}],"curies":[{"name":"wp","href":"https:\/\/api.w.org\/{rel}","templated":true}]}}